{"id":947,"date":"2020-12-21T11:30:00","date_gmt":"2020-12-21T09:30:00","guid":{"rendered":"http:\/\/serialectrice.com\/?p=947"},"modified":"2020-12-29T17:34:54","modified_gmt":"2020-12-29T15:34:54","slug":"challenge-litteraire-dhiver","status":"publish","type":"post","link":"https:\/\/serialectrice.com\/index.php\/2020\/12\/21\/challenge-litteraire-dhiver\/","title":{"rendered":"Challenge litt\u00e9raire d&rsquo;hiver"},"content":{"rendered":"\n<div class=\"wp-block-image\"><figure class=\"aligncenter size-large\"><img loading=\"lazy\" decoding=\"async\" width=\"940\" height=\"788\" src=\"https:\/\/serialectrice.com\/wp-content\/uploads\/2020\/12\/challenge-hiver.jpg\" alt=\"challenge hivernal\" class=\"wp-image-948\" srcset=\"https:\/\/serialectrice.com\/wp-content\/uploads\/2020\/12\/challenge-hiver.jpg 940w, https:\/\/serialectrice.com\/wp-content\/uploads\/2020\/12\/challenge-hiver-300x251.jpg 300w, https:\/\/serialectrice.com\/wp-content\/uploads\/2020\/12\/challenge-hiver-150x126.jpg 150w, https:\/\/serialectrice.com\/wp-content\/uploads\/2020\/12\/challenge-hiver-768x644.jpg 768w\" sizes=\"auto, (max-width: 940px) 100vw, 940px\" \/><\/figure><\/div>\n\n\n\n<p class=\"has-text-align-center wp-block-paragraph\"><em>Comme d&rsquo;habitude, Linda de la page Facebook L<a href=\"https:\/\/www.facebook.com\/groups\/707636122759664\">a t\u00eate dans les livres<\/a> nous a concoct\u00e9 un <a href=\"https:\/\/serialectrice.com\/index.php\/mes-challenges-litteraires\/\">challenge<\/a> litt\u00e9raire d&rsquo;hiver aux petits oignons. C&rsquo;est toujours un plaisir pour moi d&rsquo;essayer d&rsquo;allier lecture et d\u00e9fi. D&rsquo;autant plus que \u00e7a m&rsquo;aide \u00e0 choisir les romans que je vais lire.<\/em><\/p>\n\n\n\n<h4 class=\"has-text-align-center wp-block-heading\">1. Livre Dont le titre ne comprend qu\u2019un d\u00e9terminant et un nom commun<\/h4>\n\n\n\n<div class=\"wp-block-image\"><figure class=\"aligncenter size-large\"><img loading=\"lazy\" decoding=\"async\" width=\"199\" height=\"330\" src=\"https:\/\/serialectrice.com\/wp-content\/uploads\/2020\/12\/la-chatte-37613.jpg\" alt=\"\" class=\"wp-image-950\" srcset=\"https:\/\/serialectrice.com\/wp-content\/uploads\/2020\/12\/la-chatte-37613.jpg 199w, https:\/\/serialectrice.com\/wp-content\/uploads\/2020\/12\/la-chatte-37613-181x300.jpg 181w, https:\/\/serialectrice.com\/wp-content\/uploads\/2020\/12\/la-chatte-37613-90x150.jpg 90w\" sizes=\"auto, (max-width: 199px) 100vw, 199px\" \/><\/figure><\/div>\n\n\n\n<h4 class=\"has-text-align-center wp-block-heading\">2. Un auteur n\u00e9 entre d\u00e9cembre et mars<\/h4>\n\n\n\n<div class=\"wp-block-image\"><figure class=\"aligncenter size-large\"><img loading=\"lazy\" decoding=\"async\" width=\"200\" height=\"330\" src=\"https:\/\/serialectrice.com\/wp-content\/uploads\/2020\/12\/julip-1029041.jpg\" alt=\"\" class=\"wp-image-951\" srcset=\"https:\/\/serialectrice.com\/wp-content\/uploads\/2020\/12\/julip-1029041.jpg 200w, https:\/\/serialectrice.com\/wp-content\/uploads\/2020\/12\/julip-1029041-182x300.jpg 182w, https:\/\/serialectrice.com\/wp-content\/uploads\/2020\/12\/julip-1029041-91x150.jpg 91w\" sizes=\"auto, (max-width: 200px) 100vw, 200px\" \/><figcaption>Juip de Jim Harrison<\/figcaption><\/figure><\/div>\n\n\n\n<h4 class=\"has-text-align-center wp-block-heading\">3. Dos sur lequel l\u2019auteur est \u00e9crit en rouge<\/h4>\n\n\n\n<div class=\"wp-block-image\"><figure class=\"aligncenter size-large\"><img loading=\"lazy\" decoding=\"async\" width=\"211\" height=\"330\" src=\"https:\/\/serialectrice.com\/wp-content\/uploads\/2020\/12\/le-mystere-de-la-main-rouge-1411947.jpg\" alt=\"\" class=\"wp-image-952\" srcset=\"https:\/\/serialectrice.com\/wp-content\/uploads\/2020\/12\/le-mystere-de-la-main-rouge-1411947.jpg 211w, https:\/\/serialectrice.com\/wp-content\/uploads\/2020\/12\/le-mystere-de-la-main-rouge-1411947-192x300.jpg 192w, https:\/\/serialectrice.com\/wp-content\/uploads\/2020\/12\/le-mystere-de-la-main-rouge-1411947-96x150.jpg 96w\" sizes=\"auto, (max-width: 211px) 100vw, 211px\" \/><figcaption>Le myst\u00e8re de la main rouge, de Henri Loevenbruck<\/figcaption><\/figure><\/div>\n\n\n\n<h4 class=\"has-text-align-center wp-block-heading\">4. Couverture sur laquelle on voit un adulte aux cheveux blancs\/gris<\/h4>\n\n\n\n<div class=\"wp-block-image\"><figure class=\"aligncenter size-large\"><img loading=\"lazy\" decoding=\"async\" width=\"200\" height=\"330\" src=\"https:\/\/serialectrice.com\/wp-content\/uploads\/2020\/12\/la-voix-des-brumes.jpg\" alt=\"\" class=\"wp-image-953\" srcset=\"https:\/\/serialectrice.com\/wp-content\/uploads\/2020\/12\/la-voix-des-brumes.jpg 200w, https:\/\/serialectrice.com\/wp-content\/uploads\/2020\/12\/la-voix-des-brumes-91x150.jpg 91w, https:\/\/serialectrice.com\/wp-content\/uploads\/2020\/12\/la-voix-des-brumes-182x300.jpg 182w\" sizes=\"auto, (max-width: 200px) 100vw, 200px\" \/><figcaption>La voie des brumes, Gallica T.2 de Henri Loevenbruck<\/figcaption><\/figure><\/div>\n\n\n\n<h4 class=\"has-text-align-center wp-block-heading\">5. Titre avec le mot \u00ab lettre \u00bb ou \u00ab carte \u00bb<\/h4>\n\n\n\n<div class=\"wp-block-image\"><figure class=\"aligncenter size-large\"><img loading=\"lazy\" decoding=\"async\" width=\"204\" height=\"330\" src=\"https:\/\/serialectrice.com\/wp-content\/uploads\/2020\/12\/lettres-de-mon-moulin-82177.jpg\" alt=\"\" class=\"wp-image-954\" srcset=\"https:\/\/serialectrice.com\/wp-content\/uploads\/2020\/12\/lettres-de-mon-moulin-82177.jpg 204w, https:\/\/serialectrice.com\/wp-content\/uploads\/2020\/12\/lettres-de-mon-moulin-82177-185x300.jpg 185w, https:\/\/serialectrice.com\/wp-content\/uploads\/2020\/12\/lettres-de-mon-moulin-82177-93x150.jpg 93w\" sizes=\"auto, (max-width: 204px) 100vw, 204px\" \/><figcaption>Lettres de mon moulin, de Alphonse Daudet<\/figcaption><\/figure><\/div>\n\n\n\n<h4 class=\"has-text-align-center wp-block-heading\">6. Livre dont le nom et pr\u00e9nom de l\u2019auteur font minimum 21 lettres<\/h4>\n\n\n\n<div class=\"wp-block-image\"><figure class=\"aligncenter size-large\"><img loading=\"lazy\" decoding=\"async\" width=\"201\" height=\"330\" src=\"https:\/\/serialectrice.com\/wp-content\/uploads\/2020\/12\/un-vrai-jeu-d-enfant-1413231.jpg\" alt=\"\" class=\"wp-image-955\" srcset=\"https:\/\/serialectrice.com\/wp-content\/uploads\/2020\/12\/un-vrai-jeu-d-enfant-1413231.jpg 201w, https:\/\/serialectrice.com\/wp-content\/uploads\/2020\/12\/un-vrai-jeu-d-enfant-1413231-91x150.jpg 91w, https:\/\/serialectrice.com\/wp-content\/uploads\/2020\/12\/un-vrai-jeu-d-enfant-1413231-183x300.jpg 183w\" sizes=\"auto, (max-width: 201px) 100vw, 201px\" \/><figcaption>Un vrai jeu d&rsquo;enfant, de Fran\u00e7ois-Xavier Dillard<\/figcaption><\/figure><\/div>\n\n\n\n<h4 class=\"has-text-align-center wp-block-heading\">7. Une couverture sur laquelle on voit au moins une bougie<\/h4>\n\n\n\n<div class=\"wp-block-image\"><figure class=\"aligncenter size-large\"><img loading=\"lazy\" decoding=\"async\" width=\"201\" height=\"330\" src=\"https:\/\/serialectrice.com\/wp-content\/uploads\/2020\/12\/inconnu.jpg\" alt=\"\" class=\"wp-image-956\" srcset=\"https:\/\/serialectrice.com\/wp-content\/uploads\/2020\/12\/inconnu.jpg 201w, https:\/\/serialectrice.com\/wp-content\/uploads\/2020\/12\/inconnu-183x300.jpg 183w, https:\/\/serialectrice.com\/wp-content\/uploads\/2020\/12\/inconnu-91x150.jpg 91w\" sizes=\"auto, (max-width: 201px) 100vw, 201px\" \/><\/figure><\/div>\n\n\n\n<h4 class=\"has-text-align-center wp-block-heading\"> 8. Un titre dans lequel on peut trouver \u00ab or \u00bb (seul ou dans un mot)<\/h4>\n\n\n\n<div class=\"wp-block-image\"><figure class=\"aligncenter size-large\"><img loading=\"lazy\" decoding=\"async\" width=\"203\" height=\"330\" src=\"https:\/\/serialectrice.com\/wp-content\/uploads\/2020\/12\/meme-dans-les-orties-742850.jpg\" alt=\"\" class=\"wp-image-944\" srcset=\"https:\/\/serialectrice.com\/wp-content\/uploads\/2020\/12\/meme-dans-les-orties-742850.jpg 203w, https:\/\/serialectrice.com\/wp-content\/uploads\/2020\/12\/meme-dans-les-orties-742850-92x150.jpg 92w, https:\/\/serialectrice.com\/wp-content\/uploads\/2020\/12\/meme-dans-les-orties-742850-185x300.jpg 185w\" sizes=\"auto, (max-width: 203px) 100vw, 203px\" \/><figcaption>M\u00e9m\u00e9 dans les orties, de Aur\u00e9lie Valognes<\/figcaption><\/figure><\/div>\n\n\n\n<h4 class=\"has-text-align-center wp-block-heading\">9. Un livre \u00e9crit par deux auteurs<\/h4>\n\n\n\n<div class=\"wp-block-image\"><figure class=\"aligncenter size-large\"><img loading=\"lazy\" decoding=\"async\" width=\"205\" height=\"330\" src=\"https:\/\/serialectrice.com\/wp-content\/uploads\/2020\/12\/trois-jours-avant-noel-1023510.jpg\" alt=\"\" class=\"wp-image-957\" srcset=\"https:\/\/serialectrice.com\/wp-content\/uploads\/2020\/12\/trois-jours-avant-noel-1023510.jpg 205w, https:\/\/serialectrice.com\/wp-content\/uploads\/2020\/12\/trois-jours-avant-noel-1023510-186x300.jpg 186w, https:\/\/serialectrice.com\/wp-content\/uploads\/2020\/12\/trois-jours-avant-noel-1023510-93x150.jpg 93w\" sizes=\"auto, (max-width: 205px) 100vw, 205px\" \/><figcaption>Le voleur de No\u00ebl, de Mary et Carol Higging Clark<\/figcaption><\/figure><\/div>\n\n\n\n<h4 class=\"has-text-align-center wp-block-heading\">10. Une couverture o\u00f9 l\u2019on voit au moins deux personnes qui se tiennent la min<\/h4>\n\n\n\n<div class=\"wp-block-image\"><figure class=\"aligncenter size-large\"><img loading=\"lazy\" decoding=\"async\" width=\"195\" height=\"320\" src=\"https:\/\/serialectrice.com\/wp-content\/uploads\/2020\/12\/le-prieure-de-crest-1400976.jpg\" alt=\"\" class=\"wp-image-958\" srcset=\"https:\/\/serialectrice.com\/wp-content\/uploads\/2020\/12\/le-prieure-de-crest-1400976.jpg 195w, https:\/\/serialectrice.com\/wp-content\/uploads\/2020\/12\/le-prieure-de-crest-1400976-183x300.jpg 183w, https:\/\/serialectrice.com\/wp-content\/uploads\/2020\/12\/le-prieure-de-crest-1400976-91x150.jpg 91w\" sizes=\"auto, (max-width: 195px) 100vw, 195px\" \/><figcaption>Le prieur\u00e9 de Crest, de Sandrine Destombes<\/figcaption><\/figure><\/div>\n\n\n\n<h4 class=\"has-text-align-center wp-block-heading\">11. Couverture avec un instrument de musique<\/h4>\n\n\n\n<div class=\"wp-block-image\"><figure class=\"aligncenter size-large\"><img loading=\"lazy\" decoding=\"async\" width=\"220\" height=\"330\" src=\"https:\/\/serialectrice.com\/wp-content\/uploads\/2020\/12\/le-club-des-voleurs-de-piano-tome-1-un-piano-par-la-fenetre-1410243.jpg\" alt=\"\" class=\"wp-image-959\" srcset=\"https:\/\/serialectrice.com\/wp-content\/uploads\/2020\/12\/le-club-des-voleurs-de-piano-tome-1-un-piano-par-la-fenetre-1410243.jpg 220w, https:\/\/serialectrice.com\/wp-content\/uploads\/2020\/12\/le-club-des-voleurs-de-piano-tome-1-un-piano-par-la-fenetre-1410243-200x300.jpg 200w, https:\/\/serialectrice.com\/wp-content\/uploads\/2020\/12\/le-club-des-voleurs-de-piano-tome-1-un-piano-par-la-fenetre-1410243-100x150.jpg 100w\" sizes=\"auto, (max-width: 220px) 100vw, 220px\" \/><figcaption>Le club des voleurs de piano, de Paul Beaup\u00e8re<\/figcaption><\/figure><\/div>\n\n\n\n<h4 class=\"has-text-align-center wp-block-heading\"> 12. Un titre dont toutes les lettres ont la m\u00eame taille (soit que des majuscules\/soit que des minuscules et de la m\u00eame police d\u2019\u00e9criture)<\/h4>\n\n\n\n<div class=\"wp-block-image\"><figure class=\"aligncenter size-large\"><img loading=\"lazy\" decoding=\"async\" width=\"201\" height=\"330\" src=\"https:\/\/serialectrice.com\/wp-content\/uploads\/2020\/12\/nympheas-noirs-1.jpg\" alt=\"\" class=\"wp-image-1020\" srcset=\"https:\/\/serialectrice.com\/wp-content\/uploads\/2020\/12\/nympheas-noirs-1.jpg 201w, https:\/\/serialectrice.com\/wp-content\/uploads\/2020\/12\/nympheas-noirs-1-91x150.jpg 91w, https:\/\/serialectrice.com\/wp-content\/uploads\/2020\/12\/nympheas-noirs-1-183x300.jpg 183w\" sizes=\"auto, (max-width: 201px) 100vw, 201px\" \/><figcaption>Nymph\u00e9as Noirs de Michel Bussi<\/figcaption><\/figure><\/div>\n\n\n\n<h4 class=\"has-text-align-center wp-block-heading\"><strong> <\/strong> 13. Livre \u00e9dit\u00e9 entre d\u00e9cembre et mars<\/h4>\n\n\n\n<div class=\"wp-block-image\"><figure class=\"aligncenter size-large\"><img loading=\"lazy\" decoding=\"async\" width=\"200\" height=\"330\" src=\"https:\/\/serialectrice.com\/wp-content\/uploads\/2020\/12\/lamie-prodigieuse.jpg\" alt=\"\" class=\"wp-image-1026\" srcset=\"https:\/\/serialectrice.com\/wp-content\/uploads\/2020\/12\/lamie-prodigieuse.jpg 200w, https:\/\/serialectrice.com\/wp-content\/uploads\/2020\/12\/lamie-prodigieuse-91x150.jpg 91w, https:\/\/serialectrice.com\/wp-content\/uploads\/2020\/12\/lamie-prodigieuse-182x300.jpg 182w\" sizes=\"auto, (max-width: 200px) 100vw, 200px\" \/><figcaption>L&rsquo;amie prodigeuse d&rsquo;Elena Ferrante<\/figcaption><\/figure><\/div>\n\n\n\n<h4 class=\"has-text-align-center wp-block-heading\"> 14. Livre dont la 4\u00e8me parle d\u2019un \u00e9v\u00e9nement triste\/tragique<\/h4>\n\n\n\n<div class=\"wp-block-image\"><figure class=\"aligncenter size-large\"><img loading=\"lazy\" decoding=\"async\" width=\"219\" height=\"330\" src=\"https:\/\/serialectrice.com\/wp-content\/uploads\/2020\/12\/doucement-renait-le-jour-1415627.jpg\" alt=\"\" class=\"wp-image-962\" srcset=\"https:\/\/serialectrice.com\/wp-content\/uploads\/2020\/12\/doucement-renait-le-jour-1415627.jpg 219w, https:\/\/serialectrice.com\/wp-content\/uploads\/2020\/12\/doucement-renait-le-jour-1415627-100x150.jpg 100w, https:\/\/serialectrice.com\/wp-content\/uploads\/2020\/12\/doucement-renait-le-jour-1415627-199x300.jpg 199w\" sizes=\"auto, (max-width: 219px) 100vw, 219px\" \/><figcaption>Doucement rena\u00eet le jour, de Delphine Giraud<\/figcaption><\/figure><\/div>\n","protected":false},"excerpt":{"rendered":"<p>Comme d&rsquo;habitude, Linda de la page Facebook La t\u00eate dans les livres nous a concoct\u00e9 un challenge litt\u00e9raire d&rsquo;hiver aux petits oignons. C&rsquo;est toujours un plaisir pour moi d&rsquo;essayer d&rsquo;allier lecture et d\u00e9fi. D&rsquo;autant plus que \u00e7a m&rsquo;aide \u00e0 choisir les romans que je vais lire.<\/p>\n","protected":false},"author":1,"featured_media":1024,"comment_status":"open","ping_status":"open","sticky":false,"template":"","format":"standard","meta":{"_crdt_document":"","om_disable_all_campaigns":false,"_uag_custom_page_level_css":"","_monsterinsights_skip_tracking":false,"_monsterinsights_sitenote_active":false,"_monsterinsights_sitenote_note":"","_monsterinsights_sitenote_category":0,"_uf_show_specific_survey":0,"_uf_disable_surveys":false,"_jetpack_memberships_contains_paid_content":false,"footnotes":"","jetpack_publicize_message":"","jetpack_publicize_feature_enabled":true,"jetpack_social_post_already_shared":false,"jetpack_social_options":{"image_generator_settings":{"template":"highway","default_image_id":0,"font":"","enabled":false},"version":2}},"categories":[4],"tags":[8],"class_list":["post-947","post","type-post","status-publish","format-standard","has-post-thumbnail","hentry","category-challenge","tag-challenge"],"aioseo_notices":[],"jetpack_publicize_connections":[],"jetpack_featured_media_url":"https:\/\/serialectrice.com\/wp-content\/uploads\/2020\/12\/challenge-hiver-1.jpg","uagb_featured_image_src":{"full":["https:\/\/serialectrice.com\/wp-content\/uploads\/2020\/12\/challenge-hiver-1.jpg",393,330,false],"thumbnail":["https:\/\/serialectrice.com\/wp-content\/uploads\/2020\/12\/challenge-hiver-1-150x126.jpg",150,126,true],"medium":["https:\/\/serialectrice.com\/wp-content\/uploads\/2020\/12\/challenge-hiver-1-300x252.jpg",300,252,true],"medium_large":["https:\/\/serialectrice.com\/wp-content\/uploads\/2020\/12\/challenge-hiver-1.jpg",393,330,false],"large":["https:\/\/serialectrice.com\/wp-content\/uploads\/2020\/12\/challenge-hiver-1.jpg",393,330,false],"post-slider-thumb-size":["https:\/\/serialectrice.com\/wp-content\/uploads\/2020\/12\/challenge-hiver-1.jpg",226,190,false],"post-category-slider-size":["https:\/\/serialectrice.com\/wp-content\/uploads\/2020\/12\/challenge-hiver-1.jpg",330,277,false],"1536x1536":["https:\/\/serialectrice.com\/wp-content\/uploads\/2020\/12\/challenge-hiver-1.jpg",393,330,false],"2048x2048":["https:\/\/serialectrice.com\/wp-content\/uploads\/2020\/12\/challenge-hiver-1.jpg",393,330,false],"hello-fashion-slider":["https:\/\/serialectrice.com\/wp-content\/uploads\/2020\/12\/challenge-hiver-1.jpg",393,330,false],"hello-fashion-blog-three":["https:\/\/serialectrice.com\/wp-content\/uploads\/2020\/12\/challenge-hiver-1.jpg",393,330,false],"hello-fashion-blog-four":["https:\/\/serialectrice.com\/wp-content\/uploads\/2020\/12\/challenge-hiver-1.jpg",393,330,false],"vilva-slider-one":["https:\/\/serialectrice.com\/wp-content\/uploads\/2020\/12\/challenge-hiver-1.jpg",393,330,false],"vilva-featured-four":["https:\/\/serialectrice.com\/wp-content\/uploads\/2020\/12\/challenge-hiver-1.jpg",393,330,false],"vilva-blog":["https:\/\/serialectrice.com\/wp-content\/uploads\/2020\/12\/challenge-hiver-1.jpg",333,280,false],"vilva-blog-one":["https:\/\/serialectrice.com\/wp-content\/uploads\/2020\/12\/challenge-hiver-1.jpg",393,330,false],"vilva-sidebar":["https:\/\/serialectrice.com\/wp-content\/uploads\/2020\/12\/challenge-hiver-1.jpg",393,330,false]},"uagb_author_info":{"display_name":"SeriaLectrice","author_link":"https:\/\/serialectrice.com\/index.php\/author\/cilounegmail-com\/"},"uagb_comment_info":11,"uagb_excerpt":"Comme d'habitude, Linda de la page Facebook La t\u00eate dans les livres nous a concoct\u00e9 un challenge litt\u00e9raire d'hiver aux petits oignons. C'est toujours un plaisir pour moi d'essayer d'allier lecture et d\u00e9fi. D'autant plus que \u00e7a m'aide \u00e0 choisir les romans que je vais lire.","jetpack_sharing_enabled":true,"jetpack_likes_enabled":true,"_links":{"self":[{"href":"https:\/\/serialectrice.com\/index.php\/wp-json\/wp\/v2\/posts\/947","targetHints":{"allow":["GET"]}}],"collection":[{"href":"https:\/\/serialectrice.com\/index.php\/wp-json\/wp\/v2\/posts"}],"about":[{"href":"https:\/\/serialectrice.com\/index.php\/wp-json\/wp\/v2\/types\/post"}],"author":[{"embeddable":true,"href":"https:\/\/serialectrice.com\/index.php\/wp-json\/wp\/v2\/users\/1"}],"replies":[{"embeddable":true,"href":"https:\/\/serialectrice.com\/index.php\/wp-json\/wp\/v2\/comments?post=947"}],"version-history":[{"count":0,"href":"https:\/\/serialectrice.com\/index.php\/wp-json\/wp\/v2\/posts\/947\/revisions"}],"wp:featuredmedia":[{"embeddable":true,"href":"https:\/\/serialectrice.com\/index.php\/wp-json\/wp\/v2\/media\/1024"}],"wp:attachment":[{"href":"https:\/\/serialectrice.com\/index.php\/wp-json\/wp\/v2\/media?parent=947"}],"wp:term":[{"taxonomy":"category","embeddable":true,"href":"https:\/\/serialectrice.com\/index.php\/wp-json\/wp\/v2\/categories?post=947"},{"taxonomy":"post_tag","embeddable":true,"href":"https:\/\/serialectrice.com\/index.php\/wp-json\/wp\/v2\/tags?post=947"}],"curies":[{"name":"wp","href":"https:\/\/api.w.org\/{rel}","templated":true}]}}