{"id":940,"date":"2020-12-13T11:23:00","date_gmt":"2020-12-13T09:23:00","guid":{"rendered":"http:\/\/serialectrice.com\/?p=940"},"modified":"2020-12-12T23:24:54","modified_gmt":"2020-12-12T21:24:54","slug":"les-challenges-de-decembre-2020","status":"publish","type":"post","link":"https:\/\/serialectrice.com\/index.php\/2020\/12\/13\/les-challenges-de-decembre-2020\/","title":{"rendered":"Les Challenges de D\u00e9cembre 2020"},"content":{"rendered":"\n<div class=\"wp-block-image\"><figure class=\"aligncenter size-large\"><img loading=\"lazy\" decoding=\"async\" width=\"800\" height=\"800\" src=\"https:\/\/serialectrice.com\/wp-content\/uploads\/2020\/12\/challenge-decembre.jpg\" alt=\"\" class=\"wp-image-941\" srcset=\"https:\/\/serialectrice.com\/wp-content\/uploads\/2020\/12\/challenge-decembre.jpg 800w, https:\/\/serialectrice.com\/wp-content\/uploads\/2020\/12\/challenge-decembre-300x300.jpg 300w, https:\/\/serialectrice.com\/wp-content\/uploads\/2020\/12\/challenge-decembre-768x768.jpg 768w, https:\/\/serialectrice.com\/wp-content\/uploads\/2020\/12\/challenge-decembre-100x100.jpg 100w\" sizes=\"auto, (max-width: 800px) 100vw, 800px\" \/><\/figure><\/div>\n\n\n\n<p class=\"wp-block-paragraph\">Voici le <a href=\"https:\/\/serialectrice.com\/index.php\/mes-challenges-litteraires\/\">challenge<\/a> du mois de d\u00e9cembre. J&rsquo;ai pris un peu de retard dans mes publications, mais comme je n&rsquo;ai valid\u00e9 qu&rsquo;une cat\u00e9gorie pour le moment, ce n&rsquo;est pas bien grave. <\/p>\n\n\n\n<p class=\"wp-block-paragraph\">Vous retrouverez ci-dessous les livres que je compte lire durant le mois de d\u00e9cembre pour valider les diff\u00e9rentes cat\u00e9gories.<\/p>\n\n\n\n<h2 class=\"has-vivid-green-cyan-color has-text-color wp-block-heading\">Proposition de titres<\/h2>\n\n\n\n<h4 class=\"has-text-align-center wp-block-heading\">1. Titre qui contient entre 1 et 12 lettres<\/h4>\n\n\n\n<div class=\"wp-block-image\"><figure class=\"aligncenter size-large\"><img loading=\"lazy\" decoding=\"async\" width=\"204\" height=\"330\" src=\"https:\/\/serialectrice.com\/wp-content\/uploads\/2020\/12\/louvetier.jpg\" alt=\"\" class=\"wp-image-942\" srcset=\"https:\/\/serialectrice.com\/wp-content\/uploads\/2020\/12\/louvetier.jpg 204w, https:\/\/serialectrice.com\/wp-content\/uploads\/2020\/12\/louvetier-93x150.jpg 93w, https:\/\/serialectrice.com\/wp-content\/uploads\/2020\/12\/louvetier-185x300.jpg 185w\" sizes=\"auto, (max-width: 204px) 100vw, 204px\" \/><figcaption>Le louvetier, Gallica T.1 de Henri Loevenbruck<\/figcaption><\/figure><\/div>\n\n\n\n<h4 class=\"has-text-align-center wp-block-heading\">2. Couverture o\u00f9 l&rsquo;on voit un v\u00eatement rouge<\/h4>\n\n\n\n<div class=\"wp-block-image\"><figure class=\"aligncenter size-large is-resized\"><img loading=\"lazy\" decoding=\"async\" src=\"https:\/\/serialectrice.com\/wp-content\/uploads\/2020\/12\/violette-et-napoleon.jpg\" alt=\"\" class=\"wp-image-943\" width=\"216\" height=\"330\" srcset=\"https:\/\/serialectrice.com\/wp-content\/uploads\/2020\/12\/violette-et-napoleon.jpg 216w, https:\/\/serialectrice.com\/wp-content\/uploads\/2020\/12\/violette-et-napoleon-196x300.jpg 196w, https:\/\/serialectrice.com\/wp-content\/uploads\/2020\/12\/violette-et-napoleon-98x150.jpg 98w\" sizes=\"auto, (max-width: 216px) 100vw, 216px\" \/><figcaption>Violette et Napol\u00e9on de Gabrielle Dubois<\/figcaption><\/figure><\/div>\n\n\n\n<h4 class=\"has-text-align-center wp-block-heading\">3. Un auteur dont le nom ou pr\u00e9nom contient plusieurs E<\/h4>\n\n\n\n<div class=\"wp-block-image\"><figure class=\"aligncenter size-large\"><img loading=\"lazy\" decoding=\"async\" width=\"205\" height=\"330\" src=\"https:\/\/serialectrice.com\/wp-content\/uploads\/2020\/12\/changer-l-eau-des-fleurs-1302404.jpg\" alt=\"\" class=\"wp-image-933\" srcset=\"https:\/\/serialectrice.com\/wp-content\/uploads\/2020\/12\/changer-l-eau-des-fleurs-1302404.jpg 205w, https:\/\/serialectrice.com\/wp-content\/uploads\/2020\/12\/changer-l-eau-des-fleurs-1302404-93x150.jpg 93w, https:\/\/serialectrice.com\/wp-content\/uploads\/2020\/12\/changer-l-eau-des-fleurs-1302404-186x300.jpg 186w\" sizes=\"auto, (max-width: 205px) 100vw, 205px\" \/><figcaption>Changer l&rsquo;eau des fleurs de Val\u00e9rie Perrin<\/figcaption><\/figure><\/div>\n\n\n\n<h4 class=\"has-text-align-center wp-block-heading\">4. Quatri\u00e8me  avec le mot \u00ab\u00a0joie\u00a0\u00bb ou un synonyme<\/h4>\n\n\n\n<div class=\"wp-block-image\"><figure class=\"aligncenter size-large\"><img loading=\"lazy\" decoding=\"async\" width=\"203\" height=\"330\" src=\"https:\/\/serialectrice.com\/wp-content\/uploads\/2020\/12\/meme-dans-les-orties-742850.jpg\" alt=\"\" class=\"wp-image-944\" srcset=\"https:\/\/serialectrice.com\/wp-content\/uploads\/2020\/12\/meme-dans-les-orties-742850.jpg 203w, https:\/\/serialectrice.com\/wp-content\/uploads\/2020\/12\/meme-dans-les-orties-742850-92x150.jpg 92w, https:\/\/serialectrice.com\/wp-content\/uploads\/2020\/12\/meme-dans-les-orties-742850-185x300.jpg 185w\" sizes=\"auto, (max-width: 203px) 100vw, 203px\" \/><figcaption>M\u00e9m\u00e9 dans les orties de Aur\u00e9lie Valognes<\/figcaption><\/figure><\/div>\n","protected":false},"excerpt":{"rendered":"<p>Voici le challenge du mois de d\u00e9cembre. J&rsquo;ai pris un peu de retard dans mes publications, mais comme je n&rsquo;ai valid\u00e9 qu&rsquo;une cat\u00e9gorie pour le moment, ce n&rsquo;est pas bien grave.<br \/>\nVous retrouverez ci-dessous les livres que je compte lire durant le mois de d\u00e9cembre pour valider les diff\u00e9rentes cat\u00e9gories.<\/p>\n","protected":false},"author":1,"featured_media":941,"comment_status":"open","ping_status":"open","sticky":false,"template":"","format":"standard","meta":{"_crdt_document":"","om_disable_all_campaigns":false,"_uag_custom_page_level_css":"","_monsterinsights_skip_tracking":false,"_monsterinsights_sitenote_active":false,"_monsterinsights_sitenote_note":"","_monsterinsights_sitenote_category":0,"_uf_show_specific_survey":0,"_uf_disable_surveys":false,"_jetpack_memberships_contains_paid_content":false,"footnotes":"","jetpack_publicize_message":"","jetpack_publicize_feature_enabled":true,"jetpack_social_post_already_shared":false,"jetpack_social_options":{"image_generator_settings":{"template":"highway","default_image_id":0,"font":"","enabled":false},"version":2}},"categories":[4],"tags":[8],"class_list":["post-940","post","type-post","status-publish","format-standard","has-post-thumbnail","hentry","category-challenge","tag-challenge"],"aioseo_notices":[],"jetpack_publicize_connections":[],"jetpack_featured_media_url":"https:\/\/serialectrice.com\/wp-content\/uploads\/2020\/12\/challenge-decembre.jpg","uagb_featured_image_src":{"full":["https:\/\/serialectrice.com\/wp-content\/uploads\/2020\/12\/challenge-decembre.jpg",800,800,false],"thumbnail":["https:\/\/serialectrice.com\/wp-content\/uploads\/2020\/12\/challenge-decembre-572x331.jpg",572,331,true],"medium":["https:\/\/serialectrice.com\/wp-content\/uploads\/2020\/12\/challenge-decembre-300x300.jpg",300,300,true],"medium_large":["https:\/\/serialectrice.com\/wp-content\/uploads\/2020\/12\/challenge-decembre-768x768.jpg",768,768,true],"large":["https:\/\/serialectrice.com\/wp-content\/uploads\/2020\/12\/challenge-decembre.jpg",800,800,false],"post-slider-thumb-size":["https:\/\/serialectrice.com\/wp-content\/uploads\/2020\/12\/challenge-decembre.jpg",190,190,false],"post-category-slider-size":["https:\/\/serialectrice.com\/wp-content\/uploads\/2020\/12\/challenge-decembre.jpg",330,330,false],"1536x1536":["https:\/\/serialectrice.com\/wp-content\/uploads\/2020\/12\/challenge-decembre.jpg",800,800,false],"2048x2048":["https:\/\/serialectrice.com\/wp-content\/uploads\/2020\/12\/challenge-decembre.jpg",800,800,false],"hello-fashion-slider":["https:\/\/serialectrice.com\/wp-content\/uploads\/2020\/12\/challenge-decembre.jpg",480,480,false],"hello-fashion-blog-three":["https:\/\/serialectrice.com\/wp-content\/uploads\/2020\/12\/challenge-decembre.jpg",420,420,false],"hello-fashion-blog-four":["https:\/\/serialectrice.com\/wp-content\/uploads\/2020\/12\/challenge-decembre.jpg",573,573,false],"vilva-slider-one":["https:\/\/serialectrice.com\/wp-content\/uploads\/2020\/12\/challenge-decembre.jpg",600,600,false],"vilva-featured-four":["https:\/\/serialectrice.com\/wp-content\/uploads\/2020\/12\/challenge-decembre.jpg",530,530,false],"vilva-blog":["https:\/\/serialectrice.com\/wp-content\/uploads\/2020\/12\/challenge-decembre.jpg",280,280,false],"vilva-blog-one":["https:\/\/serialectrice.com\/wp-content\/uploads\/2020\/12\/challenge-decembre.jpg",500,500,false],"vilva-sidebar":["https:\/\/serialectrice.com\/wp-content\/uploads\/2020\/12\/challenge-decembre.jpg",473,473,false]},"uagb_author_info":{"display_name":"SeriaLectrice","author_link":"https:\/\/serialectrice.com\/index.php\/author\/cilounegmail-com\/"},"uagb_comment_info":4,"uagb_excerpt":"Voici le challenge du mois de d\u00e9cembre. J'ai pris un peu de retard dans mes publications, mais comme je n'ai valid\u00e9 qu'une cat\u00e9gorie pour le moment, ce n'est pas bien grave. Vous retrouverez ci-dessous les livres que je compte lire durant le mois de d\u00e9cembre pour valider les diff\u00e9rentes cat\u00e9gories.","jetpack_sharing_enabled":true,"jetpack_likes_enabled":true,"_links":{"self":[{"href":"https:\/\/serialectrice.com\/index.php\/wp-json\/wp\/v2\/posts\/940","targetHints":{"allow":["GET"]}}],"collection":[{"href":"https:\/\/serialectrice.com\/index.php\/wp-json\/wp\/v2\/posts"}],"about":[{"href":"https:\/\/serialectrice.com\/index.php\/wp-json\/wp\/v2\/types\/post"}],"author":[{"embeddable":true,"href":"https:\/\/serialectrice.com\/index.php\/wp-json\/wp\/v2\/users\/1"}],"replies":[{"embeddable":true,"href":"https:\/\/serialectrice.com\/index.php\/wp-json\/wp\/v2\/comments?post=940"}],"version-history":[{"count":0,"href":"https:\/\/serialectrice.com\/index.php\/wp-json\/wp\/v2\/posts\/940\/revisions"}],"wp:featuredmedia":[{"embeddable":true,"href":"https:\/\/serialectrice.com\/index.php\/wp-json\/wp\/v2\/media\/941"}],"wp:attachment":[{"href":"https:\/\/serialectrice.com\/index.php\/wp-json\/wp\/v2\/media?parent=940"}],"wp:term":[{"taxonomy":"category","embeddable":true,"href":"https:\/\/serialectrice.com\/index.php\/wp-json\/wp\/v2\/categories?post=940"},{"taxonomy":"post_tag","embeddable":true,"href":"https:\/\/serialectrice.com\/index.php\/wp-json\/wp\/v2\/tags?post=940"}],"curies":[{"name":"wp","href":"https:\/\/api.w.org\/{rel}","templated":true}]}}