{"id":910,"date":"2020-11-25T23:31:20","date_gmt":"2020-11-25T21:31:20","guid":{"rendered":"http:\/\/serialectrice.com\/?p=910"},"modified":"2021-07-30T12:02:04","modified_gmt":"2021-07-30T10:02:04","slug":"la-moira-t-3-la-nuit-de-la-louve","status":"publish","type":"post","link":"https:\/\/serialectrice.com\/index.php\/2020\/11\/25\/la-moira-t-3-la-nuit-de-la-louve\/","title":{"rendered":"La Moira, T.3 : La nuit de la louve"},"content":{"rendered":"\n<div class=\"wp-block-media-text alignwide is-stacked-on-mobile is-vertically-aligned-top\"><figure class=\"wp-block-media-text__media\"><img loading=\"lazy\" decoding=\"async\" width=\"204\" height=\"330\" src=\"https:\/\/serialectrice.com\/wp-content\/uploads\/2020\/11\/La-nuit-de-la-louve.jpg\" alt=\"la nuit de la louve\" class=\"wp-image-911 size-full\" srcset=\"https:\/\/serialectrice.com\/wp-content\/uploads\/2020\/11\/La-nuit-de-la-louve.jpg 204w, https:\/\/serialectrice.com\/wp-content\/uploads\/2020\/11\/La-nuit-de-la-louve-93x150.jpg 93w, https:\/\/serialectrice.com\/wp-content\/uploads\/2020\/11\/La-nuit-de-la-louve-185x300.jpg 185w\" sizes=\"auto, (max-width: 204px) 100vw, 204px\" \/><\/figure><div class=\"wp-block-media-text__content\">\n<h2 class=\"has-vivid-green-cyan-color has-text-color wp-block-heading\">R\u00e9sum\u00e9<\/h2>\n\n\n\n<p class=\"wp-block-paragraph\"><span style=\"text-decoration: underline;\">La nuit de la louve<\/span><\/p>\n\n\n\n<p class=\"wp-block-paragraph\">Le dernier enfant du Sa\u00eeman. Celle qui devra faire entrer Gaelia dans un \u00e2ge nouveau. Car Gaelia se meurt. Sur l\u2019\u00eele, partout, la guerre fait rage. On chasse m\u00eame les loups !<\/p>\n\n\n\n<p class=\"wp-block-paragraph\">Le feu de la haine d\u00e9ferle, nourri par les fanatismes religieux et la soif de pouvoir, pendant que la magie, lentement, dispara\u00eet. Oui, Gaelia se meurt, et le temps presse. Il faut sauver les silves, retrouver la louve blanche chass\u00e9e par les hommes, comprendre le sens de la Mo\u00efra et des trois proph\u00e9ties et surtout, surtout : pr\u00e9parer le monde de demain.<\/p>\n\n\n\n<p class=\"wp-block-paragraph\">Car dans l&rsquo;ombre, Al\u00e9a sait qu&rsquo;il l&rsquo;attend. Maolm\u00f2rdha. Le Porteur de la Flamme des T\u00e9n\u00e8bres. Cette fois-ci, elle devra l&rsquo;affronter. Seule. Une guerre, deux \u00eatres, trois proph\u00e9ties. Peut-on tout sacrifier au nom de la libert\u00e9 ?<\/p>\n<\/div><\/div>\n\n\n\n<h2 class=\"has-vivid-green-cyan-color has-text-color wp-block-heading\">Mon ressenti<\/h2>\n\n\n\n<p class=\"wp-block-paragraph\">Ce dernier tome m&rsquo;a fait moins vibrer que les pr\u00e9c\u00e9dents. Je regrette notamment certains passages trop d\u00e9taill\u00e9s des morts de certains personnages. M\u00eame si l&rsquo;\u00e9criture est toujours aussi parfaite, ces descriptions n&rsquo;en deviennent que trop r\u00e9alistes, et j&rsquo;ai parfois eu l&rsquo;impression d&rsquo;\u00eatre en train de regarder un \u00e9pisode de Game of Thrones. Je n&rsquo;avais pas eu ce sentiment dans les tomes pr\u00e9c\u00e9dents.<br>De nouveaux personnages font leur apparition ce qui rend le r\u00e9cit plus compliqu\u00e9 \u00e0 comprendre. J&rsquo;ai r\u00e9guli\u00e8rement d\u00fb aller \u00e0 la fin du livre afin de resituer certains personnages qui n&rsquo;apparaissent pas de mani\u00e8re r\u00e9guli\u00e8re afin de bien suivre l&rsquo;intrigue.<\/p>\n\n\n\n<h3 class=\"wp-block-heading\">La place des femmes<\/h3>\n\n\n\n<p class=\"wp-block-paragraph\">Dans ce dernier tome, l&rsquo;accent est mis sur les femmes. Notamment concernant leur absence des grands conseils. Lorsque les druides apprennent qu&rsquo;Al\u00e9a pourrait \u00eatre le Samildanach et poss\u00e9der leur pouvoir, le Sa\u00eeman, la majorit\u00e9 d&rsquo;entre eux rejette cette possibilit\u00e9. <strong>Une femme ne peut devenir druide, elle ne peut poss\u00e9der autant de pouvoir<\/strong>. Aussi, lorsqu&rsquo;Amine \u00e9pouse le roi, elle devient trop ambitieuse, au point d&rsquo;assassiner son mari pour <strong>devenir reine et pr\u00e9tendre ainsi au titre d&rsquo;archidruide<\/strong>. De m\u00eame, dans un autre royaume, la baronne de Bisagnie va jusqu&rsquo;\u00e0 tuer son p\u00e8re afin d&rsquo;avoir plus de pouvoir.<\/p>\n\n\n\n<p class=\"wp-block-paragraph\"><strong>La place des femmes est donc mise en avant<\/strong>, soit de mani\u00e8re positive, soit de mani\u00e8re n\u00e9gative. Alea de son c\u00f4t\u00e9 ne recherche pas le pouvoir, elle souhaite que le peuple ait le pouvoir. On lui propose r\u00e9guli\u00e8rement de devenir \u00ab\u00a0cheffe\u00a0\u00bb mais refuse syst\u00e9matiquement. <strong>Elle r\u00eave d&rsquo;une d\u00e9mocratie citoyenne<\/strong>. Amine et la baronne de Bisagnie, quant \u00e0 elles sont repr\u00e9sent\u00e9es de la pire mani\u00e8re qui soit. <strong>R\u00e9gicide et parricide<\/strong> pour acc\u00e9der au pouvoir.<\/p>\n\n\n\n<h3 class=\"wp-block-heading\">La guerre<\/h3>\n\n\n\n<p class=\"wp-block-paragraph\">A travers ce r\u00e9cit,<strong> l&rsquo;auteur nous am\u00e8ne \u00e9galement \u00e0 nous interroger sur ce qui a pu amener les hommes \u00e0 se faire la guerre.<\/strong> Nous retrouvons la guerre de <strong>religion<\/strong>. Les chr\u00e9tiens qui souhaitent convertir le plus grand nombre, ceux s&rsquo;y refusant se voyant assassin\u00e9s. Mais nous retrouvons surtout la guerre qu&rsquo;Al\u00e9a va mener. On sent tout le long du r\u00e9cit qu&rsquo;elle n&rsquo;appr\u00e9cie pas devoir partir en guerre. Il lui semble inutile de se battre pour conqu\u00e9rir des terres car pour elle, <strong>les terres appartiennent \u00e0 tout le monde<\/strong>. Cependant, elle se retrouve malgr\u00e9 tout cheffe de sa propre arm\u00e9e. <strong>L&rsquo;arm\u00e9e de la Terre<\/strong>.<\/p>\n\n\n\n<blockquote class=\"wp-block-quote is-layout-flow wp-block-quote-is-layout-flow\"><p>La Terre n&rsquo;appartient \u00e0 personne ! [\u2026] Ni \u00e0 vous , ni \u00e0 vos anc\u00eatres, ni aux Ga\u00ebliens ou \u00e0 leurs descendants. C&rsquo;est parce que vos anciens croyaient le contraire qu&rsquo;ils sont morts. C&rsquo;est quand la Terre devient propri\u00e9t\u00e9 que les guerres \u00e9clatent. N&rsquo;avez-vous donc rien appris ? Regardez combien vous \u00eates aujourd&rsquo;hui. [\u2026]Combien encore devront mourir pour qu&rsquo;enfin nous retenions la le\u00e7on ? La Terre n&rsquo;appartient \u00e0 aucun homme, ce sont les hommes qui lui appartiennent.<\/p><\/blockquote>\n\n\n\n<h3 class=\"wp-block-heading\">Les loups<\/h3>\n\n\n\n<p class=\"wp-block-paragraph\">Enfin, ma derni\u00e8re d\u00e9ception est <strong>la place des loups<\/strong> dans ce r\u00e9cit. Le lien entre les loups et Al\u00e9a a presque disparu. Les loups ayant pr\u00e9c\u00e9demment aid\u00e9 Al\u00e9a <strong>se retrouvent pourchass\u00e9s et mis \u00e0 mort<\/strong>. Les louvetiers se voient d&rsquo;ailleurs promettre de belles r\u00e9compenses pour chaque loup qu&rsquo;ils abattront. Comme pour les deux tomes pr\u00e9c\u00e9dents, <strong>le titre du tome ne se comprend qu&rsquo;\u00e0 la toute derni\u00e8re page<\/strong>. J&rsquo;aurais pens\u00e9 la place des ces animaux bien plus importante. En revanche, on apprend encore beaucoup de choses concernant les loups.<strong> La mani\u00e8re dont une meute se forme. Leur fa\u00e7on bien particuli\u00e8re de chasser<\/strong>, en poursuivant leur proie jusqu&rsquo;\u00e0 l&rsquo;\u00e9puisement. L&rsquo;auteur en fait <strong>une description majestueuse<\/strong>, on comprend bien qu&rsquo;il s&rsquo;agit l\u00e0 d&rsquo;<strong>un animal qu&rsquo;il estime fortement.<\/strong><\/p>\n\n\n\n<p class=\"has-text-align-center wp-block-paragraph\"><em>Pour conclure, ce dernier tome<strong> se lit tout aussi facilement<\/strong> que ses pr\u00e9c\u00e9dents mais trop de personnages viennent encore s&rsquo;ajouter rendant la <strong>compr\u00e9hension plus difficile<\/strong>. Aussi quelques passages trop r\u00e9alistes m&rsquo;ont l\u00e9g\u00e8rement g\u00e2ch\u00e9 ma lecture. Cependant, j&rsquo;ai appr\u00e9ci\u00e9<strong> la remise en question faite par l&rsquo;auteur sur la n\u00e9cessit\u00e9 de faire la guerre<\/strong>. Et comme \u00e0 chaque fois que je lis un Henri L\u0153venbruck, <strong>je ne peux que saluer le style litt\u00e9raire de l&rsquo;auteur que j&rsquo;appr\u00e9cie grandement.<\/strong><\/em><\/p>\n\n\n<div class=\"wp-block-jetpack-rating-star\" style=\"text-align:center\" itemprop=\"reviewRating\" itemscope itemtype=\"http:\/\/schema.org\/Rating\"><p><span aria-hidden=\"true\">\u2b50<\/span><span aria-hidden=\"true\">\u2b50<\/span><span aria-hidden=\"true\">\u2b50<\/span><\/p><span style=\"display: none;\" itemprop=\"worstRating\" content=\"0.5\"><span>\n<svg xmlns=\"http:\/\/www.w3.org\/2000\/svg\" width=\"24\" height=\"24\" viewBox=\"0 0 24 24\">\n\t<path class=\"\" fill=\"currentColor\" stroke=\"currentColor\" d=\"M12,17.3l6.2,3.7l-1.6-7L22,9.2l-7.2-0.6L12,2L9.2,8.6L2,9.2L7.5,14l-1.6,7L12,17.3z\" \/>\n<\/svg>\n<\/span>\n<span>\n<svg xmlns=\"http:\/\/www.w3.org\/2000\/svg\" width=\"24\" height=\"24\" viewBox=\"0 0 24 24\">\n\t<path class=\"\" fill=\"currentColor\" stroke=\"currentColor\" d=\"M12,17.3l6.2,3.7l-1.6-7L22,9.2l-7.2-0.6L12,2L9.2,8.6L2,9.2L7.5,14l-1.6,7L12,17.3z\" \/>\n<\/svg>\n<\/span><\/span><span style=\"display: none;\" ><span>\n<svg xmlns=\"http:\/\/www.w3.org\/2000\/svg\" width=\"24\" height=\"24\" viewBox=\"0 0 24 24\">\n\t<path class=\"\" fill=\"currentColor\" stroke=\"currentColor\" d=\"M12,17.3l6.2,3.7l-1.6-7L22,9.2l-7.2-0.6L12,2L9.2,8.6L2,9.2L7.5,14l-1.6,7L12,17.3z\" \/>\n<\/svg>\n<\/span>\n<span>\n<svg xmlns=\"http:\/\/www.w3.org\/2000\/svg\" width=\"24\" height=\"24\" viewBox=\"0 0 24 24\">\n\t<path class=\"\" fill=\"currentColor\" stroke=\"currentColor\" d=\"M12,17.3l6.2,3.7l-1.6-7L22,9.2l-7.2-0.6L12,2L9.2,8.6L2,9.2L7.5,14l-1.6,7L12,17.3z\" \/>\n<\/svg>\n<\/span><\/span><span style=\"display: none;\" ><span>\n<svg xmlns=\"http:\/\/www.w3.org\/2000\/svg\" width=\"24\" height=\"24\" viewBox=\"0 0 24 24\">\n\t<path class=\"\" fill=\"currentColor\" stroke=\"currentColor\" d=\"M12,17.3l6.2,3.7l-1.6-7L22,9.2l-7.2-0.6L12,2L9.2,8.6L2,9.2L7.5,14l-1.6,7L12,17.3z\" \/>\n<\/svg>\n<\/span>\n<span>\n<svg xmlns=\"http:\/\/www.w3.org\/2000\/svg\" width=\"24\" height=\"24\" viewBox=\"0 0 24 24\">\n\t<path class=\"\" fill=\"currentColor\" stroke=\"currentColor\" d=\"M12,17.3l6.2,3.7l-1.6-7L22,9.2l-7.2-0.6L12,2L9.2,8.6L2,9.2L7.5,14l-1.6,7L12,17.3z\" \/>\n<\/svg>\n<\/span><\/span><span style=\"display: none;\" ><span>\n<svg xmlns=\"http:\/\/www.w3.org\/2000\/svg\" width=\"24\" height=\"24\" viewBox=\"0 0 24 24\">\n\t<path class=\"is-rating-unfilled\" fill=\"currentColor\" stroke=\"currentColor\" d=\"M12,17.3l6.2,3.7l-1.6-7L22,9.2l-7.2-0.6L12,2L9.2,8.6L2,9.2L7.5,14l-1.6,7L12,17.3z\" \/>\n<\/svg>\n<\/span>\n<span>\n<svg xmlns=\"http:\/\/www.w3.org\/2000\/svg\" width=\"24\" height=\"24\" viewBox=\"0 0 24 24\">\n\t<path class=\"is-rating-unfilled\" fill=\"currentColor\" stroke=\"currentColor\" d=\"M12,17.3l6.2,3.7l-1.6-7L22,9.2l-7.2-0.6L12,2L9.2,8.6L2,9.2L7.5,14l-1.6,7L12,17.3z\" \/>\n<\/svg>\n<\/span><\/span><span style=\"display: none;\" itemprop=\"bestRating\" content=\"5\"><span>\n<svg xmlns=\"http:\/\/www.w3.org\/2000\/svg\" width=\"24\" height=\"24\" viewBox=\"0 0 24 24\">\n\t<path class=\"is-rating-unfilled\" fill=\"currentColor\" stroke=\"currentColor\" d=\"M12,17.3l6.2,3.7l-1.6-7L22,9.2l-7.2-0.6L12,2L9.2,8.6L2,9.2L7.5,14l-1.6,7L12,17.3z\" \/>\n<\/svg>\n<\/span>\n<span>\n<svg xmlns=\"http:\/\/www.w3.org\/2000\/svg\" width=\"24\" height=\"24\" viewBox=\"0 0 24 24\">\n\t<path class=\"is-rating-unfilled\" fill=\"currentColor\" stroke=\"currentColor\" d=\"M12,17.3l6.2,3.7l-1.6-7L22,9.2l-7.2-0.6L12,2L9.2,8.6L2,9.2L7.5,14l-1.6,7L12,17.3z\" \/>\n<\/svg>\n<\/span><\/span><span itemprop=\"ratingValue\" class=\"screen-reader-text\" content=\"3\">Note\u00a0: 3\u00a0sur 5.<\/span><\/div>\n\n\n<p class=\"has-text-align-center wp-block-paragraph\"><em>Vous pouvez retrouver ma chronique sur le tome pr\u00e9c\u00e9dent <a href=\"https:\/\/serialectrice.com\/index.php\/2020\/10\/22\/la-moira-2-la-guerre-des-loups\/\">ici<\/a>.<\/em><\/p>\n\n\n\n<h2 class=\"has-vivid-green-cyan-color has-text-color wp-block-heading\">Mes challenges<\/h2>\n\n\n\n<p class=\"wp-block-paragraph\">Cette lecture m&rsquo;a permis de valider la cat\u00e9gorie 36 du <a href=\"https:\/\/serialectrice.com\/index.php\/mes-challenges-litteraires\/\">challenge annuel<\/a>, <strong>un livre avec une carte.<\/strong><\/p>\n\n\n\n<p class=\"wp-block-paragraph\">Elle m&rsquo;a \u00e9galement permis de valider un des <a href=\"https:\/\/serialectrice.com\/index.php\/2020\/11\/01\/challenge-litteraire-de-novembre\/\">challenges mensuels,<\/a> <strong>livre dont le nom de l&rsquo;auteur est \u00e9crit en noir sur la quatri\u00e8me.<\/strong><\/p>\n\n\n\n<p class=\"wp-block-paragraph\">Ces challenges sont tous propos\u00e9s par Linda sur le groupe Facebook <a href=\"https:\/\/www.facebook.com\/groups\/707636122759664\/\">La t\u00eate dans les livres<\/a><\/p>\n","protected":false},"excerpt":{"rendered":"<p>Le dernier enfant du Sa\u00eeman. Celle qui devra faire entrer Gaelia dans un \u00e2ge nouveau. Car Gaelia se meurt. Sur l\u2019\u00eele, partout, la guerre fait rage. On chasse m\u00eame les loups !<br \/>\nLe feu de la haine d\u00e9ferle, nourri par les fanatismes religieux et la soif de pouvoir, pendant que la magie, lentement, dispara\u00eet. Oui, Gaelia se meurt, et le temps presse. Il faut sauver les silves, retrouver la louve blanche chass\u00e9e par les hommes, comprendre le sens de la Mo\u00efra et des trois proph\u00e9ties et surtout, surtout : pr\u00e9parer le monde de demain.<\/p>\n","protected":false},"author":1,"featured_media":911,"comment_status":"open","ping_status":"open","sticky":false,"template":"","format":"standard","meta":{"_crdt_document":"","om_disable_all_campaigns":false,"_uag_custom_page_level_css":"","_monsterinsights_skip_tracking":false,"_monsterinsights_sitenote_active":false,"_monsterinsights_sitenote_note":"","_monsterinsights_sitenote_category":0,"_uf_show_specific_survey":0,"_uf_disable_surveys":false,"_jetpack_memberships_contains_paid_content":false,"footnotes":"","jetpack_publicize_message":"","jetpack_publicize_feature_enabled":true,"jetpack_social_post_already_shared":false,"jetpack_social_options":{"image_generator_settings":{"template":"highway","default_image_id":0,"font":"","enabled":false},"version":2}},"categories":[4,6],"tags":[21,120,56],"class_list":["post-910","post","type-post","status-publish","format-standard","has-post-thumbnail","hentry","category-challenge","category-livres-lus","tag-fantasy","tag-henri-loevenbruck","tag-trilogie"],"aioseo_notices":[],"jetpack_publicize_connections":[],"jetpack_featured_media_url":"https:\/\/serialectrice.com\/wp-content\/uploads\/2020\/11\/La-nuit-de-la-louve.jpg","uagb_featured_image_src":{"full":["https:\/\/serialectrice.com\/wp-content\/uploads\/2020\/11\/La-nuit-de-la-louve.jpg",204,330,false],"thumbnail":["https:\/\/serialectrice.com\/wp-content\/uploads\/2020\/11\/La-nuit-de-la-louve-93x150.jpg",93,150,true],"medium":["https:\/\/serialectrice.com\/wp-content\/uploads\/2020\/11\/La-nuit-de-la-louve-185x300.jpg",185,300,true],"medium_large":["https:\/\/serialectrice.com\/wp-content\/uploads\/2020\/11\/La-nuit-de-la-louve.jpg",204,330,false],"large":["https:\/\/serialectrice.com\/wp-content\/uploads\/2020\/11\/La-nuit-de-la-louve.jpg",204,330,false],"post-slider-thumb-size":["https:\/\/serialectrice.com\/wp-content\/uploads\/2020\/11\/La-nuit-de-la-louve.jpg",117,190,false],"post-category-slider-size":["https:\/\/serialectrice.com\/wp-content\/uploads\/2020\/11\/La-nuit-de-la-louve.jpg",204,330,false],"1536x1536":["https:\/\/serialectrice.com\/wp-content\/uploads\/2020\/11\/La-nuit-de-la-louve.jpg",204,330,false],"2048x2048":["https:\/\/serialectrice.com\/wp-content\/uploads\/2020\/11\/La-nuit-de-la-louve.jpg",204,330,false],"hello-fashion-slider":["https:\/\/serialectrice.com\/wp-content\/uploads\/2020\/11\/La-nuit-de-la-louve.jpg",204,330,false],"hello-fashion-blog-three":["https:\/\/serialectrice.com\/wp-content\/uploads\/2020\/11\/La-nuit-de-la-louve.jpg",204,330,false],"hello-fashion-blog-four":["https:\/\/serialectrice.com\/wp-content\/uploads\/2020\/11\/La-nuit-de-la-louve.jpg",204,330,false],"vilva-slider-one":["https:\/\/serialectrice.com\/wp-content\/uploads\/2020\/11\/La-nuit-de-la-louve.jpg",204,330,false],"vilva-featured-four":["https:\/\/serialectrice.com\/wp-content\/uploads\/2020\/11\/La-nuit-de-la-louve.jpg",204,330,false],"vilva-blog":["https:\/\/serialectrice.com\/wp-content\/uploads\/2020\/11\/La-nuit-de-la-louve.jpg",173,280,false],"vilva-blog-one":["https:\/\/serialectrice.com\/wp-content\/uploads\/2020\/11\/La-nuit-de-la-louve.jpg",204,330,false],"vilva-sidebar":["https:\/\/serialectrice.com\/wp-content\/uploads\/2020\/11\/La-nuit-de-la-louve.jpg",204,330,false]},"uagb_author_info":{"display_name":"SeriaLectrice","author_link":"https:\/\/serialectrice.com\/index.php\/author\/cilounegmail-com\/"},"uagb_comment_info":0,"uagb_excerpt":"Le dernier enfant du Sa\u00eeman. Celle qui devra faire entrer Gaelia dans un \u00e2ge nouveau. Car Gaelia se meurt. Sur l\u2019\u00eele, partout, la guerre fait rage. On chasse m\u00eame les loups ! Le feu de la haine d\u00e9ferle, nourri par les fanatismes religieux et la soif de pouvoir, pendant que la magie, lentement, dispara\u00eet. Oui,\u2026","jetpack_sharing_enabled":true,"jetpack_likes_enabled":true,"_links":{"self":[{"href":"https:\/\/serialectrice.com\/index.php\/wp-json\/wp\/v2\/posts\/910","targetHints":{"allow":["GET"]}}],"collection":[{"href":"https:\/\/serialectrice.com\/index.php\/wp-json\/wp\/v2\/posts"}],"about":[{"href":"https:\/\/serialectrice.com\/index.php\/wp-json\/wp\/v2\/types\/post"}],"author":[{"embeddable":true,"href":"https:\/\/serialectrice.com\/index.php\/wp-json\/wp\/v2\/users\/1"}],"replies":[{"embeddable":true,"href":"https:\/\/serialectrice.com\/index.php\/wp-json\/wp\/v2\/comments?post=910"}],"version-history":[{"count":0,"href":"https:\/\/serialectrice.com\/index.php\/wp-json\/wp\/v2\/posts\/910\/revisions"}],"wp:featuredmedia":[{"embeddable":true,"href":"https:\/\/serialectrice.com\/index.php\/wp-json\/wp\/v2\/media\/911"}],"wp:attachment":[{"href":"https:\/\/serialectrice.com\/index.php\/wp-json\/wp\/v2\/media?parent=910"}],"wp:term":[{"taxonomy":"category","embeddable":true,"href":"https:\/\/serialectrice.com\/index.php\/wp-json\/wp\/v2\/categories?post=910"},{"taxonomy":"post_tag","embeddable":true,"href":"https:\/\/serialectrice.com\/index.php\/wp-json\/wp\/v2\/tags?post=910"}],"curies":[{"name":"wp","href":"https:\/\/api.w.org\/{rel}","templated":true}]}}