{"id":891,"date":"2020-11-21T22:55:20","date_gmt":"2020-11-21T20:55:20","guid":{"rendered":"http:\/\/serialectrice.com\/?p=891"},"modified":"2021-07-30T11:57:41","modified_gmt":"2021-07-30T09:57:41","slug":"le-loup-des-cordeliers-_-henri-loevenbruck","status":"publish","type":"post","link":"https:\/\/serialectrice.com\/index.php\/2020\/11\/21\/le-loup-des-cordeliers-_-henri-loevenbruck\/","title":{"rendered":"Le loup des Cordeliers"},"content":{"rendered":"\n<div class=\"wp-block-media-text alignwide is-stacked-on-mobile is-vertically-aligned-top\" style=\"grid-template-columns:52% auto\"><figure class=\"wp-block-media-text__media\"><img loading=\"lazy\" decoding=\"async\" width=\"320\" height=\"496\" src=\"https:\/\/serialectrice.com\/wp-content\/uploads\/2020\/11\/Le-Loup-des-Cordeliers-2.jpg\" alt=\"\" class=\"wp-image-898 size-full\" srcset=\"https:\/\/serialectrice.com\/wp-content\/uploads\/2020\/11\/Le-Loup-des-Cordeliers-2.jpg 320w, https:\/\/serialectrice.com\/wp-content\/uploads\/2020\/11\/Le-Loup-des-Cordeliers-2-194x300.jpg 194w, https:\/\/serialectrice.com\/wp-content\/uploads\/2020\/11\/Le-Loup-des-Cordeliers-2-97x150.jpg 97w\" sizes=\"auto, (max-width: 320px) 100vw, 320px\" \/><\/figure><div class=\"wp-block-media-text__content\">\n<h2 class=\"has-vivid-green-cyan-color has-text-color wp-block-heading\">R\u00e9sum\u00e9<\/h2>\n\n\n\n<p class=\"wp-block-paragraph\">Mai 1789, un vent de r\u00e9volte souffle sur Paris.<br>Gabriel Joly, jeune provincial ambitieux, monte \u00e0 la capitale o\u00f9 il r\u00eave de devenir le plus grand journaliste de son temps. Un enqu\u00eateur d\u00e9termin\u00e9 \u00e0 faire la lumi\u00e8re sur les myst\u00e8res de cette p\u00e9riode tourment\u00e9e.<br>Son premier d\u00e9fi : d\u00e9masquer le Loup des Cordeliers, cet \u00e9trange justicier qui tient un loup en laisse et, la nuit, commet de sanglants assassinats pour prot\u00e9ger des femmes dans les rues de Paris\u2026<br>Les investigations de Gabriel Joly le conduisent alors sur la route des grands acteurs de la R\u00e9volution qui commence : Danton, Desmoulins, Mirabeau, Robespierre, personnages dont on d\u00e9couvre l\u2019ambition, le caract\u00e8re, les plans secrets.<br>Alors que, le 14 juillet, un homme s\u2019\u00e9chappe discr\u00e8tement de la Bastille, Gabriel Joly va-t-il d\u00e9couvrir l\u2019identit\u00e9 v\u00e9ritable du Loup des Cordeliers, et mettre au jour l\u2019un des plus grands complots de la R\u00e9volution fran\u00e7aise ?<\/p>\n<\/div><\/div>\n\n\n\n<h2 class=\"has-vivid-green-cyan-color has-text-color wp-block-heading\">Mon ressenti<\/h2>\n\n\n\n<h3 class=\"wp-block-heading\">Un roman historique<\/h3>\n\n\n\n<p class=\"wp-block-paragraph\">Le roman commence d&#8217;embl\u00e9e par une note de l&rsquo;auteur qui pr\u00e9cise qu&rsquo;il <strong>a pris le parti de faire une entorse \u00e0 la chronologie historique<\/strong> en introduisant un personnage, Th\u00e9roigne de M\u00e9ricourt, qui n&rsquo;appara\u00eet que quelques ann\u00e9es plus tard. A part cette libert\u00e9 de l&rsquo;auteur, ce roman est un <strong>vrai roman historique<\/strong>. Nous plongeons au coeur de la R\u00e9volution Fran\u00e7aise, quelques mois avant la prise de la Bastille.<\/p>\n\n\n\n<p class=\"wp-block-paragraph\">Nous retrouvons <strong>des personnages historiques majeurs<\/strong> tels Desmoulins, Danton, Mirabeau ou Robespierre. L&rsquo;auteur nous place en tant que <strong>spectateur de cette r\u00e9volution qui se trame, des complots qui sont ourdis<\/strong> pour renverser le roi Louis XVI. L&rsquo;auteur a fait de nombreuses recherches historiques, aid\u00e9 par sa fille. <strong>Il a un v\u00e9ritable talent pour d\u00e9crire les diff\u00e9rents \u00e9v\u00e9nements historiques<\/strong> majeurs tels le serment du jeu de Paume, l&rsquo;attaque des Invalides, la cr\u00e9ation de la cocarde ou encore la prise de la Bastille.<\/p>\n\n\n\n<p class=\"wp-block-paragraph\">Je n&rsquo;ai jamais aim\u00e9 l&rsquo;Histoire \u00e0 l&rsquo;\u00e9cole et pourtant <strong>Henri L\u0153venbruck arrive \u00e0 me happer et l&rsquo;Histoire devient alors passionnante<\/strong> ! Je plonge syst\u00e9matiquement dans ses histoires, m&rsquo;int\u00e9resse aux \u00e9v\u00e9nements qu&rsquo;il d\u00e9crit. <strong>J&rsquo;avais d\u00e9j\u00e0 eu ce ressenti lors de la lecture d&rsquo;un de ses pr\u00e9c\u00e9dents romans, v\u00e9ritable coup de coeur<\/strong>, <span style=\"text-decoration: underline;\">L&rsquo;apothicaire<\/span>. Etre capable de me faire appr\u00e9cier l&rsquo;Histoire n&rsquo;\u00e9tait pas gagn\u00e9 d&rsquo;avance, <strong>chapeau Mr L\u0153venbruck.<\/strong><\/p>\n\n\n\n<h3 class=\"wp-block-heading\">Gabriel Joly<\/h3>\n\n\n\n<p class=\"wp-block-paragraph\">Derri\u00e8re ce roman historique nous suivons avant tout Gabriel Joly, qui <strong>tente de d\u00e9masquer le Loup des Cordeliers<\/strong>. Cet homme qui, tel un <strong>justicier<\/strong>, assassine les personnes s&rsquo;attaquant aux femmes. Qui est-il ? Pourquoi laisse-t-il syst\u00e9matiquement un signe de triangle renvers\u00e9 sur le front de ses victimes ? <\/p>\n\n\n\n<p class=\"wp-block-paragraph\">Gabriel Joly souhaite devenir journaliste. De nos jours, nous parlerions de <strong>journalisme d&rsquo;investigation<\/strong>. A une \u00e9poque o\u00f9 <strong>la censure des journaux \u00e9tait de rigueur<\/strong>, <strong>Gabriel se veut porteur de v\u00e9rit\u00e9<\/strong>.  Et avec l&rsquo;ouverture des Etats G\u00e9n\u00e9raux, <strong>seuls les ind\u00e9pendants pouvaient \u00e9crire librement<\/strong>. Il va donc se tourner vers un libraire qui acceptera de le publier. A plusieurs reprises Gabriel nous rappelle \u00e0 quel point il tient \u00e0 <strong>la libert\u00e9 d&rsquo;expression et \u00e0 la libert\u00e9 de la presse<\/strong>, encore inexistante \u00e0 ce moment l\u00e0. <strong>Ce n&rsquo;est pas sans rappeller quelques \u00e9v\u00e9nements d&rsquo;actualit\u00e9.<\/strong><\/p>\n\n\n\n<p class=\"wp-block-paragraph\">Tr\u00e8s observateur, il aidera le commissaire Guyot, officiellement en charge de l&rsquo;enqu\u00eate. Mais <strong>Gabriel aura toujours une longueur d&rsquo;avance<\/strong> et le commissaire Guyot se retrouve plut\u00f4t c<strong>omme un pantin, derri\u00e8re le journaliste qui lui trace le chemin.<\/strong><\/p>\n\n\n\n<p class=\"wp-block-paragraph\">Enfin, <strong>la r\u00e9v\u00e9lation de l&rsquo;identit\u00e9 du Loup des Cordeliers est une vraie surprise<\/strong>. Je n&rsquo;ai pas pens\u00e9 une seule seconde \u00e0 ce personnage Pourtant, avec du recul, certains indices ont \u00e9t\u00e9 laiss\u00e9s par l&rsquo;auteur. <strong>Ce fut une agr\u00e9able surprise, qui laisse pr\u00e9sager une suite passionnante.<\/strong> <\/p>\n\n\n\n<h3 class=\"wp-block-heading\">Un roman f\u00e9ministe<\/h3>\n\n\n\n<p class=\"wp-block-paragraph\">Gabriel Joly a une derni\u00e8re qualit\u00e9, <strong>il est f\u00e9ministe<\/strong>. A une \u00e9poque o\u00f9 ce mouvement n&rsquo;existait pas encore, Gabriel n&rsquo;est pas \u00e0 l&rsquo;aise avec la mani\u00e8re dont les hommes traitent les femmes. C&rsquo;est un personnage <strong>respectueux de la femme<\/strong>, qui ne cherche pas \u00e0 la mettre dans sa couche \u00e0 tout prix.<\/p>\n\n\n\n<p class=\"wp-block-paragraph\">Mais <strong>le personnage qui incarne le mieux le f\u00e9ministe<\/strong> de ce roman est <strong>Th\u00e9roigne de M\u00e9ricourt<\/strong>. C&rsquo;est un des seuls personnages importants f\u00e9minins de ce roman, avec la jeune biblioth\u00e9caire, Lorette, dont Gabriel semble s&rsquo;amouracher. <strong>Th\u00e9roigne est pr\u00eate \u00e0 sacrifier sa vie pour que les femmes aient les m\u00eames droits que les hommes<\/strong>. Ainsi, \u00e0 plusieurs reprises <strong>son discours sera r\u00e9ellement en avance sur son temps<\/strong>. Elle s&rsquo;interrogera sur <strong>l&rsquo;absence de femme \u00e0 l&rsquo;Assembl\u00e9e Nationale<\/strong> et se demandera <strong>comment les femmes peuvent \u00eatre repr\u00e9sent\u00e9es par des hommes<\/strong>. Elle citera Rousseau qui, dans ses oeuvres, d\u00e9crivait les femmes comme \u00ab\u00a0<strong>d\u00e9nu\u00e9es de raison, juste bonnes \u00e0 \u00eatre belles et sentimentales.\u00a0\u00bb<\/strong><\/p>\n\n\n\n<p class=\"wp-block-paragraph\"><strong>M\u00eame si ce roman est r\u00e9solument f\u00e9ministe<\/strong>, Henri Loevenbruk n&rsquo;oublie pas de <strong>d\u00e9crire la mis\u00e8re dans laquelle vivaient de nombreuses femmes du peuple,<\/strong> oblig\u00e9es alors de s&rsquo;asservir. De vendre leurs corps. La prostitution, tout comme dans son roman <span style=\"text-decoration: underline;\">L&rsquo;apothicaire<\/span>, est vivement critiqu\u00e9e par l&rsquo;auteur. <strong>Ce ne sont pas les femmes qui sont critiqu\u00e9es, mais leurs clients. <\/strong><\/p>\n\n\n\n<blockquote class=\"wp-block-quote is-layout-flow wp-block-quote-is-layout-flow\"><p>\u00ab\u00a0Les clients [&#8230;] ignoraient-ils que, chaque fois qu&rsquo;ils entra\u00eenaient une fillette dans les \u00e9tages, ils la d\u00e9truisaient un peu plus, dans sa chair comme dans son \u00e2me ? Combien de ces malheureuses mais lucratives servantes, avilies, \u00e9corch\u00e9es, meurtries, tombaient malades dans d&rsquo;horribles conditions, combien p\u00e9rissaient de la syphilis ? [&#8230;] Combien mouraient en couche apr\u00e8s un dixi\u00e8me avortement ? Et celles qui, par miracle, survivaient \u00e0 ce calvaire inf\u00e2me, que devenaient-elles leurs vingt-quatre ans pass\u00e9s ?\u00a0\u00bb<\/p><\/blockquote>\n\n\n\n<h3 class=\"wp-block-heading\">Une bien jolie plume<\/h3>\n\n\n\n<p class=\"wp-block-paragraph\">Je ne peux pas \u00e9crire cet article sans vous parler de<strong> la plume de l&rsquo;auteur<\/strong>. Depuis que j&rsquo;ai d\u00e9couvert cet auteur, avec le roman <span style=\"text-decoration: underline;\">Nous r\u00eavions juste de libert\u00e9<\/span>, je ne cesse d&rsquo;\u00eatre syst\u00e9matiquement <strong>\u00e9blouie par sa qualit\u00e9 d&rsquo;\u00e9crivain.<\/strong> Son \u00e9criture est <strong>fluide et agr\u00e9able<\/strong>. L&rsquo;intrigue est <strong>bien construite<\/strong>, alternant des chapitres sur l&rsquo;enqu\u00eate de Gabriel Joly et les \u00e9pisodes r\u00e9volutionnaires. Il nous offre des<strong> phrases complexes et simples \u00e0 la fois<\/strong>. Il se lit \u00ab\u00a0tout seul\u00a0\u00bb, <strong>les pages tournent naturellement sans qu&rsquo;on s&rsquo;en rende compte<\/strong>. Ses descriptions <strong>nous transportent dans le Paris de la fin du XVIII si\u00e8cle<\/strong>. Le lecteur ressent les odeurs, entend les \u00e9clats du peuple, observe cette vie palpitante si importante dans l&rsquo;Histoire de France.<\/p>\n\n\n\n<p class=\"wp-block-paragraph\">C&rsquo;est un auteur qui ne cesse de m&rsquo;\u00e9tonner par sa capacit\u00e9 \u00e0 <strong>\u00e9crire des romans si diff\u00e9rents les uns des autres<\/strong>. Quand certains \u00e9crivains se cantonnent \u00e0 un seul style. Henri Loevenbruck, lui, est capable de passer de la fantasy au thriller, du r\u00e9cit de vie \u00e0 un roman historique.<\/p>\n\n\n\n<p class=\"has-text-align-center wp-block-paragraph\"><em>Cela faisait un moment que ce livre me faisait de l&rsquo;oeil. J&rsquo;ai pu le lire gr\u00e2ce aux <a href=\"https:\/\/www.lisez.com\/livre-de-poche\/le-loup-des-cordeliers\/9782266313575\">\u00e9ditions Pocket<\/a> qui me l&rsquo;ont offert. <strong>Un grand merci<\/strong>, je savais que je ne serai pas d\u00e9cue.<\/em> <em>M\u00eame s&rsquo;il s&rsquo;agit d&rsquo;un livre offert, j&rsquo;essaie de garder <strong>un regard le plus objectif possible. <\/strong><\/em><\/p>\n\n\n<div class=\"wp-block-jetpack-rating-star\" style=\"text-align:center\" itemprop=\"reviewRating\" itemscope itemtype=\"http:\/\/schema.org\/Rating\"><p><span aria-hidden=\"true\">\u2b50<\/span><span aria-hidden=\"true\">\u2b50<\/span><span aria-hidden=\"true\">\u2b50<\/span><span aria-hidden=\"true\">\u2b50<\/span><span aria-hidden=\"true\">\u2b50<\/span><\/p><span style=\"display: none;\" itemprop=\"worstRating\" content=\"0.5\"><span>\n<svg xmlns=\"http:\/\/www.w3.org\/2000\/svg\" width=\"24\" height=\"24\" viewBox=\"0 0 24 24\">\n\t<path class=\"\" fill=\"currentColor\" stroke=\"currentColor\" d=\"M12,17.3l6.2,3.7l-1.6-7L22,9.2l-7.2-0.6L12,2L9.2,8.6L2,9.2L7.5,14l-1.6,7L12,17.3z\" \/>\n<\/svg>\n<\/span>\n<span>\n<svg xmlns=\"http:\/\/www.w3.org\/2000\/svg\" width=\"24\" height=\"24\" viewBox=\"0 0 24 24\">\n\t<path class=\"\" fill=\"currentColor\" stroke=\"currentColor\" d=\"M12,17.3l6.2,3.7l-1.6-7L22,9.2l-7.2-0.6L12,2L9.2,8.6L2,9.2L7.5,14l-1.6,7L12,17.3z\" \/>\n<\/svg>\n<\/span><\/span><span style=\"display: none;\" ><span>\n<svg xmlns=\"http:\/\/www.w3.org\/2000\/svg\" width=\"24\" height=\"24\" viewBox=\"0 0 24 24\">\n\t<path class=\"\" fill=\"currentColor\" stroke=\"currentColor\" d=\"M12,17.3l6.2,3.7l-1.6-7L22,9.2l-7.2-0.6L12,2L9.2,8.6L2,9.2L7.5,14l-1.6,7L12,17.3z\" \/>\n<\/svg>\n<\/span>\n<span>\n<svg xmlns=\"http:\/\/www.w3.org\/2000\/svg\" width=\"24\" height=\"24\" viewBox=\"0 0 24 24\">\n\t<path class=\"\" fill=\"currentColor\" stroke=\"currentColor\" d=\"M12,17.3l6.2,3.7l-1.6-7L22,9.2l-7.2-0.6L12,2L9.2,8.6L2,9.2L7.5,14l-1.6,7L12,17.3z\" \/>\n<\/svg>\n<\/span><\/span><span style=\"display: none;\" ><span>\n<svg xmlns=\"http:\/\/www.w3.org\/2000\/svg\" width=\"24\" height=\"24\" viewBox=\"0 0 24 24\">\n\t<path class=\"\" fill=\"currentColor\" stroke=\"currentColor\" d=\"M12,17.3l6.2,3.7l-1.6-7L22,9.2l-7.2-0.6L12,2L9.2,8.6L2,9.2L7.5,14l-1.6,7L12,17.3z\" \/>\n<\/svg>\n<\/span>\n<span>\n<svg xmlns=\"http:\/\/www.w3.org\/2000\/svg\" width=\"24\" height=\"24\" viewBox=\"0 0 24 24\">\n\t<path class=\"\" fill=\"currentColor\" stroke=\"currentColor\" d=\"M12,17.3l6.2,3.7l-1.6-7L22,9.2l-7.2-0.6L12,2L9.2,8.6L2,9.2L7.5,14l-1.6,7L12,17.3z\" \/>\n<\/svg>\n<\/span><\/span><span style=\"display: none;\" ><span>\n<svg xmlns=\"http:\/\/www.w3.org\/2000\/svg\" width=\"24\" height=\"24\" viewBox=\"0 0 24 24\">\n\t<path class=\"\" fill=\"currentColor\" stroke=\"currentColor\" d=\"M12,17.3l6.2,3.7l-1.6-7L22,9.2l-7.2-0.6L12,2L9.2,8.6L2,9.2L7.5,14l-1.6,7L12,17.3z\" \/>\n<\/svg>\n<\/span>\n<span>\n<svg xmlns=\"http:\/\/www.w3.org\/2000\/svg\" width=\"24\" height=\"24\" viewBox=\"0 0 24 24\">\n\t<path class=\"\" fill=\"currentColor\" stroke=\"currentColor\" d=\"M12,17.3l6.2,3.7l-1.6-7L22,9.2l-7.2-0.6L12,2L9.2,8.6L2,9.2L7.5,14l-1.6,7L12,17.3z\" \/>\n<\/svg>\n<\/span><\/span><span style=\"display: none;\" itemprop=\"bestRating\" content=\"5\"><span>\n<svg xmlns=\"http:\/\/www.w3.org\/2000\/svg\" width=\"24\" height=\"24\" viewBox=\"0 0 24 24\">\n\t<path class=\"\" fill=\"currentColor\" stroke=\"currentColor\" d=\"M12,17.3l6.2,3.7l-1.6-7L22,9.2l-7.2-0.6L12,2L9.2,8.6L2,9.2L7.5,14l-1.6,7L12,17.3z\" \/>\n<\/svg>\n<\/span>\n<span>\n<svg xmlns=\"http:\/\/www.w3.org\/2000\/svg\" width=\"24\" height=\"24\" viewBox=\"0 0 24 24\">\n\t<path class=\"\" fill=\"currentColor\" stroke=\"currentColor\" d=\"M12,17.3l6.2,3.7l-1.6-7L22,9.2l-7.2-0.6L12,2L9.2,8.6L2,9.2L7.5,14l-1.6,7L12,17.3z\" \/>\n<\/svg>\n<\/span><\/span><span itemprop=\"ratingValue\" class=\"screen-reader-text\" content=\"5\">Note\u00a0: 5\u00a0sur 5.<\/span><\/div>\n\n\n<h2 class=\"wp-block-heading\">Mes Challenges<\/h2>\n\n\n\n<p class=\"wp-block-paragraph\">Cette lecture m&rsquo;a permis de valider la cat\u00e9gorie 10 du <a href=\"https:\/\/serialectrice.com\/index.php\/mes-challenges-litteraires\/\">challenge annuel<\/a>. <strong>Lire un livre d&rsquo;un auteur dont on a d\u00e9j\u00e0 lu au moins 3 livres.<\/strong><\/p>\n","protected":false},"excerpt":{"rendered":"<p>Mai 1789, un vent de r\u00e9volte souffle sur Paris.<br \/>\nGabriel Joly, jeune provincial ambitieux, monte \u00e0 la capitale o\u00f9 il r\u00eave de devenir le plus grand journaliste de son temps. Un enqu\u00eateur d\u00e9termin\u00e9 \u00e0 faire la lumi\u00e8re sur les myst\u00e8res de cette p\u00e9riode tourment\u00e9e.<br \/>\nSon premier d\u00e9fi : d\u00e9masquer le Loup des Cordeliers, cet \u00e9trange justicier qui tient un loup en laisse et, la nuit, commet de sanglants assassinats pour prot\u00e9ger des femmes dans les rues de Paris\u2026<br \/>\nLes investigations de Gabriel Joly le conduisent alors sur la route des grands acteurs de la R\u00e9volution qui commence : Danton, Desmoulins, Mirabeau, Robespierre, personnages dont on d\u00e9couvre l\u2019ambition, le caract\u00e8re, les plans secrets.<br \/>\nAlors que, le 14 juillet, un homme s\u2019\u00e9chappe discr\u00e8tement de la Bastille, Gabriel Joly va-t-il d\u00e9couvrir l\u2019identit\u00e9 v\u00e9ritable du Loup des Cordeliers, et mettre au jour l\u2019un des plus grands complots de la R\u00e9volution fran\u00e7aise ?<\/p>\n","protected":false},"author":1,"featured_media":903,"comment_status":"open","ping_status":"open","sticky":false,"template":"","format":"standard","meta":{"_crdt_document":"","om_disable_all_campaigns":false,"_uag_custom_page_level_css":"","_monsterinsights_skip_tracking":false,"_monsterinsights_sitenote_active":false,"_monsterinsights_sitenote_note":"","_monsterinsights_sitenote_category":0,"_uf_show_specific_survey":0,"_uf_disable_surveys":false,"_jetpack_memberships_contains_paid_content":false,"footnotes":"","jetpack_publicize_message":"","jetpack_publicize_feature_enabled":true,"jetpack_social_post_already_shared":false,"jetpack_social_options":{"image_generator_settings":{"template":"highway","default_image_id":0,"font":"","enabled":false},"version":2}},"categories":[4,6,14],"tags":[23,120,47,9],"class_list":["post-891","post","type-post","status-publish","format-standard","has-post-thumbnail","hentry","category-challenge","category-livres-lus","category-service-presse","tag-enquete","tag-henri-loevenbruck","tag-historique","tag-service-presse"],"aioseo_notices":[],"jetpack_publicize_connections":[],"jetpack_featured_media_url":"https:\/\/serialectrice.com\/wp-content\/uploads\/2020\/11\/Le-Loup-des-Cordeliers-4.jpg","uagb_featured_image_src":{"full":["https:\/\/serialectrice.com\/wp-content\/uploads\/2020\/11\/Le-Loup-des-Cordeliers-4.jpg",212,330,false],"thumbnail":["https:\/\/serialectrice.com\/wp-content\/uploads\/2020\/11\/Le-Loup-des-Cordeliers-4-96x150.jpg",96,150,true],"medium":["https:\/\/serialectrice.com\/wp-content\/uploads\/2020\/11\/Le-Loup-des-Cordeliers-4-193x300.jpg",193,300,true],"medium_large":["https:\/\/serialectrice.com\/wp-content\/uploads\/2020\/11\/Le-Loup-des-Cordeliers-4.jpg",212,330,false],"large":["https:\/\/serialectrice.com\/wp-content\/uploads\/2020\/11\/Le-Loup-des-Cordeliers-4.jpg",212,330,false],"post-slider-thumb-size":["https:\/\/serialectrice.com\/wp-content\/uploads\/2020\/11\/Le-Loup-des-Cordeliers-4.jpg",122,190,false],"post-category-slider-size":["https:\/\/serialectrice.com\/wp-content\/uploads\/2020\/11\/Le-Loup-des-Cordeliers-4.jpg",212,330,false],"1536x1536":["https:\/\/serialectrice.com\/wp-content\/uploads\/2020\/11\/Le-Loup-des-Cordeliers-4.jpg",212,330,false],"2048x2048":["https:\/\/serialectrice.com\/wp-content\/uploads\/2020\/11\/Le-Loup-des-Cordeliers-4.jpg",212,330,false],"hello-fashion-slider":["https:\/\/serialectrice.com\/wp-content\/uploads\/2020\/11\/Le-Loup-des-Cordeliers-4.jpg",212,330,false],"hello-fashion-blog-three":["https:\/\/serialectrice.com\/wp-content\/uploads\/2020\/11\/Le-Loup-des-Cordeliers-4.jpg",212,330,false],"hello-fashion-blog-four":["https:\/\/serialectrice.com\/wp-content\/uploads\/2020\/11\/Le-Loup-des-Cordeliers-4.jpg",212,330,false],"vilva-slider-one":["https:\/\/serialectrice.com\/wp-content\/uploads\/2020\/11\/Le-Loup-des-Cordeliers-4.jpg",212,330,false],"vilva-featured-four":["https:\/\/serialectrice.com\/wp-content\/uploads\/2020\/11\/Le-Loup-des-Cordeliers-4.jpg",212,330,false],"vilva-blog":["https:\/\/serialectrice.com\/wp-content\/uploads\/2020\/11\/Le-Loup-des-Cordeliers-4.jpg",180,280,false],"vilva-blog-one":["https:\/\/serialectrice.com\/wp-content\/uploads\/2020\/11\/Le-Loup-des-Cordeliers-4.jpg",212,330,false],"vilva-sidebar":["https:\/\/serialectrice.com\/wp-content\/uploads\/2020\/11\/Le-Loup-des-Cordeliers-4.jpg",212,330,false]},"uagb_author_info":{"display_name":"SeriaLectrice","author_link":"https:\/\/serialectrice.com\/index.php\/author\/cilounegmail-com\/"},"uagb_comment_info":9,"uagb_excerpt":"Mai 1789, un vent de r\u00e9volte souffle sur Paris. Gabriel Joly, jeune provincial ambitieux, monte \u00e0 la capitale o\u00f9 il r\u00eave de devenir le plus grand journaliste de son temps. Un enqu\u00eateur d\u00e9termin\u00e9 \u00e0 faire la lumi\u00e8re sur les myst\u00e8res de cette p\u00e9riode tourment\u00e9e. Son premier d\u00e9fi : d\u00e9masquer le Loup des Cordeliers, cet \u00e9trange\u2026","jetpack_sharing_enabled":true,"jetpack_likes_enabled":true,"_links":{"self":[{"href":"https:\/\/serialectrice.com\/index.php\/wp-json\/wp\/v2\/posts\/891","targetHints":{"allow":["GET"]}}],"collection":[{"href":"https:\/\/serialectrice.com\/index.php\/wp-json\/wp\/v2\/posts"}],"about":[{"href":"https:\/\/serialectrice.com\/index.php\/wp-json\/wp\/v2\/types\/post"}],"author":[{"embeddable":true,"href":"https:\/\/serialectrice.com\/index.php\/wp-json\/wp\/v2\/users\/1"}],"replies":[{"embeddable":true,"href":"https:\/\/serialectrice.com\/index.php\/wp-json\/wp\/v2\/comments?post=891"}],"version-history":[{"count":0,"href":"https:\/\/serialectrice.com\/index.php\/wp-json\/wp\/v2\/posts\/891\/revisions"}],"wp:featuredmedia":[{"embeddable":true,"href":"https:\/\/serialectrice.com\/index.php\/wp-json\/wp\/v2\/media\/903"}],"wp:attachment":[{"href":"https:\/\/serialectrice.com\/index.php\/wp-json\/wp\/v2\/media?parent=891"}],"wp:term":[{"taxonomy":"category","embeddable":true,"href":"https:\/\/serialectrice.com\/index.php\/wp-json\/wp\/v2\/categories?post=891"},{"taxonomy":"post_tag","embeddable":true,"href":"https:\/\/serialectrice.com\/index.php\/wp-json\/wp\/v2\/tags?post=891"}],"curies":[{"name":"wp","href":"https:\/\/api.w.org\/{rel}","templated":true}]}}