{"id":879,"date":"2020-11-12T13:07:00","date_gmt":"2020-11-12T11:07:00","guid":{"rendered":"http:\/\/serialectrice.com\/?p=879"},"modified":"2020-11-10T14:06:55","modified_gmt":"2020-11-10T12:06:55","slug":"roses-de-printemps-dot-hutchison","status":"publish","type":"post","link":"https:\/\/serialectrice.com\/index.php\/2020\/11\/12\/roses-de-printemps-dot-hutchison\/","title":{"rendered":"Roses de printemps &#8211; Dot Hutchison"},"content":{"rendered":"\n<div class=\"wp-block-media-text alignwide is-stacked-on-mobile is-vertically-aligned-top\"><figure class=\"wp-block-media-text__media\"><img loading=\"lazy\" decoding=\"async\" width=\"219\" height=\"330\" src=\"https:\/\/serialectrice.com\/wp-content\/uploads\/2020\/11\/roses-de-printemps.jpg\" alt=\"roses de printemps\" class=\"wp-image-880\" srcset=\"https:\/\/serialectrice.com\/wp-content\/uploads\/2020\/11\/roses-de-printemps.jpg 219w, https:\/\/serialectrice.com\/wp-content\/uploads\/2020\/11\/roses-de-printemps-100x150.jpg 100w, https:\/\/serialectrice.com\/wp-content\/uploads\/2020\/11\/roses-de-printemps-199x300.jpg 199w\" sizes=\"auto, (max-width: 219px) 100vw, 219px\" \/><\/figure><div class=\"wp-block-media-text__content\">\n<h2 class=\"has-vivid-green-cyan-color has-text-color wp-block-heading\">R\u00e9sum\u00e9<\/h2>\n\n\n\n<p class=\"wp-block-paragraph\"><span style=\"text-decoration: underline;\">Roses de printemps<\/span><\/p>\n\n\n\n<p class=\"wp-block-paragraph\">Quatre mois apr\u00e8s l\u2019explosion du \u00ab&nbsp;Jardin&nbsp;\u00bb, o\u00f9 de tr\u00e8s jeunes femmes \u00e9taient s\u00e9questr\u00e9es, les agents du FBI Brandon Eddison, Victor Hanoverian et Mercedes Ramirez continuent de g\u00e9rer \u00ab&nbsp;l\u2019apr\u00e8s&nbsp;\u00bb et d\u2019aider les survivantes traumatis\u00e9es \u00e0 se reconstruire.<\/p>\n\n\n\n<p class=\"wp-block-paragraph\">Mais avec l\u2019hiver qui s\u2019ach\u00e8ve, une nouvelle \u00e9preuve attend les trois agents&nbsp;: comme \u00e0 chaque d\u00e9but de printemps depuis plus d\u2019une d\u00e9cennie, une jeune femme sera bient\u00f4t retrouv\u00e9e morte dans une \u00e9glise, la gorge tranch\u00e9e et son cadavre entour\u00e9 de fleurs.<\/p>\n\n\n\n<p class=\"wp-block-paragraph\">C\u2019est ce qui est arriv\u00e9 \u00e0 la s\u0153ur de Priya Sravasti. D\u00e9sormais, elle et sa m\u00e8re sont install\u00e9es dans le Colorado o\u00f9 elles tentent de prendre un nouveau d\u00e9part. Mais les fant\u00f4mes du pass\u00e9 ressurgissent et Priya semble \u00eatre la nouvelle cible du tueur. Pour le coincer, le FBI compte sur l\u2019aide de la jeune femme. Mais le danger n\u2019est pas forc\u00e9ment l\u00e0 o\u00f9 ils le croient\u2026 Et si, contre toute attente, c\u2019\u00e9tait la proie elle-m\u00eame qui devenait finalement le pr\u00e9dateur&nbsp;?<\/p>\n<\/div><\/div>\n\n\n\n<h2 class=\"has-vivid-green-cyan-color has-text-color wp-block-heading\">Mon ressenti<\/h2>\n\n\n\n<p class=\"wp-block-paragraph\">Roses de printemps est<strong> le deuxi\u00e8me volet d&rsquo;une trilogie<\/strong>, <em>Le jardin des papillons.<\/em> Ainsi, si vous n&rsquo;avez pas lu le premier tome je vous recommande fortement de le faire. <strong>La lecture se trouve fortement impact\u00e9e par le manque d&rsquo;informations m\u00eame s&rsquo;il ne s&rsquo;agit pas d&rsquo;une suite \u00e0 part enti\u00e8re.<\/strong><\/p>\n\n\n\n<h3 class=\"wp-block-heading\">Manque de rythme<\/h3>\n\n\n\n<p class=\"wp-block-paragraph\"><strong>L&rsquo;auteur a voulu faire de ce deuxi\u00e8me volet \u00e0 la fois une suite du premier, et \u00e0 la fois une histoire \u00e0 part enti\u00e8re<\/strong>. A mon avis, c&rsquo;\u00e9tait une mauvaise id\u00e9e car le lecteur se retrouve impliqu\u00e9 dans l&rsquo;histoire de Pryia et en m\u00eame temps dans les cons\u00e9quences d&rsquo;un drame arriv\u00e9 quatre mois auparavant (dont traite le premier tome). <strong>Or, cette deuxi\u00e8me partie est lente, on se demande pourquoi Pryia se retrouve m\u00e9l\u00e9e \u00e0 cette histoire de papillons alors qu&rsquo;elle n&rsquo;en fait pas partie.<\/strong><\/p>\n\n\n\n<p class=\"wp-block-paragraph\">Pryia a v\u00e9cu un drame plusieurs 6 ans auparavant. <strong>Sa soeur a \u00e9t\u00e9 assassin\u00e9e <\/strong>et c&rsquo;est elle qui a trouv\u00e9 son corps, dans une \u00e9glise, entour\u00e9 de fleurs. Le meurtrier, introuvable, r\u00e9it\u00e8re chaque ann\u00e9e le m\u00eame rituel, \u00e0 chaque printemps depuis 16 ans. <strong>Et cette ann\u00e9e semble \u00eatre le tour de Pryia.<\/strong> En effet, elle re\u00e7oit de mani\u00e8re r\u00e9guli\u00e8re un bouquet de fleurs, d\u00e9pos\u00e9 devant sa porte. Chaque bouquet correspond aux fleurs utilis\u00e9es par le meurtrier, de mani\u00e8re chronologique. <strong>Lorsque le dernier bouquet arrivera, elle sera sa prochaine victime.<\/strong><\/p>\n\n\n\n<p class=\"wp-block-paragraph\">Ainsi, le seul lien qu&rsquo;elle a avec les filles papillons (filles qui ont \u00e9t\u00e9 s\u00e9questr\u00e9es par un homme surnomm\u00e9 Le Jardinier) est d&rsquo;\u00eatre une victime d&rsquo;un psychopathe.<\/p>\n\n\n\n<p class=\"wp-block-paragraph\">Si l&rsquo;auteur s&rsquo;\u00e9tait content\u00e9 de se concentrer soit sur le thriller lui-m\u00eame soit sur les cons\u00e9quences psychologiques,<strong> le livre aurait \u00e9t\u00e9 plus intense \u00e0 lire<\/strong>. Or ici, nous naviguons entre l&rsquo;histoire de Pryia et celle des Papillons qui cherchent \u00e0 se reconstruire. <strong>Et le rythme du thriller se trouve fortement impact\u00e9.<\/strong> Alors que le lecteur devrait sentir l&rsquo;angoisse, le suspens aller crescendo, <strong>c&rsquo;est plat<\/strong>.<\/p>\n\n\n\n<h3 class=\"wp-block-heading\">Manque de cr\u00e9dibilit\u00e9<\/h3>\n\n\n\n<p class=\"wp-block-paragraph\"><strong>Je n&rsquo;ai pas trouv\u00e9 l&rsquo;histoire de Pryia tr\u00e8s cr\u00e9dible<\/strong>. Alors que sa soeur a \u00e9t\u00e9 \u00e9limin\u00e9e par un tueur en s\u00e9rie, sa famille d\u00e9m\u00e9nage r\u00e9guli\u00e8rement sans aucune discr\u00e9tion. En effet, l&rsquo;interview de la m\u00e8re, par exemple, indique le lieu o\u00f9 elles vont s&rsquo;installer. <strong>Pourtant suivies de pr\u00e8s par une \u00e9quipe du FBI, les deux femmes n&rsquo;ont pas l&rsquo;air d&rsquo;\u00eatre sp\u00e9cialement prot\u00e9g\u00e9es.<\/strong><\/p>\n\n\n\n<p class=\"wp-block-paragraph\">Autre incoh\u00e9rence, selon moi est la force de caract\u00e8re des personnages. En effet, Pryia et sa m\u00e8re ont des caract\u00e8res tr\u00e8s forts. <strong>Trop forts.<\/strong> Evidemment, un drame vous d\u00e9truit ou vous rend plus fort. <strong>Ici, ces deux femmes sont surr\u00e9alistes<\/strong>. La m\u00e8re, qui a perdu sa premi\u00e8re fille, se voit d\u00e9crite presque comme inhumaine. Sa fille dit elle-m\u00eame que si elle mourrait sa m\u00e8re s&rsquo;en remettrait. Elle souffrirait, mais elle se rel\u00e8verait.<\/p>\n\n\n\n<p class=\"wp-block-paragraph\">Enfin,<strong> la fin n&rsquo;a pas du tout \u00e9t\u00e9 surprenante<\/strong>. J&rsquo;avais depuis un moment compris qui \u00e9tait le meurtrier. <strong>D\u00e8s la premi\u00e8re apparition du personnage. <\/strong>Cela m&rsquo;a m\u00eame sembl\u00e9 si \u00e9vident que j&rsquo;ai fini par me dire que ce ne serait s\u00fbrement pas lui. Mais, je ne m&rsquo;\u00e9tais pas tromp\u00e9e. L&rsquo;auteur a selon moi, donn\u00e9 trop d&rsquo;indices. <strong>Autant je n&rsquo;appr\u00e9cie pas lorsque le meurtrier se r\u00e9v\u00e8le \u00eatre un personnage auquel on n&rsquo;avait pas du tout pens\u00e9, autant j&rsquo;aurais aim\u00e9 un peu plus de suspens.<\/strong><\/p>\n\n\n\n<h3 class=\"wp-block-heading\">Analyse psychologique int\u00e9ressante<\/h3>\n\n\n\n<p class=\"wp-block-paragraph\">L<strong>&lsquo;analyse psychologique des personnages<\/strong> dans ce livre reste le point le plus int\u00e9ressant.En plus de Pryia, nous suivons \u00e9galement Inara, ancienne victime du jardin des Papillons. Alors que de nombreuses filles survivantes ont fini par se donner la mort, <strong>Inara a su survivre \u00e0 son drame<\/strong>. Lorsqu&rsquo;elle commence \u00e0 correspondre avec Pryia, nous pouvons suivre le cheminement de ses pens\u00e9es. Ainsi, elle se demande au d\u00e9but ce qu&rsquo;elle pr\u00e9f\u00e9rerait. Voir son bourreau mort ou jug\u00e9. <strong>Elle craint qu&rsquo;en passant par la justice, ce dernier soit acquitt\u00e9 ou pas suffisamment puni.<\/strong> Ainsi, sommeille en elle un d\u00e9sir de vengeance. Et pourtant, lorsqu&rsquo;elle apprend la mort de ce dernier, <strong>elle n&rsquo;arrive finalement pas \u00e0 s&rsquo;en r\u00e9jouir. <\/strong><\/p>\n\n\n\n<p class=\"wp-block-paragraph\">Pryia de son c\u00f4t\u00e9 veut voir le tueur de sa s\u0153ur enferm\u00e9 alors que sa m\u00e8re d\u00e9sire plus que tout mettre fin \u00e0 ses jours de ses propres mains. Mais, avec les \u00e9changes qu&rsquo;elle a avec Inara, <strong>son jugement se modifie<\/strong>. Et elle finit par rejoindre sa m\u00e8re. <strong>C&rsquo;est ainsi qu&rsquo;elles vont ensemble, r\u00e9fl\u00e9chir \u00e0 leur vengeance tout en le prenant \u00e0 son propre jeu. <\/strong><\/p>\n\n\n\n<p class=\"wp-block-paragraph\">M\u00eame s&rsquo;il est int\u00e9ressant de voir comment \u00e9voluent ces diff\u00e9rents personnages selon les \u00e9v\u00e9nements,<strong> l&rsquo;id\u00e9e de vengeance vient se rajouter au manque de cr\u00e9dibilit\u00e9<\/strong>. <strong>A aucun moment, les agents du FBI ne se doutent que cette id\u00e9e puisse germer dans l&rsquo;esprit des victimes. <\/strong>Alors que c&rsquo;est certainement une phase indispensable dans le processus de deuil. <\/p>\n\n\n\n<p class=\"wp-block-paragraph\">Enfin, m\u00eame si je trouve le caract\u00e8re des deux femmes (Pryia et sa m\u00e8re) trop fort, il est int\u00e9ressant de voir comment l&rsquo;auteur a d\u00e9cid\u00e9 de faire <strong>\u00e9voluer ses personnages<\/strong>. Elle aurait pu choisir d&rsquo;en faire des femmes affaiblies. Mais <strong>elles se sont forg\u00e9 une carapace<\/strong> presque imp\u00e9n\u00e9trable. Malgr\u00e9 tout, \u00e0 la fin, le lecteur ressent toutefois que <strong>cette carapace est un leurre et que Pryia reste fragile.<\/strong><\/p>\n\n\n\n<p class=\"has-text-align-center wp-block-paragraph\"><em>Roses de printemps <\/em>m&rsquo;a donc laiss\u00e9e perplexe<em>. M\u00eame si j&rsquo;ai appr\u00e9ci\u00e9 toute la partie autour du meurtrier de Pryia, celle-ci reste trop faible. Le fait de s&rsquo;attarder sur les papions empi\u00e8te sur l&rsquo;enqu\u00eate principale. <strong>L&rsquo;auteur a du talent<\/strong>, \u00e0 n&rsquo;en pas douter, mais selon moi <strong>elle n&rsquo;a pas fait les bons choix dans ce roman.<\/strong><\/em><\/p>\n\n\n<div class=\"wp-block-jetpack-rating-star\" style=\"text-align:center\" itemprop=\"reviewRating\" itemscope itemtype=\"http:\/\/schema.org\/Rating\"><p><span aria-hidden=\"true\">\u2b50<\/span><span aria-hidden=\"true\">\u2b50<\/span><span aria-hidden=\"true\">\u2b50<\/span><\/p><span style=\"display: none;\" itemprop=\"worstRating\" content=\"0.5\"><span>\n<svg xmlns=\"http:\/\/www.w3.org\/2000\/svg\" width=\"24\" height=\"24\" viewBox=\"0 0 24 24\">\n\t<path class=\"\" fill=\"currentColor\" stroke=\"currentColor\" d=\"M12,17.3l6.2,3.7l-1.6-7L22,9.2l-7.2-0.6L12,2L9.2,8.6L2,9.2L7.5,14l-1.6,7L12,17.3z\" \/>\n<\/svg>\n<\/span>\n<span>\n<svg xmlns=\"http:\/\/www.w3.org\/2000\/svg\" width=\"24\" height=\"24\" viewBox=\"0 0 24 24\">\n\t<path class=\"\" fill=\"currentColor\" stroke=\"currentColor\" d=\"M12,17.3l6.2,3.7l-1.6-7L22,9.2l-7.2-0.6L12,2L9.2,8.6L2,9.2L7.5,14l-1.6,7L12,17.3z\" \/>\n<\/svg>\n<\/span><\/span><span style=\"display: none;\" ><span>\n<svg xmlns=\"http:\/\/www.w3.org\/2000\/svg\" width=\"24\" height=\"24\" viewBox=\"0 0 24 24\">\n\t<path class=\"\" fill=\"currentColor\" stroke=\"currentColor\" d=\"M12,17.3l6.2,3.7l-1.6-7L22,9.2l-7.2-0.6L12,2L9.2,8.6L2,9.2L7.5,14l-1.6,7L12,17.3z\" \/>\n<\/svg>\n<\/span>\n<span>\n<svg xmlns=\"http:\/\/www.w3.org\/2000\/svg\" width=\"24\" height=\"24\" viewBox=\"0 0 24 24\">\n\t<path class=\"\" fill=\"currentColor\" stroke=\"currentColor\" d=\"M12,17.3l6.2,3.7l-1.6-7L22,9.2l-7.2-0.6L12,2L9.2,8.6L2,9.2L7.5,14l-1.6,7L12,17.3z\" \/>\n<\/svg>\n<\/span><\/span><span style=\"display: none;\" ><span>\n<svg xmlns=\"http:\/\/www.w3.org\/2000\/svg\" width=\"24\" height=\"24\" viewBox=\"0 0 24 24\">\n\t<path class=\"\" fill=\"currentColor\" stroke=\"currentColor\" d=\"M12,17.3l6.2,3.7l-1.6-7L22,9.2l-7.2-0.6L12,2L9.2,8.6L2,9.2L7.5,14l-1.6,7L12,17.3z\" \/>\n<\/svg>\n<\/span>\n<span>\n<svg xmlns=\"http:\/\/www.w3.org\/2000\/svg\" width=\"24\" height=\"24\" viewBox=\"0 0 24 24\">\n\t<path class=\"is-rating-unfilled\" fill=\"currentColor\" stroke=\"currentColor\" d=\"M12,17.3l6.2,3.7l-1.6-7L22,9.2l-7.2-0.6L12,2L9.2,8.6L2,9.2L7.5,14l-1.6,7L12,17.3z\" \/>\n<\/svg>\n<\/span><\/span><span style=\"display: none;\" ><span>\n<svg xmlns=\"http:\/\/www.w3.org\/2000\/svg\" width=\"24\" height=\"24\" viewBox=\"0 0 24 24\">\n\t<path class=\"is-rating-unfilled\" fill=\"currentColor\" stroke=\"currentColor\" d=\"M12,17.3l6.2,3.7l-1.6-7L22,9.2l-7.2-0.6L12,2L9.2,8.6L2,9.2L7.5,14l-1.6,7L12,17.3z\" \/>\n<\/svg>\n<\/span>\n<span>\n<svg xmlns=\"http:\/\/www.w3.org\/2000\/svg\" width=\"24\" height=\"24\" viewBox=\"0 0 24 24\">\n\t<path class=\"is-rating-unfilled\" fill=\"currentColor\" stroke=\"currentColor\" d=\"M12,17.3l6.2,3.7l-1.6-7L22,9.2l-7.2-0.6L12,2L9.2,8.6L2,9.2L7.5,14l-1.6,7L12,17.3z\" \/>\n<\/svg>\n<\/span><\/span><span style=\"display: none;\" itemprop=\"bestRating\" content=\"5\"><span>\n<svg xmlns=\"http:\/\/www.w3.org\/2000\/svg\" width=\"24\" height=\"24\" viewBox=\"0 0 24 24\">\n\t<path class=\"is-rating-unfilled\" fill=\"currentColor\" stroke=\"currentColor\" d=\"M12,17.3l6.2,3.7l-1.6-7L22,9.2l-7.2-0.6L12,2L9.2,8.6L2,9.2L7.5,14l-1.6,7L12,17.3z\" \/>\n<\/svg>\n<\/span>\n<span>\n<svg xmlns=\"http:\/\/www.w3.org\/2000\/svg\" width=\"24\" height=\"24\" viewBox=\"0 0 24 24\">\n\t<path class=\"is-rating-unfilled\" fill=\"currentColor\" stroke=\"currentColor\" d=\"M12,17.3l6.2,3.7l-1.6-7L22,9.2l-7.2-0.6L12,2L9.2,8.6L2,9.2L7.5,14l-1.6,7L12,17.3z\" \/>\n<\/svg>\n<\/span><\/span><span itemprop=\"ratingValue\" class=\"screen-reader-text\" content=\"2.5\">Note\u00a0: 2.5\u00a0sur 5.<\/span><\/div>\n\n\n<h2 class=\"has-vivid-green-cyan-color has-text-color wp-block-heading\">Mes challenges<\/h2>\n\n\n\n<p class=\"wp-block-paragraph\">Cette lecture m&rsquo;a permis de valider la cat\u00e9gorie 62 du <a href=\"https:\/\/serialectrice.com\/index.php\/mes-challenges-litteraires\/\">challenge annuel<\/a> : <strong>un livre qui n&rsquo;est pas pr\u00e9sent dans les albums du groupe<\/strong> de Linda (<a href=\"https:\/\/www.facebook.com\/groups\/707636122759664\">groupe de lecture Facebook<\/a>)<\/p>\n\n\n\n<p class=\"has-text-align-center wp-block-paragraph\"><em>Merci \u00e0 NetGalley et \u00e0 Amazon Publishing pour cette lecture.<\/em><\/p>\n","protected":false},"excerpt":{"rendered":"<p>Quatre mois apr\u00e8s l\u2019explosion du \u00ab Jardin \u00bb, o\u00f9 de tr\u00e8s jeunes femmes \u00e9taient s\u00e9questr\u00e9es, les agents du FBI Brandon Eddison, Victor Hanoverian et Mercedes Ramirez continuent de g\u00e9rer \u00ab l\u2019apr\u00e8s \u00bb et d\u2019aider les survivantes traumatis\u00e9es \u00e0 se reconstruire.<br \/>\nMais avec l\u2019hiver qui s\u2019ach\u00e8ve, une nouvelle \u00e9preuve attend les trois agents : comme \u00e0 chaque d\u00e9but de printemps depuis plus d\u2019une d\u00e9cennie, une jeune femme sera bient\u00f4t retrouv\u00e9e morte dans une \u00e9glise, la gorge tranch\u00e9e et son cadavre entour\u00e9 de fleurs.<\/p>\n","protected":false},"author":1,"featured_media":880,"comment_status":"open","ping_status":"open","sticky":false,"template":"","format":"standard","meta":{"_crdt_document":"","om_disable_all_campaigns":false,"_uag_custom_page_level_css":"","_monsterinsights_skip_tracking":false,"_monsterinsights_sitenote_active":false,"_monsterinsights_sitenote_note":"","_monsterinsights_sitenote_category":0,"_uf_show_specific_survey":0,"_uf_disable_surveys":false,"_jetpack_memberships_contains_paid_content":false,"footnotes":"","jetpack_publicize_message":"","jetpack_publicize_feature_enabled":true,"jetpack_social_post_already_shared":false,"jetpack_social_options":{"image_generator_settings":{"template":"highway","default_image_id":0,"font":"","enabled":false},"version":2}},"categories":[4,6,14],"tags":[23,12,9,25],"class_list":["post-879","post","type-post","status-publish","format-standard","has-post-thumbnail","hentry","category-challenge","category-livres-lus","category-service-presse","tag-enquete","tag-psychologie","tag-service-presse","tag-thriller"],"aioseo_notices":[],"jetpack_publicize_connections":[],"jetpack_featured_media_url":"https:\/\/serialectrice.com\/wp-content\/uploads\/2020\/11\/roses-de-printemps.jpg","uagb_featured_image_src":{"full":["https:\/\/serialectrice.com\/wp-content\/uploads\/2020\/11\/roses-de-printemps.jpg",219,330,false],"thumbnail":["https:\/\/serialectrice.com\/wp-content\/uploads\/2020\/11\/roses-de-printemps-100x150.jpg",100,150,true],"medium":["https:\/\/serialectrice.com\/wp-content\/uploads\/2020\/11\/roses-de-printemps-199x300.jpg",199,300,true],"medium_large":["https:\/\/serialectrice.com\/wp-content\/uploads\/2020\/11\/roses-de-printemps.jpg",219,330,false],"large":["https:\/\/serialectrice.com\/wp-content\/uploads\/2020\/11\/roses-de-printemps.jpg",219,330,false],"post-slider-thumb-size":["https:\/\/serialectrice.com\/wp-content\/uploads\/2020\/11\/roses-de-printemps.jpg",126,190,false],"post-category-slider-size":["https:\/\/serialectrice.com\/wp-content\/uploads\/2020\/11\/roses-de-printemps.jpg",219,330,false],"1536x1536":["https:\/\/serialectrice.com\/wp-content\/uploads\/2020\/11\/roses-de-printemps.jpg",219,330,false],"2048x2048":["https:\/\/serialectrice.com\/wp-content\/uploads\/2020\/11\/roses-de-printemps.jpg",219,330,false],"hello-fashion-slider":["https:\/\/serialectrice.com\/wp-content\/uploads\/2020\/11\/roses-de-printemps.jpg",219,330,false],"hello-fashion-blog-three":["https:\/\/serialectrice.com\/wp-content\/uploads\/2020\/11\/roses-de-printemps.jpg",219,330,false],"hello-fashion-blog-four":["https:\/\/serialectrice.com\/wp-content\/uploads\/2020\/11\/roses-de-printemps.jpg",219,330,false],"vilva-slider-one":["https:\/\/serialectrice.com\/wp-content\/uploads\/2020\/11\/roses-de-printemps.jpg",219,330,false],"vilva-featured-four":["https:\/\/serialectrice.com\/wp-content\/uploads\/2020\/11\/roses-de-printemps.jpg",219,330,false],"vilva-blog":["https:\/\/serialectrice.com\/wp-content\/uploads\/2020\/11\/roses-de-printemps.jpg",186,280,false],"vilva-blog-one":["https:\/\/serialectrice.com\/wp-content\/uploads\/2020\/11\/roses-de-printemps.jpg",219,330,false],"vilva-sidebar":["https:\/\/serialectrice.com\/wp-content\/uploads\/2020\/11\/roses-de-printemps.jpg",219,330,false]},"uagb_author_info":{"display_name":"SeriaLectrice","author_link":"https:\/\/serialectrice.com\/index.php\/author\/cilounegmail-com\/"},"uagb_comment_info":0,"uagb_excerpt":"Quatre mois apr\u00e8s l\u2019explosion du \u00ab Jardin \u00bb, o\u00f9 de tr\u00e8s jeunes femmes \u00e9taient s\u00e9questr\u00e9es, les agents du FBI Brandon Eddison, Victor Hanoverian et Mercedes Ramirez continuent de g\u00e9rer \u00ab l\u2019apr\u00e8s \u00bb et d\u2019aider les survivantes traumatis\u00e9es \u00e0 se reconstruire. Mais avec l\u2019hiver qui s\u2019ach\u00e8ve, une nouvelle \u00e9preuve attend les trois agents : comme \u00e0\u2026","jetpack_sharing_enabled":true,"jetpack_likes_enabled":true,"_links":{"self":[{"href":"https:\/\/serialectrice.com\/index.php\/wp-json\/wp\/v2\/posts\/879","targetHints":{"allow":["GET"]}}],"collection":[{"href":"https:\/\/serialectrice.com\/index.php\/wp-json\/wp\/v2\/posts"}],"about":[{"href":"https:\/\/serialectrice.com\/index.php\/wp-json\/wp\/v2\/types\/post"}],"author":[{"embeddable":true,"href":"https:\/\/serialectrice.com\/index.php\/wp-json\/wp\/v2\/users\/1"}],"replies":[{"embeddable":true,"href":"https:\/\/serialectrice.com\/index.php\/wp-json\/wp\/v2\/comments?post=879"}],"version-history":[{"count":0,"href":"https:\/\/serialectrice.com\/index.php\/wp-json\/wp\/v2\/posts\/879\/revisions"}],"wp:featuredmedia":[{"embeddable":true,"href":"https:\/\/serialectrice.com\/index.php\/wp-json\/wp\/v2\/media\/880"}],"wp:attachment":[{"href":"https:\/\/serialectrice.com\/index.php\/wp-json\/wp\/v2\/media?parent=879"}],"wp:term":[{"taxonomy":"category","embeddable":true,"href":"https:\/\/serialectrice.com\/index.php\/wp-json\/wp\/v2\/categories?post=879"},{"taxonomy":"post_tag","embeddable":true,"href":"https:\/\/serialectrice.com\/index.php\/wp-json\/wp\/v2\/tags?post=879"}],"curies":[{"name":"wp","href":"https:\/\/api.w.org\/{rel}","templated":true}]}}