{"id":736,"date":"2020-10-11T10:26:17","date_gmt":"2020-10-11T08:26:17","guid":{"rendered":"http:\/\/serialectrice.com\/?p=736"},"modified":"2020-10-17T22:47:33","modified_gmt":"2020-10-17T20:47:33","slug":"challenge-litteraire-du-mois-doctobre","status":"publish","type":"post","link":"https:\/\/serialectrice.com\/index.php\/2020\/10\/11\/challenge-litteraire-du-mois-doctobre\/","title":{"rendered":"Challenge litt\u00e9raire du mois d&rsquo;octobre"},"content":{"rendered":"\n<p class=\"wp-block-paragraph\">Comme tous les mois, Linda nous concocte un petit challenge mensuel sur le groupe Facebook <a href=\"https:\/\/www.facebook.com\/groups\/707636122759664\">La t\u00eate dans les livres.<\/a><\/p>\n\n\n\n<p class=\"wp-block-paragraph\">Pour relever le d\u00e9fi, j&rsquo;ai pour objectif de lire ces 4 livres durant le mois d&rsquo;octobre. Il faut savoir qu&rsquo;un livre peut valider plusieurs challenges, mais je n&rsquo;en ai pas trouv\u00e9 \ud83d\ude42<\/p>\n\n\n\n<div class=\"wp-block-image\"><figure class=\"aligncenter size-large\"><img loading=\"lazy\" decoding=\"async\" width=\"800\" height=\"800\" src=\"https:\/\/serialectrice.com\/wp-content\/uploads\/2020\/10\/defi-octobre.jpg\" alt=\"challenge octobre\" class=\"wp-image-737\" srcset=\"https:\/\/serialectrice.com\/wp-content\/uploads\/2020\/10\/defi-octobre.jpg 800w, https:\/\/serialectrice.com\/wp-content\/uploads\/2020\/10\/defi-octobre-300x300.jpg 300w, https:\/\/serialectrice.com\/wp-content\/uploads\/2020\/10\/defi-octobre-150x150.jpg 150w, https:\/\/serialectrice.com\/wp-content\/uploads\/2020\/10\/defi-octobre-768x768.jpg 768w, https:\/\/serialectrice.com\/wp-content\/uploads\/2020\/10\/defi-octobre-75x75.jpg 75w\" sizes=\"auto, (max-width: 800px) 100vw, 800px\" \/><\/figure><\/div>\n\n\n\n<p class=\"has-text-align-center wp-block-paragraph\"><em>Cliquez sur la couverture pour \u00eatre redirig\u00e9 vers la critique du livre s&rsquo;il a \u00e9t\u00e9 lu.<\/em><\/p>\n\n\n\n<h3 class=\"wp-block-heading\">Un titre qui comprend un nom commun qui se finit par -bre.<\/h3>\n\n\n\n<div class=\"wp-block-image\"><figure class=\"aligncenter size-large\"><img loading=\"lazy\" decoding=\"async\" width=\"250\" height=\"404\" src=\"https:\/\/serialectrice.com\/wp-content\/uploads\/2020\/10\/Comme-une-ombre_8392.jpg\" alt=\"comme une ombre\" class=\"wp-image-738\" srcset=\"https:\/\/serialectrice.com\/wp-content\/uploads\/2020\/10\/Comme-une-ombre_8392.jpg 250w, https:\/\/serialectrice.com\/wp-content\/uploads\/2020\/10\/Comme-une-ombre_8392-186x300.jpg 186w, https:\/\/serialectrice.com\/wp-content\/uploads\/2020\/10\/Comme-une-ombre_8392-93x150.jpg 93w\" sizes=\"auto, (max-width: 250px) 100vw, 250px\" \/><figcaption>Comme une ombre de Pascale et Gilles Legardinier<\/figcaption><\/figure><\/div>\n\n\n\n<h3 class=\"wp-block-heading\">Un auteur dont le nom ou pr\u00e9nom est compos\u00e9 de 2 \u00ab\u00a0O\u00a0\u00bb<\/h3>\n\n\n\n<div class=\"wp-block-image\"><figure class=\"aligncenter size-large is-resized\"><img loading=\"lazy\" decoding=\"async\" src=\"https:\/\/serialectrice.com\/wp-content\/uploads\/2020\/10\/blanche.jpg\" alt=\"blanche biasotto\" class=\"wp-image-739\" width=\"271\" height=\"434\" srcset=\"https:\/\/serialectrice.com\/wp-content\/uploads\/2020\/10\/blanche.jpg 195w, https:\/\/serialectrice.com\/wp-content\/uploads\/2020\/10\/blanche-188x300.jpg 188w, https:\/\/serialectrice.com\/wp-content\/uploads\/2020\/10\/blanche-94x150.jpg 94w\" sizes=\"auto, (max-width: 271px) 100vw, 271px\" \/><figcaption>Blanche de Matthieu Biasotto<\/figcaption><\/figure><\/div>\n\n\n\n<h3 class=\"wp-block-heading\">Une couverture qui comporte de l&rsquo;orange<\/h3>\n\n\n\n<div class=\"wp-block-image\"><figure class=\"aligncenter size-large\"><a href=\"https:\/\/serialectrice.com\/index.php\/2020\/10\/07\/la-fractale-des-raviolis-de-pierre-raufast\/\"><img loading=\"lazy\" decoding=\"async\" width=\"303\" height=\"486\" src=\"https:\/\/serialectrice.com\/wp-content\/uploads\/2020\/10\/CVT_La-fractale-des-raviolis_8165.jpeg\" alt=\"fractale des raviolis\" class=\"wp-image-722\" srcset=\"https:\/\/serialectrice.com\/wp-content\/uploads\/2020\/10\/CVT_La-fractale-des-raviolis_8165.jpeg 303w, https:\/\/serialectrice.com\/wp-content\/uploads\/2020\/10\/CVT_La-fractale-des-raviolis_8165-187x300.jpeg 187w, https:\/\/serialectrice.com\/wp-content\/uploads\/2020\/10\/CVT_La-fractale-des-raviolis_8165-94x150.jpeg 94w\" sizes=\"auto, (max-width: 303px) 100vw, 303px\" \/><\/a><figcaption>La fractale des raviolis de Pierre Raufast<\/figcaption><\/figure><\/div>\n\n\n\n<h3 class=\"wp-block-heading\">Une quatri\u00e8me avec le mot \u00ab\u00a0mort\u00a0\u00bb<\/h3>\n\n\n\n<div class=\"wp-block-image\"><figure class=\"aligncenter size-large is-resized\"><img loading=\"lazy\" decoding=\"async\" src=\"https:\/\/serialectrice.com\/wp-content\/uploads\/2020\/10\/moira-2.jpg\" alt=\"La Moira 2 la guerre des loups\" class=\"wp-image-740\" width=\"305\" height=\"498\" srcset=\"https:\/\/serialectrice.com\/wp-content\/uploads\/2020\/10\/moira-2.jpg 210w, https:\/\/serialectrice.com\/wp-content\/uploads\/2020\/10\/moira-2-184x300.jpg 184w, https:\/\/serialectrice.com\/wp-content\/uploads\/2020\/10\/moira-2-92x150.jpg 92w\" sizes=\"auto, (max-width: 305px) 100vw, 305px\" \/><figcaption>La Mo\u00efra 2 : la guerre des loups de Henri Loevenbruck<\/figcaption><\/figure><\/div>\n","protected":false},"excerpt":{"rendered":"<p>Comme tous les mois, Linda nous concocte un petit challenge mensuel sur le groupe Facebook La t\u00eate dans les livres.<\/p>\n<p>Pour relever le d\u00e9fi, j&rsquo;ai pour objectif de lire ces 4 livres durant le mois d&rsquo;octobre. Il faut savoir qu&rsquo;un livre peut valider plusieurs challenges, mais je n&rsquo;en ai pas trouv\u00e9 \ud83d\ude42<\/p>\n","protected":false},"author":1,"featured_media":770,"comment_status":"open","ping_status":"open","sticky":false,"template":"","format":"standard","meta":{"_crdt_document":"","om_disable_all_campaigns":false,"_uag_custom_page_level_css":"","_monsterinsights_skip_tracking":false,"_monsterinsights_sitenote_active":false,"_monsterinsights_sitenote_note":"","_monsterinsights_sitenote_category":0,"_uf_show_specific_survey":0,"_uf_disable_surveys":false,"_jetpack_memberships_contains_paid_content":false,"footnotes":"","jetpack_publicize_message":"","jetpack_publicize_feature_enabled":true,"jetpack_social_post_already_shared":false,"jetpack_social_options":{"image_generator_settings":{"template":"highway","default_image_id":0,"font":"","enabled":false},"version":2}},"categories":[4],"tags":[8],"class_list":["post-736","post","type-post","status-publish","format-standard","has-post-thumbnail","hentry","category-challenge","tag-challenge"],"aioseo_notices":[],"jetpack_publicize_connections":[],"jetpack_featured_media_url":"https:\/\/serialectrice.com\/wp-content\/uploads\/2020\/10\/defi-octobre-1.jpg","uagb_featured_image_src":{"full":["https:\/\/serialectrice.com\/wp-content\/uploads\/2020\/10\/defi-octobre-1.jpg",330,330,false],"thumbnail":["https:\/\/serialectrice.com\/wp-content\/uploads\/2020\/10\/defi-octobre-1-150x150.jpg",150,150,true],"medium":["https:\/\/serialectrice.com\/wp-content\/uploads\/2020\/10\/defi-octobre-1-300x300.jpg",300,300,true],"medium_large":["https:\/\/serialectrice.com\/wp-content\/uploads\/2020\/10\/defi-octobre-1.jpg",330,330,false],"large":["https:\/\/serialectrice.com\/wp-content\/uploads\/2020\/10\/defi-octobre-1.jpg",330,330,false],"post-slider-thumb-size":["https:\/\/serialectrice.com\/wp-content\/uploads\/2020\/10\/defi-octobre-1.jpg",190,190,false],"post-category-slider-size":["https:\/\/serialectrice.com\/wp-content\/uploads\/2020\/10\/defi-octobre-1.jpg",330,330,false],"1536x1536":["https:\/\/serialectrice.com\/wp-content\/uploads\/2020\/10\/defi-octobre-1.jpg",330,330,false],"2048x2048":["https:\/\/serialectrice.com\/wp-content\/uploads\/2020\/10\/defi-octobre-1.jpg",330,330,false],"hello-fashion-slider":["https:\/\/serialectrice.com\/wp-content\/uploads\/2020\/10\/defi-octobre-1.jpg",330,330,false],"hello-fashion-blog-three":["https:\/\/serialectrice.com\/wp-content\/uploads\/2020\/10\/defi-octobre-1.jpg",330,330,false],"hello-fashion-blog-four":["https:\/\/serialectrice.com\/wp-content\/uploads\/2020\/10\/defi-octobre-1.jpg",330,330,false],"vilva-slider-one":["https:\/\/serialectrice.com\/wp-content\/uploads\/2020\/10\/defi-octobre-1.jpg",330,330,false],"vilva-featured-four":["https:\/\/serialectrice.com\/wp-content\/uploads\/2020\/10\/defi-octobre-1.jpg",330,330,false],"vilva-blog":["https:\/\/serialectrice.com\/wp-content\/uploads\/2020\/10\/defi-octobre-1.jpg",280,280,false],"vilva-blog-one":["https:\/\/serialectrice.com\/wp-content\/uploads\/2020\/10\/defi-octobre-1.jpg",330,330,false],"vilva-sidebar":["https:\/\/serialectrice.com\/wp-content\/uploads\/2020\/10\/defi-octobre-1.jpg",330,330,false]},"uagb_author_info":{"display_name":"SeriaLectrice","author_link":"https:\/\/serialectrice.com\/index.php\/author\/cilounegmail-com\/"},"uagb_comment_info":3,"uagb_excerpt":"Comme tous les mois, Linda nous concocte un petit challenge mensuel sur le groupe Facebook La t\u00eate dans les livres. Pour relever le d\u00e9fi, j'ai pour objectif de lire ces 4 livres durant le mois d'octobre. Il faut savoir qu'un livre peut valider plusieurs challenges, mais je n'en ai pas trouv\u00e9 :)","jetpack_sharing_enabled":true,"jetpack_likes_enabled":true,"_links":{"self":[{"href":"https:\/\/serialectrice.com\/index.php\/wp-json\/wp\/v2\/posts\/736","targetHints":{"allow":["GET"]}}],"collection":[{"href":"https:\/\/serialectrice.com\/index.php\/wp-json\/wp\/v2\/posts"}],"about":[{"href":"https:\/\/serialectrice.com\/index.php\/wp-json\/wp\/v2\/types\/post"}],"author":[{"embeddable":true,"href":"https:\/\/serialectrice.com\/index.php\/wp-json\/wp\/v2\/users\/1"}],"replies":[{"embeddable":true,"href":"https:\/\/serialectrice.com\/index.php\/wp-json\/wp\/v2\/comments?post=736"}],"version-history":[{"count":0,"href":"https:\/\/serialectrice.com\/index.php\/wp-json\/wp\/v2\/posts\/736\/revisions"}],"wp:featuredmedia":[{"embeddable":true,"href":"https:\/\/serialectrice.com\/index.php\/wp-json\/wp\/v2\/media\/770"}],"wp:attachment":[{"href":"https:\/\/serialectrice.com\/index.php\/wp-json\/wp\/v2\/media?parent=736"}],"wp:term":[{"taxonomy":"category","embeddable":true,"href":"https:\/\/serialectrice.com\/index.php\/wp-json\/wp\/v2\/categories?post=736"},{"taxonomy":"post_tag","embeddable":true,"href":"https:\/\/serialectrice.com\/index.php\/wp-json\/wp\/v2\/tags?post=736"}],"curies":[{"name":"wp","href":"https:\/\/api.w.org\/{rel}","templated":true}]}}