{"id":6652,"date":"2025-09-21T18:00:00","date_gmt":"2025-09-21T17:00:00","guid":{"rendered":"https:\/\/serialectrice.com\/?p=6652"},"modified":"2025-09-22T17:41:26","modified_gmt":"2025-09-22T16:41:26","slug":"les-derniers-jours-de-l-apesanteur","status":"publish","type":"post","link":"https:\/\/serialectrice.com\/index.php\/2025\/09\/21\/les-derniers-jours-de-l-apesanteur\/","title":{"rendered":"Les derniers jours de l&rsquo;apesanteur _ Fabrice Caro"},"content":{"rendered":"\n<h2 class=\"wp-block-heading has-vivid-green-cyan-color has-text-color has-link-color wp-elements-5c7d3f6bb369d22af630f843c0bdfefc\">R\u00e9sum\u00e9<\/h2>\n\n\n\n<p class=\"wp-block-paragraph\" style=\"font-size:19px\">L&rsquo;ann\u00e9e du Bac, la meilleure p\u00e9riode de notre vie en m\u00eame temps que la pire. \u00ab\u00a0Je m&rsquo;\u00e9tais fa\u00e7onn\u00e9 un faux moi int\u00e9gralement taill\u00e9 pour lui plaire. Elle avait ador\u00e9 Le cercle des po\u00e8tes disparus ? C&rsquo;est dingue, c&rsquo;\u00e9tait mon film culte. Elle aimait Sting et surtout son dernier album en date &#8230; Nothing Like the Sun ? Je v\u00e9n\u00e9rais cet album, de mani\u00e8re inconditionnelle. Elle admirait le chanteur pour son implication dans la d\u00e9fense de la for\u00eat amazonienne aux c\u00f4t\u00e9s du chef Raoni ? J&rsquo;\u00e9tais \u00e0 deux doigts de venir au lyc\u00e9e le lendemain avec un plateau de terre cuite coinc\u00e9 dans la l\u00e8vre inf\u00e9rieure&#8230;\u00a0\u00bb Jonglant avec l&rsquo;euphorie et la f\u00e9brilit\u00e9 de nos dix-huit ans, Fabrice Caro livre la chronique drolatique d&rsquo;une ann\u00e9e de terminale \u00e0 la fin des ann\u00e9es 80.<a href=\"https:\/\/www.amazon.fr\/derniers-jours-lapesanteur-Fabrice-Caro\/dp\/2073121497\/ref=sr_1_1?crid=2W6RV6WKM08NM&amp;dib=eyJ2IjoiMSJ9.YUCEq1Ryp3KR9fz2im7WQp-kPaYWzdX1a4aJeWhIuhfv2yz23khvf17VTZNBMUzH._dA-6pipJJ1x_BEn83ZNnVtSYr4eWXmis3px5Q-sGyU&amp;dib_tag=se&amp;keywords=les+derniers+jours+de+l%27apesanteur&amp;qid=1758296446&amp;sprefix=les+dernier%2Caps%2C120&amp;sr=8-1#\"><\/a><\/p>\n\n\n\n<h2 class=\"wp-block-heading has-vivid-green-cyan-color has-text-color has-link-color wp-elements-f23c8b2a16e312961195b63e6e32e882\">Mon ressenti<\/h2>\n\n\n\n<p class=\"has-medium-font-size wp-block-paragraph\">Dans Les derniers jours de l\u2019apesanteur, nous plongeons dans la fin des ann\u00e9es 80. Nous y suivons Daniel, lyc\u00e9en en terminale, qui vit ses derniers mois avant le bac. Entre petites amourettes, copains ins\u00e9parables et questionnements adolescents, le roman d\u00e9roule une succession de sc\u00e8nes tant\u00f4t dr\u00f4les, tant\u00f4t nostalgiques. L&rsquo;auteur met ainsi en avant les derniers instants d\u2019insouciance avant le grand saut vers l\u2019\u00e2ge adulte.<\/p>\n\n\n\n<p class=\"has-medium-font-size wp-block-paragraph\">Si certains passages m\u2019ont fait \u00e9clater de rire, j\u2019ai trouv\u00e9 que l\u2019humour, pourtant marque de fabrique de l\u2019auteur, \u00e9tait moins efficace que dans ses pr\u00e9c\u00e9dents romans. L\u2019effet de surprise s\u2019estompe et le r\u00e9cit m\u2019a sembl\u00e9 parfois un peu m\u00e9canique. Je regrette que certains personnages comme B\u00e9atrice ou Muriel Moyne n\u2019aient pas \u00e9t\u00e9 plus d\u00e9velopp\u00e9s. J&rsquo;ai donc trouv\u00e9 que le roman manquait parfois de profondeur.<\/p>\n\n\n\n<p class=\"has-medium-font-size wp-block-paragraph\">Malgr\u00e9 tout, la plume de Fabrice Caro conserve cette l\u00e9g\u00e8ret\u00e9 et cette ironie qui font sourire. Entre rires et nostalgie, ce roman se lit rapidement et offre une plong\u00e9e agr\u00e9able dans une adolescence universelle. <\/p>\n\n\n\n<p class=\"has-text-align-center has-medium-font-size wp-block-paragraph\"><em>Les derniers jours de l&rsquo;apesanteur est une lecture sympa, mais pas un coup de c\u0153ur, surtout quand on conna\u00eet d\u00e9j\u00e0 les p\u00e9pites pr\u00e9c\u00e9dentes de l\u2019auteur.<\/em><\/p>\n\n\n<div class=\"wp-block-jetpack-rating-star\" style=\"text-align:center\" itemprop=\"reviewRating\" itemscope itemtype=\"http:\/\/schema.org\/Rating\"><p><span aria-hidden=\"true\">\u2b50<\/span><span aria-hidden=\"true\">\u2b50<\/span><span aria-hidden=\"true\">\u2b50<\/span><\/p><span style=\"display: none;\" itemprop=\"worstRating\" content=\"0.5\"><span>\n<svg xmlns=\"http:\/\/www.w3.org\/2000\/svg\" width=\"24\" height=\"24\" viewBox=\"0 0 24 24\">\n\t<path class=\"\" fill=\"currentColor\" stroke=\"currentColor\" d=\"M12,17.3l6.2,3.7l-1.6-7L22,9.2l-7.2-0.6L12,2L9.2,8.6L2,9.2L7.5,14l-1.6,7L12,17.3z\" \/>\n<\/svg>\n<\/span>\n<span>\n<svg xmlns=\"http:\/\/www.w3.org\/2000\/svg\" width=\"24\" height=\"24\" viewBox=\"0 0 24 24\">\n\t<path class=\"\" fill=\"currentColor\" stroke=\"currentColor\" d=\"M12,17.3l6.2,3.7l-1.6-7L22,9.2l-7.2-0.6L12,2L9.2,8.6L2,9.2L7.5,14l-1.6,7L12,17.3z\" \/>\n<\/svg>\n<\/span><\/span><span style=\"display: none;\" ><span>\n<svg xmlns=\"http:\/\/www.w3.org\/2000\/svg\" width=\"24\" height=\"24\" viewBox=\"0 0 24 24\">\n\t<path class=\"\" fill=\"currentColor\" stroke=\"currentColor\" d=\"M12,17.3l6.2,3.7l-1.6-7L22,9.2l-7.2-0.6L12,2L9.2,8.6L2,9.2L7.5,14l-1.6,7L12,17.3z\" \/>\n<\/svg>\n<\/span>\n<span>\n<svg xmlns=\"http:\/\/www.w3.org\/2000\/svg\" width=\"24\" height=\"24\" viewBox=\"0 0 24 24\">\n\t<path class=\"\" fill=\"currentColor\" stroke=\"currentColor\" d=\"M12,17.3l6.2,3.7l-1.6-7L22,9.2l-7.2-0.6L12,2L9.2,8.6L2,9.2L7.5,14l-1.6,7L12,17.3z\" \/>\n<\/svg>\n<\/span><\/span><span style=\"display: none;\" ><span>\n<svg xmlns=\"http:\/\/www.w3.org\/2000\/svg\" width=\"24\" height=\"24\" viewBox=\"0 0 24 24\">\n\t<path class=\"\" fill=\"currentColor\" stroke=\"currentColor\" d=\"M12,17.3l6.2,3.7l-1.6-7L22,9.2l-7.2-0.6L12,2L9.2,8.6L2,9.2L7.5,14l-1.6,7L12,17.3z\" \/>\n<\/svg>\n<\/span>\n<span>\n<svg xmlns=\"http:\/\/www.w3.org\/2000\/svg\" width=\"24\" height=\"24\" viewBox=\"0 0 24 24\">\n\t<path class=\"\" fill=\"currentColor\" stroke=\"currentColor\" d=\"M12,17.3l6.2,3.7l-1.6-7L22,9.2l-7.2-0.6L12,2L9.2,8.6L2,9.2L7.5,14l-1.6,7L12,17.3z\" \/>\n<\/svg>\n<\/span><\/span><span style=\"display: none;\" ><span>\n<svg xmlns=\"http:\/\/www.w3.org\/2000\/svg\" width=\"24\" height=\"24\" viewBox=\"0 0 24 24\">\n\t<path class=\"is-rating-unfilled\" fill=\"currentColor\" stroke=\"currentColor\" d=\"M12,17.3l6.2,3.7l-1.6-7L22,9.2l-7.2-0.6L12,2L9.2,8.6L2,9.2L7.5,14l-1.6,7L12,17.3z\" \/>\n<\/svg>\n<\/span>\n<span>\n<svg xmlns=\"http:\/\/www.w3.org\/2000\/svg\" width=\"24\" height=\"24\" viewBox=\"0 0 24 24\">\n\t<path class=\"is-rating-unfilled\" fill=\"currentColor\" stroke=\"currentColor\" d=\"M12,17.3l6.2,3.7l-1.6-7L22,9.2l-7.2-0.6L12,2L9.2,8.6L2,9.2L7.5,14l-1.6,7L12,17.3z\" \/>\n<\/svg>\n<\/span><\/span><span style=\"display: none;\" itemprop=\"bestRating\" content=\"5\"><span>\n<svg xmlns=\"http:\/\/www.w3.org\/2000\/svg\" width=\"24\" height=\"24\" viewBox=\"0 0 24 24\">\n\t<path class=\"is-rating-unfilled\" fill=\"currentColor\" stroke=\"currentColor\" d=\"M12,17.3l6.2,3.7l-1.6-7L22,9.2l-7.2-0.6L12,2L9.2,8.6L2,9.2L7.5,14l-1.6,7L12,17.3z\" \/>\n<\/svg>\n<\/span>\n<span>\n<svg xmlns=\"http:\/\/www.w3.org\/2000\/svg\" width=\"24\" height=\"24\" viewBox=\"0 0 24 24\">\n\t<path class=\"is-rating-unfilled\" fill=\"currentColor\" stroke=\"currentColor\" d=\"M12,17.3l6.2,3.7l-1.6-7L22,9.2l-7.2-0.6L12,2L9.2,8.6L2,9.2L7.5,14l-1.6,7L12,17.3z\" \/>\n<\/svg>\n<\/span><\/span><span itemprop=\"ratingValue\" class=\"screen-reader-text\" content=\"3\">Note\u00a0: 3\u00a0sur 5.<\/span><\/div>\n\n\n<p class=\"has-text-align-center has-small-font-size wp-block-paragraph\">Merci aux Editions Gallimard pour l&rsquo;envoi de ce Service de Presse.<\/p>\n\n\n\n<p class=\"wp-block-paragraph\">Vous voulez d\u00e9couvrir la plume de cet auteur. Je vous conseille fortement <a href=\"https:\/\/amzn.to\/3VUt5zg\">Samoura\u00ef <\/a>(lien affili\u00e9)<\/p>\n\n\n<div class=\"wp-block-image\">\n<figure class=\"aligncenter size-large is-resized\"><img loading=\"lazy\" decoding=\"async\" width=\"622\" height=\"1024\" src=\"https:\/\/serialectrice.com\/wp-content\/uploads\/2025\/09\/71YC36KstL._SL1500_-622x1024.jpg\" alt=\"\" class=\"wp-image-6653\" style=\"aspect-ratio:0.6073341015386701;width:134px;height:auto\" srcset=\"https:\/\/serialectrice.com\/wp-content\/uploads\/2025\/09\/71YC36KstL._SL1500_-622x1024.jpg 622w, https:\/\/serialectrice.com\/wp-content\/uploads\/2025\/09\/71YC36KstL._SL1500_-182x300.jpg 182w, https:\/\/serialectrice.com\/wp-content\/uploads\/2025\/09\/71YC36KstL._SL1500_-768x1265.jpg 768w, https:\/\/serialectrice.com\/wp-content\/uploads\/2025\/09\/71YC36KstL._SL1500_.jpg 911w\" sizes=\"auto, (max-width: 622px) 100vw, 622px\" \/><\/figure>\n<\/div>\n\n\n<p class=\"wp-block-paragraph\"><\/p>\n","protected":false},"excerpt":{"rendered":"<p>Retour dans les ann\u00e9es 80 avec Fabrice Caro : rires, nostalgie\u2026<\/p>\n","protected":false},"author":1,"featured_media":6655,"comment_status":"open","ping_status":"open","sticky":false,"template":"","format":"standard","meta":{"_crdt_document":"","om_disable_all_campaigns":false,"_uag_custom_page_level_css":"","_monsterinsights_skip_tracking":false,"_monsterinsights_sitenote_active":false,"_monsterinsights_sitenote_note":"","_monsterinsights_sitenote_category":0,"_uf_show_specific_survey":0,"_uf_disable_surveys":false,"_jetpack_memberships_contains_paid_content":false,"footnotes":"","jetpack_publicize_message":"Les derniers jours de l'apesanteur de Fabrice Caro. \n\nRetour dans les ann\u00e9es 80 avec Fabrice Caro : rires, nostalgie\u2026","jetpack_publicize_feature_enabled":true,"jetpack_social_post_already_shared":false,"jetpack_social_options":{"image_generator_settings":{"template":"highway","default_image_id":0,"font":"","enabled":false},"version":2}},"categories":[6,14],"tags":[603,19],"class_list":["post-6652","post","type-post","status-publish","format-standard","has-post-thumbnail","hentry","category-livres-lus","category-service-presse","tag-fabrice-caro","tag-humour"],"aioseo_notices":[],"jetpack_publicize_connections":[],"jetpack_featured_media_url":"https:\/\/serialectrice.com\/wp-content\/uploads\/2025\/09\/ABANDON-1.png","uagb_featured_image_src":{"full":["https:\/\/serialectrice.com\/wp-content\/uploads\/2025\/09\/ABANDON-1.png",1080,1350,false],"thumbnail":["https:\/\/serialectrice.com\/wp-content\/uploads\/2025\/09\/ABANDON-1-572x331.png",572,331,true],"medium":["https:\/\/serialectrice.com\/wp-content\/uploads\/2025\/09\/ABANDON-1-240x300.png",240,300,true],"medium_large":["https:\/\/serialectrice.com\/wp-content\/uploads\/2025\/09\/ABANDON-1-768x960.png",768,960,true],"large":["https:\/\/serialectrice.com\/wp-content\/uploads\/2025\/09\/ABANDON-1-819x1024.png",819,1024,true],"post-slider-thumb-size":["https:\/\/serialectrice.com\/wp-content\/uploads\/2025\/09\/ABANDON-1-330x190.png",330,190,true],"post-category-slider-size":["https:\/\/serialectrice.com\/wp-content\/uploads\/2025\/09\/ABANDON-1-330x350.png",330,350,true],"1536x1536":["https:\/\/serialectrice.com\/wp-content\/uploads\/2025\/09\/ABANDON-1.png",1080,1350,false],"2048x2048":["https:\/\/serialectrice.com\/wp-content\/uploads\/2025\/09\/ABANDON-1.png",1080,1350,false],"hello-fashion-slider":["https:\/\/serialectrice.com\/wp-content\/uploads\/2025\/09\/ABANDON-1-480x600.png",480,600,true],"hello-fashion-blog-three":["https:\/\/serialectrice.com\/wp-content\/uploads\/2025\/09\/ABANDON-1-420x502.png",420,502,true],"hello-fashion-blog-four":["https:\/\/serialectrice.com\/wp-content\/uploads\/2025\/09\/ABANDON-1-573x685.png",573,685,true],"vilva-slider-one":["https:\/\/serialectrice.com\/wp-content\/uploads\/2025\/09\/ABANDON-1-1080x600.png",1080,600,true],"vilva-featured-four":["https:\/\/serialectrice.com\/wp-content\/uploads\/2025\/09\/ABANDON-1-800x530.png",800,530,true],"vilva-blog":["https:\/\/serialectrice.com\/wp-content\/uploads\/2025\/09\/ABANDON-1-420x280.png",420,280,true],"vilva-blog-one":["https:\/\/serialectrice.com\/wp-content\/uploads\/2025\/09\/ABANDON-1-900x500.png",900,500,true],"vilva-sidebar":["https:\/\/serialectrice.com\/wp-content\/uploads\/2025\/09\/ABANDON-1-840x473.png",840,473,true]},"uagb_author_info":{"display_name":"SeriaLectrice","author_link":"https:\/\/serialectrice.com\/index.php\/author\/cilounegmail-com\/"},"uagb_comment_info":1,"uagb_excerpt":"Retour dans les ann\u00e9es 80 avec Fabrice Caro : rires, nostalgie\u2026","jetpack_sharing_enabled":true,"jetpack_likes_enabled":true,"_links":{"self":[{"href":"https:\/\/serialectrice.com\/index.php\/wp-json\/wp\/v2\/posts\/6652","targetHints":{"allow":["GET"]}}],"collection":[{"href":"https:\/\/serialectrice.com\/index.php\/wp-json\/wp\/v2\/posts"}],"about":[{"href":"https:\/\/serialectrice.com\/index.php\/wp-json\/wp\/v2\/types\/post"}],"author":[{"embeddable":true,"href":"https:\/\/serialectrice.com\/index.php\/wp-json\/wp\/v2\/users\/1"}],"replies":[{"embeddable":true,"href":"https:\/\/serialectrice.com\/index.php\/wp-json\/wp\/v2\/comments?post=6652"}],"version-history":[{"count":2,"href":"https:\/\/serialectrice.com\/index.php\/wp-json\/wp\/v2\/posts\/6652\/revisions"}],"predecessor-version":[{"id":6656,"href":"https:\/\/serialectrice.com\/index.php\/wp-json\/wp\/v2\/posts\/6652\/revisions\/6656"}],"wp:featuredmedia":[{"embeddable":true,"href":"https:\/\/serialectrice.com\/index.php\/wp-json\/wp\/v2\/media\/6655"}],"wp:attachment":[{"href":"https:\/\/serialectrice.com\/index.php\/wp-json\/wp\/v2\/media?parent=6652"}],"wp:term":[{"taxonomy":"category","embeddable":true,"href":"https:\/\/serialectrice.com\/index.php\/wp-json\/wp\/v2\/categories?post=6652"},{"taxonomy":"post_tag","embeddable":true,"href":"https:\/\/serialectrice.com\/index.php\/wp-json\/wp\/v2\/tags?post=6652"}],"curies":[{"name":"wp","href":"https:\/\/api.w.org\/{rel}","templated":true}]}}