{"id":6626,"date":"2025-09-09T18:00:00","date_gmt":"2025-09-09T17:00:00","guid":{"rendered":"https:\/\/serialectrice.com\/?p=6626"},"modified":"2025-09-08T19:30:41","modified_gmt":"2025-09-08T18:30:41","slug":"sous-le-marbre-la-revolte","status":"publish","type":"post","link":"https:\/\/serialectrice.com\/index.php\/2025\/09\/09\/sous-le-marbre-la-revolte\/","title":{"rendered":"Sous le marbre, la r\u00e9volte _ Juliette Galliani"},"content":{"rendered":"\n<h2 class=\"wp-block-heading has-vivid-green-cyan-color has-text-color has-link-color wp-elements-5c7d3f6bb369d22af630f843c0bdfefc\">R\u00e9sum\u00e9<\/h2>\n\n\n\n<p class=\"wp-block-paragraph\" style=\"font-size:19px\">1955, Madrid. Apr\u00e8s les tragiques \u00e9v\u00e9nements qui ont boulevers\u00e9 la famille Bellamy l&rsquo;\u00e9t\u00e9 pr\u00e9c\u00e9dent, Gabrielle a quitt\u00e9 Lyon pour Madrid. Employ\u00e9e au mus\u00e9e Gloria Mundi, elle est charg\u00e9e de partir sur les traces d&rsquo;un c\u00e9l\u00e8bre sculpteur pour l&rsquo;exposition d&rsquo;\u00e9t\u00e9.<br>Alors qu&rsquo;il ne semble avoir laiss\u00e9 derri\u00e8re lui que poussi\u00e8res et questions sans r\u00e9ponse, Gabrielle est entra\u00een\u00e9e dans les pr\u00e9mices de la r\u00e9bellion contre le r\u00e9gime franquiste.<br>Journal clandestin, ambitions personnelles et introspection se m\u00ealent, fissurant peu \u00e0 peu le marbre sous lequel la r\u00e9volte s&rsquo;\u00e9veille.<\/p>\n\n\n\n<h2 class=\"wp-block-heading has-vivid-green-cyan-color has-text-color has-link-color wp-elements-f23c8b2a16e312961195b63e6e32e882\">Mon ressenti<\/h2>\n\n\n\n<p class=\"has-medium-font-size wp-block-paragraph\">Apr\u00e8s <a href=\"https:\/\/serialectrice.com\/index.php\/2025\/02\/08\/nuit-d-orage-a-hauterives\/\">Nuit d\u2019orage \u00e0 Hauterives<\/a>, j\u2019\u00e9tais impatiente de retrouver Gabrielle. Et me voil\u00e0 plong\u00e9e cette fois dans le Madrid des ann\u00e9es 1950, alors en pleine dictature franquiste. En effet, apr\u00e8s les \u00e9preuves travers\u00e9es \u00e0 Lyon, Gabrielle choisit de quitter la France pour souffler un peu et poser ses valises \u00e0 Madrid. Elle pensait y trouver du calme, mais tr\u00e8s vite, son travail dans un mus\u00e9e l\u2019entra\u00eene au c\u0153ur d\u2019une Espagne o\u00f9 l\u2019art lui-m\u00eame devient contestation. Et \u00e0 ses c\u00f4t\u00e9s, un vent de r\u00e9bellion se l\u00e8ve, port\u00e9 par des jeunes pr\u00eats \u00e0 risquer leur vie pour leurs id\u00e9es.<br><br>J\u2019ai ador\u00e9 suivre Gabrielle dans ce d\u00e9cor si diff\u00e9rent. Elle \u00e9tait discr\u00e8te et un peu effac\u00e9e dans le premier tome. Ici, au contraire, elle s\u2019affirme et se r\u00e9v\u00e8le. C&rsquo;est une belle \u00e9volution. Les personnages secondaires, eux aussi, sont marquants : courageux, libres, r\u00e9volt\u00e9s, ils incarnent la soif de justice et de v\u00e9rit\u00e9 d\u2019une g\u00e9n\u00e9ration musel\u00e9e. Ce roman rend hommage \u00e0 celles et ceux qui ont os\u00e9 s\u2019opposer \u00e0 Franco, parfois simplement avec un pinceau ou une plume. Ici, l&rsquo;art ne sert pas seulement \u00e0 embellir ou d\u00e9corer : il porte un message, il revendique, il bouscule. Gr\u00e2ce au mus\u00e9e imagin\u00e9 par Juliette Galliani, on comprend que l\u2019art peut \u00eatre un acte de courage.<br><br>L\u2019\u00e9criture de Juliette Galliani m\u2019a une nouvelle fois s\u00e9duite. Sa plume est fluide, immersive, presque po\u00e9tique. Elle fait voyager dans les rues br\u00fblantes de Madrid, dans l\u2019ambiance feutr\u00e9e des caf\u00e9s et dans la moiteur des mus\u00e9es. L\u2019autrice parvient ainsi \u00e0 m\u00ealer histoire, art et \u00e9motion avec beaucoup d\u2019\u00e9l\u00e9gance.<br>En tournant la derni\u00e8re page, je me suis surprise \u00e0 vouloir creuser davantage cette \u00e9poque que je ne connais que trop peu. J&rsquo;aimerais ainsi savoir ce qui se cachait derri\u00e8re ces ann\u00e9es sombres et ces voix qui, malgr\u00e9 la peur, avaient choisi de se lever. <\/p>\n\n\n\n<p class=\"has-text-align-center has-medium-font-size wp-block-paragraph\"><em>Un roman historique passionnant, \u00e0 la fois instructif et profond\u00e9ment humain, qui confirme le talent de Juliette Galliani.<\/em><\/p>\n\n\n<div class=\"wp-block-jetpack-rating-star\" style=\"text-align:center\" itemprop=\"reviewRating\" itemscope itemtype=\"http:\/\/schema.org\/Rating\"><p><span aria-hidden=\"true\">\u2b50<\/span><span aria-hidden=\"true\">\u2b50<\/span><span aria-hidden=\"true\">\u2b50<\/span><span aria-hidden=\"true\">\u2b50<\/span><\/p><span style=\"display: none;\" itemprop=\"worstRating\" content=\"0.5\"><span>\n<svg xmlns=\"http:\/\/www.w3.org\/2000\/svg\" width=\"24\" height=\"24\" viewBox=\"0 0 24 24\">\n\t<path class=\"\" fill=\"currentColor\" stroke=\"currentColor\" d=\"M12,17.3l6.2,3.7l-1.6-7L22,9.2l-7.2-0.6L12,2L9.2,8.6L2,9.2L7.5,14l-1.6,7L12,17.3z\" \/>\n<\/svg>\n<\/span>\n<span>\n<svg xmlns=\"http:\/\/www.w3.org\/2000\/svg\" width=\"24\" height=\"24\" viewBox=\"0 0 24 24\">\n\t<path class=\"\" fill=\"currentColor\" stroke=\"currentColor\" d=\"M12,17.3l6.2,3.7l-1.6-7L22,9.2l-7.2-0.6L12,2L9.2,8.6L2,9.2L7.5,14l-1.6,7L12,17.3z\" \/>\n<\/svg>\n<\/span><\/span><span style=\"display: none;\" ><span>\n<svg xmlns=\"http:\/\/www.w3.org\/2000\/svg\" width=\"24\" height=\"24\" viewBox=\"0 0 24 24\">\n\t<path class=\"\" fill=\"currentColor\" stroke=\"currentColor\" d=\"M12,17.3l6.2,3.7l-1.6-7L22,9.2l-7.2-0.6L12,2L9.2,8.6L2,9.2L7.5,14l-1.6,7L12,17.3z\" \/>\n<\/svg>\n<\/span>\n<span>\n<svg xmlns=\"http:\/\/www.w3.org\/2000\/svg\" width=\"24\" height=\"24\" viewBox=\"0 0 24 24\">\n\t<path class=\"\" fill=\"currentColor\" stroke=\"currentColor\" d=\"M12,17.3l6.2,3.7l-1.6-7L22,9.2l-7.2-0.6L12,2L9.2,8.6L2,9.2L7.5,14l-1.6,7L12,17.3z\" \/>\n<\/svg>\n<\/span><\/span><span style=\"display: none;\" ><span>\n<svg xmlns=\"http:\/\/www.w3.org\/2000\/svg\" width=\"24\" height=\"24\" viewBox=\"0 0 24 24\">\n\t<path class=\"\" fill=\"currentColor\" stroke=\"currentColor\" d=\"M12,17.3l6.2,3.7l-1.6-7L22,9.2l-7.2-0.6L12,2L9.2,8.6L2,9.2L7.5,14l-1.6,7L12,17.3z\" \/>\n<\/svg>\n<\/span>\n<span>\n<svg xmlns=\"http:\/\/www.w3.org\/2000\/svg\" width=\"24\" height=\"24\" viewBox=\"0 0 24 24\">\n\t<path class=\"\" fill=\"currentColor\" stroke=\"currentColor\" d=\"M12,17.3l6.2,3.7l-1.6-7L22,9.2l-7.2-0.6L12,2L9.2,8.6L2,9.2L7.5,14l-1.6,7L12,17.3z\" \/>\n<\/svg>\n<\/span><\/span><span style=\"display: none;\" ><span>\n<svg xmlns=\"http:\/\/www.w3.org\/2000\/svg\" width=\"24\" height=\"24\" viewBox=\"0 0 24 24\">\n\t<path class=\"\" fill=\"currentColor\" stroke=\"currentColor\" d=\"M12,17.3l6.2,3.7l-1.6-7L22,9.2l-7.2-0.6L12,2L9.2,8.6L2,9.2L7.5,14l-1.6,7L12,17.3z\" \/>\n<\/svg>\n<\/span>\n<span>\n<svg xmlns=\"http:\/\/www.w3.org\/2000\/svg\" width=\"24\" height=\"24\" viewBox=\"0 0 24 24\">\n\t<path class=\"\" fill=\"currentColor\" stroke=\"currentColor\" d=\"M12,17.3l6.2,3.7l-1.6-7L22,9.2l-7.2-0.6L12,2L9.2,8.6L2,9.2L7.5,14l-1.6,7L12,17.3z\" \/>\n<\/svg>\n<\/span><\/span><span style=\"display: none;\" itemprop=\"bestRating\" content=\"5\"><span>\n<svg xmlns=\"http:\/\/www.w3.org\/2000\/svg\" width=\"24\" height=\"24\" viewBox=\"0 0 24 24\">\n\t<path class=\"is-rating-unfilled\" fill=\"currentColor\" stroke=\"currentColor\" d=\"M12,17.3l6.2,3.7l-1.6-7L22,9.2l-7.2-0.6L12,2L9.2,8.6L2,9.2L7.5,14l-1.6,7L12,17.3z\" \/>\n<\/svg>\n<\/span>\n<span>\n<svg xmlns=\"http:\/\/www.w3.org\/2000\/svg\" width=\"24\" height=\"24\" viewBox=\"0 0 24 24\">\n\t<path class=\"is-rating-unfilled\" fill=\"currentColor\" stroke=\"currentColor\" d=\"M12,17.3l6.2,3.7l-1.6-7L22,9.2l-7.2-0.6L12,2L9.2,8.6L2,9.2L7.5,14l-1.6,7L12,17.3z\" \/>\n<\/svg>\n<\/span><\/span><span itemprop=\"ratingValue\" class=\"screen-reader-text\" content=\"4\">Note\u00a0: 4\u00a0sur 5.<\/span><\/div>\n\n\n<h3 class=\"wp-block-heading has-text-align-center\"><em>Connaissez-vous d&rsquo;autres romans qui parlent de la p\u00e9riode franquiste ?<\/em><\/h3>\n\n\n\n<p class=\"has-text-align-center has-small-font-size wp-block-paragraph\">Si toi aussi tu veux d\u00e9couvrir ce roman,<a href=\"https:\/\/amzn.to\/4gdobGV\"> tu peux te le procurer ici <\/a>(lien affili\u00e9).<\/p>\n\n\n<div class=\"wp-block-image\">\n<figure class=\"aligncenter size-large is-resized\"><a href=\"https:\/\/amzn.to\/4gdobGV\"><img loading=\"lazy\" decoding=\"async\" width=\"683\" height=\"1024\" src=\"https:\/\/serialectrice.com\/wp-content\/uploads\/2025\/09\/614pLk4P4SL._SL1500_-683x1024.jpg\" alt=\"\" class=\"wp-image-6628\" style=\"width:131px;height:auto\" srcset=\"https:\/\/serialectrice.com\/wp-content\/uploads\/2025\/09\/614pLk4P4SL._SL1500_-683x1024.jpg 683w, https:\/\/serialectrice.com\/wp-content\/uploads\/2025\/09\/614pLk4P4SL._SL1500_-200x300.jpg 200w, https:\/\/serialectrice.com\/wp-content\/uploads\/2025\/09\/614pLk4P4SL._SL1500_-768x1152.jpg 768w, https:\/\/serialectrice.com\/wp-content\/uploads\/2025\/09\/614pLk4P4SL._SL1500_.jpg 1000w\" sizes=\"auto, (max-width: 683px) 100vw, 683px\" \/><\/a><\/figure>\n<\/div>","protected":false},"excerpt":{"rendered":"<p>Avec Gabrielle, plongez dans le Madrid franquiste des ann\u00e9es 50.<\/p>\n","protected":false},"author":1,"featured_media":6629,"comment_status":"open","ping_status":"open","sticky":false,"template":"","format":"standard","meta":{"_crdt_document":"","om_disable_all_campaigns":false,"_uag_custom_page_level_css":"","_monsterinsights_skip_tracking":false,"_monsterinsights_sitenote_active":false,"_monsterinsights_sitenote_note":"","_monsterinsights_sitenote_category":0,"_uf_show_specific_survey":0,"_uf_disable_surveys":false,"_jetpack_memberships_contains_paid_content":false,"footnotes":"","jetpack_publicize_message":"Sous le marbre, la r\u00e9volte de Juliette Galliani. \n\nAvec Gabrielle, plongez dans le Madrid franquiste des ann\u00e9es 50.","jetpack_publicize_feature_enabled":true,"jetpack_social_post_already_shared":true,"jetpack_social_options":{"image_generator_settings":{"template":"highway","default_image_id":0,"font":"","enabled":false},"version":2}},"categories":[6],"tags":[773,59],"class_list":["post-6626","post","type-post","status-publish","format-standard","has-post-thumbnail","hentry","category-livres-lus","tag-juliette-galliani","tag-roman-historique"],"aioseo_notices":[],"jetpack_publicize_connections":[],"jetpack_featured_media_url":"https:\/\/serialectrice.com\/wp-content\/uploads\/2025\/09\/Design-sans-titre-20.png","uagb_featured_image_src":{"full":["https:\/\/serialectrice.com\/wp-content\/uploads\/2025\/09\/Design-sans-titre-20.png",1080,1350,false],"thumbnail":["https:\/\/serialectrice.com\/wp-content\/uploads\/2025\/09\/Design-sans-titre-20-572x331.png",572,331,true],"medium":["https:\/\/serialectrice.com\/wp-content\/uploads\/2025\/09\/Design-sans-titre-20-240x300.png",240,300,true],"medium_large":["https:\/\/serialectrice.com\/wp-content\/uploads\/2025\/09\/Design-sans-titre-20-768x960.png",768,960,true],"large":["https:\/\/serialectrice.com\/wp-content\/uploads\/2025\/09\/Design-sans-titre-20-819x1024.png",819,1024,true],"post-slider-thumb-size":["https:\/\/serialectrice.com\/wp-content\/uploads\/2025\/09\/Design-sans-titre-20-330x190.png",330,190,true],"post-category-slider-size":["https:\/\/serialectrice.com\/wp-content\/uploads\/2025\/09\/Design-sans-titre-20-330x350.png",330,350,true],"1536x1536":["https:\/\/serialectrice.com\/wp-content\/uploads\/2025\/09\/Design-sans-titre-20.png",1080,1350,false],"2048x2048":["https:\/\/serialectrice.com\/wp-content\/uploads\/2025\/09\/Design-sans-titre-20.png",1080,1350,false],"hello-fashion-slider":["https:\/\/serialectrice.com\/wp-content\/uploads\/2025\/09\/Design-sans-titre-20-480x600.png",480,600,true],"hello-fashion-blog-three":["https:\/\/serialectrice.com\/wp-content\/uploads\/2025\/09\/Design-sans-titre-20-420x502.png",420,502,true],"hello-fashion-blog-four":["https:\/\/serialectrice.com\/wp-content\/uploads\/2025\/09\/Design-sans-titre-20-573x685.png",573,685,true],"vilva-slider-one":["https:\/\/serialectrice.com\/wp-content\/uploads\/2025\/09\/Design-sans-titre-20-1080x600.png",1080,600,true],"vilva-featured-four":["https:\/\/serialectrice.com\/wp-content\/uploads\/2025\/09\/Design-sans-titre-20-800x530.png",800,530,true],"vilva-blog":["https:\/\/serialectrice.com\/wp-content\/uploads\/2025\/09\/Design-sans-titre-20-420x280.png",420,280,true],"vilva-blog-one":["https:\/\/serialectrice.com\/wp-content\/uploads\/2025\/09\/Design-sans-titre-20-900x500.png",900,500,true],"vilva-sidebar":["https:\/\/serialectrice.com\/wp-content\/uploads\/2025\/09\/Design-sans-titre-20-840x473.png",840,473,true]},"uagb_author_info":{"display_name":"SeriaLectrice","author_link":"https:\/\/serialectrice.com\/index.php\/author\/cilounegmail-com\/"},"uagb_comment_info":0,"uagb_excerpt":"Avec Gabrielle, plongez dans le Madrid franquiste des ann\u00e9es 50.","jetpack_sharing_enabled":true,"jetpack_likes_enabled":true,"_links":{"self":[{"href":"https:\/\/serialectrice.com\/index.php\/wp-json\/wp\/v2\/posts\/6626","targetHints":{"allow":["GET"]}}],"collection":[{"href":"https:\/\/serialectrice.com\/index.php\/wp-json\/wp\/v2\/posts"}],"about":[{"href":"https:\/\/serialectrice.com\/index.php\/wp-json\/wp\/v2\/types\/post"}],"author":[{"embeddable":true,"href":"https:\/\/serialectrice.com\/index.php\/wp-json\/wp\/v2\/users\/1"}],"replies":[{"embeddable":true,"href":"https:\/\/serialectrice.com\/index.php\/wp-json\/wp\/v2\/comments?post=6626"}],"version-history":[{"count":2,"href":"https:\/\/serialectrice.com\/index.php\/wp-json\/wp\/v2\/posts\/6626\/revisions"}],"predecessor-version":[{"id":6630,"href":"https:\/\/serialectrice.com\/index.php\/wp-json\/wp\/v2\/posts\/6626\/revisions\/6630"}],"wp:featuredmedia":[{"embeddable":true,"href":"https:\/\/serialectrice.com\/index.php\/wp-json\/wp\/v2\/media\/6629"}],"wp:attachment":[{"href":"https:\/\/serialectrice.com\/index.php\/wp-json\/wp\/v2\/media?parent=6626"}],"wp:term":[{"taxonomy":"category","embeddable":true,"href":"https:\/\/serialectrice.com\/index.php\/wp-json\/wp\/v2\/categories?post=6626"},{"taxonomy":"post_tag","embeddable":true,"href":"https:\/\/serialectrice.com\/index.php\/wp-json\/wp\/v2\/tags?post=6626"}],"curies":[{"name":"wp","href":"https:\/\/api.w.org\/{rel}","templated":true}]}}