{"id":6522,"date":"2025-07-26T18:00:00","date_gmt":"2025-07-26T17:00:00","guid":{"rendered":"https:\/\/serialectrice.com\/?p=6522"},"modified":"2025-07-24T08:50:05","modified_gmt":"2025-07-24T07:50:05","slug":"challenge-litteraire-_-aout-2025","status":"publish","type":"post","link":"https:\/\/serialectrice.com\/index.php\/2025\/07\/26\/challenge-litteraire-_-aout-2025\/","title":{"rendered":"Challenge Litt\u00e9raire _ Ao\u00fbt 2025"},"content":{"rendered":"\n<p class=\"has-medium-font-size wp-block-paragraph\">C\u2019est d\u00e9j\u00e0 la fin du mois de juillet, et&nbsp;<strong>le mois d&rsquo;ao\u00fbt arrive d&rsquo;ici quelques jours<\/strong>. Il est donc l\u2019heure de faire le bilan du mois. Avez-vous r\u00e9ussi \u00e0 finir le&nbsp;<a href=\"https:\/\/serialectrice.com\/index.php\/2025\/06\/26\/challenge-litteraire-juillet-2025\/\">challenge litt\u00e9raire de juillet<\/a> 2025 ? Pour ma part, je n\u2019ai valid\u00e9 qu\u2019une seule cat\u00e9gorie \u00e0 ce jour car j\u2019ai, encore une fois, tr\u00e8s peu lu durant le mois de juin. J&rsquo;aimerais vraiment retrouver une rythme de lecture satisfaisant.<\/p>\n\n\n\n<p class=\"has-medium-font-size wp-block-paragraph\">Il est temps de vous pr\u00e9senter les nouvelles cat\u00e9gories de ce nouveau challenge litt\u00e9raire que vous retrouverez \u00e9galement sur&nbsp;<a href=\"https:\/\/www.instagram.com\/serialectrice_\/\">Instagram.<\/a><\/p>\n\n\n\n<p class=\"has-medium-font-size wp-block-paragraph\"><strong>Petit rappel des r\u00e8gles :<\/strong><\/p>\n\n\n\n<ul class=\"wp-block-list\">\n<li class=\"has-medium-font-size\">Les livres doivent \u00eatre lus entre le 1er et le 31 ao\u00fbt 2025<\/li>\n\n\n\n<li class=\"has-medium-font-size\">un livre peut valider jusqu\u2019\u00e0 2 cat\u00e9gories<\/li>\n\n\n\n<li class=\"has-medium-font-size\">BDs et Mangas sont autoris\u00e9s<\/li>\n\n\n\n<li class=\"has-medium-font-size\">On se fait plaisir !<\/li>\n<\/ul>\n\n\n\n<h2 class=\"wp-block-heading\">1. Titre avec les lettres AOUT<\/h2>\n\n\n\n<div class=\"wp-block-media-text is-stacked-on-mobile\" style=\"grid-template-columns:15% auto\"><figure class=\"wp-block-media-text__media\"><img loading=\"lazy\" decoding=\"async\" width=\"622\" height=\"1024\" src=\"https:\/\/serialectrice.com\/wp-content\/uploads\/2025\/07\/81HucFQFeBL._SL1500_-622x1024.jpg\" alt=\"\" class=\"wp-image-6526 size-full\" srcset=\"https:\/\/serialectrice.com\/wp-content\/uploads\/2025\/07\/81HucFQFeBL._SL1500_-622x1024.jpg 622w, https:\/\/serialectrice.com\/wp-content\/uploads\/2025\/07\/81HucFQFeBL._SL1500_-182x300.jpg 182w, https:\/\/serialectrice.com\/wp-content\/uploads\/2025\/07\/81HucFQFeBL._SL1500_-768x1265.jpg 768w, https:\/\/serialectrice.com\/wp-content\/uploads\/2025\/07\/81HucFQFeBL._SL1500_.jpg 911w\" sizes=\"auto, (max-width: 622px) 100vw, 622px\" \/><\/figure><div class=\"wp-block-media-text__content\">\n<p class=\"has-medium-font-size wp-block-paragraph\">Cette cat\u00e9gorie n&rsquo;est vraiment pas \u00e9vidente \u00e0 expliquer \ud83d\ude09 Comme il s&rsquo;agit du challenge mensuel du mois d&rsquo;ao\u00fbt, il faudra donc trouver <strong>un titre qui contient les lettres AOUT<\/strong>. J&rsquo;aimerais enfin r\u00e9ussir \u00e0 lire le roman de Ga\u00eblle Belem, <strong>Le fruit le plus rare<\/strong>, offert par les Editions Folio.<\/p>\n<\/div><\/div>\n\n\n\n<h2 class=\"wp-block-heading\">2. Titre avec un accent circonflexe<\/h2>\n\n\n\n<div class=\"wp-block-media-text is-stacked-on-mobile\" style=\"grid-template-columns:15% auto\"><figure class=\"wp-block-media-text__media\"><img loading=\"lazy\" decoding=\"async\" width=\"625\" height=\"1024\" src=\"https:\/\/serialectrice.com\/wp-content\/uploads\/2025\/07\/71MlC0jfJNL._SL1311_-625x1024.jpg\" alt=\"\" class=\"wp-image-6525 size-full\" srcset=\"https:\/\/serialectrice.com\/wp-content\/uploads\/2025\/07\/71MlC0jfJNL._SL1311_-625x1024.jpg 625w, https:\/\/serialectrice.com\/wp-content\/uploads\/2025\/07\/71MlC0jfJNL._SL1311_-183x300.jpg 183w, https:\/\/serialectrice.com\/wp-content\/uploads\/2025\/07\/71MlC0jfJNL._SL1311_-768x1259.jpg 768w, https:\/\/serialectrice.com\/wp-content\/uploads\/2025\/07\/71MlC0jfJNL._SL1311_.jpg 800w\" sizes=\"auto, (max-width: 625px) 100vw, 625px\" \/><\/figure><div class=\"wp-block-media-text__content\">\n<p class=\"has-medium-font-size wp-block-paragraph\">Encore une fois, cette cat\u00e9gorie est en lien direct avec le mois d&rsquo;ao\u00fbt qui est le <strong>seul mois de l&rsquo;ann\u00e9e \u00e0 s&rsquo;\u00e9crire avec un accent circonflexe. <\/strong>C&rsquo;est pour cette raison que nous liron un livre dont le titre comporte cet accent. J&rsquo;aimerais pouvoir lire <strong>Tu n&rsquo;aurais pas d\u00fb venir ici<\/strong>, offert par les Editions Pocket.<\/p>\n<\/div><\/div>\n\n\n\n<h2 class=\"wp-block-heading\">3. Auteur dont le nom de famille commence par la lettre A<\/h2>\n\n\n\n<div class=\"wp-block-media-text is-stacked-on-mobile\" style=\"grid-template-columns:15% auto\"><figure class=\"wp-block-media-text__media\"><img loading=\"lazy\" decoding=\"async\" width=\"210\" height=\"333\" src=\"https:\/\/serialectrice.com\/wp-content\/uploads\/2025\/04\/51py6nZNRgL._SX210_.jpg\" alt=\"\" class=\"wp-image-6413 size-full\" srcset=\"https:\/\/serialectrice.com\/wp-content\/uploads\/2025\/04\/51py6nZNRgL._SX210_.jpg 210w, https:\/\/serialectrice.com\/wp-content\/uploads\/2025\/04\/51py6nZNRgL._SX210_-189x300.jpg 189w\" sizes=\"auto, (max-width: 210px) 100vw, 210px\" \/><\/figure><div class=\"wp-block-media-text__content\">\n<p class=\"has-medium-font-size wp-block-paragraph\">Vous commencez \u00e0 avoir l&rsquo;habitude. Nous lirons un livre dont le nom de l&rsquo;auteur commence par un <strong>A comme &#8230; le mois d&rsquo;Ao\u00fbt.<\/strong> J&rsquo;aimerais beaucoup pouvoir lire <strong>Reste avec moi<\/strong> d&rsquo;Ayobami Adebayo.<\/p>\n<\/div><\/div>\n\n\n\n<h2 class=\"wp-block-heading\">4. Auteur de moins de 35 ans<\/h2>\n\n\n\n<div class=\"wp-block-media-text is-stacked-on-mobile\" style=\"grid-template-columns:16% auto\"><figure class=\"wp-block-media-text__media\"><img loading=\"lazy\" decoding=\"async\" width=\"311\" height=\"466\" src=\"https:\/\/serialectrice.com\/wp-content\/uploads\/2025\/07\/614pLk4P4SL._SY466_.jpg\" alt=\"\" class=\"wp-image-6531 size-full\" srcset=\"https:\/\/serialectrice.com\/wp-content\/uploads\/2025\/07\/614pLk4P4SL._SY466_.jpg 311w, https:\/\/serialectrice.com\/wp-content\/uploads\/2025\/07\/614pLk4P4SL._SY466_-200x300.jpg 200w\" sizes=\"auto, (max-width: 311px) 100vw, 311px\" \/><\/figure><div class=\"wp-block-media-text__content\">\n<p class=\"has-medium-font-size wp-block-paragraph\">Le 12 ao\u00fbt a lieu la <strong>Journ\u00e9e Internationale de la Jeunesse<\/strong>, je vous propose donc de lire un auteur qui a moins de 35 ans. Je voudrais lire <strong>Sous le marbre, la r\u00e9volte<\/strong> de Juliette Galliani aux \u00e9ditions Hurlevent. Et si vous ne connaissez pas cette maison d&rsquo;\u00e9dition, je vous la conseille fortement.<\/p>\n<\/div><\/div>\n\n\n\n<h2 class=\"wp-block-heading\">5. Couverture qui est une photo<\/h2>\n\n\n\n<div class=\"wp-block-media-text is-stacked-on-mobile\" style=\"grid-template-columns:15% auto\"><figure class=\"wp-block-media-text__media\"><img loading=\"lazy\" decoding=\"async\" width=\"626\" height=\"1024\" src=\"https:\/\/serialectrice.com\/wp-content\/uploads\/2025\/07\/81p5sfGBtOL._SL1500_-626x1024.jpg\" alt=\"\" class=\"wp-image-6527 size-full\" srcset=\"https:\/\/serialectrice.com\/wp-content\/uploads\/2025\/07\/81p5sfGBtOL._SL1500_-626x1024.jpg 626w, https:\/\/serialectrice.com\/wp-content\/uploads\/2025\/07\/81p5sfGBtOL._SL1500_-183x300.jpg 183w, https:\/\/serialectrice.com\/wp-content\/uploads\/2025\/07\/81p5sfGBtOL._SL1500_-768x1256.jpg 768w, https:\/\/serialectrice.com\/wp-content\/uploads\/2025\/07\/81p5sfGBtOL._SL1500_.jpg 917w\" sizes=\"auto, (max-width: 626px) 100vw, 626px\" \/><\/figure><div class=\"wp-block-media-text__content\">\n<p class=\"has-medium-font-size wp-block-paragraph\">Le 19 ao\u00fbt a lieu la <strong>Journ\u00e9e Mondiale de la Photographie.<\/strong> Je vous invite donc \u00e0 lire un livre dont la couverture est une photo. Je vais essayer de lire <strong>Les damn\u00e9s de la Rance<\/strong> qui m&rsquo;a \u00e9t\u00e9 offert par les Editions Pal\u00e9mon.<\/p>\n<\/div><\/div>\n\n\n\n<h2 class=\"wp-block-heading\">6. Couverture avec un chien<\/h2>\n\n\n\n<div class=\"wp-block-media-text is-stacked-on-mobile\" style=\"grid-template-columns:16% auto\"><figure class=\"wp-block-media-text__media\"><img loading=\"lazy\" decoding=\"async\" width=\"296\" height=\"445\" src=\"https:\/\/serialectrice.com\/wp-content\/uploads\/2025\/07\/41klt0eqLPL._SY445_SX342_ControlCacheEqualizer_.jpg\" alt=\"\" class=\"wp-image-6532 size-full\" srcset=\"https:\/\/serialectrice.com\/wp-content\/uploads\/2025\/07\/41klt0eqLPL._SY445_SX342_ControlCacheEqualizer_.jpg 296w, https:\/\/serialectrice.com\/wp-content\/uploads\/2025\/07\/41klt0eqLPL._SY445_SX342_ControlCacheEqualizer_-200x300.jpg 200w\" sizes=\"auto, (max-width: 296px) 100vw, 296px\" \/><\/figure><div class=\"wp-block-media-text__content\">\n<p class=\"has-medium-font-size wp-block-paragraph\">Le 26 ao\u00fbt a lieu la<strong> Journ\u00e9e Mondiale du chien<\/strong>. C&rsquo;est donc pour cette raison que nous lirons un livre sur lequel un chien est pr\u00e9sent sur la couverture. Je vais essayer de lire <strong>La symphonie des monstres <\/strong>de Marc Levy (je persiste avec cet auteur que soit j&rsquo;adore, soit je d\u00e9teste).<\/p>\n<\/div><\/div>\n\n\n\n<h2 class=\"wp-block-heading\">7. Quatri\u00e8me qui fait 8 lignes maximum<\/h2>\n\n\n\n<div class=\"wp-block-media-text is-stacked-on-mobile\" style=\"grid-template-columns:15% auto\"><figure class=\"wp-block-media-text__media\"><img loading=\"lazy\" decoding=\"async\" width=\"271\" height=\"445\" src=\"https:\/\/serialectrice.com\/wp-content\/uploads\/2025\/07\/41zfrg7JErL._SY445_SX342_ControlCacheEqualizer_.jpg\" alt=\"\" class=\"wp-image-6533 size-full\" srcset=\"https:\/\/serialectrice.com\/wp-content\/uploads\/2025\/07\/41zfrg7JErL._SY445_SX342_ControlCacheEqualizer_.jpg 271w, https:\/\/serialectrice.com\/wp-content\/uploads\/2025\/07\/41zfrg7JErL._SY445_SX342_ControlCacheEqualizer_-183x300.jpg 183w\" sizes=\"auto, (max-width: 271px) 100vw, 271px\" \/><\/figure><div class=\"wp-block-media-text__content\">\n<p class=\"has-medium-font-size wp-block-paragraph\">Comme<strong> le mois d&rsquo;ao\u00fbt est le 8\u00e8me mois de l&rsquo;ann\u00e9e<\/strong>, je vous propose de lire un livre dont le r\u00e9sum\u00e9 sur la quatri\u00e8me fait moins de 8 lignes. J&rsquo;esp\u00e8re pouvoir lire <strong>Vertige<\/strong> de Franck Thilliez.<\/p>\n<\/div><\/div>\n\n\n\n<h2 class=\"wp-block-heading\">8. Quatri\u00e8me avec un mot de la famille de DISPARA\u00ceTRE<\/h2>\n\n\n\n<div class=\"wp-block-media-text is-stacked-on-mobile\" style=\"grid-template-columns:15% auto\"><figure class=\"wp-block-media-text__media\"><img loading=\"lazy\" decoding=\"async\" width=\"319\" height=\"522\" src=\"https:\/\/serialectrice.com\/wp-content\/uploads\/2025\/07\/71feVQf08yL._SY522_.jpg\" alt=\"\" class=\"wp-image-6528 size-full\" srcset=\"https:\/\/serialectrice.com\/wp-content\/uploads\/2025\/07\/71feVQf08yL._SY522_.jpg 319w, https:\/\/serialectrice.com\/wp-content\/uploads\/2025\/07\/71feVQf08yL._SY522_-183x300.jpg 183w\" sizes=\"auto, (max-width: 319px) 100vw, 319px\" \/><\/figure><div class=\"wp-block-media-text__content\">\n<p class=\"has-medium-font-size wp-block-paragraph\">Le 30 ao\u00fbt a lieu <strong>La Journ\u00e9e Internationale des Personnes Disparues.<\/strong> Nous chercherons donc un mot de la famille de DISPARA\u00ceTRE en quatri\u00e8me de couverture. Je vais tenter de lire <strong>Morts suspectes \u00e0 Belle-\u00cele <\/strong>qui m&rsquo;a \u00e9t\u00e9 offert par les Editions Pal\u00e9mon.<\/p>\n<\/div><\/div>\n\n\n\n<h2 class=\"wp-block-heading\">9. Sc\u00e8ne avec des frites ou de la bi\u00e8re<\/h2>\n\n\n\n<div class=\"wp-block-media-text is-stacked-on-mobile\" style=\"grid-template-columns:15% auto\"><figure class=\"wp-block-media-text__media\"><img loading=\"lazy\" decoding=\"async\" width=\"318\" height=\"466\" src=\"https:\/\/serialectrice.com\/wp-content\/uploads\/2025\/07\/81ciq0ic2nL._SY466_.jpg\" alt=\"\" class=\"wp-image-6529 size-full\" srcset=\"https:\/\/serialectrice.com\/wp-content\/uploads\/2025\/07\/81ciq0ic2nL._SY466_.jpg 318w, https:\/\/serialectrice.com\/wp-content\/uploads\/2025\/07\/81ciq0ic2nL._SY466_-205x300.jpg 205w\" sizes=\"auto, (max-width: 318px) 100vw, 318px\" \/><\/figure><div class=\"wp-block-media-text__content\">\n<p class=\"has-medium-font-size wp-block-paragraph\">En ao\u00fbt ont lieu les <strong>Journ\u00e9es de la Frite Belge et de la bi\u00e8re<\/strong>, c&rsquo;est pour cette raison que vous pourrez valider cette cat\u00e9gorie si votre livre contient une sc\u00e8ne avec des frites ou de la bi\u00e8re. J&rsquo;ignore si <strong>Haute-Folie<\/strong> contient une sc\u00e8ne avec des frites ou de la bi\u00e8re, mais Antoine Wauters \u00e9tant un auteur belge, j&rsquo;imagine que j&rsquo;ai un peu plus de chance que \u00e7a se produise \ud83d\ude42<\/p>\n<\/div><\/div>\n\n\n\n<h2 class=\"wp-block-heading\">10. Sc\u00e8ne avec un personnage qui se cache<\/h2>\n\n\n\n<div class=\"wp-block-media-text is-stacked-on-mobile\" style=\"grid-template-columns:15% auto\"><figure class=\"wp-block-media-text__media\"><img loading=\"lazy\" decoding=\"async\" width=\"201\" height=\"330\" src=\"https:\/\/serialectrice.com\/wp-content\/uploads\/2024\/04\/inconnu.jpg\" alt=\"\" class=\"wp-image-5656 size-full\" srcset=\"https:\/\/serialectrice.com\/wp-content\/uploads\/2024\/04\/inconnu.jpg 201w, https:\/\/serialectrice.com\/wp-content\/uploads\/2024\/04\/inconnu-183x300.jpg 183w, https:\/\/serialectrice.com\/wp-content\/uploads\/2024\/04\/inconnu-37x60.jpg 37w\" sizes=\"auto, (max-width: 201px) 100vw, 201px\" \/><\/figure><div class=\"wp-block-media-text__content\">\n<p class=\"has-medium-font-size wp-block-paragraph\">Le 19 ao\u00fbt a lieu la <strong>Journ\u00e9e internationale du GeoCaching<\/strong>, qui consiste \u00e0 cacher un objet dans un lieu et \u00e0 diss\u00e9miner des indices pour le retrouver. Je vous invite donc \u00e0 valider cette cat\u00e9gorie si un des personnages de votre roman se cache. Impossible de savoir \u00e0 l&rsquo;avance quel livre pourra valider cette cat\u00e9gorie.<\/p>\n<\/div><\/div>\n","protected":false},"excerpt":{"rendered":"<p>Nouveau challenge Mensuel.<\/p>\n","protected":false},"author":1,"featured_media":6524,"comment_status":"open","ping_status":"open","sticky":false,"template":"","format":"standard","meta":{"_crdt_document":"","om_disable_all_campaigns":false,"_uag_custom_page_level_css":"","_monsterinsights_skip_tracking":false,"_monsterinsights_sitenote_active":false,"_monsterinsights_sitenote_note":"","_monsterinsights_sitenote_category":0,"_uf_show_specific_survey":0,"_uf_disable_surveys":false,"_jetpack_memberships_contains_paid_content":false,"footnotes":"","jetpack_publicize_message":"Challenge Litt\u00e9raire _ Ao\u00fbt 2025","jetpack_publicize_feature_enabled":true,"jetpack_social_post_already_shared":true,"jetpack_social_options":{"image_generator_settings":{"template":"highway","default_image_id":0,"enabled":false},"version":2}},"categories":[4],"tags":[267],"class_list":["post-6522","post","type-post","status-publish","format-standard","has-post-thumbnail","hentry","category-challenge","tag-challenge-mensuel"],"aioseo_notices":[],"jetpack_publicize_connections":[],"jetpack_featured_media_url":"https:\/\/serialectrice.com\/wp-content\/uploads\/2025\/07\/Challenge.png","uagb_featured_image_src":{"full":["https:\/\/serialectrice.com\/wp-content\/uploads\/2025\/07\/Challenge.png",1080,1350,false],"thumbnail":["https:\/\/serialectrice.com\/wp-content\/uploads\/2025\/07\/Challenge-572x331.png",572,331,true],"medium":["https:\/\/serialectrice.com\/wp-content\/uploads\/2025\/07\/Challenge-240x300.png",240,300,true],"medium_large":["https:\/\/serialectrice.com\/wp-content\/uploads\/2025\/07\/Challenge-768x960.png",768,960,true],"large":["https:\/\/serialectrice.com\/wp-content\/uploads\/2025\/07\/Challenge-819x1024.png",819,1024,true],"post-slider-thumb-size":["https:\/\/serialectrice.com\/wp-content\/uploads\/2025\/07\/Challenge-330x190.png",330,190,true],"post-category-slider-size":["https:\/\/serialectrice.com\/wp-content\/uploads\/2025\/07\/Challenge-330x350.png",330,350,true],"1536x1536":["https:\/\/serialectrice.com\/wp-content\/uploads\/2025\/07\/Challenge.png",1080,1350,false],"2048x2048":["https:\/\/serialectrice.com\/wp-content\/uploads\/2025\/07\/Challenge.png",1080,1350,false],"hello-fashion-slider":["https:\/\/serialectrice.com\/wp-content\/uploads\/2025\/07\/Challenge-480x600.png",480,600,true],"hello-fashion-blog-three":["https:\/\/serialectrice.com\/wp-content\/uploads\/2025\/07\/Challenge-420x502.png",420,502,true],"hello-fashion-blog-four":["https:\/\/serialectrice.com\/wp-content\/uploads\/2025\/07\/Challenge-573x685.png",573,685,true],"vilva-slider-one":["https:\/\/serialectrice.com\/wp-content\/uploads\/2025\/07\/Challenge-1080x600.png",1080,600,true],"vilva-featured-four":["https:\/\/serialectrice.com\/wp-content\/uploads\/2025\/07\/Challenge-800x530.png",800,530,true],"vilva-blog":["https:\/\/serialectrice.com\/wp-content\/uploads\/2025\/07\/Challenge-420x280.png",420,280,true],"vilva-blog-one":["https:\/\/serialectrice.com\/wp-content\/uploads\/2025\/07\/Challenge-900x500.png",900,500,true],"vilva-sidebar":["https:\/\/serialectrice.com\/wp-content\/uploads\/2025\/07\/Challenge-840x473.png",840,473,true]},"uagb_author_info":{"display_name":"SeriaLectrice","author_link":"https:\/\/serialectrice.com\/index.php\/author\/cilounegmail-com\/"},"uagb_comment_info":5,"uagb_excerpt":"Nouveau challenge Mensuel.","jetpack_sharing_enabled":true,"jetpack_likes_enabled":true,"_links":{"self":[{"href":"https:\/\/serialectrice.com\/index.php\/wp-json\/wp\/v2\/posts\/6522","targetHints":{"allow":["GET"]}}],"collection":[{"href":"https:\/\/serialectrice.com\/index.php\/wp-json\/wp\/v2\/posts"}],"about":[{"href":"https:\/\/serialectrice.com\/index.php\/wp-json\/wp\/v2\/types\/post"}],"author":[{"embeddable":true,"href":"https:\/\/serialectrice.com\/index.php\/wp-json\/wp\/v2\/users\/1"}],"replies":[{"embeddable":true,"href":"https:\/\/serialectrice.com\/index.php\/wp-json\/wp\/v2\/comments?post=6522"}],"version-history":[{"count":3,"href":"https:\/\/serialectrice.com\/index.php\/wp-json\/wp\/v2\/posts\/6522\/revisions"}],"predecessor-version":[{"id":6534,"href":"https:\/\/serialectrice.com\/index.php\/wp-json\/wp\/v2\/posts\/6522\/revisions\/6534"}],"wp:featuredmedia":[{"embeddable":true,"href":"https:\/\/serialectrice.com\/index.php\/wp-json\/wp\/v2\/media\/6524"}],"wp:attachment":[{"href":"https:\/\/serialectrice.com\/index.php\/wp-json\/wp\/v2\/media?parent=6522"}],"wp:term":[{"taxonomy":"category","embeddable":true,"href":"https:\/\/serialectrice.com\/index.php\/wp-json\/wp\/v2\/categories?post=6522"},{"taxonomy":"post_tag","embeddable":true,"href":"https:\/\/serialectrice.com\/index.php\/wp-json\/wp\/v2\/tags?post=6522"}],"curies":[{"name":"wp","href":"https:\/\/api.w.org\/{rel}","templated":true}]}}