{"id":6356,"date":"2025-04-01T18:00:00","date_gmt":"2025-04-01T17:00:00","guid":{"rendered":"https:\/\/serialectrice.com\/?p=6356"},"modified":"2025-03-29T20:18:03","modified_gmt":"2025-03-29T19:18:03","slug":"l-archipel-des-oublies","status":"publish","type":"post","link":"https:\/\/serialectrice.com\/index.php\/2025\/04\/01\/l-archipel-des-oublies\/","title":{"rendered":"L&rsquo;archipel des oubli\u00e9s _ Nicolas Beuglet"},"content":{"rendered":"\n<h2 class=\"wp-block-heading has-vivid-green-cyan-color has-text-color has-link-color wp-elements-5c7d3f6bb369d22af630f843c0bdfefc\">R\u00e9sum\u00e9<\/h2>\n\n\n\n<p class=\"wp-block-paragraph\" style=\"font-size:19px\">Les inspectrices Grace Campbell et Sarah Gering\u00ebn le savent. Malgr\u00e9 leurs caract\u00e8res oppos\u00e9s, elles doivent unir leurs forces pour neutraliser l&rsquo; \u00ab\u00a0homme sans visage\u00a0\u00bb, l&rsquo;architecte du plan diabolique qui m\u00e8nera l&rsquo;humanit\u00e9 \u00e0 sa perte.<br>Seule piste : un manoir \u00e9gar\u00e9 dans les brumes d&rsquo;\u00c9cosse. Derri\u00e8re les volets clos de la demeure, l&rsquo;ombre d&rsquo;une jeune veuve aust\u00e8re, en apparence innocente. Mais cette femme est-elle vraiment ce qu&rsquo;elle pr\u00e9tend \u00eatre ? Ce que les deux inspectrices d\u00e9couvrent d\u00e9passe leurs pires hypoth\u00e8ses. Dans une course qui les entra\u00eene du loch Ness \u00e0 la Norv\u00e8ge, Grace et Sarah vont devoir repousser les fronti\u00e8res de la peur pour rejoindre l&rsquo;archipel des Oubli\u00e9s \u2013 l&rsquo;ultime rempart au chaos du monde.<\/p>\n\n\n\n<h2 class=\"wp-block-heading has-vivid-green-cyan-color has-text-color has-link-color wp-elements-f23c8b2a16e312961195b63e6e32e882\">Mon ressenti<\/h2>\n\n\n\n<p class=\"has-medium-font-size wp-block-paragraph\">J\u2019ai referm\u00e9 ce troisi\u00e8me tome de la trilogie Grace Campbell avec un sentiment partag\u00e9. J\u2019\u00e9tais contente de retrouver <strong>Sarah<\/strong>, personnage de la premi\u00e8re s\u00e9rie de Nicolas Beuglet (<em>Le Cri<\/em>, <em><a href=\"https:\/\/serialectrice.com\/index.php\/2021\/11\/10\/complot-_-nicolas-beuglet\/\">Complot<\/a><\/em>, <em><a href=\"https:\/\/serialectrice.com\/index.php\/2022\/01\/19\/lile-du-diable-_-nicolas-beuglet\/\">L\u2019\u00eele du diable<\/a><\/em>), et de la voir \u00e9voluer aux c\u00f4t\u00e9s de Grace. Le duo fonctionne bien. <\/p>\n\n\n\n<p class=\"has-medium-font-size wp-block-paragraph\">Mais au fil des pages, j\u2019ai eu comme un go\u00fbt de d\u00e9j\u00e0-vu. Cette nouvelle intrigue, construite sur fond de <strong>complot mondial<\/strong>, m\u2019a sembl\u00e9 trop r\u00e9p\u00e9titive. Le sch\u00e9ma narratif reste le m\u00eame : une soci\u00e9t\u00e9 secr\u00e8te, des r\u00e9v\u00e9lations fracassantes sur l\u2019\u00e9tat du monde, et une enqu\u00eate men\u00e9e tambour battant. C\u2019est efficace, oui, mais j\u2019ai eu la sensation que <strong>l\u2019aspect thriller s\u2019effa\u00e7ait peu \u00e0 peu derri\u00e8re un discours tr\u00e8s appuy\u00e9<\/strong>.<\/p>\n\n\n\n<p class=\"has-medium-font-size wp-block-paragraph\">J\u2019aime pourtant que Beuglet interroge notre monde. Qu\u2019il s\u2019appuie sur des faits r\u00e9els, sur des d\u00e9rives technologiques ou politiques. Il ose, il d\u00e9range, il pousse \u00e0 r\u00e9fl\u00e9chir. Mais ici, <strong>le propos prend tellement de place qu\u2019il finit par \u00e9touffer l\u2019intrigue<\/strong>. \u00c0 certains moments, j\u2019ai eu l\u2019impression de lire un manifeste plus qu\u2019un roman.<\/p>\n\n\n\n<p class=\"has-medium-font-size wp-block-paragraph\">Pourtant, il y a une tension constante, une ambiance tr\u00e8s sombre, presque oppressante. On ne peut pas lui enlever \u00e7a : <strong>il sait cr\u00e9er le malaise<\/strong>, faire na\u00eetre le doute, nous faire tourner les pages. Ce dernier tome d\u00e9livre malgr\u00e9 tout un <strong>message d\u2019espoir<\/strong>, un appel \u00e0 la lucidit\u00e9, \u00e0 la r\u00e9sistance. Mais il faut r\u00e9ussir \u00e0 ne pas se noyer dans la masse des th\u00e9ories expos\u00e9es.<\/p>\n\n\n\n<p class=\"has-text-align-center has-medium-font-size wp-block-paragraph\"><em>En refermant le livre, je ne sais pas si j&rsquo;ai encore envie de lire cet auteur. J\u2019aime son \u00e9criture, j\u2019aime son engagement, mais l&rsquo;aspect complotiste commence vraiment \u00e0 m&rsquo;agacer.<\/em><\/p>\n\n\n<div class=\"wp-block-jetpack-rating-star\" style=\"text-align:center\" itemprop=\"reviewRating\" itemscope itemtype=\"http:\/\/schema.org\/Rating\"><p><span aria-hidden=\"true\">\u2b50<\/span><span aria-hidden=\"true\">\u2b50<\/span><span aria-hidden=\"true\">\u2b50<\/span><span aria-hidden=\"true\">\u2b50<\/span><\/p><span style=\"display: none;\" itemprop=\"worstRating\" content=\"0.5\"><span>\n<svg xmlns=\"http:\/\/www.w3.org\/2000\/svg\" width=\"24\" height=\"24\" viewBox=\"0 0 24 24\">\n\t<path class=\"\" fill=\"currentColor\" stroke=\"currentColor\" d=\"M12,17.3l6.2,3.7l-1.6-7L22,9.2l-7.2-0.6L12,2L9.2,8.6L2,9.2L7.5,14l-1.6,7L12,17.3z\" \/>\n<\/svg>\n<\/span>\n<span>\n<svg xmlns=\"http:\/\/www.w3.org\/2000\/svg\" width=\"24\" height=\"24\" viewBox=\"0 0 24 24\">\n\t<path class=\"\" fill=\"currentColor\" stroke=\"currentColor\" d=\"M12,17.3l6.2,3.7l-1.6-7L22,9.2l-7.2-0.6L12,2L9.2,8.6L2,9.2L7.5,14l-1.6,7L12,17.3z\" \/>\n<\/svg>\n<\/span><\/span><span style=\"display: none;\" ><span>\n<svg xmlns=\"http:\/\/www.w3.org\/2000\/svg\" width=\"24\" height=\"24\" viewBox=\"0 0 24 24\">\n\t<path class=\"\" fill=\"currentColor\" stroke=\"currentColor\" d=\"M12,17.3l6.2,3.7l-1.6-7L22,9.2l-7.2-0.6L12,2L9.2,8.6L2,9.2L7.5,14l-1.6,7L12,17.3z\" \/>\n<\/svg>\n<\/span>\n<span>\n<svg xmlns=\"http:\/\/www.w3.org\/2000\/svg\" width=\"24\" height=\"24\" viewBox=\"0 0 24 24\">\n\t<path class=\"\" fill=\"currentColor\" stroke=\"currentColor\" d=\"M12,17.3l6.2,3.7l-1.6-7L22,9.2l-7.2-0.6L12,2L9.2,8.6L2,9.2L7.5,14l-1.6,7L12,17.3z\" \/>\n<\/svg>\n<\/span><\/span><span style=\"display: none;\" ><span>\n<svg xmlns=\"http:\/\/www.w3.org\/2000\/svg\" width=\"24\" height=\"24\" viewBox=\"0 0 24 24\">\n\t<path class=\"\" fill=\"currentColor\" stroke=\"currentColor\" d=\"M12,17.3l6.2,3.7l-1.6-7L22,9.2l-7.2-0.6L12,2L9.2,8.6L2,9.2L7.5,14l-1.6,7L12,17.3z\" \/>\n<\/svg>\n<\/span>\n<span>\n<svg xmlns=\"http:\/\/www.w3.org\/2000\/svg\" width=\"24\" height=\"24\" viewBox=\"0 0 24 24\">\n\t<path class=\"\" fill=\"currentColor\" stroke=\"currentColor\" d=\"M12,17.3l6.2,3.7l-1.6-7L22,9.2l-7.2-0.6L12,2L9.2,8.6L2,9.2L7.5,14l-1.6,7L12,17.3z\" \/>\n<\/svg>\n<\/span><\/span><span style=\"display: none;\" ><span>\n<svg xmlns=\"http:\/\/www.w3.org\/2000\/svg\" width=\"24\" height=\"24\" viewBox=\"0 0 24 24\">\n\t<path class=\"\" fill=\"currentColor\" stroke=\"currentColor\" d=\"M12,17.3l6.2,3.7l-1.6-7L22,9.2l-7.2-0.6L12,2L9.2,8.6L2,9.2L7.5,14l-1.6,7L12,17.3z\" \/>\n<\/svg>\n<\/span>\n<span>\n<svg xmlns=\"http:\/\/www.w3.org\/2000\/svg\" width=\"24\" height=\"24\" viewBox=\"0 0 24 24\">\n\t<path class=\"is-rating-unfilled\" fill=\"currentColor\" stroke=\"currentColor\" d=\"M12,17.3l6.2,3.7l-1.6-7L22,9.2l-7.2-0.6L12,2L9.2,8.6L2,9.2L7.5,14l-1.6,7L12,17.3z\" \/>\n<\/svg>\n<\/span><\/span><span style=\"display: none;\" itemprop=\"bestRating\" content=\"5\"><span>\n<svg xmlns=\"http:\/\/www.w3.org\/2000\/svg\" width=\"24\" height=\"24\" viewBox=\"0 0 24 24\">\n\t<path class=\"is-rating-unfilled\" fill=\"currentColor\" stroke=\"currentColor\" d=\"M12,17.3l6.2,3.7l-1.6-7L22,9.2l-7.2-0.6L12,2L9.2,8.6L2,9.2L7.5,14l-1.6,7L12,17.3z\" \/>\n<\/svg>\n<\/span>\n<span>\n<svg xmlns=\"http:\/\/www.w3.org\/2000\/svg\" width=\"24\" height=\"24\" viewBox=\"0 0 24 24\">\n\t<path class=\"is-rating-unfilled\" fill=\"currentColor\" stroke=\"currentColor\" d=\"M12,17.3l6.2,3.7l-1.6-7L22,9.2l-7.2-0.6L12,2L9.2,8.6L2,9.2L7.5,14l-1.6,7L12,17.3z\" \/>\n<\/svg>\n<\/span><\/span><span itemprop=\"ratingValue\" class=\"screen-reader-text\" content=\"3.5\">Note\u00a0: 3.5\u00a0sur 5.<\/span><\/div>\n\n\n<h2 class=\"wp-block-heading has-text-align-center\"><em>Alors, suis-je la seule \u00e0 avoir ce ressenti apr\u00e8s avoir lu ce sixi\u00e8me roman de l&rsquo;auteur ?<\/em><\/h2>\n\n\n\n<p class=\"has-text-align-center has-small-font-size wp-block-paragraph\">Merci aux <a href=\"https:\/\/www.lisez.com\/editeurs\/pocket\">Editions Pocket<\/a> pour ce Service de Presse.<\/p>\n\n\n\n<h2 class=\"wp-block-heading has-vivid-green-cyan-color has-text-color has-link-color wp-elements-e6dc839026742bbd95938b9eef431e8e\">Mes challenges<\/h2>\n\n\n\n<p class=\"has-medium-font-size wp-block-paragraph\">Cette lecture m&rsquo;a permis de valider la cat\u00e9gorie du <a href=\"https:\/\/serialectrice.com\/index.php\/2025\/02\/26\/challenge-litteraire-mars-2025\/\">challenge mensuel<\/a>. <strong>Couverture avec des nuages.<\/strong><\/p>\n\n\n\n<p class=\"wp-block-paragraph\"><\/p>\n","protected":false},"excerpt":{"rendered":"<p>Un final sous haute tension pour Grace Campbell et Sarah Gering\u00ebn.<\/p>\n","protected":false},"author":1,"featured_media":6357,"comment_status":"open","ping_status":"open","sticky":false,"template":"","format":"standard","meta":{"_crdt_document":"","om_disable_all_campaigns":false,"_uag_custom_page_level_css":"","_monsterinsights_skip_tracking":false,"_monsterinsights_sitenote_active":false,"_monsterinsights_sitenote_note":"","_monsterinsights_sitenote_category":0,"_uf_show_specific_survey":0,"_uf_disable_surveys":false,"_jetpack_memberships_contains_paid_content":false,"footnotes":"","jetpack_publicize_message":"L'archipel des oubli\u00e9s de Nicolas Beuglet. \n\nUn final sous haute tension pour Grace Campbell et Sarah Gering\u00ebn.","jetpack_publicize_feature_enabled":true,"jetpack_social_post_already_shared":true,"jetpack_social_options":{"image_generator_settings":{"template":"highway","enabled":false},"version":2}},"categories":[6,14],"tags":[247,180,25],"class_list":["post-6356","post","type-post","status-publish","format-standard","has-post-thumbnail","hentry","category-livres-lus","category-service-presse","tag-complots","tag-nicolas-beuglet","tag-thriller"],"aioseo_notices":[],"jetpack_publicize_connections":[],"jetpack_featured_media_url":"https:\/\/serialectrice.com\/wp-content\/uploads\/2025\/03\/Design-sans-titre-2.png","uagb_featured_image_src":{"full":["https:\/\/serialectrice.com\/wp-content\/uploads\/2025\/03\/Design-sans-titre-2.png",1080,1350,false],"thumbnail":["https:\/\/serialectrice.com\/wp-content\/uploads\/2025\/03\/Design-sans-titre-2-572x331.png",572,331,true],"medium":["https:\/\/serialectrice.com\/wp-content\/uploads\/2025\/03\/Design-sans-titre-2-240x300.png",240,300,true],"medium_large":["https:\/\/serialectrice.com\/wp-content\/uploads\/2025\/03\/Design-sans-titre-2-768x960.png",768,960,true],"large":["https:\/\/serialectrice.com\/wp-content\/uploads\/2025\/03\/Design-sans-titre-2-819x1024.png",819,1024,true],"post-slider-thumb-size":["https:\/\/serialectrice.com\/wp-content\/uploads\/2025\/03\/Design-sans-titre-2-330x190.png",330,190,true],"post-category-slider-size":["https:\/\/serialectrice.com\/wp-content\/uploads\/2025\/03\/Design-sans-titre-2-330x350.png",330,350,true],"1536x1536":["https:\/\/serialectrice.com\/wp-content\/uploads\/2025\/03\/Design-sans-titre-2.png",1080,1350,false],"2048x2048":["https:\/\/serialectrice.com\/wp-content\/uploads\/2025\/03\/Design-sans-titre-2.png",1080,1350,false],"hello-fashion-slider":["https:\/\/serialectrice.com\/wp-content\/uploads\/2025\/03\/Design-sans-titre-2-480x600.png",480,600,true],"hello-fashion-blog-three":["https:\/\/serialectrice.com\/wp-content\/uploads\/2025\/03\/Design-sans-titre-2-420x502.png",420,502,true],"hello-fashion-blog-four":["https:\/\/serialectrice.com\/wp-content\/uploads\/2025\/03\/Design-sans-titre-2-573x685.png",573,685,true],"vilva-slider-one":["https:\/\/serialectrice.com\/wp-content\/uploads\/2025\/03\/Design-sans-titre-2-1080x600.png",1080,600,true],"vilva-featured-four":["https:\/\/serialectrice.com\/wp-content\/uploads\/2025\/03\/Design-sans-titre-2-800x530.png",800,530,true],"vilva-blog":["https:\/\/serialectrice.com\/wp-content\/uploads\/2025\/03\/Design-sans-titre-2-420x280.png",420,280,true],"vilva-blog-one":["https:\/\/serialectrice.com\/wp-content\/uploads\/2025\/03\/Design-sans-titre-2-900x500.png",900,500,true],"vilva-sidebar":["https:\/\/serialectrice.com\/wp-content\/uploads\/2025\/03\/Design-sans-titre-2-840x473.png",840,473,true]},"uagb_author_info":{"display_name":"SeriaLectrice","author_link":"https:\/\/serialectrice.com\/index.php\/author\/cilounegmail-com\/"},"uagb_comment_info":1,"uagb_excerpt":"Un final sous haute tension pour Grace Campbell et Sarah Gering\u00ebn.","jetpack_sharing_enabled":true,"jetpack_likes_enabled":true,"_links":{"self":[{"href":"https:\/\/serialectrice.com\/index.php\/wp-json\/wp\/v2\/posts\/6356","targetHints":{"allow":["GET"]}}],"collection":[{"href":"https:\/\/serialectrice.com\/index.php\/wp-json\/wp\/v2\/posts"}],"about":[{"href":"https:\/\/serialectrice.com\/index.php\/wp-json\/wp\/v2\/types\/post"}],"author":[{"embeddable":true,"href":"https:\/\/serialectrice.com\/index.php\/wp-json\/wp\/v2\/users\/1"}],"replies":[{"embeddable":true,"href":"https:\/\/serialectrice.com\/index.php\/wp-json\/wp\/v2\/comments?post=6356"}],"version-history":[{"count":1,"href":"https:\/\/serialectrice.com\/index.php\/wp-json\/wp\/v2\/posts\/6356\/revisions"}],"predecessor-version":[{"id":6358,"href":"https:\/\/serialectrice.com\/index.php\/wp-json\/wp\/v2\/posts\/6356\/revisions\/6358"}],"wp:featuredmedia":[{"embeddable":true,"href":"https:\/\/serialectrice.com\/index.php\/wp-json\/wp\/v2\/media\/6357"}],"wp:attachment":[{"href":"https:\/\/serialectrice.com\/index.php\/wp-json\/wp\/v2\/media?parent=6356"}],"wp:term":[{"taxonomy":"category","embeddable":true,"href":"https:\/\/serialectrice.com\/index.php\/wp-json\/wp\/v2\/categories?post=6356"},{"taxonomy":"post_tag","embeddable":true,"href":"https:\/\/serialectrice.com\/index.php\/wp-json\/wp\/v2\/tags?post=6356"}],"curies":[{"name":"wp","href":"https:\/\/api.w.org\/{rel}","templated":true}]}}