{"id":6168,"date":"2024-12-27T22:05:38","date_gmt":"2024-12-27T21:05:38","guid":{"rendered":"https:\/\/serialectrice.com\/?p=6168"},"modified":"2024-12-27T22:05:40","modified_gmt":"2024-12-27T21:05:40","slug":"challenge-mensuel-de-lecture-_-janvier-2025","status":"publish","type":"post","link":"https:\/\/serialectrice.com\/index.php\/2024\/12\/27\/challenge-mensuel-de-lecture-_-janvier-2025\/","title":{"rendered":"Challenge Mensuel de Lecture _ Janvier 2025"},"content":{"rendered":"\n<p class=\"wp-block-paragraph\">L&rsquo;ann\u00e9e 2024 touche \u00e0 sa fin et il ne reste que quelques jours avant le mois de janvier et une nouvelle ann\u00e9e. Avez-vous r\u00e9ussi \u00e0 valider le <a href=\"https:\/\/serialectrice.com\/index.php\/2024\/11\/28\/challenge-mensuel-_-decembre-2024\/\">challenge mensuel de lecture pr\u00e9c\u00e9dent <\/a>? Si oui, combien de cat\u00e9gories avez-vous valid\u00e9 ? En ce qui me concerne, j&rsquo;ai encore tr\u00e8s peu lu et n&rsquo;ai valid\u00e9 que 5 cat\u00e9gories \u00e0 ce jour.<\/p>\n\n\n\n<p class=\"wp-block-paragraph\">Sans plus tarder, voici les challenge litt\u00e9raire du mois de janvier 2025.<\/p>\n\n\n\n<p class=\"wp-block-paragraph\"><strong>Je vous rappelle les conditions pour participer au challenge :<\/strong><\/p>\n\n\n\n<p class=\"wp-block-paragraph\">\ud83d\udcda Lis les livres entre le 1er et le 31 janvier.<br>\ud83d\udcd6 Un livre peut valider jusqu\u2019\u00e0 2 cat\u00e9gories.<br>\ud83d\udcd8 BDs et mangas sont accept\u00e9s.<br>\u2728 Le plus important : on se fait plaisir !<\/p>\n\n\n\n<h2 class=\"wp-block-heading\">1. Auteur.e d&rsquo;origine indienne<\/h2>\n\n\n\n<div class=\"wp-block-media-text is-stacked-on-mobile\" style=\"grid-template-columns:15% auto\"><figure class=\"wp-block-media-text__media\"><img loading=\"lazy\" decoding=\"async\" width=\"430\" height=\"681\" src=\"https:\/\/serialectrice.com\/wp-content\/uploads\/2024\/12\/une-aventure-de-perveen-mistry-tome-1-les-veuves-de-malabar-hill-1255243.png\" alt=\"\" class=\"wp-image-6169 size-full\" srcset=\"https:\/\/serialectrice.com\/wp-content\/uploads\/2024\/12\/une-aventure-de-perveen-mistry-tome-1-les-veuves-de-malabar-hill-1255243.png 430w, https:\/\/serialectrice.com\/wp-content\/uploads\/2024\/12\/une-aventure-de-perveen-mistry-tome-1-les-veuves-de-malabar-hill-1255243-189x300.png 189w, https:\/\/serialectrice.com\/wp-content\/uploads\/2024\/12\/une-aventure-de-perveen-mistry-tome-1-les-veuves-de-malabar-hill-1255243-38x60.png 38w\" sizes=\"auto, (max-width: 430px) 100vw, 430px\" \/><\/figure><div class=\"wp-block-media-text__content\">\n<p class=\"has-medium-font-size wp-block-paragraph\">Le 10 janvier a lieu la <strong>Journ\u00e9e de la langue Hindi<\/strong>. C&rsquo;est l&rsquo;occasion id\u00e9ale pour lire un.e auteur.ice d&rsquo;origine indienne. J&rsquo;aimerais beaucoup lire Sujata Massey avec <strong>Les veuves de Malabar Hill.<\/strong><\/p>\n<\/div><\/div>\n\n\n\n<h2 class=\"wp-block-heading\">2. Auteur.e tomb\u00e9.e dans le domaine public<\/h2>\n\n\n\n<div class=\"wp-block-media-text is-stacked-on-mobile\" style=\"grid-template-columns:15% auto\"><figure class=\"wp-block-media-text__media\"><img loading=\"lazy\" decoding=\"async\" width=\"400\" height=\"647\" src=\"https:\/\/serialectrice.com\/wp-content\/uploads\/2024\/12\/Bel-Ami.jpg\" alt=\"\" class=\"wp-image-6170 size-full\" srcset=\"https:\/\/serialectrice.com\/wp-content\/uploads\/2024\/12\/Bel-Ami.jpg 400w, https:\/\/serialectrice.com\/wp-content\/uploads\/2024\/12\/Bel-Ami-185x300.jpg 185w, https:\/\/serialectrice.com\/wp-content\/uploads\/2024\/12\/Bel-Ami-37x60.jpg 37w\" sizes=\"auto, (max-width: 400px) 100vw, 400px\" \/><\/figure><div class=\"wp-block-media-text__content\">\n<p class=\"has-medium-font-size wp-block-paragraph\">Le 1er janvier a lieu la <strong>Journ\u00e9e du Domaine Public<\/strong>, lorsque des \u0153uvres cessent d&rsquo;\u00eatre soumises au copyright. Ils peuvent d&rsquo;ailleurs \u00eatre t\u00e9l\u00e9charg\u00e9s gratuitement. J&rsquo;en profiterais bien pour lire <strong>Bel-Ami <\/strong>de Guy de Maupassant.<\/p>\n<\/div><\/div>\n\n\n\n<h2 class=\"wp-block-heading\">3. Titre \u00e9crit en police manuscrite<\/h2>\n\n\n\n<div class=\"wp-block-media-text is-stacked-on-mobile\" style=\"grid-template-columns:15% auto\"><figure class=\"wp-block-media-text__media\"><img loading=\"lazy\" decoding=\"async\" width=\"177\" height=\"284\" src=\"https:\/\/serialectrice.com\/wp-content\/uploads\/2024\/12\/images-3.jpg\" alt=\"\" class=\"wp-image-6173 size-full\" srcset=\"https:\/\/serialectrice.com\/wp-content\/uploads\/2024\/12\/images-3.jpg 177w, https:\/\/serialectrice.com\/wp-content\/uploads\/2024\/12\/images-3-37x60.jpg 37w\" sizes=\"auto, (max-width: 177px) 100vw, 177px\" \/><\/figure><div class=\"wp-block-media-text__content\">\n<p class=\"has-medium-font-size wp-block-paragraph\">Le 23 janvier a lieu la J<strong>ourn\u00e9e Mondiale de l&rsquo;\u00e9criture manuscrite<\/strong>. J&rsquo;aime beaucoup cette journ\u00e9e car je la remets r\u00e9guli\u00e8rement dans les challenges. Donc, nous cherchons un titre \u00e9crit en police manuscrite sur la couverture. Je lirai donc <strong>Ang\u00e9lique<\/strong> de Guillaume Musso, que l&rsquo;on m&rsquo;a pr\u00eat\u00e9.<\/p>\n<\/div><\/div>\n\n\n\n<h2 class=\"wp-block-heading\">4. Titre avec le mot NUIT<\/h2>\n\n\n\n<div class=\"wp-block-media-text is-stacked-on-mobile\" style=\"grid-template-columns:15% auto\"><figure class=\"wp-block-media-text__media\"><img loading=\"lazy\" decoding=\"async\" width=\"705\" height=\"1000\" src=\"https:\/\/serialectrice.com\/wp-content\/uploads\/2024\/12\/71rEVAM2ifL._AC_UF10001000_QL80_.jpg\" alt=\"\" class=\"wp-image-6174 size-full\" srcset=\"https:\/\/serialectrice.com\/wp-content\/uploads\/2024\/12\/71rEVAM2ifL._AC_UF10001000_QL80_.jpg 705w, https:\/\/serialectrice.com\/wp-content\/uploads\/2024\/12\/71rEVAM2ifL._AC_UF10001000_QL80_-212x300.jpg 212w, https:\/\/serialectrice.com\/wp-content\/uploads\/2024\/12\/71rEVAM2ifL._AC_UF10001000_QL80_-42x60.jpg 42w\" sizes=\"auto, (max-width: 705px) 100vw, 705px\" \/><\/figure><div class=\"wp-block-media-text__content\">\n<p class=\"has-medium-font-size wp-block-paragraph\">Du 23 au 26 janvier auront lieu <strong>Les nuits de la lecture<\/strong>. C&rsquo;est pour cette raison que nous lirons un livre dont le titre comprend le mot Nuit. C&rsquo;est l&rsquo;occasion id\u00e9ale pour lire <strong>Nuit d&rsquo;orage \u00e0 Hauterives <\/strong>d&rsquo;autant plus que je voudrais profiter de 2025 pour lire tous les ouvrages des <a href=\"https:\/\/editions-hurlevent.myshopify.com\/\">Editions de Hurlevent<\/a>.<\/p>\n<\/div><\/div>\n\n\n\n<h2 class=\"wp-block-heading\">5. Couverture avec une personne seule.<\/h2>\n\n\n\n<div class=\"wp-block-media-text is-stacked-on-mobile\" style=\"grid-template-columns:15% auto\"><figure class=\"wp-block-media-text__media\"><img loading=\"lazy\" decoding=\"async\" width=\"430\" height=\"681\" src=\"https:\/\/serialectrice.com\/wp-content\/uploads\/2024\/12\/une-aventure-de-perveen-mistry-tome-1-les-veuves-de-malabar-hill-1255243-1.png\" alt=\"\" class=\"wp-image-6175 size-full\" srcset=\"https:\/\/serialectrice.com\/wp-content\/uploads\/2024\/12\/une-aventure-de-perveen-mistry-tome-1-les-veuves-de-malabar-hill-1255243-1.png 430w, https:\/\/serialectrice.com\/wp-content\/uploads\/2024\/12\/une-aventure-de-perveen-mistry-tome-1-les-veuves-de-malabar-hill-1255243-1-189x300.png 189w, https:\/\/serialectrice.com\/wp-content\/uploads\/2024\/12\/une-aventure-de-perveen-mistry-tome-1-les-veuves-de-malabar-hill-1255243-1-38x60.png 38w\" sizes=\"auto, (max-width: 430px) 100vw, 430px\" \/><\/figure><div class=\"wp-block-media-text__content\">\n<p class=\"has-medium-font-size wp-block-paragraph\">Le 23 janvier a lieu la <strong>Journ\u00e9e Mondiale des Solitudes<\/strong>. C&rsquo;est pourquoi nous cherchons une couverture sur laquelle se trouve une (et une seule) personne. <strong>Les veuves de Malabar Hill<\/strong> me permettront de valider deux cat\u00e9gories de cette fa\u00e7on.<\/p>\n<\/div><\/div>\n\n\n\n<h2 class=\"wp-block-heading\">6. Couverture avec 2 personnes qui s&#8217;embrassent ou s&rsquo;enlacent<\/h2>\n\n\n\n<div class=\"wp-block-media-text is-stacked-on-mobile\" style=\"grid-template-columns:15% auto\"><figure class=\"wp-block-media-text__media\"><img loading=\"lazy\" decoding=\"async\" width=\"641\" height=\"1000\" src=\"https:\/\/serialectrice.com\/wp-content\/uploads\/2024\/12\/81NXeBQaIgL._AC_UF10001000_QL80_.jpg\" alt=\"\" class=\"wp-image-6176 size-full\" srcset=\"https:\/\/serialectrice.com\/wp-content\/uploads\/2024\/12\/81NXeBQaIgL._AC_UF10001000_QL80_.jpg 641w, https:\/\/serialectrice.com\/wp-content\/uploads\/2024\/12\/81NXeBQaIgL._AC_UF10001000_QL80_-192x300.jpg 192w, https:\/\/serialectrice.com\/wp-content\/uploads\/2024\/12\/81NXeBQaIgL._AC_UF10001000_QL80_-38x60.jpg 38w\" sizes=\"auto, (max-width: 641px) 100vw, 641px\" \/><\/figure><div class=\"wp-block-media-text__content\">\n<p class=\"has-medium-font-size wp-block-paragraph\">Le 21 janvier, nous f\u00eatons \u00e9galement la <strong>Journ\u00e9e Internationales des c\u00e2lins.<\/strong> Nous chercherons donc un livre dont la couverture pr\u00e9sente deux personnes qui s&#8217;embrassent ou s&rsquo;enlacent ouqui semblent attentionn\u00e9s l&rsquo;un envers l&rsquo;autre. J&rsquo;aimerais beaucoup lire <strong>Trait\u00e9 de la vie \u00e9l\u00e9gante<\/strong> de Balzac pour l&rsquo;occasion.<\/p>\n<\/div><\/div>\n\n\n\n<h2 class=\"wp-block-heading\">7. Quatri\u00e8me avec le mot Bleu<\/h2>\n\n\n\n<div class=\"wp-block-media-text is-stacked-on-mobile\" style=\"grid-template-columns:15% auto\"><figure class=\"wp-block-media-text__media\"><img loading=\"lazy\" decoding=\"async\" width=\"400\" height=\"593\" src=\"https:\/\/serialectrice.com\/wp-content\/uploads\/2024\/12\/Les-cailloux-d-argent.jpg\" alt=\"\" class=\"wp-image-6178 size-full\" srcset=\"https:\/\/serialectrice.com\/wp-content\/uploads\/2024\/12\/Les-cailloux-d-argent.jpg 400w, https:\/\/serialectrice.com\/wp-content\/uploads\/2024\/12\/Les-cailloux-d-argent-202x300.jpg 202w, https:\/\/serialectrice.com\/wp-content\/uploads\/2024\/12\/Les-cailloux-d-argent-40x60.jpg 40w\" sizes=\"auto, (max-width: 400px) 100vw, 400px\" \/><\/figure><div class=\"wp-block-media-text__content\">\n<p class=\"has-medium-font-size wp-block-paragraph\">Le 20 janvier est un lundi particulier. C&rsquo;est le <strong>Blue Monday<\/strong>, le jour suppos\u00e9ment le plus d\u00e9primant de l&rsquo;ann\u00e9e. Nous lirons donc un livre dans lequel on retrouve le mot Bleu ou une couleur similaire (turquoise, indigo, \u00e9meraude &#8230; ) sur la quatri\u00e8me de couverture. Je vais essayer de lire <strong>Les cailloux d&rsquo;argent<\/strong> de H.J Schneider.<\/p>\n<\/div><\/div>\n\n\n\n<h2 class=\"wp-block-heading\">8. Quatri\u00e8me avec 2 mots de sens proches<\/h2>\n\n\n\n<div class=\"wp-block-media-text is-stacked-on-mobile\" style=\"grid-template-columns:15% auto\"><figure class=\"wp-block-media-text__media\"><img loading=\"lazy\" decoding=\"async\" width=\"616\" height=\"1024\" src=\"https:\/\/serialectrice.com\/wp-content\/uploads\/2024\/11\/81Jj4CsYh2L._SL1500_-616x1024.jpg\" alt=\"\" class=\"wp-image-6107 size-full\" srcset=\"https:\/\/serialectrice.com\/wp-content\/uploads\/2024\/11\/81Jj4CsYh2L._SL1500_-616x1024.jpg 616w, https:\/\/serialectrice.com\/wp-content\/uploads\/2024\/11\/81Jj4CsYh2L._SL1500_-180x300.jpg 180w, https:\/\/serialectrice.com\/wp-content\/uploads\/2024\/11\/81Jj4CsYh2L._SL1500_-768x1277.jpg 768w, https:\/\/serialectrice.com\/wp-content\/uploads\/2024\/11\/81Jj4CsYh2L._SL1500_-36x60.jpg 36w, https:\/\/serialectrice.com\/wp-content\/uploads\/2024\/11\/81Jj4CsYh2L._SL1500_.jpg 902w\" sizes=\"auto, (max-width: 616px) 100vw, 616px\" \/><\/figure><div class=\"wp-block-media-text__content\">\n<p class=\"has-medium-font-size wp-block-paragraph\">Le 18 janvier a lieu la <strong>Journ\u00e9e Mondiale des synonymes<\/strong>. Nous chercherons donc 2 mots de sens proches sur la Quatri\u00e8me de Couverture. Je n&rsquo;ai pas r\u00e9ussi \u00e0 le lire en d\u00e9cembre, je retente en janvier avec <strong>Un jour, tu paieras <\/strong>qui comporte les mots <strong>carri\u00e9riste<\/strong> et <strong>ambitieuse<\/strong>.<\/p>\n<\/div><\/div>\n\n\n\n<h2 class=\"wp-block-heading\">9. Lire une Bande Dessin\u00e9e<\/h2>\n\n\n\n<div class=\"wp-block-media-text is-stacked-on-mobile\" style=\"grid-template-columns:15% auto\"><figure class=\"wp-block-media-text__media\"><img loading=\"lazy\" decoding=\"async\" width=\"447\" height=\"600\" src=\"https:\/\/serialectrice.com\/wp-content\/uploads\/2024\/12\/9782369810131_C.jpg\" alt=\"\" class=\"wp-image-6172 size-full\" srcset=\"https:\/\/serialectrice.com\/wp-content\/uploads\/2024\/12\/9782369810131_C.jpg 447w, https:\/\/serialectrice.com\/wp-content\/uploads\/2024\/12\/9782369810131_C-224x300.jpg 224w, https:\/\/serialectrice.com\/wp-content\/uploads\/2024\/12\/9782369810131_C-45x60.jpg 45w\" sizes=\"auto, (max-width: 447px) 100vw, 447px\" \/><\/figure><div class=\"wp-block-media-text__content\">\n<p class=\"has-medium-font-size wp-block-paragraph\">Le 10 janvier a \u00e9galement lieu la <strong>Journ\u00e9e Mondiale consacr\u00e9e \u00e0 Tintin.<\/strong> Etant donn\u00e9 qu&rsquo;il s&rsquo;agit d&rsquo;un personnage de Bande-Dessin\u00e9e, je propose d&rsquo;en lire pour ce challenge. J&rsquo;aimerais bien lire <strong>Le ch\u00e2teau des \u00e9toiles<\/strong> pour l&rsquo;occasion.<\/p>\n<\/div><\/div>\n\n\n\n<h2 class=\"wp-block-heading\">10. Livre dans lequel on retrouve un plat italien<\/h2>\n\n\n\n<div class=\"wp-block-media-text is-stacked-on-mobile\" style=\"grid-template-columns:15% auto\"><figure class=\"wp-block-media-text__media\"><img loading=\"lazy\" decoding=\"async\" width=\"400\" height=\"634\" src=\"https:\/\/serialectrice.com\/wp-content\/uploads\/2024\/12\/Un-tourbillon-de-sable-et-de-cendre.jpg\" alt=\"\" class=\"wp-image-6177 size-full\" srcset=\"https:\/\/serialectrice.com\/wp-content\/uploads\/2024\/12\/Un-tourbillon-de-sable-et-de-cendre.jpg 400w, https:\/\/serialectrice.com\/wp-content\/uploads\/2024\/12\/Un-tourbillon-de-sable-et-de-cendre-189x300.jpg 189w, https:\/\/serialectrice.com\/wp-content\/uploads\/2024\/12\/Un-tourbillon-de-sable-et-de-cendre-38x60.jpg 38w\" sizes=\"auto, (max-width: 400px) 100vw, 400px\" \/><\/figure><div class=\"wp-block-media-text__content\">\n<p class=\"has-medium-font-size wp-block-paragraph\">Enfin, nous c\u00e9l\u00e9brons <strong>la cuisine italienne<\/strong> le 17 janvier. Ainsi, si vous croisez un plat italien au cours de votre lecture, elle pourra valider cette cat\u00e9gorie. J&rsquo;esp\u00e8re trouver mon bonheur avec le roman Un tourbillon de sable et de cendre qui se d\u00e9roule \u00e0 Florence, en Italie.<\/p>\n<\/div><\/div>\n\n\n\n<h2 class=\"wp-block-heading has-text-align-center\"><em>Alors, vous avez d\u00e9j\u00e0 quelques id\u00e9es de lecture pour ce challenge ? N&rsquo;h\u00e9sitez pas \u00e0 partager vos titres en commentaire.<\/em><\/h2>\n","protected":false},"excerpt":{"rendered":"<p>Voici le nouveau challenge mensuel de lecture pour janvier 2025. <\/p>\n","protected":false},"author":1,"featured_media":6179,"comment_status":"open","ping_status":"open","sticky":false,"template":"","format":"standard","meta":{"_crdt_document":"","om_disable_all_campaigns":false,"_uag_custom_page_level_css":"","_monsterinsights_skip_tracking":false,"_monsterinsights_sitenote_active":false,"_monsterinsights_sitenote_note":"","_monsterinsights_sitenote_category":0,"_uf_show_specific_survey":0,"_uf_disable_surveys":false,"_jetpack_memberships_contains_paid_content":false,"footnotes":"","jetpack_publicize_message":"Voici le nouveau challenge mensuel de lecture pour janvier 2025. \n\nRetrouvez dix nouvelles cat\u00e9gories et quelques id\u00e9es lecture.","jetpack_publicize_feature_enabled":true,"jetpack_social_post_already_shared":false,"jetpack_social_options":{"image_generator_settings":{"template":"highway","enabled":false},"version":2}},"categories":[4,6],"tags":[8,267],"class_list":["post-6168","post","type-post","status-publish","format-standard","has-post-thumbnail","hentry","category-challenge","category-livres-lus","tag-challenge","tag-challenge-mensuel"],"aioseo_notices":[],"jetpack_publicize_connections":[],"jetpack_featured_media_url":"https:\/\/serialectrice.com\/wp-content\/uploads\/2024\/12\/Challenge-Litteraire-1080-x-1350-px-3.png","uagb_featured_image_src":{"full":["https:\/\/serialectrice.com\/wp-content\/uploads\/2024\/12\/Challenge-Litteraire-1080-x-1350-px-3.png",1080,1350,false],"thumbnail":["https:\/\/serialectrice.com\/wp-content\/uploads\/2024\/12\/Challenge-Litteraire-1080-x-1350-px-3-572x331.png",572,331,true],"medium":["https:\/\/serialectrice.com\/wp-content\/uploads\/2024\/12\/Challenge-Litteraire-1080-x-1350-px-3-240x300.png",240,300,true],"medium_large":["https:\/\/serialectrice.com\/wp-content\/uploads\/2024\/12\/Challenge-Litteraire-1080-x-1350-px-3-768x960.png",768,960,true],"large":["https:\/\/serialectrice.com\/wp-content\/uploads\/2024\/12\/Challenge-Litteraire-1080-x-1350-px-3-819x1024.png",819,1024,true],"post-slider-thumb-size":["https:\/\/serialectrice.com\/wp-content\/uploads\/2024\/12\/Challenge-Litteraire-1080-x-1350-px-3-330x190.png",330,190,true],"post-category-slider-size":["https:\/\/serialectrice.com\/wp-content\/uploads\/2024\/12\/Challenge-Litteraire-1080-x-1350-px-3-330x350.png",330,350,true],"1536x1536":["https:\/\/serialectrice.com\/wp-content\/uploads\/2024\/12\/Challenge-Litteraire-1080-x-1350-px-3.png",1080,1350,false],"2048x2048":["https:\/\/serialectrice.com\/wp-content\/uploads\/2024\/12\/Challenge-Litteraire-1080-x-1350-px-3.png",1080,1350,false],"hello-fashion-slider":["https:\/\/serialectrice.com\/wp-content\/uploads\/2024\/12\/Challenge-Litteraire-1080-x-1350-px-3-480x600.png",480,600,true],"hello-fashion-blog-three":["https:\/\/serialectrice.com\/wp-content\/uploads\/2024\/12\/Challenge-Litteraire-1080-x-1350-px-3-420x502.png",420,502,true],"hello-fashion-blog-four":["https:\/\/serialectrice.com\/wp-content\/uploads\/2024\/12\/Challenge-Litteraire-1080-x-1350-px-3-573x685.png",573,685,true],"vilva-slider-one":["https:\/\/serialectrice.com\/wp-content\/uploads\/2024\/12\/Challenge-Litteraire-1080-x-1350-px-3-1080x600.png",1080,600,true],"vilva-featured-four":["https:\/\/serialectrice.com\/wp-content\/uploads\/2024\/12\/Challenge-Litteraire-1080-x-1350-px-3-800x530.png",800,530,true],"vilva-blog":["https:\/\/serialectrice.com\/wp-content\/uploads\/2024\/12\/Challenge-Litteraire-1080-x-1350-px-3-420x280.png",420,280,true],"vilva-blog-one":["https:\/\/serialectrice.com\/wp-content\/uploads\/2024\/12\/Challenge-Litteraire-1080-x-1350-px-3-900x500.png",900,500,true],"vilva-sidebar":["https:\/\/serialectrice.com\/wp-content\/uploads\/2024\/12\/Challenge-Litteraire-1080-x-1350-px-3-840x473.png",840,473,true]},"uagb_author_info":{"display_name":"SeriaLectrice","author_link":"https:\/\/serialectrice.com\/index.php\/author\/cilounegmail-com\/"},"uagb_comment_info":7,"uagb_excerpt":"Voici le nouveau challenge mensuel de lecture pour janvier 2025.","jetpack_sharing_enabled":true,"jetpack_likes_enabled":true,"_links":{"self":[{"href":"https:\/\/serialectrice.com\/index.php\/wp-json\/wp\/v2\/posts\/6168","targetHints":{"allow":["GET"]}}],"collection":[{"href":"https:\/\/serialectrice.com\/index.php\/wp-json\/wp\/v2\/posts"}],"about":[{"href":"https:\/\/serialectrice.com\/index.php\/wp-json\/wp\/v2\/types\/post"}],"author":[{"embeddable":true,"href":"https:\/\/serialectrice.com\/index.php\/wp-json\/wp\/v2\/users\/1"}],"replies":[{"embeddable":true,"href":"https:\/\/serialectrice.com\/index.php\/wp-json\/wp\/v2\/comments?post=6168"}],"version-history":[{"count":2,"href":"https:\/\/serialectrice.com\/index.php\/wp-json\/wp\/v2\/posts\/6168\/revisions"}],"predecessor-version":[{"id":6180,"href":"https:\/\/serialectrice.com\/index.php\/wp-json\/wp\/v2\/posts\/6168\/revisions\/6180"}],"wp:featuredmedia":[{"embeddable":true,"href":"https:\/\/serialectrice.com\/index.php\/wp-json\/wp\/v2\/media\/6179"}],"wp:attachment":[{"href":"https:\/\/serialectrice.com\/index.php\/wp-json\/wp\/v2\/media?parent=6168"}],"wp:term":[{"taxonomy":"category","embeddable":true,"href":"https:\/\/serialectrice.com\/index.php\/wp-json\/wp\/v2\/categories?post=6168"},{"taxonomy":"post_tag","embeddable":true,"href":"https:\/\/serialectrice.com\/index.php\/wp-json\/wp\/v2\/tags?post=6168"}],"curies":[{"name":"wp","href":"https:\/\/api.w.org\/{rel}","templated":true}]}}