{"id":6121,"date":"2024-12-05T18:00:00","date_gmt":"2024-12-05T17:00:00","guid":{"rendered":"https:\/\/serialectrice.com\/?p=6121"},"modified":"2024-12-01T16:48:56","modified_gmt":"2024-12-01T15:48:56","slug":"lequilibre-des-corps-_-jeremie-guez","status":"publish","type":"post","link":"https:\/\/serialectrice.com\/index.php\/2024\/12\/05\/lequilibre-des-corps-_-jeremie-guez\/","title":{"rendered":"L&rsquo;\u00e9quilibre des corps _ J\u00e9r\u00e9mie Guez"},"content":{"rendered":"\n<h2 class=\"wp-block-heading has-vivid-green-cyan-color has-text-color has-link-color wp-elements-5c7d3f6bb369d22af630f843c0bdfefc\">R\u00e9sum\u00e9<\/h2>\n\n\n\n<p class=\"wp-block-paragraph\" style=\"font-size:19px\">L&rsquo;\u00e9quilibre des corps. Dans les ann\u00e9es 70, en banlieue parisienne, Marcelo trouve un jeune gar\u00e7on sans abri sur le chantier o\u00f9 il travaille comme couvreur. Il lui offre le g\u00eete et le couvert sous l\u2019\u0153il m\u00e9fiant de sa femme Cecilia, et de leur fille, Chiara, du m\u00eame \u00e2ge que l\u2019orphelin italien. Marcelo ne peut se r\u00e9soudre \u00e0 l\u2019abandonner et l\u2019emm\u00e8ne chaque jour avec lui. Ciro apprend vite et ne conna\u00eet pas le vertige. Enfant prodigue pour Marcelo, il est un \u00e9tranger dan\u00adgereux pour Cecilia et le souffre-douleur de Chiara. Malgr\u00e9 le rejet dont il est l\u2019objet, l\u2019adolescent est fascin\u00e9 par la beaut\u00e9 et l\u2019assurance de cette s\u0153ur d\u2019adoption. Il est d\u00e9cid\u00e9 \u00e0 tout faire pour lui prouver sa loyaut\u00e9 et son attachement. Au risque de tout perdre. <\/p>\n\n\n\n<h2 class=\"wp-block-heading has-vivid-green-cyan-color has-text-color has-link-color wp-elements-f23c8b2a16e312961195b63e6e32e882\">Mon ressenti<\/h2>\n\n\n\n<p class=\"has-medium-font-size wp-block-paragraph\">D\u00e8s le d\u00e9but du roman, j\u2019ai senti que j&rsquo;allais m&rsquo;attacher \u00e0 Ciro, jeune orphelin caboss\u00e9 par la vie. Abandonn\u00e9 \u00e0 lui-m\u00eame sur un chantier, il croise la route de Marcelo, un couvreur au grand c\u0153ur. Ce dernier d\u00e9cide de l\u2019accueillir, au grand dam de sa femme, C\u00e9cilia, et de sa fille, Chiara. Tr\u00e8s vite, la relation entre Chiara et Ciro est d\u00e9voil\u00e9e, oscillant entre rivalit\u00e9, affection et une \u00e9trange tension. <\/p>\n\n\n\n<p class=\"has-medium-font-size wp-block-paragraph\">Ciro, marqu\u00e9 par la duret\u00e9 de la rue, et Chiara, r\u00eavant d\u2019un avenir brillant, viennent de deux mondes qui s\u2019entrechoquent. Parviendront-ils alors \u00e0 s&rsquo;amadouer ? La loyaut\u00e9 de Ciro et la qu\u00eate de libert\u00e9 de Chiara sont-elles incompatibles ? \u00c0 mesure que les liens familiaux se tissent, puis se d\u00e9litent, on ne peut s\u2019emp\u00eacher de s\u2019interroger sur notre propre loyaut\u00e9. Serions-nous aussi loyal que Ciro dans les m\u00eames circonstances ?<\/p>\n\n\n\n<p class=\"has-medium-font-size wp-block-paragraph\">J\u00e9r\u00e9mie Guez a un v\u00e9ritable talent d&rsquo;\u00e9crivain. . Avec une \u00e9criture brute mais po\u00e9tique, il nous plonge dans un univers profond\u00e9ment humain. Chaque mot semble pes\u00e9 pour retranscrire la rudesse de la vie et la tendresse des relations. Par moments, j\u2019avais l\u2019impression de sentir l\u2019odeur des toits parisiens ou de percevoir la chaleur \u00e9touffante des rues napolitaines. Rarement une lecture n\u2019aura \u00e9t\u00e9 aussi immersive et percutante. J&rsquo;ai vraiment \u00e9t\u00e9 conquise.<\/p>\n\n\n\n<p class=\"has-text-align-center has-medium-font-size wp-block-paragraph\"><em>L&rsquo;\u00e9quilibre des corps est un roman qui happe et bouleverse. Une \u0153uvre profond\u00e9ment humaine qui m\u00e9rite d\u2019\u00eatre d\u00e9couverte. <\/em><\/p>\n\n\n<div class=\"wp-block-jetpack-rating-star\" style=\"text-align:center\" itemprop=\"reviewRating\" itemscope itemtype=\"http:\/\/schema.org\/Rating\"><p><span aria-hidden=\"true\">\u2b50<\/span><span aria-hidden=\"true\">\u2b50<\/span><span aria-hidden=\"true\">\u2b50<\/span><span aria-hidden=\"true\">\u2b50<\/span><span aria-hidden=\"true\">\u2b50<\/span><\/p><span style=\"display: none;\" itemprop=\"worstRating\" content=\"0.5\"><span>\n<svg xmlns=\"http:\/\/www.w3.org\/2000\/svg\" width=\"24\" height=\"24\" viewBox=\"0 0 24 24\">\n\t<path class=\"\" fill=\"currentColor\" stroke=\"currentColor\" d=\"M12,17.3l6.2,3.7l-1.6-7L22,9.2l-7.2-0.6L12,2L9.2,8.6L2,9.2L7.5,14l-1.6,7L12,17.3z\" \/>\n<\/svg>\n<\/span>\n<span>\n<svg xmlns=\"http:\/\/www.w3.org\/2000\/svg\" width=\"24\" height=\"24\" viewBox=\"0 0 24 24\">\n\t<path class=\"\" fill=\"currentColor\" stroke=\"currentColor\" d=\"M12,17.3l6.2,3.7l-1.6-7L22,9.2l-7.2-0.6L12,2L9.2,8.6L2,9.2L7.5,14l-1.6,7L12,17.3z\" \/>\n<\/svg>\n<\/span><\/span><span style=\"display: none;\" ><span>\n<svg xmlns=\"http:\/\/www.w3.org\/2000\/svg\" width=\"24\" height=\"24\" viewBox=\"0 0 24 24\">\n\t<path class=\"\" fill=\"currentColor\" stroke=\"currentColor\" d=\"M12,17.3l6.2,3.7l-1.6-7L22,9.2l-7.2-0.6L12,2L9.2,8.6L2,9.2L7.5,14l-1.6,7L12,17.3z\" \/>\n<\/svg>\n<\/span>\n<span>\n<svg xmlns=\"http:\/\/www.w3.org\/2000\/svg\" width=\"24\" height=\"24\" viewBox=\"0 0 24 24\">\n\t<path class=\"\" fill=\"currentColor\" stroke=\"currentColor\" d=\"M12,17.3l6.2,3.7l-1.6-7L22,9.2l-7.2-0.6L12,2L9.2,8.6L2,9.2L7.5,14l-1.6,7L12,17.3z\" \/>\n<\/svg>\n<\/span><\/span><span style=\"display: none;\" ><span>\n<svg xmlns=\"http:\/\/www.w3.org\/2000\/svg\" width=\"24\" height=\"24\" viewBox=\"0 0 24 24\">\n\t<path class=\"\" fill=\"currentColor\" stroke=\"currentColor\" d=\"M12,17.3l6.2,3.7l-1.6-7L22,9.2l-7.2-0.6L12,2L9.2,8.6L2,9.2L7.5,14l-1.6,7L12,17.3z\" \/>\n<\/svg>\n<\/span>\n<span>\n<svg xmlns=\"http:\/\/www.w3.org\/2000\/svg\" width=\"24\" height=\"24\" viewBox=\"0 0 24 24\">\n\t<path class=\"\" fill=\"currentColor\" stroke=\"currentColor\" d=\"M12,17.3l6.2,3.7l-1.6-7L22,9.2l-7.2-0.6L12,2L9.2,8.6L2,9.2L7.5,14l-1.6,7L12,17.3z\" \/>\n<\/svg>\n<\/span><\/span><span style=\"display: none;\" ><span>\n<svg xmlns=\"http:\/\/www.w3.org\/2000\/svg\" width=\"24\" height=\"24\" viewBox=\"0 0 24 24\">\n\t<path class=\"\" fill=\"currentColor\" stroke=\"currentColor\" d=\"M12,17.3l6.2,3.7l-1.6-7L22,9.2l-7.2-0.6L12,2L9.2,8.6L2,9.2L7.5,14l-1.6,7L12,17.3z\" \/>\n<\/svg>\n<\/span>\n<span>\n<svg xmlns=\"http:\/\/www.w3.org\/2000\/svg\" width=\"24\" height=\"24\" viewBox=\"0 0 24 24\">\n\t<path class=\"\" fill=\"currentColor\" stroke=\"currentColor\" d=\"M12,17.3l6.2,3.7l-1.6-7L22,9.2l-7.2-0.6L12,2L9.2,8.6L2,9.2L7.5,14l-1.6,7L12,17.3z\" \/>\n<\/svg>\n<\/span><\/span><span style=\"display: none;\" itemprop=\"bestRating\" content=\"5\"><span>\n<svg xmlns=\"http:\/\/www.w3.org\/2000\/svg\" width=\"24\" height=\"24\" viewBox=\"0 0 24 24\">\n\t<path class=\"\" fill=\"currentColor\" stroke=\"currentColor\" d=\"M12,17.3l6.2,3.7l-1.6-7L22,9.2l-7.2-0.6L12,2L9.2,8.6L2,9.2L7.5,14l-1.6,7L12,17.3z\" \/>\n<\/svg>\n<\/span>\n<span>\n<svg xmlns=\"http:\/\/www.w3.org\/2000\/svg\" width=\"24\" height=\"24\" viewBox=\"0 0 24 24\">\n\t<path class=\"\" fill=\"currentColor\" stroke=\"currentColor\" d=\"M12,17.3l6.2,3.7l-1.6-7L22,9.2l-7.2-0.6L12,2L9.2,8.6L2,9.2L7.5,14l-1.6,7L12,17.3z\" \/>\n<\/svg>\n<\/span><\/span><span itemprop=\"ratingValue\" class=\"screen-reader-text\" content=\"5\">Note\u00a0: 5\u00a0sur 5.<\/span><\/div>\n\n\n<p class=\"has-text-align-center has-small-font-size wp-block-paragraph\">Merci \u00e0 Version Femina pour l&rsquo;envoi de ce roman dans le cadre du Prix des lectrices Femina.<\/p>\n\n\n\n<h2 class=\"wp-block-heading has-vivid-green-cyan-color has-text-color has-link-color wp-elements-cbfe1e5a90337bcb9225e99f0a665ebb\">Mes  challenges<\/h2>\n\n\n\n<p class=\"has-medium-font-size wp-block-paragraph\">Cette lecture m&rsquo;a permis de valider la cat\u00e9gorie du <a href=\"https:\/\/serialectrice.com\/index.php\/mes-challenges-litteraires\/\">challenge<\/a> annuel <a href=\"https:\/\/www.facebook.com\/groups\/707636122759664\">La t\u00eate dans les livres<\/a>. <strong>Livre dans lequel le personnage principal est p\u00e8re.<\/strong><\/p>\n\n\n\n<p class=\"wp-block-paragraph\"><\/p>\n","protected":false},"excerpt":{"rendered":"<p>Entre douceur et brutalit\u00e9, ce roman nous offre ce qu&rsquo;il y a de plus beau et de plus sombre.<\/p>\n","protected":false},"author":1,"featured_media":6134,"comment_status":"open","ping_status":"open","sticky":false,"template":"","format":"standard","meta":{"_crdt_document":"","om_disable_all_campaigns":false,"_uag_custom_page_level_css":"","_monsterinsights_skip_tracking":false,"_monsterinsights_sitenote_active":false,"_monsterinsights_sitenote_note":"","_monsterinsights_sitenote_category":0,"_uf_show_specific_survey":0,"_uf_disable_surveys":false,"_jetpack_memberships_contains_paid_content":false,"footnotes":"","jetpack_publicize_message":"L'\u00e9quilibre des corps de J\u00e9r\u00e9mie Guez. \n\nEntre douceur et brutalit\u00e9, ce roman nous offre ce qu'il y a de plus beau et de plus sombre.","jetpack_publicize_feature_enabled":true,"jetpack_social_post_already_shared":true,"jetpack_social_options":{"image_generator_settings":{"template":"highway","enabled":false},"version":2}},"categories":[35,6,14],"tags":[726],"class_list":["post-6121","post","type-post","status-publish","format-standard","has-post-thumbnail","hentry","category-jury","category-livres-lus","category-service-presse","tag-jeremie-guez"],"aioseo_notices":[],"jetpack_publicize_connections":[],"jetpack_featured_media_url":"https:\/\/serialectrice.com\/wp-content\/uploads\/2024\/12\/Design-sans-titre-2024-12-01T164136.690.png","uagb_featured_image_src":{"full":["https:\/\/serialectrice.com\/wp-content\/uploads\/2024\/12\/Design-sans-titre-2024-12-01T164136.690.png",1080,1350,false],"thumbnail":["https:\/\/serialectrice.com\/wp-content\/uploads\/2024\/12\/Design-sans-titre-2024-12-01T164136.690-572x331.png",572,331,true],"medium":["https:\/\/serialectrice.com\/wp-content\/uploads\/2024\/12\/Design-sans-titre-2024-12-01T164136.690-240x300.png",240,300,true],"medium_large":["https:\/\/serialectrice.com\/wp-content\/uploads\/2024\/12\/Design-sans-titre-2024-12-01T164136.690-768x960.png",768,960,true],"large":["https:\/\/serialectrice.com\/wp-content\/uploads\/2024\/12\/Design-sans-titre-2024-12-01T164136.690-819x1024.png",819,1024,true],"post-slider-thumb-size":["https:\/\/serialectrice.com\/wp-content\/uploads\/2024\/12\/Design-sans-titre-2024-12-01T164136.690-330x190.png",330,190,true],"post-category-slider-size":["https:\/\/serialectrice.com\/wp-content\/uploads\/2024\/12\/Design-sans-titre-2024-12-01T164136.690-330x350.png",330,350,true],"1536x1536":["https:\/\/serialectrice.com\/wp-content\/uploads\/2024\/12\/Design-sans-titre-2024-12-01T164136.690.png",1080,1350,false],"2048x2048":["https:\/\/serialectrice.com\/wp-content\/uploads\/2024\/12\/Design-sans-titre-2024-12-01T164136.690.png",1080,1350,false],"hello-fashion-slider":["https:\/\/serialectrice.com\/wp-content\/uploads\/2024\/12\/Design-sans-titre-2024-12-01T164136.690-480x600.png",480,600,true],"hello-fashion-blog-three":["https:\/\/serialectrice.com\/wp-content\/uploads\/2024\/12\/Design-sans-titre-2024-12-01T164136.690-420x502.png",420,502,true],"hello-fashion-blog-four":["https:\/\/serialectrice.com\/wp-content\/uploads\/2024\/12\/Design-sans-titre-2024-12-01T164136.690-573x685.png",573,685,true],"vilva-slider-one":["https:\/\/serialectrice.com\/wp-content\/uploads\/2024\/12\/Design-sans-titre-2024-12-01T164136.690-1080x600.png",1080,600,true],"vilva-featured-four":["https:\/\/serialectrice.com\/wp-content\/uploads\/2024\/12\/Design-sans-titre-2024-12-01T164136.690-800x530.png",800,530,true],"vilva-blog":["https:\/\/serialectrice.com\/wp-content\/uploads\/2024\/12\/Design-sans-titre-2024-12-01T164136.690-420x280.png",420,280,true],"vilva-blog-one":["https:\/\/serialectrice.com\/wp-content\/uploads\/2024\/12\/Design-sans-titre-2024-12-01T164136.690-900x500.png",900,500,true],"vilva-sidebar":["https:\/\/serialectrice.com\/wp-content\/uploads\/2024\/12\/Design-sans-titre-2024-12-01T164136.690-840x473.png",840,473,true]},"uagb_author_info":{"display_name":"SeriaLectrice","author_link":"https:\/\/serialectrice.com\/index.php\/author\/cilounegmail-com\/"},"uagb_comment_info":0,"uagb_excerpt":"Entre douceur et brutalit\u00e9, ce roman nous offre ce qu'il y a de plus beau et de plus sombre.","jetpack_sharing_enabled":true,"jetpack_likes_enabled":true,"_links":{"self":[{"href":"https:\/\/serialectrice.com\/index.php\/wp-json\/wp\/v2\/posts\/6121","targetHints":{"allow":["GET"]}}],"collection":[{"href":"https:\/\/serialectrice.com\/index.php\/wp-json\/wp\/v2\/posts"}],"about":[{"href":"https:\/\/serialectrice.com\/index.php\/wp-json\/wp\/v2\/types\/post"}],"author":[{"embeddable":true,"href":"https:\/\/serialectrice.com\/index.php\/wp-json\/wp\/v2\/users\/1"}],"replies":[{"embeddable":true,"href":"https:\/\/serialectrice.com\/index.php\/wp-json\/wp\/v2\/comments?post=6121"}],"version-history":[{"count":3,"href":"https:\/\/serialectrice.com\/index.php\/wp-json\/wp\/v2\/posts\/6121\/revisions"}],"predecessor-version":[{"id":6135,"href":"https:\/\/serialectrice.com\/index.php\/wp-json\/wp\/v2\/posts\/6121\/revisions\/6135"}],"wp:featuredmedia":[{"embeddable":true,"href":"https:\/\/serialectrice.com\/index.php\/wp-json\/wp\/v2\/media\/6134"}],"wp:attachment":[{"href":"https:\/\/serialectrice.com\/index.php\/wp-json\/wp\/v2\/media?parent=6121"}],"wp:term":[{"taxonomy":"category","embeddable":true,"href":"https:\/\/serialectrice.com\/index.php\/wp-json\/wp\/v2\/categories?post=6121"},{"taxonomy":"post_tag","embeddable":true,"href":"https:\/\/serialectrice.com\/index.php\/wp-json\/wp\/v2\/tags?post=6121"}],"curies":[{"name":"wp","href":"https:\/\/api.w.org\/{rel}","templated":true}]}}