{"id":6100,"date":"2024-11-28T18:00:00","date_gmt":"2024-11-28T17:00:00","guid":{"rendered":"https:\/\/serialectrice.com\/?p=6100"},"modified":"2024-11-28T18:01:00","modified_gmt":"2024-11-28T17:01:00","slug":"challenge-mensuel-_-decembre-2024","status":"publish","type":"post","link":"https:\/\/serialectrice.com\/index.php\/2024\/11\/28\/challenge-mensuel-_-decembre-2024\/","title":{"rendered":"Challenge Mensuel _ D\u00e9cembre 2024"},"content":{"rendered":"\n<p class=\"wp-block-paragraph\">Le mois de novembre touche \u00e0 sa fin et il ne reste que quelques jours avant l&rsquo;arriv\u00e9e du mois de d\u00e9cembre. Avez-vous r\u00e9ussi \u00e0 valider le <a href=\"https:\/\/serialectrice.com\/index.php\/2024\/10\/27\/challenge-mensuel-_-novembre-2024\/\">challenge mensuel pr\u00e9c\u00e9dent <\/a>? Si oui, combien de cat\u00e9gories avez-vous valid\u00e9 ? En ce qui me concerne, j&rsquo;ai tr\u00e8s peu lu ce mois-ci (panne de lecture) et je n&rsquo;ai donc valid\u00e9 que 2 ou 3 cat\u00e9gories. <\/p>\n\n\n\n<p class=\"wp-block-paragraph\">Sans plus tarder, voici les challenge litt\u00e9raire du mois de d\u00e9cembre 2024.<\/p>\n\n\n\n<p class=\"wp-block-paragraph\"><strong>Je vous rappelle les conditions pour participer au challenge :<\/strong><\/p>\n\n\n\n<p class=\"wp-block-paragraph\">Lis les livres entre le 1er et le 31 d\u00e9cembre<br>Un livre peut valider jusqu\u2019\u00e0 2 cat\u00e9gories<br>BDs et mangas sont accept\u00e9s<br>Le plus important : on se fait plaisir !<\/p>\n\n\n\n<h2 class=\"wp-block-heading\">1. Auteur en 12 lettres (au total)<\/h2>\n\n\n\n<div class=\"wp-block-media-text is-stacked-on-mobile\" style=\"grid-template-columns:15% auto\"><figure class=\"wp-block-media-text__media\"><img loading=\"lazy\" decoding=\"async\" width=\"400\" height=\"655\" src=\"https:\/\/serialectrice.com\/wp-content\/uploads\/2024\/11\/Dans-les-brumes-de-Capelans.jpg\" alt=\"\" class=\"wp-image-6102 size-full\" srcset=\"https:\/\/serialectrice.com\/wp-content\/uploads\/2024\/11\/Dans-les-brumes-de-Capelans.jpg 400w, https:\/\/serialectrice.com\/wp-content\/uploads\/2024\/11\/Dans-les-brumes-de-Capelans-183x300.jpg 183w, https:\/\/serialectrice.com\/wp-content\/uploads\/2024\/11\/Dans-les-brumes-de-Capelans-37x60.jpg 37w\" sizes=\"auto, (max-width: 400px) 100vw, 400px\" \/><\/figure><div class=\"wp-block-media-text__content\">\n<p class=\"has-medium-font-size wp-block-paragraph\">D\u00e9cembre \u00e9tant le 12\u00e8me mois de l&rsquo;ann\u00e9e, je vous invite \u00e0 lire un livre dont le nom et pr\u00e9nom de l&rsquo;auteur contiennent 12 lettres au total. J&rsquo;aimerais bien lire <strong>Dans les brumes de Capelans<\/strong> d&rsquo;Olivier Norek.<\/p>\n<\/div><\/div>\n\n\n\n<h2 class=\"wp-block-heading\">2. Auteur dont le nom contient les lettres NOEL<\/h2>\n\n\n\n<div class=\"wp-block-media-text is-stacked-on-mobile\" style=\"grid-template-columns:15% auto\"><figure class=\"wp-block-media-text__media\"><img loading=\"lazy\" decoding=\"async\" width=\"512\" height=\"684\" src=\"https:\/\/serialectrice.com\/wp-content\/uploads\/2024\/10\/les-parfums-de-ma-vie-5227169-1.jpg\" alt=\"\" class=\"wp-image-6073 size-full\" srcset=\"https:\/\/serialectrice.com\/wp-content\/uploads\/2024\/10\/les-parfums-de-ma-vie-5227169-1.jpg 512w, https:\/\/serialectrice.com\/wp-content\/uploads\/2024\/10\/les-parfums-de-ma-vie-5227169-1-225x300.jpg 225w, https:\/\/serialectrice.com\/wp-content\/uploads\/2024\/10\/les-parfums-de-ma-vie-5227169-1-45x60.jpg 45w\" sizes=\"auto, (max-width: 512px) 100vw, 512px\" \/><\/figure><div class=\"wp-block-media-text__content\">\n<p class=\"has-medium-font-size wp-block-paragraph\">On ne peut pas proposer un challenge lecture en d\u00e9cembre sans \u00e9voquer No\u00ebl. C&rsquo;est pour cette raison que nous chercherons un roman dont le nom de l&rsquo;auteur contient les lettres NOEL. Je lirai<strong> Les parfums de ma vie<\/strong> que je dois lire depuis un moment d\u00e9j\u00e0.<\/p>\n<\/div><\/div>\n\n\n\n<h2 class=\"wp-block-heading\">3. Titre en lien avec l&rsquo;hiver<\/h2>\n\n\n\n<div class=\"wp-block-media-text is-stacked-on-mobile\" style=\"grid-template-columns:15% auto\"><figure class=\"wp-block-media-text__media\"><img loading=\"lazy\" decoding=\"async\" width=\"663\" height=\"1024\" src=\"https:\/\/serialectrice.com\/wp-content\/uploads\/2024\/11\/81CpGSfogeL._SL1500_-663x1024.jpg\" alt=\"\" class=\"wp-image-6103 size-full\" srcset=\"https:\/\/serialectrice.com\/wp-content\/uploads\/2024\/11\/81CpGSfogeL._SL1500_-663x1024.jpg 663w, https:\/\/serialectrice.com\/wp-content\/uploads\/2024\/11\/81CpGSfogeL._SL1500_-194x300.jpg 194w, https:\/\/serialectrice.com\/wp-content\/uploads\/2024\/11\/81CpGSfogeL._SL1500_-768x1186.jpg 768w, https:\/\/serialectrice.com\/wp-content\/uploads\/2024\/11\/81CpGSfogeL._SL1500_-39x60.jpg 39w, https:\/\/serialectrice.com\/wp-content\/uploads\/2024\/11\/81CpGSfogeL._SL1500_.jpg 971w\" sizes=\"auto, (max-width: 663px) 100vw, 663px\" \/><\/figure><div class=\"wp-block-media-text__content\">\n<p class=\"has-medium-font-size wp-block-paragraph\">Je vous propose \u00e9galement de chercher un titre qui vous \u00e9voque l&rsquo;hiver. J&rsquo;aimerais bien d\u00e9couvrir la plume d&rsquo;Anne Perry avec le roman <strong>La fianc\u00e9e de No\u00ebl<\/strong>.<\/p>\n<\/div><\/div>\n\n\n\n<h2 class=\"wp-block-heading\">4. Titre en 8 mots<\/h2>\n\n\n\n<div class=\"wp-block-media-text is-stacked-on-mobile\" style=\"grid-template-columns:15% auto\"><figure class=\"wp-block-media-text__media\"><img loading=\"lazy\" decoding=\"async\" width=\"633\" height=\"1024\" src=\"https:\/\/serialectrice.com\/wp-content\/uploads\/2024\/11\/61ewcmA3WFL._SL1051_-633x1024.jpg\" alt=\"\" class=\"wp-image-6104 size-full\" srcset=\"https:\/\/serialectrice.com\/wp-content\/uploads\/2024\/11\/61ewcmA3WFL._SL1051_-633x1024.jpg 633w, https:\/\/serialectrice.com\/wp-content\/uploads\/2024\/11\/61ewcmA3WFL._SL1051_-186x300.jpg 186w, https:\/\/serialectrice.com\/wp-content\/uploads\/2024\/11\/61ewcmA3WFL._SL1051_-37x60.jpg 37w, https:\/\/serialectrice.com\/wp-content\/uploads\/2024\/11\/61ewcmA3WFL._SL1051_.jpg 650w\" sizes=\"auto, (max-width: 633px) 100vw, 633px\" \/><\/figure><div class=\"wp-block-media-text__content\">\n<p class=\"has-medium-font-size wp-block-paragraph\">Le mot d\u00e9cembre contenant 8 lettres, je vous propose de chercher un titre qui est compos\u00e9 de 8 mots. Je voudrais lire <strong>Je ne cours plus qu&rsquo;apr\u00e8s mes r\u00eaves <\/strong>de Bruno Combes.<\/p>\n<\/div><\/div>\n\n\n\n<h2 class=\"wp-block-heading\">5. Couverture avec un cadeau<\/h2>\n\n\n\n<div class=\"wp-block-media-text is-stacked-on-mobile\" style=\"grid-template-columns:15% auto\"><figure class=\"wp-block-media-text__media\"><img loading=\"lazy\" decoding=\"async\" width=\"616\" height=\"1024\" src=\"https:\/\/serialectrice.com\/wp-content\/uploads\/2024\/11\/71BzUDg7C4L._SL1500_-616x1024.jpg\" alt=\"\" class=\"wp-image-6105 size-full\" srcset=\"https:\/\/serialectrice.com\/wp-content\/uploads\/2024\/11\/71BzUDg7C4L._SL1500_-616x1024.jpg 616w, https:\/\/serialectrice.com\/wp-content\/uploads\/2024\/11\/71BzUDg7C4L._SL1500_-180x300.jpg 180w, https:\/\/serialectrice.com\/wp-content\/uploads\/2024\/11\/71BzUDg7C4L._SL1500_-768x1277.jpg 768w, https:\/\/serialectrice.com\/wp-content\/uploads\/2024\/11\/71BzUDg7C4L._SL1500_-36x60.jpg 36w, https:\/\/serialectrice.com\/wp-content\/uploads\/2024\/11\/71BzUDg7C4L._SL1500_.jpg 902w\" sizes=\"auto, (max-width: 616px) 100vw, 616px\" \/><\/figure><div class=\"wp-block-media-text__content\">\n<p class=\"has-medium-font-size wp-block-paragraph\">D\u00e9cembre, symbole des f\u00eates de fin d&rsquo;ann\u00e9e, je vous invite \u00e0 lire un livre sur lequel on retrouve un cadeau en couverture. Je n&rsquo;ai qu&rsquo;un seul roman avec cet \u00e9l\u00e9ment en couverture. Si je suis motiv\u00e9e, je lirai <strong>La caresse de l&rsquo;hiver<\/strong> de Susan Wiggs.<\/p>\n<\/div><\/div>\n\n\n\n<h2 class=\"wp-block-heading\">6. Couverture avec des montagnes<\/h2>\n\n\n\n<div class=\"wp-block-media-text is-stacked-on-mobile\" style=\"grid-template-columns:15% auto\"><figure class=\"wp-block-media-text__media\"><img loading=\"lazy\" decoding=\"async\" width=\"622\" height=\"1024\" src=\"https:\/\/serialectrice.com\/wp-content\/uploads\/2024\/11\/81aI3Zu9vDL._SL1500_-622x1024.jpg\" alt=\"\" class=\"wp-image-6106 size-full\" srcset=\"https:\/\/serialectrice.com\/wp-content\/uploads\/2024\/11\/81aI3Zu9vDL._SL1500_-622x1024.jpg 622w, https:\/\/serialectrice.com\/wp-content\/uploads\/2024\/11\/81aI3Zu9vDL._SL1500_-182x300.jpg 182w, https:\/\/serialectrice.com\/wp-content\/uploads\/2024\/11\/81aI3Zu9vDL._SL1500_-768x1265.jpg 768w, https:\/\/serialectrice.com\/wp-content\/uploads\/2024\/11\/81aI3Zu9vDL._SL1500_-36x60.jpg 36w, https:\/\/serialectrice.com\/wp-content\/uploads\/2024\/11\/81aI3Zu9vDL._SL1500_.jpg 911w\" sizes=\"auto, (max-width: 622px) 100vw, 622px\" \/><\/figure><div class=\"wp-block-media-text__content\">\n<p class=\"has-medium-font-size wp-block-paragraph\">Le 11 d\u00e9cembre a lieu La Journ\u00e9e Internationale de la Montagne. C&rsquo;est pour cela que nous chercherons \u00e0 lire un livre sur lequel on retrouve des montagnes en couverture. Je lirai <strong>Seyvoz<\/strong> que j&rsquo;ai re\u00e7u de la part des <a href=\"https:\/\/www.folio-lesite.fr\/\">\u00e9ditions Folio<\/a>.<\/p>\n<\/div><\/div>\n\n\n\n<h2 class=\"wp-block-heading\">7. Quatri\u00e8me qui commence par la lettre D<\/h2>\n\n\n\n<div class=\"wp-block-media-text is-stacked-on-mobile\" style=\"grid-template-columns:15% auto\"><figure class=\"wp-block-media-text__media\"><img loading=\"lazy\" decoding=\"async\" width=\"616\" height=\"1024\" src=\"https:\/\/serialectrice.com\/wp-content\/uploads\/2024\/11\/81Jj4CsYh2L._SL1500_-616x1024.jpg\" alt=\"\" class=\"wp-image-6107 size-full\" srcset=\"https:\/\/serialectrice.com\/wp-content\/uploads\/2024\/11\/81Jj4CsYh2L._SL1500_-616x1024.jpg 616w, https:\/\/serialectrice.com\/wp-content\/uploads\/2024\/11\/81Jj4CsYh2L._SL1500_-180x300.jpg 180w, https:\/\/serialectrice.com\/wp-content\/uploads\/2024\/11\/81Jj4CsYh2L._SL1500_-768x1277.jpg 768w, https:\/\/serialectrice.com\/wp-content\/uploads\/2024\/11\/81Jj4CsYh2L._SL1500_-36x60.jpg 36w, https:\/\/serialectrice.com\/wp-content\/uploads\/2024\/11\/81Jj4CsYh2L._SL1500_.jpg 902w\" sizes=\"auto, (max-width: 616px) 100vw, 616px\" \/><\/figure><div class=\"wp-block-media-text__content\">\n<p class=\"has-medium-font-size wp-block-paragraph\">Lisons un livre dont la quatri\u00e8me de couverture commence par la lettre D, comme le mois de D\u00e9cembre. Je voudrais lire <strong>Un jour, tu paieras<\/strong> qui m&rsquo;a \u00e9t\u00e9 conseill\u00e9 dans le cadre du challenge 12 mois, 12 livres.<\/p>\n<\/div><\/div>\n\n\n\n<h2 class=\"wp-block-heading\">8. Quatri\u00e8me avec un accent tr\u00e9ma.<\/h2>\n\n\n\n<div class=\"wp-block-media-text is-stacked-on-mobile\" style=\"grid-template-columns:15% auto\"><figure class=\"wp-block-media-text__media\"><img loading=\"lazy\" decoding=\"async\" width=\"400\" height=\"575\" src=\"https:\/\/serialectrice.com\/wp-content\/uploads\/2024\/11\/G09614.jpg.webp\" alt=\"\" class=\"wp-image-6109 size-full\" srcset=\"https:\/\/serialectrice.com\/wp-content\/uploads\/2024\/11\/G09614.jpg.webp 400w, https:\/\/serialectrice.com\/wp-content\/uploads\/2024\/11\/G09614.jpg-209x300.webp 209w, https:\/\/serialectrice.com\/wp-content\/uploads\/2024\/11\/G09614.jpg-42x60.webp 42w\" sizes=\"auto, (max-width: 400px) 100vw, 400px\" \/><\/figure><div class=\"wp-block-media-text__content\">\n<p class=\"has-medium-font-size wp-block-paragraph\">No\u00ebl ayant la particularit\u00e9 d&rsquo;avoir un tr\u00e9ma, je vous propose de lire un roman dans lequel on retrouve un accent tr\u00e9ma sur la quatri\u00e8me de couverture. J&rsquo;aimerais beaucoup lire <strong>Fort Alamo <\/strong>de Fabrice Caro.<\/p>\n<\/div><\/div>\n\n\n\n<h2 class=\"wp-block-heading\">9. Personnage b\u00e9n\u00e9vole<\/h2>\n\n\n\n<div class=\"wp-block-media-text is-stacked-on-mobile\" style=\"grid-template-columns:15% auto\"><figure class=\"wp-block-media-text__media\"><img loading=\"lazy\" decoding=\"async\" width=\"269\" height=\"435\" src=\"https:\/\/serialectrice.com\/wp-content\/uploads\/2024\/11\/9782253934639-001-T.jpeg\" alt=\"\" class=\"wp-image-6108 size-full\" srcset=\"https:\/\/serialectrice.com\/wp-content\/uploads\/2024\/11\/9782253934639-001-T.jpeg 269w, https:\/\/serialectrice.com\/wp-content\/uploads\/2024\/11\/9782253934639-001-T-186x300.jpeg 186w, https:\/\/serialectrice.com\/wp-content\/uploads\/2024\/11\/9782253934639-001-T-37x60.jpeg 37w\" sizes=\"auto, (max-width: 269px) 100vw, 269px\" \/><\/figure><div class=\"wp-block-media-text__content\">\n<p class=\"has-medium-font-size wp-block-paragraph\">Le 5 d\u00e9cembre a lieu la Journ\u00e9e Mondiale du B\u00e9n\u00e9volat. Nous allons donc chercher et lire un livre dans lequel un des personnages est b\u00e9n\u00e9vole. Je lirai <strong>Les victorieuses<\/strong> de Laetitia Colombani.<\/p>\n<\/div><\/div>\n\n\n\n<h2 class=\"wp-block-heading\">10. Publi\u00e9 en d\u00e9cembre<\/h2>\n\n\n\n<div class=\"wp-block-media-text is-stacked-on-mobile\" style=\"grid-template-columns:15% auto\"><figure class=\"wp-block-media-text__media\"><img loading=\"lazy\" decoding=\"async\" width=\"201\" height=\"330\" src=\"https:\/\/serialectrice.com\/wp-content\/uploads\/2024\/04\/inconnu.jpg\" alt=\"\" class=\"wp-image-5656 size-full\" srcset=\"https:\/\/serialectrice.com\/wp-content\/uploads\/2024\/04\/inconnu.jpg 201w, https:\/\/serialectrice.com\/wp-content\/uploads\/2024\/04\/inconnu-183x300.jpg 183w, https:\/\/serialectrice.com\/wp-content\/uploads\/2024\/04\/inconnu-37x60.jpg 37w\" sizes=\"auto, (max-width: 201px) 100vw, 201px\" \/><\/figure><div class=\"wp-block-media-text__content\">\n<p class=\"has-medium-font-size wp-block-paragraph\">Enfin, lisons un roman publi\u00e9 en d\u00e9cembre. Je lirai un des romans que je vais recevoir dans le cadre des mes partenariats.<\/p>\n<\/div><\/div>\n\n\n\n<p class=\"wp-block-paragraph\"><\/p>\n","protected":false},"excerpt":{"rendered":"<p>Voici les dix nouvelles cat\u00e9gorie du challenge litt\u00e9raire de d\u00e9cembre.<\/p>\n","protected":false},"author":1,"featured_media":6110,"comment_status":"open","ping_status":"open","sticky":false,"template":"","format":"standard","meta":{"_crdt_document":"","om_disable_all_campaigns":false,"_uag_custom_page_level_css":"","_monsterinsights_skip_tracking":false,"_monsterinsights_sitenote_active":false,"_monsterinsights_sitenote_note":"","_monsterinsights_sitenote_category":0,"_uf_show_specific_survey":0,"_uf_disable_surveys":false,"_jetpack_memberships_contains_paid_content":false,"footnotes":"","jetpack_publicize_message":"Voici les dix nouvelles cat\u00e9gorie du challenge litt\u00e9raire de d\u00e9cembre.","jetpack_publicize_feature_enabled":true,"jetpack_social_post_already_shared":true,"jetpack_social_options":{"image_generator_settings":{"template":"highway","enabled":false},"version":2}},"categories":[6],"tags":[],"class_list":["post-6100","post","type-post","status-publish","format-standard","has-post-thumbnail","hentry","category-livres-lus"],"aioseo_notices":[],"jetpack_publicize_connections":[],"jetpack_featured_media_url":"https:\/\/serialectrice.com\/wp-content\/uploads\/2024\/11\/1.png","uagb_featured_image_src":{"full":["https:\/\/serialectrice.com\/wp-content\/uploads\/2024\/11\/1.png",1080,1350,false],"thumbnail":["https:\/\/serialectrice.com\/wp-content\/uploads\/2024\/11\/1-572x331.png",572,331,true],"medium":["https:\/\/serialectrice.com\/wp-content\/uploads\/2024\/11\/1-240x300.png",240,300,true],"medium_large":["https:\/\/serialectrice.com\/wp-content\/uploads\/2024\/11\/1-768x960.png",768,960,true],"large":["https:\/\/serialectrice.com\/wp-content\/uploads\/2024\/11\/1-819x1024.png",819,1024,true],"post-slider-thumb-size":["https:\/\/serialectrice.com\/wp-content\/uploads\/2024\/11\/1-330x190.png",330,190,true],"post-category-slider-size":["https:\/\/serialectrice.com\/wp-content\/uploads\/2024\/11\/1-330x350.png",330,350,true],"1536x1536":["https:\/\/serialectrice.com\/wp-content\/uploads\/2024\/11\/1.png",1080,1350,false],"2048x2048":["https:\/\/serialectrice.com\/wp-content\/uploads\/2024\/11\/1.png",1080,1350,false],"hello-fashion-slider":["https:\/\/serialectrice.com\/wp-content\/uploads\/2024\/11\/1-480x600.png",480,600,true],"hello-fashion-blog-three":["https:\/\/serialectrice.com\/wp-content\/uploads\/2024\/11\/1-420x502.png",420,502,true],"hello-fashion-blog-four":["https:\/\/serialectrice.com\/wp-content\/uploads\/2024\/11\/1-573x685.png",573,685,true],"vilva-slider-one":["https:\/\/serialectrice.com\/wp-content\/uploads\/2024\/11\/1-1080x600.png",1080,600,true],"vilva-featured-four":["https:\/\/serialectrice.com\/wp-content\/uploads\/2024\/11\/1-800x530.png",800,530,true],"vilva-blog":["https:\/\/serialectrice.com\/wp-content\/uploads\/2024\/11\/1-420x280.png",420,280,true],"vilva-blog-one":["https:\/\/serialectrice.com\/wp-content\/uploads\/2024\/11\/1-900x500.png",900,500,true],"vilva-sidebar":["https:\/\/serialectrice.com\/wp-content\/uploads\/2024\/11\/1-840x473.png",840,473,true]},"uagb_author_info":{"display_name":"SeriaLectrice","author_link":"https:\/\/serialectrice.com\/index.php\/author\/cilounegmail-com\/"},"uagb_comment_info":7,"uagb_excerpt":"Voici les dix nouvelles cat\u00e9gorie du challenge litt\u00e9raire de d\u00e9cembre.","jetpack_sharing_enabled":true,"jetpack_likes_enabled":true,"_links":{"self":[{"href":"https:\/\/serialectrice.com\/index.php\/wp-json\/wp\/v2\/posts\/6100","targetHints":{"allow":["GET"]}}],"collection":[{"href":"https:\/\/serialectrice.com\/index.php\/wp-json\/wp\/v2\/posts"}],"about":[{"href":"https:\/\/serialectrice.com\/index.php\/wp-json\/wp\/v2\/types\/post"}],"author":[{"embeddable":true,"href":"https:\/\/serialectrice.com\/index.php\/wp-json\/wp\/v2\/users\/1"}],"replies":[{"embeddable":true,"href":"https:\/\/serialectrice.com\/index.php\/wp-json\/wp\/v2\/comments?post=6100"}],"version-history":[{"count":3,"href":"https:\/\/serialectrice.com\/index.php\/wp-json\/wp\/v2\/posts\/6100\/revisions"}],"predecessor-version":[{"id":6116,"href":"https:\/\/serialectrice.com\/index.php\/wp-json\/wp\/v2\/posts\/6100\/revisions\/6116"}],"wp:featuredmedia":[{"embeddable":true,"href":"https:\/\/serialectrice.com\/index.php\/wp-json\/wp\/v2\/media\/6110"}],"wp:attachment":[{"href":"https:\/\/serialectrice.com\/index.php\/wp-json\/wp\/v2\/media?parent=6100"}],"wp:term":[{"taxonomy":"category","embeddable":true,"href":"https:\/\/serialectrice.com\/index.php\/wp-json\/wp\/v2\/categories?post=6100"},{"taxonomy":"post_tag","embeddable":true,"href":"https:\/\/serialectrice.com\/index.php\/wp-json\/wp\/v2\/tags?post=6100"}],"curies":[{"name":"wp","href":"https:\/\/api.w.org\/{rel}","templated":true}]}}