{"id":6032,"date":"2024-10-23T18:00:00","date_gmt":"2024-10-23T17:00:00","guid":{"rendered":"https:\/\/serialectrice.com\/?p=6032"},"modified":"2024-10-20T09:49:03","modified_gmt":"2024-10-20T08:49:03","slug":"les-radley","status":"publish","type":"post","link":"https:\/\/serialectrice.com\/index.php\/2024\/10\/23\/les-radley\/","title":{"rendered":"Les Radley _ Matt Haig"},"content":{"rendered":"\n<h2 class=\"wp-block-heading has-vivid-green-cyan-color has-text-color has-link-color wp-elements-5c7d3f6bb369d22af630f843c0bdfefc\">R\u00e9sum\u00e9<\/h2>\n\n\n\n<p class=\"wp-block-paragraph\" style=\"font-size:19px\">Ils n&rsquo;ont qu&rsquo;une addiction : le sang. Mais depuis plus de vingt ans, ils ont d\u00e9cid\u00e9 de renoncer \u00e0 leur p\u00e9ch\u00e9 mignon et de se d\u00e9sintoxiquer. Pas facile d&rsquo;\u00eatre un vampire urbain au XXIe si\u00e8cle !<\/p>\n\n\n\n<p class=\"wp-block-paragraph\" style=\"font-size:19px\">Dans une banlieue british tout ce qu&rsquo;il y a de plus respectable, les Radley essayent d\u00e9sesp\u00e9r\u00e9ment de se comporter comme \u00ab des gens normaux \u00bb. Mais des vampires de souche peuvent-ils d\u00e9finitivement refouler leurs d\u00e9sirs et leurs instincts ? Pas s\u00fbr&#8230;<\/p>\n\n\n\n<h2 class=\"wp-block-heading has-vivid-green-cyan-color has-text-color has-link-color wp-elements-f23c8b2a16e312961195b63e6e32e882\">Mon ressenti<\/h2>\n\n\n\n<p class=\"has-medium-font-size wp-block-paragraph\">Je vous le dis d&#8217;embl\u00e9e, ce roman sur la famille Radley ne m&rsquo;a pas convaincue. D\u00e8s les premi\u00e8res pages, je me suis retrouv\u00e9e face \u00e0 des personnages qui manquaient cruellement de profondeur. Peter, le p\u00e8re, coinc\u00e9 dans une crise existentielle, et Helen, qui s&rsquo;accroche d\u00e9sesp\u00e9r\u00e9ment \u00e0 un id\u00e9al de vie, m&rsquo;ont sembl\u00e9 bien peu attachants. Quant \u00e0 leurs enfants, Clara et Rowan, bien que prometteurs, n&rsquo;ont pas su retenir mon attention. Seul Rowan a su \u00e9veiller un peu d&#8217;empathie avec son mal-\u00eatre, mais m\u00eame cela n&rsquo;a pas suffi \u00e0 faire de lui un personnage marquant. Et Will, ce fr\u00e8re \u00e0 la fois troublant et charismatique ? Eh bien, il est sous-exploit\u00e9 \u00e0 mon avis.<\/p>\n\n\n\n<p class=\"has-medium-font-size wp-block-paragraph\">L&rsquo;intrigue, elle aussi, m&rsquo;a laiss\u00e9e sur ma faim. L&rsquo;id\u00e9e de suivre une famille de vampires tentant de s&rsquo;int\u00e9grer dans une banlieue anglaise tranquille aurait pu \u00eatre int\u00e9ressante et originale, mais l&rsquo;intrigue est rest\u00e9e plate. La fameuse crise de Clara, durant laquelle elle tue son agresseur, aurait d\u00fb marquer un tournant d\u00e9cisif. Pourtant, tout retombe aussit\u00f4t dans une s\u00e9rie de conflits familiaux classiques et sans grande originalit\u00e9. Le suspense peine \u00e0 se maintenir et les r\u00e9v\u00e9lations sont souvent pr\u00e9visibles. C&rsquo;est comme si l&rsquo;auteur avait install\u00e9 les bases d&rsquo;une bonne histoire sans jamais r\u00e9ussir \u00e0 leur donner l&rsquo;ampleur n\u00e9cessaire pour captiver r\u00e9ellement.<\/p>\n\n\n\n<p class=\"has-medium-font-size wp-block-paragraph\">Quant \u00e0 l\u2019\u00e9criture\u2026 Je n\u2019ai tout simplement pas accroch\u00e9. Trop de phrases courtes et d\u00e9cousues. Cela m\u2019a souvent fait d\u00e9crocher. C&rsquo;est dommage, car le potentiel \u00e9tait l\u00e0, avec un univers qui aurait pu apporter quelque chose de nouveau aux histoires de vampires. Malheureusement, le r\u00e9sultat manque d&rsquo;\u00e9motion et d\u2019ambiance.<\/p>\n\n\n\n<p class=\"has-text-align-center has-medium-font-size wp-block-paragraph\"><em>En conclusion, malgr\u00e9 quelques bonnes id\u00e9es, je me suis ennuy\u00e9e tout au long de cette lecture. Si vous cherchez un roman de vampires plein de tension et de myst\u00e8re, vous serez peut-\u00eatre d\u00e9\u00e7us.<\/em><\/p>\n\n\n<div class=\"wp-block-jetpack-rating-star\" style=\"text-align:center\" itemprop=\"reviewRating\" itemscope itemtype=\"http:\/\/schema.org\/Rating\"><p><span aria-hidden=\"true\">\u2b50<\/span><span aria-hidden=\"true\">\u2b50<\/span><\/p><span style=\"display: none;\" itemprop=\"worstRating\" content=\"0.5\"><span>\n<svg xmlns=\"http:\/\/www.w3.org\/2000\/svg\" width=\"24\" height=\"24\" viewBox=\"0 0 24 24\">\n\t<path class=\"\" fill=\"currentColor\" stroke=\"currentColor\" d=\"M12,17.3l6.2,3.7l-1.6-7L22,9.2l-7.2-0.6L12,2L9.2,8.6L2,9.2L7.5,14l-1.6,7L12,17.3z\" \/>\n<\/svg>\n<\/span>\n<span>\n<svg xmlns=\"http:\/\/www.w3.org\/2000\/svg\" width=\"24\" height=\"24\" viewBox=\"0 0 24 24\">\n\t<path class=\"\" fill=\"currentColor\" stroke=\"currentColor\" d=\"M12,17.3l6.2,3.7l-1.6-7L22,9.2l-7.2-0.6L12,2L9.2,8.6L2,9.2L7.5,14l-1.6,7L12,17.3z\" \/>\n<\/svg>\n<\/span><\/span><span style=\"display: none;\" ><span>\n<svg xmlns=\"http:\/\/www.w3.org\/2000\/svg\" width=\"24\" height=\"24\" viewBox=\"0 0 24 24\">\n\t<path class=\"\" fill=\"currentColor\" stroke=\"currentColor\" d=\"M12,17.3l6.2,3.7l-1.6-7L22,9.2l-7.2-0.6L12,2L9.2,8.6L2,9.2L7.5,14l-1.6,7L12,17.3z\" \/>\n<\/svg>\n<\/span>\n<span>\n<svg xmlns=\"http:\/\/www.w3.org\/2000\/svg\" width=\"24\" height=\"24\" viewBox=\"0 0 24 24\">\n\t<path class=\"\" fill=\"currentColor\" stroke=\"currentColor\" d=\"M12,17.3l6.2,3.7l-1.6-7L22,9.2l-7.2-0.6L12,2L9.2,8.6L2,9.2L7.5,14l-1.6,7L12,17.3z\" \/>\n<\/svg>\n<\/span><\/span><span style=\"display: none;\" ><span>\n<svg xmlns=\"http:\/\/www.w3.org\/2000\/svg\" width=\"24\" height=\"24\" viewBox=\"0 0 24 24\">\n\t<path class=\"is-rating-unfilled\" fill=\"currentColor\" stroke=\"currentColor\" d=\"M12,17.3l6.2,3.7l-1.6-7L22,9.2l-7.2-0.6L12,2L9.2,8.6L2,9.2L7.5,14l-1.6,7L12,17.3z\" \/>\n<\/svg>\n<\/span>\n<span>\n<svg xmlns=\"http:\/\/www.w3.org\/2000\/svg\" width=\"24\" height=\"24\" viewBox=\"0 0 24 24\">\n\t<path class=\"is-rating-unfilled\" fill=\"currentColor\" stroke=\"currentColor\" d=\"M12,17.3l6.2,3.7l-1.6-7L22,9.2l-7.2-0.6L12,2L9.2,8.6L2,9.2L7.5,14l-1.6,7L12,17.3z\" \/>\n<\/svg>\n<\/span><\/span><span style=\"display: none;\" ><span>\n<svg xmlns=\"http:\/\/www.w3.org\/2000\/svg\" width=\"24\" height=\"24\" viewBox=\"0 0 24 24\">\n\t<path class=\"is-rating-unfilled\" fill=\"currentColor\" stroke=\"currentColor\" d=\"M12,17.3l6.2,3.7l-1.6-7L22,9.2l-7.2-0.6L12,2L9.2,8.6L2,9.2L7.5,14l-1.6,7L12,17.3z\" \/>\n<\/svg>\n<\/span>\n<span>\n<svg xmlns=\"http:\/\/www.w3.org\/2000\/svg\" width=\"24\" height=\"24\" viewBox=\"0 0 24 24\">\n\t<path class=\"is-rating-unfilled\" fill=\"currentColor\" stroke=\"currentColor\" d=\"M12,17.3l6.2,3.7l-1.6-7L22,9.2l-7.2-0.6L12,2L9.2,8.6L2,9.2L7.5,14l-1.6,7L12,17.3z\" \/>\n<\/svg>\n<\/span><\/span><span style=\"display: none;\" itemprop=\"bestRating\" content=\"5\"><span>\n<svg xmlns=\"http:\/\/www.w3.org\/2000\/svg\" width=\"24\" height=\"24\" viewBox=\"0 0 24 24\">\n\t<path class=\"is-rating-unfilled\" fill=\"currentColor\" stroke=\"currentColor\" d=\"M12,17.3l6.2,3.7l-1.6-7L22,9.2l-7.2-0.6L12,2L9.2,8.6L2,9.2L7.5,14l-1.6,7L12,17.3z\" \/>\n<\/svg>\n<\/span>\n<span>\n<svg xmlns=\"http:\/\/www.w3.org\/2000\/svg\" width=\"24\" height=\"24\" viewBox=\"0 0 24 24\">\n\t<path class=\"is-rating-unfilled\" fill=\"currentColor\" stroke=\"currentColor\" d=\"M12,17.3l6.2,3.7l-1.6-7L22,9.2l-7.2-0.6L12,2L9.2,8.6L2,9.2L7.5,14l-1.6,7L12,17.3z\" \/>\n<\/svg>\n<\/span><\/span><span itemprop=\"ratingValue\" class=\"screen-reader-text\" content=\"2\">Note\u00a0: 2\u00a0sur 5.<\/span><\/div>\n\n\n<p class=\"has-text-align-center has-small-font-size wp-block-paragraph\">Je remercie malgr\u00e9 tout <a href=\"https:\/\/www.netgalley.fr\/\">NetGalley<\/a> et les Editions Audio <a href=\"https:\/\/rbmediaglobal.com\/rbmedia-editions-theleme\/\">Theleme<\/a>. Peut-\u00eatre ce roman est-il plus agr\u00e9able \u00e0 lire qu&rsquo;\u00e0 \u00e9couter ?<\/p>\n\n\n<div class=\"wp-block-image\">\n<figure class=\"aligncenter size-full is-resized\"><a href=\"https:\/\/amzn.to\/3Ae0vS8\"><img loading=\"lazy\" decoding=\"async\" width=\"328\" height=\"445\" src=\"https:\/\/serialectrice.com\/wp-content\/uploads\/2024\/10\/41EwLp3AYL._SY445_SX342_.jpg\" alt=\"\" class=\"wp-image-6050\" style=\"width:124px;height:auto\" srcset=\"https:\/\/serialectrice.com\/wp-content\/uploads\/2024\/10\/41EwLp3AYL._SY445_SX342_.jpg 328w, https:\/\/serialectrice.com\/wp-content\/uploads\/2024\/10\/41EwLp3AYL._SY445_SX342_-221x300.jpg 221w, https:\/\/serialectrice.com\/wp-content\/uploads\/2024\/10\/41EwLp3AYL._SY445_SX342_-44x60.jpg 44w\" sizes=\"auto, (max-width: 328px) 100vw, 328px\" \/><\/a><\/figure>\n<\/div>\n\n\n<p class=\"has-text-align-center has-small-font-size wp-block-paragraph\">M\u00eame si malgr\u00e9 mon avis plut\u00f4t n\u00e9gatif, ce livre vous tente, il est disponible sur <a href=\"https:\/\/amzn.to\/3Ae0vS8\">Amazon<\/a> (lien affili\u00e9).<\/p>\n\n\n\n<h2 class=\"wp-block-heading has-vivid-green-cyan-color has-text-color has-link-color wp-elements-e6dc839026742bbd95938b9eef431e8e\">Mes challenges<\/h2>\n\n\n\n<p class=\"has-medium-font-size wp-block-paragraph\">Cette lecture m&rsquo;a permis de valider la cat\u00e9gorie du <a href=\"https:\/\/serialectrice.com\/index.php\/2024\/09\/29\/challenge-litteraire-octobre-2024\/\">challenge mensuel<\/a>. <strong>Couverture avec une fille.<\/strong><\/p>\n","protected":false},"excerpt":{"rendered":"<p>Vampires et vie de famille : quand le quotidien prend le dessus sur le fantastique&#8230;<\/p>\n","protected":false},"author":1,"featured_media":6034,"comment_status":"open","ping_status":"open","sticky":false,"template":"","format":"standard","meta":{"_crdt_document":"","om_disable_all_campaigns":false,"_uag_custom_page_level_css":"","_monsterinsights_skip_tracking":false,"_monsterinsights_sitenote_active":false,"_monsterinsights_sitenote_note":"","_monsterinsights_sitenote_category":0,"_uf_show_specific_survey":0,"_uf_disable_surveys":false,"_jetpack_memberships_contains_paid_content":false,"footnotes":"","jetpack_publicize_message":"Les Radley de Matt Haig. \n\nVampires et vie de famille : quand le quotidien prend le dessus sur le fantastique...","jetpack_publicize_feature_enabled":true,"jetpack_social_post_already_shared":true,"jetpack_social_options":{"image_generator_settings":{"template":"highway","enabled":false},"version":2}},"categories":[591,6,14],"tags":[566,714,645,715],"class_list":["post-6032","post","type-post","status-publish","format-standard","has-post-thumbnail","hentry","category-livre-audio-2","category-livres-lus","category-service-presse","tag-livre-audio","tag-matt-haig","tag-roman-fantastique","tag-vampire"],"aioseo_notices":[],"jetpack_publicize_connections":[],"jetpack_featured_media_url":"https:\/\/serialectrice.com\/wp-content\/uploads\/2024\/10\/Chronique-14.png","uagb_featured_image_src":{"full":["https:\/\/serialectrice.com\/wp-content\/uploads\/2024\/10\/Chronique-14.png",1080,1350,false],"thumbnail":["https:\/\/serialectrice.com\/wp-content\/uploads\/2024\/10\/Chronique-14-572x331.png",572,331,true],"medium":["https:\/\/serialectrice.com\/wp-content\/uploads\/2024\/10\/Chronique-14-240x300.png",240,300,true],"medium_large":["https:\/\/serialectrice.com\/wp-content\/uploads\/2024\/10\/Chronique-14-768x960.png",768,960,true],"large":["https:\/\/serialectrice.com\/wp-content\/uploads\/2024\/10\/Chronique-14-819x1024.png",819,1024,true],"post-slider-thumb-size":["https:\/\/serialectrice.com\/wp-content\/uploads\/2024\/10\/Chronique-14-330x190.png",330,190,true],"post-category-slider-size":["https:\/\/serialectrice.com\/wp-content\/uploads\/2024\/10\/Chronique-14-330x350.png",330,350,true],"1536x1536":["https:\/\/serialectrice.com\/wp-content\/uploads\/2024\/10\/Chronique-14.png",1080,1350,false],"2048x2048":["https:\/\/serialectrice.com\/wp-content\/uploads\/2024\/10\/Chronique-14.png",1080,1350,false],"hello-fashion-slider":["https:\/\/serialectrice.com\/wp-content\/uploads\/2024\/10\/Chronique-14-480x600.png",480,600,true],"hello-fashion-blog-three":["https:\/\/serialectrice.com\/wp-content\/uploads\/2024\/10\/Chronique-14-420x502.png",420,502,true],"hello-fashion-blog-four":["https:\/\/serialectrice.com\/wp-content\/uploads\/2024\/10\/Chronique-14-573x685.png",573,685,true],"vilva-slider-one":["https:\/\/serialectrice.com\/wp-content\/uploads\/2024\/10\/Chronique-14-1080x600.png",1080,600,true],"vilva-featured-four":["https:\/\/serialectrice.com\/wp-content\/uploads\/2024\/10\/Chronique-14-800x530.png",800,530,true],"vilva-blog":["https:\/\/serialectrice.com\/wp-content\/uploads\/2024\/10\/Chronique-14-420x280.png",420,280,true],"vilva-blog-one":["https:\/\/serialectrice.com\/wp-content\/uploads\/2024\/10\/Chronique-14-900x500.png",900,500,true],"vilva-sidebar":["https:\/\/serialectrice.com\/wp-content\/uploads\/2024\/10\/Chronique-14-840x473.png",840,473,true]},"uagb_author_info":{"display_name":"SeriaLectrice","author_link":"https:\/\/serialectrice.com\/index.php\/author\/cilounegmail-com\/"},"uagb_comment_info":0,"uagb_excerpt":"Vampires et vie de famille : quand le quotidien prend le dessus sur le fantastique...","jetpack_sharing_enabled":true,"jetpack_likes_enabled":true,"_links":{"self":[{"href":"https:\/\/serialectrice.com\/index.php\/wp-json\/wp\/v2\/posts\/6032","targetHints":{"allow":["GET"]}}],"collection":[{"href":"https:\/\/serialectrice.com\/index.php\/wp-json\/wp\/v2\/posts"}],"about":[{"href":"https:\/\/serialectrice.com\/index.php\/wp-json\/wp\/v2\/types\/post"}],"author":[{"embeddable":true,"href":"https:\/\/serialectrice.com\/index.php\/wp-json\/wp\/v2\/users\/1"}],"replies":[{"embeddable":true,"href":"https:\/\/serialectrice.com\/index.php\/wp-json\/wp\/v2\/comments?post=6032"}],"version-history":[{"count":4,"href":"https:\/\/serialectrice.com\/index.php\/wp-json\/wp\/v2\/posts\/6032\/revisions"}],"predecessor-version":[{"id":6053,"href":"https:\/\/serialectrice.com\/index.php\/wp-json\/wp\/v2\/posts\/6032\/revisions\/6053"}],"wp:featuredmedia":[{"embeddable":true,"href":"https:\/\/serialectrice.com\/index.php\/wp-json\/wp\/v2\/media\/6034"}],"wp:attachment":[{"href":"https:\/\/serialectrice.com\/index.php\/wp-json\/wp\/v2\/media?parent=6032"}],"wp:term":[{"taxonomy":"category","embeddable":true,"href":"https:\/\/serialectrice.com\/index.php\/wp-json\/wp\/v2\/categories?post=6032"},{"taxonomy":"post_tag","embeddable":true,"href":"https:\/\/serialectrice.com\/index.php\/wp-json\/wp\/v2\/tags?post=6032"}],"curies":[{"name":"wp","href":"https:\/\/api.w.org\/{rel}","templated":true}]}}