{"id":5966,"date":"2024-09-27T18:00:00","date_gmt":"2024-09-27T17:00:00","guid":{"rendered":"https:\/\/serialectrice.com\/?p=5966"},"modified":"2024-09-27T06:54:18","modified_gmt":"2024-09-27T05:54:18","slug":"le-couple-qui-defia-les-nazis-_-ellie-midwood","status":"publish","type":"post","link":"https:\/\/serialectrice.com\/index.php\/2024\/09\/27\/le-couple-qui-defia-les-nazis-_-ellie-midwood\/","title":{"rendered":"Le couple qui d\u00e9fia les nazis _ Ellie Midwood"},"content":{"rendered":"\n<h2 class=\"wp-block-heading has-vivid-green-cyan-color has-text-color has-link-color wp-elements-5c7d3f6bb369d22af630f843c0bdfefc\">R\u00e9sum\u00e9<\/h2>\n\n\n\n<p class=\"wp-block-paragraph\" style=\"font-size:19px\">Berlin, 1939 : Libby est d\u00e9termin\u00e9e \u00e0 commencer une nouvelle vie, aussi loin que possible de sa famille et de leur alliance avec les nazis. Mais en ville, il n\u2019y a pas d\u2019\u00e9chappatoire au r\u00e9gime brutal d\u2019Hitler. Lorsqu\u2019une de ses amies dispara\u00eet, elle ne peut plus rester en retrait et ne rien faire\u2026<br>Libby va alors rencontrer Harro, et son monde bascule alors qu\u2019ils tombent d\u00e9sesp\u00e9r\u00e9ment amoureux. Mais elle sait qu\u2019il cache une sombre histoire derri\u00e8re ses yeux bleus per\u00e7ants. Les marques de fouet sur son dos, les cicatrices des SS racontent son secret : c\u2019est un r\u00e9sistant.<br>Harro entra\u00eene Libby dans le monde de la r\u00e9sistance et leur vie devient de plus en plus dangereuse alors qu\u2019ils font tout ce qu\u2019ils peuvent pour provoquer la chute d\u2019Hitler. \u00c0 chaque risque qu\u2019ils prennent, Libby est terrifi\u00e9e \u00e0 l\u2019id\u00e9e de perdre Harro. Comment vivrait-elle sans lui ?<br>Libby commence \u00e0 croire que la Gestapo les traque \u2013 chacun de leurs mouvements surveill\u00e9s, leurs appels t\u00e9l\u00e9phoniques enregistr\u00e9s. Et un jour, Harro dispara\u00eet. Son pire cauchemar est devenu r\u00e9alit\u00e9, et elle sait que ce n\u2019est qu\u2019une question de jours avant qu\u2019elle soit elle-m\u00eame interpell\u00e9e\u2026<\/p>\n\n\n\n<h2 class=\"wp-block-heading has-vivid-green-cyan-color has-text-color has-link-color wp-elements-f23c8b2a16e312961195b63e6e32e882\">Mon ressenti<\/h2>\n\n\n\n<p class=\"has-medium-font-size wp-block-paragraph\">L\u2019intrigue de ce roman m\u2019a captiv\u00e9e d\u00e8s les premi\u00e8res pages. <strong>Inspir\u00e9 de faits r\u00e9els<\/strong>, ce roman retrace <strong>l\u2019histoire de Libertas et Harro<\/strong>, un couple allemand qui a r\u00e9sist\u00e9 courageusement au r\u00e9gime nazi. Ce qui m\u2019a particuli\u00e8rement touch\u00e9e, c\u2019est la mani\u00e8re dont <strong>Ellie Midwood illustre leur lutte acharn\u00e9e pour la libert\u00e9<\/strong>, malgr\u00e9 la mont\u00e9e du nazisme et les risques permanents encourus. Leur <strong>histoire d\u2019amour<\/strong>, en plein c\u0153ur d\u2019une \u00e9poque marqu\u00e9e par l\u2019horreur, ajoute une <strong>profondeur poignante<\/strong> \u00e0 ce r\u00e9cit. <strong>La<\/strong> <strong>tension constante<\/strong> qui r\u00e8gne tout au long du livre est saisissante.<\/p>\n\n\n\n<p class=\"has-medium-font-size wp-block-paragraph\">Les personnages, <strong>Libertas et Harro<\/strong>, sont d\u2019une <strong>intensit\u00e9 remarquable<\/strong>. Je me suis rapidement attach\u00e9e \u00e0 <strong>leur courage et \u00e0 leur d\u00e9termination<\/strong>. Libertas, <strong>ancienne journaliste<\/strong>, et Harro, <strong>officier dans la Luftwaffe<\/strong>, m\u2019ont impressionn\u00e9e par leur <strong>r\u00e9silience face \u00e0 l\u2019oppression<\/strong>. Ce couple incarne <strong>l\u2019espoir et l\u2019humanit\u00e9 dans l\u2019Allemagne nazie<\/strong>, et j\u2019ai ressenti toute leur souffrance, mais aussi leur <strong>force<\/strong>, \u00e0 travers leurs actions. <strong>La mise en lumi\u00e8re<\/strong> de leurs sacrifices est<strong> tr\u00e8s \u00e9mouvante<\/strong>.<\/p>\n\n\n\n<p class=\"has-medium-font-size wp-block-paragraph\">Quant \u00e0 <strong>l\u2019\u00e9criture d\u2019Ellie Midwood<\/strong>, elle est \u00e0 la fois <strong>pr\u00e9cise<\/strong> et profond\u00e9ment <strong>immersive<\/strong>. Son style fluide rend la lecture particuli\u00e8rement agr\u00e9able, m\u00eame si le sujet est lourd de sens. <strong>Les descriptions des atrocit\u00e9s nazies et des combats de la r\u00e9sistance<\/strong> sont poignantes sans \u00eatre excessives. J\u2019ai aussi appr\u00e9ci\u00e9 <strong>l\u2019angle adopt\u00e9 par l\u2019autrice<\/strong>, qui explore un aspect peu abord\u00e9 de la Seconde Guerre mondiale : <strong>la r\u00e9sistance de l\u2019int\u00e9rieur de l\u2019Allemagne<\/strong>. Chaque chapitre m\u2019a transport\u00e9e un peu plus dans <strong>l\u2019histoire de ce couple hors du commun<\/strong>.<\/p>\n\n\n\n<p class=\"has-text-align-center has-medium-font-size wp-block-paragraph\"><em><strong>Le couple qui d\u00e9fia les nazis <\/strong>est un roman historique<strong> puissant<\/strong> qui m\u2019a boulevers\u00e9e par son r\u00e9alisme et <strong>l\u2019hommage qu\u2019il rend \u00e0 Libertas et Harro<\/strong>. Une lecture incontournable pour quiconque s\u2019int\u00e9resse \u00e0 <strong>la r\u00e9sistance allemande<\/strong> et aux <strong>destins h\u00e9ro\u00efques<\/strong> qui ont marqu\u00e9 l\u2019Histoire.<\/em><\/p>\n\n\n<div class=\"wp-block-jetpack-rating-star\" style=\"text-align:center\" itemprop=\"reviewRating\" itemscope itemtype=\"http:\/\/schema.org\/Rating\"><p><span aria-hidden=\"true\">\u2b50<\/span><span aria-hidden=\"true\">\u2b50<\/span><span aria-hidden=\"true\">\u2b50<\/span><span aria-hidden=\"true\">\u2b50<\/span><span aria-hidden=\"true\">\u2b50<\/span><\/p><span style=\"display: none;\" itemprop=\"worstRating\" content=\"0.5\"><span>\n<svg xmlns=\"http:\/\/www.w3.org\/2000\/svg\" width=\"24\" height=\"24\" viewBox=\"0 0 24 24\">\n\t<path class=\"\" fill=\"currentColor\" stroke=\"currentColor\" d=\"M12,17.3l6.2,3.7l-1.6-7L22,9.2l-7.2-0.6L12,2L9.2,8.6L2,9.2L7.5,14l-1.6,7L12,17.3z\" \/>\n<\/svg>\n<\/span>\n<span>\n<svg xmlns=\"http:\/\/www.w3.org\/2000\/svg\" width=\"24\" height=\"24\" viewBox=\"0 0 24 24\">\n\t<path class=\"\" fill=\"currentColor\" stroke=\"currentColor\" d=\"M12,17.3l6.2,3.7l-1.6-7L22,9.2l-7.2-0.6L12,2L9.2,8.6L2,9.2L7.5,14l-1.6,7L12,17.3z\" \/>\n<\/svg>\n<\/span><\/span><span style=\"display: none;\" ><span>\n<svg xmlns=\"http:\/\/www.w3.org\/2000\/svg\" width=\"24\" height=\"24\" viewBox=\"0 0 24 24\">\n\t<path class=\"\" fill=\"currentColor\" stroke=\"currentColor\" d=\"M12,17.3l6.2,3.7l-1.6-7L22,9.2l-7.2-0.6L12,2L9.2,8.6L2,9.2L7.5,14l-1.6,7L12,17.3z\" \/>\n<\/svg>\n<\/span>\n<span>\n<svg xmlns=\"http:\/\/www.w3.org\/2000\/svg\" width=\"24\" height=\"24\" viewBox=\"0 0 24 24\">\n\t<path class=\"\" fill=\"currentColor\" stroke=\"currentColor\" d=\"M12,17.3l6.2,3.7l-1.6-7L22,9.2l-7.2-0.6L12,2L9.2,8.6L2,9.2L7.5,14l-1.6,7L12,17.3z\" \/>\n<\/svg>\n<\/span><\/span><span style=\"display: none;\" ><span>\n<svg xmlns=\"http:\/\/www.w3.org\/2000\/svg\" width=\"24\" height=\"24\" viewBox=\"0 0 24 24\">\n\t<path class=\"\" fill=\"currentColor\" stroke=\"currentColor\" d=\"M12,17.3l6.2,3.7l-1.6-7L22,9.2l-7.2-0.6L12,2L9.2,8.6L2,9.2L7.5,14l-1.6,7L12,17.3z\" \/>\n<\/svg>\n<\/span>\n<span>\n<svg xmlns=\"http:\/\/www.w3.org\/2000\/svg\" width=\"24\" height=\"24\" viewBox=\"0 0 24 24\">\n\t<path class=\"\" fill=\"currentColor\" stroke=\"currentColor\" d=\"M12,17.3l6.2,3.7l-1.6-7L22,9.2l-7.2-0.6L12,2L9.2,8.6L2,9.2L7.5,14l-1.6,7L12,17.3z\" \/>\n<\/svg>\n<\/span><\/span><span style=\"display: none;\" ><span>\n<svg xmlns=\"http:\/\/www.w3.org\/2000\/svg\" width=\"24\" height=\"24\" viewBox=\"0 0 24 24\">\n\t<path class=\"\" fill=\"currentColor\" stroke=\"currentColor\" d=\"M12,17.3l6.2,3.7l-1.6-7L22,9.2l-7.2-0.6L12,2L9.2,8.6L2,9.2L7.5,14l-1.6,7L12,17.3z\" \/>\n<\/svg>\n<\/span>\n<span>\n<svg xmlns=\"http:\/\/www.w3.org\/2000\/svg\" width=\"24\" height=\"24\" viewBox=\"0 0 24 24\">\n\t<path class=\"\" fill=\"currentColor\" stroke=\"currentColor\" d=\"M12,17.3l6.2,3.7l-1.6-7L22,9.2l-7.2-0.6L12,2L9.2,8.6L2,9.2L7.5,14l-1.6,7L12,17.3z\" \/>\n<\/svg>\n<\/span><\/span><span style=\"display: none;\" itemprop=\"bestRating\" content=\"5\"><span>\n<svg xmlns=\"http:\/\/www.w3.org\/2000\/svg\" width=\"24\" height=\"24\" viewBox=\"0 0 24 24\">\n\t<path class=\"\" fill=\"currentColor\" stroke=\"currentColor\" d=\"M12,17.3l6.2,3.7l-1.6-7L22,9.2l-7.2-0.6L12,2L9.2,8.6L2,9.2L7.5,14l-1.6,7L12,17.3z\" \/>\n<\/svg>\n<\/span>\n<span>\n<svg xmlns=\"http:\/\/www.w3.org\/2000\/svg\" width=\"24\" height=\"24\" viewBox=\"0 0 24 24\">\n\t<path class=\"\" fill=\"currentColor\" stroke=\"currentColor\" d=\"M12,17.3l6.2,3.7l-1.6-7L22,9.2l-7.2-0.6L12,2L9.2,8.6L2,9.2L7.5,14l-1.6,7L12,17.3z\" \/>\n<\/svg>\n<\/span><\/span><span itemprop=\"ratingValue\" class=\"screen-reader-text\" content=\"5\">Note\u00a0: 5\u00a0sur 5.<\/span><\/div>\n\n\n<p class=\"has-text-align-center has-small-font-size wp-block-paragraph\">Un \u00e9norme merci \u00e0 Laury-Anne des \u00e9ditions <a href=\"http:\/\/www.gesteditions.com\/faubourg-marigny\/\">Faubourg Marigny<\/a> qui nous d\u00e9gote toujours des romans de grand qualit\u00e9. <\/p>\n\n\n\n<h2 class=\"wp-block-heading has-vivid-green-cyan-color has-text-color has-link-color wp-elements-e6dc839026742bbd95938b9eef431e8e\">Mes challenges<\/h2>\n\n\n\n<p class=\"has-medium-font-size wp-block-paragraph\">Cette lecture m&rsquo;a permis de valider la cat\u00e9gorie du <a href=\"https:\/\/serialectrice.com\/index.php\/2024\/09\/21\/challenge-litteraire-saisonnier-d-automne\/\">challenge saisonnier<\/a>. <strong>Personnage qui a une maladie grave (tuberculose)<\/strong><\/p>\n","protected":false},"excerpt":{"rendered":"<p>Un r\u00e9cit bouleversant qui nous plonge dans le courage h\u00e9ro\u00efque de Libertas et Harro.<\/p>\n","protected":false},"author":1,"featured_media":5970,"comment_status":"open","ping_status":"open","sticky":false,"template":"","format":"standard","meta":{"_crdt_document":"","om_disable_all_campaigns":false,"_uag_custom_page_level_css":"","_monsterinsights_skip_tracking":false,"_monsterinsights_sitenote_active":false,"_monsterinsights_sitenote_note":"","_monsterinsights_sitenote_category":0,"_uf_show_specific_survey":0,"_uf_disable_surveys":false,"_jetpack_memberships_contains_paid_content":false,"footnotes":"","jetpack_publicize_message":"Le couple qui d\u00e9fia les nazis, d'Ellie Midwood. \n\nUn r\u00e9cit bouleversant qui nous plonge dans le courage h\u00e9ro\u00efque de Libertas et Harro.","jetpack_publicize_feature_enabled":true,"jetpack_social_post_already_shared":true,"jetpack_social_options":{"image_generator_settings":{"template":"highway","enabled":false},"version":2}},"categories":[6,14],"tags":[446,575,707],"class_list":["post-5966","post","type-post","status-publish","format-standard","has-post-thumbnail","hentry","category-livres-lus","category-service-presse","tag-deuxiemeguerremondiale-2","tag-ellie-midwood","tag-resistance"],"aioseo_notices":[],"jetpack_publicize_connections":[],"jetpack_featured_media_url":"https:\/\/serialectrice.com\/wp-content\/uploads\/2024\/09\/Design-sans-titre-97.png","uagb_featured_image_src":{"full":["https:\/\/serialectrice.com\/wp-content\/uploads\/2024\/09\/Design-sans-titre-97.png",1080,1350,false],"thumbnail":["https:\/\/serialectrice.com\/wp-content\/uploads\/2024\/09\/Design-sans-titre-97-572x331.png",572,331,true],"medium":["https:\/\/serialectrice.com\/wp-content\/uploads\/2024\/09\/Design-sans-titre-97-240x300.png",240,300,true],"medium_large":["https:\/\/serialectrice.com\/wp-content\/uploads\/2024\/09\/Design-sans-titre-97-768x960.png",768,960,true],"large":["https:\/\/serialectrice.com\/wp-content\/uploads\/2024\/09\/Design-sans-titre-97-819x1024.png",819,1024,true],"post-slider-thumb-size":["https:\/\/serialectrice.com\/wp-content\/uploads\/2024\/09\/Design-sans-titre-97-330x190.png",330,190,true],"post-category-slider-size":["https:\/\/serialectrice.com\/wp-content\/uploads\/2024\/09\/Design-sans-titre-97-330x350.png",330,350,true],"1536x1536":["https:\/\/serialectrice.com\/wp-content\/uploads\/2024\/09\/Design-sans-titre-97.png",1080,1350,false],"2048x2048":["https:\/\/serialectrice.com\/wp-content\/uploads\/2024\/09\/Design-sans-titre-97.png",1080,1350,false],"hello-fashion-slider":["https:\/\/serialectrice.com\/wp-content\/uploads\/2024\/09\/Design-sans-titre-97-480x600.png",480,600,true],"hello-fashion-blog-three":["https:\/\/serialectrice.com\/wp-content\/uploads\/2024\/09\/Design-sans-titre-97-420x502.png",420,502,true],"hello-fashion-blog-four":["https:\/\/serialectrice.com\/wp-content\/uploads\/2024\/09\/Design-sans-titre-97-573x685.png",573,685,true],"vilva-slider-one":["https:\/\/serialectrice.com\/wp-content\/uploads\/2024\/09\/Design-sans-titre-97-1080x600.png",1080,600,true],"vilva-featured-four":["https:\/\/serialectrice.com\/wp-content\/uploads\/2024\/09\/Design-sans-titre-97-800x530.png",800,530,true],"vilva-blog":["https:\/\/serialectrice.com\/wp-content\/uploads\/2024\/09\/Design-sans-titre-97-420x280.png",420,280,true],"vilva-blog-one":["https:\/\/serialectrice.com\/wp-content\/uploads\/2024\/09\/Design-sans-titre-97-900x500.png",900,500,true],"vilva-sidebar":["https:\/\/serialectrice.com\/wp-content\/uploads\/2024\/09\/Design-sans-titre-97-840x473.png",840,473,true]},"uagb_author_info":{"display_name":"SeriaLectrice","author_link":"https:\/\/serialectrice.com\/index.php\/author\/cilounegmail-com\/"},"uagb_comment_info":1,"uagb_excerpt":"Un r\u00e9cit bouleversant qui nous plonge dans le courage h\u00e9ro\u00efque de Libertas et Harro.","jetpack_sharing_enabled":true,"jetpack_likes_enabled":true,"_links":{"self":[{"href":"https:\/\/serialectrice.com\/index.php\/wp-json\/wp\/v2\/posts\/5966","targetHints":{"allow":["GET"]}}],"collection":[{"href":"https:\/\/serialectrice.com\/index.php\/wp-json\/wp\/v2\/posts"}],"about":[{"href":"https:\/\/serialectrice.com\/index.php\/wp-json\/wp\/v2\/types\/post"}],"author":[{"embeddable":true,"href":"https:\/\/serialectrice.com\/index.php\/wp-json\/wp\/v2\/users\/1"}],"replies":[{"embeddable":true,"href":"https:\/\/serialectrice.com\/index.php\/wp-json\/wp\/v2\/comments?post=5966"}],"version-history":[{"count":4,"href":"https:\/\/serialectrice.com\/index.php\/wp-json\/wp\/v2\/posts\/5966\/revisions"}],"predecessor-version":[{"id":5971,"href":"https:\/\/serialectrice.com\/index.php\/wp-json\/wp\/v2\/posts\/5966\/revisions\/5971"}],"wp:featuredmedia":[{"embeddable":true,"href":"https:\/\/serialectrice.com\/index.php\/wp-json\/wp\/v2\/media\/5970"}],"wp:attachment":[{"href":"https:\/\/serialectrice.com\/index.php\/wp-json\/wp\/v2\/media?parent=5966"}],"wp:term":[{"taxonomy":"category","embeddable":true,"href":"https:\/\/serialectrice.com\/index.php\/wp-json\/wp\/v2\/categories?post=5966"},{"taxonomy":"post_tag","embeddable":true,"href":"https:\/\/serialectrice.com\/index.php\/wp-json\/wp\/v2\/tags?post=5966"}],"curies":[{"name":"wp","href":"https:\/\/api.w.org\/{rel}","templated":true}]}}