{"id":5959,"date":"2024-09-25T18:00:00","date_gmt":"2024-09-25T17:00:00","guid":{"rendered":"https:\/\/serialectrice.com\/?p=5959"},"modified":"2024-09-25T09:41:36","modified_gmt":"2024-09-25T08:41:36","slug":"les-guerriers-de-lhiver-_-olivier-norek","status":"publish","type":"post","link":"https:\/\/serialectrice.com\/index.php\/2024\/09\/25\/les-guerriers-de-lhiver-_-olivier-norek\/","title":{"rendered":"Les guerriers de l&rsquo;hiver _ Olivier Norek"},"content":{"rendered":"\n<h2 class=\"wp-block-heading has-vivid-green-cyan-color has-text-color has-link-color wp-elements-5c7d3f6bb369d22af630f843c0bdfefc\">R\u00e9sum\u00e9<\/h2>\n\n\n\n<p class=\"wp-block-paragraph\" style=\"font-size:19px\">Imaginez un pays minuscule.<br>Imaginez-en un autre, gigantesque.<br>Imaginez maintenant qu\u2019ils s\u2019affrontent.<br>Au c\u0153ur du plus mordant de ses hivers, au c\u0153ur de la guerre la plus meurtri\u00e8re de son histoire, un peuple se dresse contre l\u2019ennemi, et parmi ses soldats na\u00eet une l\u00e9gende.<br>La l\u00e9gende de Simo, la Mort Blanche.<\/p>\n\n\n\n<h2 class=\"wp-block-heading has-vivid-green-cyan-color has-text-color has-link-color wp-elements-f23c8b2a16e312961195b63e6e32e882\">Mon ressenti<\/h2>\n\n\n\n<p class=\"has-medium-font-size wp-block-paragraph\">Je me suis plong\u00e9e dans <strong>Les Guerriers de l\u2019Hiver<\/strong> d\u2019Olivier Norek avec curiosit\u00e9, surtout attir\u00e9e par l&rsquo;id\u00e9e de d\u00e9couvrir une page m\u00e9connue de l\u2019histoire : la Guerre d&rsquo;Hiver entre la Finlande et l&rsquo;Union sovi\u00e9tique. Ce conflit, court mais brutal, sert de toile de fond \u00e0 un r\u00e9cit o\u00f9 l\u2019auteur nous emm\u00e8ne au c\u0153ur des combats, aux c\u00f4t\u00e9s de Simo H\u00e4yh\u00e4, un tireur d&rsquo;\u00e9lite l\u00e9gendaire. Si l\u2019immersion dans ce froid glacial est r\u00e9ussie, la lenteur narrative a parfois refroidi mon enthousiasme. Entre d\u00e9tails historiques minutieux et longues descriptions de batailles, l&rsquo;intrigue peine \u00e0 v\u00e9ritablement d\u00e9coller, et le rythme s\u2019essouffle par moments.<\/p>\n\n\n\n<p class=\"has-medium-font-size wp-block-paragraph\">C\u00f4t\u00e9 personnages, Simo H\u00e4yh\u00e4, surnomm\u00e9 \u00ab\u00a0La Mort Blanche\u00a0\u00bb, est \u00e9videmment central. Pourtant, malgr\u00e9 ses exploits impressionnants et sa r\u00e9putation terrifiante, je n&rsquo;ai pas r\u00e9ussi \u00e0 m&rsquo;attacher \u00e0 lui. Tout semble calcul\u00e9, trop distant, ce qui emp\u00eache toute v\u00e9ritable empathie. Norek nous d\u00e9peint une figure h\u00e9ro\u00efque, certes fascinante, mais trop froide \u00e0 mon go\u00fbt. J\u2019aurais aim\u00e9 une plong\u00e9e plus profonde dans ses \u00e9motions, ses doutes, ses failles. Les personnages secondaires, quant \u00e0 eux, ne parviennent pas non plus \u00e0 vraiment briller, trop souvent noy\u00e9s dans l\u2019immensit\u00e9 des r\u00e9cits de batailles.<\/p>\n\n\n\n<p class=\"has-medium-font-size wp-block-paragraph\">L\u2019\u00e9criture d\u2019<a href=\"https:\/\/serialectrice.com\/index.php\/tag\/olivier-norek\/\">Olivier Norek<\/a>, en revanche, reste fid\u00e8le \u00e0 son style pr\u00e9cis et document\u00e9. Chaque sc\u00e8ne est d\u00e9crite avec une pr\u00e9cision presque chirurgicale, et on ne peut que saluer le travail de recherche impressionnant derri\u00e8re ce roman. Cependant, cette approche presque documentaire m\u2019a parfois laiss\u00e9e en dehors du r\u00e9cit. L\u00e0 o\u00f9 j&rsquo;attendais des \u00e9motions vives, je me suis souvent retrouv\u00e9e face \u00e0 une froideur analytique. L\u2019auteur semble plus pr\u00e9occup\u00e9 par le fait de rendre justice aux \u00e9v\u00e9nements historiques que par la dimension \u00e9motionnelle des personnages.<\/p>\n\n\n\n<p class=\"has-text-align-center has-medium-font-size wp-block-paragraph\"><em><strong>Les Guerriers de l\u2019Hiver <\/strong>est une fresque historique int\u00e9ressante, mais qui manque selon moi d\u2019une v\u00e9ritable profondeur \u00e9motionnelle. A lire pour sa culture et ne pas oublier que la guerre ne se cantonne pas \u00e0 la France et l&rsquo;Allemagne.<\/em><\/p>\n\n\n<div class=\"wp-block-jetpack-rating-star\" style=\"text-align:center\" itemprop=\"reviewRating\" itemscope itemtype=\"http:\/\/schema.org\/Rating\"><p><span aria-hidden=\"true\">\u2b50<\/span><span aria-hidden=\"true\">\u2b50<\/span><span aria-hidden=\"true\">\u2b50<\/span><\/p><span style=\"display: none;\" itemprop=\"worstRating\" content=\"0.5\"><span>\n<svg xmlns=\"http:\/\/www.w3.org\/2000\/svg\" width=\"24\" height=\"24\" viewBox=\"0 0 24 24\">\n\t<path class=\"\" fill=\"currentColor\" stroke=\"currentColor\" d=\"M12,17.3l6.2,3.7l-1.6-7L22,9.2l-7.2-0.6L12,2L9.2,8.6L2,9.2L7.5,14l-1.6,7L12,17.3z\" \/>\n<\/svg>\n<\/span>\n<span>\n<svg xmlns=\"http:\/\/www.w3.org\/2000\/svg\" width=\"24\" height=\"24\" viewBox=\"0 0 24 24\">\n\t<path class=\"\" fill=\"currentColor\" stroke=\"currentColor\" d=\"M12,17.3l6.2,3.7l-1.6-7L22,9.2l-7.2-0.6L12,2L9.2,8.6L2,9.2L7.5,14l-1.6,7L12,17.3z\" \/>\n<\/svg>\n<\/span><\/span><span style=\"display: none;\" ><span>\n<svg xmlns=\"http:\/\/www.w3.org\/2000\/svg\" width=\"24\" height=\"24\" viewBox=\"0 0 24 24\">\n\t<path class=\"\" fill=\"currentColor\" stroke=\"currentColor\" d=\"M12,17.3l6.2,3.7l-1.6-7L22,9.2l-7.2-0.6L12,2L9.2,8.6L2,9.2L7.5,14l-1.6,7L12,17.3z\" \/>\n<\/svg>\n<\/span>\n<span>\n<svg xmlns=\"http:\/\/www.w3.org\/2000\/svg\" width=\"24\" height=\"24\" viewBox=\"0 0 24 24\">\n\t<path class=\"\" fill=\"currentColor\" stroke=\"currentColor\" d=\"M12,17.3l6.2,3.7l-1.6-7L22,9.2l-7.2-0.6L12,2L9.2,8.6L2,9.2L7.5,14l-1.6,7L12,17.3z\" \/>\n<\/svg>\n<\/span><\/span><span style=\"display: none;\" ><span>\n<svg xmlns=\"http:\/\/www.w3.org\/2000\/svg\" width=\"24\" height=\"24\" viewBox=\"0 0 24 24\">\n\t<path class=\"\" fill=\"currentColor\" stroke=\"currentColor\" d=\"M12,17.3l6.2,3.7l-1.6-7L22,9.2l-7.2-0.6L12,2L9.2,8.6L2,9.2L7.5,14l-1.6,7L12,17.3z\" \/>\n<\/svg>\n<\/span>\n<span>\n<svg xmlns=\"http:\/\/www.w3.org\/2000\/svg\" width=\"24\" height=\"24\" viewBox=\"0 0 24 24\">\n\t<path class=\"\" fill=\"currentColor\" stroke=\"currentColor\" d=\"M12,17.3l6.2,3.7l-1.6-7L22,9.2l-7.2-0.6L12,2L9.2,8.6L2,9.2L7.5,14l-1.6,7L12,17.3z\" \/>\n<\/svg>\n<\/span><\/span><span style=\"display: none;\" ><span>\n<svg xmlns=\"http:\/\/www.w3.org\/2000\/svg\" width=\"24\" height=\"24\" viewBox=\"0 0 24 24\">\n\t<path class=\"is-rating-unfilled\" fill=\"currentColor\" stroke=\"currentColor\" d=\"M12,17.3l6.2,3.7l-1.6-7L22,9.2l-7.2-0.6L12,2L9.2,8.6L2,9.2L7.5,14l-1.6,7L12,17.3z\" \/>\n<\/svg>\n<\/span>\n<span>\n<svg xmlns=\"http:\/\/www.w3.org\/2000\/svg\" width=\"24\" height=\"24\" viewBox=\"0 0 24 24\">\n\t<path class=\"is-rating-unfilled\" fill=\"currentColor\" stroke=\"currentColor\" d=\"M12,17.3l6.2,3.7l-1.6-7L22,9.2l-7.2-0.6L12,2L9.2,8.6L2,9.2L7.5,14l-1.6,7L12,17.3z\" \/>\n<\/svg>\n<\/span><\/span><span style=\"display: none;\" itemprop=\"bestRating\" content=\"5\"><span>\n<svg xmlns=\"http:\/\/www.w3.org\/2000\/svg\" width=\"24\" height=\"24\" viewBox=\"0 0 24 24\">\n\t<path class=\"is-rating-unfilled\" fill=\"currentColor\" stroke=\"currentColor\" d=\"M12,17.3l6.2,3.7l-1.6-7L22,9.2l-7.2-0.6L12,2L9.2,8.6L2,9.2L7.5,14l-1.6,7L12,17.3z\" \/>\n<\/svg>\n<\/span>\n<span>\n<svg xmlns=\"http:\/\/www.w3.org\/2000\/svg\" width=\"24\" height=\"24\" viewBox=\"0 0 24 24\">\n\t<path class=\"is-rating-unfilled\" fill=\"currentColor\" stroke=\"currentColor\" d=\"M12,17.3l6.2,3.7l-1.6-7L22,9.2l-7.2-0.6L12,2L9.2,8.6L2,9.2L7.5,14l-1.6,7L12,17.3z\" \/>\n<\/svg>\n<\/span><\/span><span itemprop=\"ratingValue\" class=\"screen-reader-text\" content=\"3\">Note\u00a0: 3\u00a0sur 5.<\/span><\/div>\n\n\n<p class=\"has-text-align-center has-small-font-size wp-block-paragraph\">Un grand merci \u00e0 <a href=\"https:\/\/www.netgalley.fr\/\">NetGalley <\/a>et Michel Lafon pour ce Service de Presse.<\/p>\n","protected":false},"excerpt":{"rendered":"<p>Une immersion dans la Guerre d&rsquo;Hiver, o\u00f9 se m\u00e8lent histoire et suspense.<\/p>\n","protected":false},"author":1,"featured_media":5960,"comment_status":"open","ping_status":"open","sticky":false,"template":"","format":"standard","meta":{"_crdt_document":"","om_disable_all_campaigns":false,"_uag_custom_page_level_css":"","_monsterinsights_skip_tracking":false,"_monsterinsights_sitenote_active":false,"_monsterinsights_sitenote_note":"","_monsterinsights_sitenote_category":0,"_uf_show_specific_survey":0,"_uf_disable_surveys":false,"_jetpack_memberships_contains_paid_content":false,"footnotes":"","jetpack_publicize_message":"Les guerriers de l'hiver d'Olivier Norek. \n\nUne immersion dans la Guerre d'Hiver, o\u00f9 se m\u00e8lent histoire et suspense.","jetpack_publicize_feature_enabled":true,"jetpack_social_post_already_shared":true,"jetpack_social_options":{"image_generator_settings":{"template":"highway","enabled":false},"version":2}},"categories":[6,14],"tags":[42,706,59],"class_list":["post-5959","post","type-post","status-publish","format-standard","has-post-thumbnail","hentry","category-livres-lus","category-service-presse","tag-guerre","tag-olivier-norek","tag-roman-historique"],"aioseo_notices":[],"jetpack_publicize_connections":[],"jetpack_featured_media_url":"https:\/\/serialectrice.com\/wp-content\/uploads\/2024\/09\/CC7q06YBUj4.png","uagb_featured_image_src":{"full":["https:\/\/serialectrice.com\/wp-content\/uploads\/2024\/09\/CC7q06YBUj4.png",2560,3413,false],"thumbnail":["https:\/\/serialectrice.com\/wp-content\/uploads\/2024\/09\/CC7q06YBUj4-572x331.png",572,331,true],"medium":["https:\/\/serialectrice.com\/wp-content\/uploads\/2024\/09\/CC7q06YBUj4-225x300.png",225,300,true],"medium_large":["https:\/\/serialectrice.com\/wp-content\/uploads\/2024\/09\/CC7q06YBUj4-768x1024.png",768,1024,true],"large":["https:\/\/serialectrice.com\/wp-content\/uploads\/2024\/09\/CC7q06YBUj4-768x1024.png",768,1024,true],"post-slider-thumb-size":["https:\/\/serialectrice.com\/wp-content\/uploads\/2024\/09\/CC7q06YBUj4-330x190.png",330,190,true],"post-category-slider-size":["https:\/\/serialectrice.com\/wp-content\/uploads\/2024\/09\/CC7q06YBUj4-330x350.png",330,350,true],"1536x1536":["https:\/\/serialectrice.com\/wp-content\/uploads\/2024\/09\/CC7q06YBUj4-1152x1536.png",1152,1536,true],"2048x2048":["https:\/\/serialectrice.com\/wp-content\/uploads\/2024\/09\/CC7q06YBUj4-1536x2048.png",1536,2048,true],"hello-fashion-slider":["https:\/\/serialectrice.com\/wp-content\/uploads\/2024\/09\/CC7q06YBUj4-480x600.png",480,600,true],"hello-fashion-blog-three":["https:\/\/serialectrice.com\/wp-content\/uploads\/2024\/09\/CC7q06YBUj4-420x502.png",420,502,true],"hello-fashion-blog-four":["https:\/\/serialectrice.com\/wp-content\/uploads\/2024\/09\/CC7q06YBUj4-573x685.png",573,685,true],"vilva-slider-one":["https:\/\/serialectrice.com\/wp-content\/uploads\/2024\/09\/CC7q06YBUj4-1220x600.png",1220,600,true],"vilva-featured-four":["https:\/\/serialectrice.com\/wp-content\/uploads\/2024\/09\/CC7q06YBUj4-800x530.png",800,530,true],"vilva-blog":["https:\/\/serialectrice.com\/wp-content\/uploads\/2024\/09\/CC7q06YBUj4-420x280.png",420,280,true],"vilva-blog-one":["https:\/\/serialectrice.com\/wp-content\/uploads\/2024\/09\/CC7q06YBUj4-900x500.png",900,500,true],"vilva-sidebar":["https:\/\/serialectrice.com\/wp-content\/uploads\/2024\/09\/CC7q06YBUj4-840x473.png",840,473,true]},"uagb_author_info":{"display_name":"SeriaLectrice","author_link":"https:\/\/serialectrice.com\/index.php\/author\/cilounegmail-com\/"},"uagb_comment_info":1,"uagb_excerpt":"Une immersion dans la Guerre d'Hiver, o\u00f9 se m\u00e8lent histoire et suspense.","jetpack_sharing_enabled":true,"jetpack_likes_enabled":true,"_links":{"self":[{"href":"https:\/\/serialectrice.com\/index.php\/wp-json\/wp\/v2\/posts\/5959","targetHints":{"allow":["GET"]}}],"collection":[{"href":"https:\/\/serialectrice.com\/index.php\/wp-json\/wp\/v2\/posts"}],"about":[{"href":"https:\/\/serialectrice.com\/index.php\/wp-json\/wp\/v2\/types\/post"}],"author":[{"embeddable":true,"href":"https:\/\/serialectrice.com\/index.php\/wp-json\/wp\/v2\/users\/1"}],"replies":[{"embeddable":true,"href":"https:\/\/serialectrice.com\/index.php\/wp-json\/wp\/v2\/comments?post=5959"}],"version-history":[{"count":3,"href":"https:\/\/serialectrice.com\/index.php\/wp-json\/wp\/v2\/posts\/5959\/revisions"}],"predecessor-version":[{"id":5965,"href":"https:\/\/serialectrice.com\/index.php\/wp-json\/wp\/v2\/posts\/5959\/revisions\/5965"}],"wp:featuredmedia":[{"embeddable":true,"href":"https:\/\/serialectrice.com\/index.php\/wp-json\/wp\/v2\/media\/5960"}],"wp:attachment":[{"href":"https:\/\/serialectrice.com\/index.php\/wp-json\/wp\/v2\/media?parent=5959"}],"wp:term":[{"taxonomy":"category","embeddable":true,"href":"https:\/\/serialectrice.com\/index.php\/wp-json\/wp\/v2\/categories?post=5959"},{"taxonomy":"post_tag","embeddable":true,"href":"https:\/\/serialectrice.com\/index.php\/wp-json\/wp\/v2\/tags?post=5959"}],"curies":[{"name":"wp","href":"https:\/\/api.w.org\/{rel}","templated":true}]}}