{"id":5696,"date":"2024-05-29T18:00:00","date_gmt":"2024-05-29T17:00:00","guid":{"rendered":"https:\/\/serialectrice.com\/?p=5696"},"modified":"2024-05-25T21:23:15","modified_gmt":"2024-05-25T20:23:15","slug":"challenge-litteraire-juin-2024","status":"publish","type":"post","link":"https:\/\/serialectrice.com\/index.php\/2024\/05\/29\/challenge-litteraire-juin-2024\/","title":{"rendered":"Challenge Litt\u00e9raire _ Juin 2024"},"content":{"rendered":"\n<p class=\"wp-block-paragraph\">Le mois de mai se termine. Comment s&rsquo;est pass\u00e9 le challenge ? Combien de cat\u00e9gories avez-vous valid\u00e9 ? Et quels livres avez-vous lu pour l&rsquo;occasion ? En ce qui me concerne, j&rsquo;ai r\u00e9ussi \u00e0 valider 5 cat\u00e9gories \u00e0 l&rsquo;heure o\u00f9 j&rsquo;\u00e9cris cet article. J&rsquo;esp\u00e8re pouvoir en valider 1 de plus d&rsquo;ici la fin du mois. Sans plus tarder, voici les challenge litt\u00e9raire du mois de juin 2024.<\/p>\n\n\n\n<p class=\"wp-block-paragraph\">Je vous rappelle les conditions pour participer au challenge :<\/p>\n\n\n\n<p class=\"wp-block-paragraph\">\ud83d\udcda Lire les livres entre le 1er et le 30 juin 2024<\/p>\n\n\n\n<p class=\"wp-block-paragraph\">\ud83d\udcd6 Un livre peut valider jusqu\u2019\u00e0 2 cat\u00e9gories<\/p>\n\n\n\n<p class=\"wp-block-paragraph\">\ud83d\udcda BDs et Mangas sont autoris\u00e9s<\/p>\n\n\n\n<p class=\"wp-block-paragraph\">\ud83d\udcd6 Aucune obligation de valider toutes les cat\u00e9gories, on se fait plaisir avant tout !<\/p>\n\n\n\n<p class=\"wp-block-paragraph\">Vous pouvez me pr\u00e9venir de votre participation soit en commentaire en bas de cette page, soit sur booknode ou sur mon compte instagram en taguant&nbsp;<a href=\"https:\/\/www.instagram.com\/serialectrice_\/\">@serialectrice_<\/a>&nbsp;avec le&nbsp;<a href=\"https:\/\/www.instagram.com\/explore\/tags\/serialectricechallenge\/\">#serialectricechallenge<\/a>&nbsp;.<\/p>\n\n\n\n<p class=\"wp-block-paragraph\">Amusez-vous bien !<\/p>\n\n\n\n<h2 class=\"wp-block-heading\">1. Auteur en 4 lettres<\/h2>\n\n\n\n<div class=\"wp-block-media-text is-stacked-on-mobile\" style=\"grid-template-columns:15% auto\"><figure class=\"wp-block-media-text__media\"><img loading=\"lazy\" decoding=\"async\" width=\"676\" height=\"1024\" src=\"https:\/\/serialectrice.com\/wp-content\/uploads\/2024\/05\/kiara-676x1024.jpg\" alt=\"\" class=\"wp-image-5697 size-full\" srcset=\"https:\/\/serialectrice.com\/wp-content\/uploads\/2024\/05\/kiara-676x1024.jpg 676w, https:\/\/serialectrice.com\/wp-content\/uploads\/2024\/05\/kiara-198x300.jpg 198w, https:\/\/serialectrice.com\/wp-content\/uploads\/2024\/05\/kiara-768x1163.jpg 768w, https:\/\/serialectrice.com\/wp-content\/uploads\/2024\/05\/kiara-40x60.jpg 40w, https:\/\/serialectrice.com\/wp-content\/uploads\/2024\/05\/kiara.jpg 800w\" sizes=\"auto, (max-width: 676px) 100vw, 676px\" \/><\/figure><div class=\"wp-block-media-text__content\">\n<p class=\"wp-block-paragraph\">Le mot Juin contient 4 lettres, c&rsquo;est la raison pour laquelle je vous propose de lire un auteur dont le nom de famille ne comporte que 4 lettres. J&rsquo;aimerais lire Kiara de Hazel Diaz qui m&rsquo;a \u00e9t\u00e9 envoy\u00e9 gracieusement par les Editions de l&rsquo;Archipel.<\/p>\n<\/div><\/div>\n\n\n\n<h2 class=\"wp-block-heading\">2. Auteur avec les lettres JUIN<\/h2>\n\n\n\n<div class=\"wp-block-media-text is-stacked-on-mobile\" style=\"grid-template-columns:15% auto\"><figure class=\"wp-block-media-text__media\"><img loading=\"lazy\" decoding=\"async\" width=\"622\" height=\"1024\" src=\"https:\/\/serialectrice.com\/wp-content\/uploads\/2024\/05\/voyageur-sans-bagage-622x1024.jpg\" alt=\"\" class=\"wp-image-5698 size-full\" srcset=\"https:\/\/serialectrice.com\/wp-content\/uploads\/2024\/05\/voyageur-sans-bagage-622x1024.jpg 622w, https:\/\/serialectrice.com\/wp-content\/uploads\/2024\/05\/voyageur-sans-bagage-182x300.jpg 182w, https:\/\/serialectrice.com\/wp-content\/uploads\/2024\/05\/voyageur-sans-bagage-768x1265.jpg 768w, https:\/\/serialectrice.com\/wp-content\/uploads\/2024\/05\/voyageur-sans-bagage-36x60.jpg 36w, https:\/\/serialectrice.com\/wp-content\/uploads\/2024\/05\/voyageur-sans-bagage.jpg 911w\" sizes=\"auto, (max-width: 622px) 100vw, 622px\" \/><\/figure><div class=\"wp-block-media-text__content\">\n<p class=\"wp-block-paragraph\">Je vous propose \u00e9galement de lire un auteur dont les noms\/pr\u00e9noms comportent les lettres JUIN. J&rsquo;aimerais bien lire Le voyageur sans bagage de Jean Anouilh car je m&rsquo;\u00e9tais mis comme objectif de lire plus de classiques et que je lis rarement des pi\u00e8ces de th\u00e9\u00e2tre.<\/p>\n<\/div><\/div>\n\n\n\n<h2 class=\"wp-block-heading\">3. Titre en J<\/h2>\n\n\n\n<div class=\"wp-block-media-text is-stacked-on-mobile\" style=\"grid-template-columns:15% auto\"><figure class=\"wp-block-media-text__media\"><img loading=\"lazy\" decoding=\"async\" width=\"650\" height=\"1024\" src=\"https:\/\/serialectrice.com\/wp-content\/uploads\/2024\/05\/je-me-suis-tant-attendue-650x1024.jpg\" alt=\"\" class=\"wp-image-5699 size-full\" srcset=\"https:\/\/serialectrice.com\/wp-content\/uploads\/2024\/05\/je-me-suis-tant-attendue-650x1024.jpg 650w, https:\/\/serialectrice.com\/wp-content\/uploads\/2024\/05\/je-me-suis-tant-attendue-191x300.jpg 191w, https:\/\/serialectrice.com\/wp-content\/uploads\/2024\/05\/je-me-suis-tant-attendue-38x60.jpg 38w, https:\/\/serialectrice.com\/wp-content\/uploads\/2024\/05\/je-me-suis-tant-attendue.jpg 761w\" sizes=\"auto, (max-width: 650px) 100vw, 650px\" \/><\/figure><div class=\"wp-block-media-text__content\">\n<p class=\"wp-block-paragraph\">Je vous invite \u00e0 lire un livre qui commence par la lettre J comme le mois de juin. Je lirai Je me suis tant attendue de Sandrine Vanneuville qui m&rsquo;a fait confiance en me confiant la lecture de son deuxi\u00e8me roman, suite de <a href=\"https:\/\/serialectrice.com\/index.php\/2023\/07\/05\/j-ai-faim-d-amour\/\">J&rsquo;ai faim d&rsquo;amour.<\/a><\/p>\n<\/div><\/div>\n\n\n\n<h2 class=\"wp-block-heading\">4. Titre qui \u00e9voque la maladie<\/h2>\n\n\n\n<div class=\"wp-block-media-text is-stacked-on-mobile\" style=\"grid-template-columns:15% auto\"><figure class=\"wp-block-media-text__media\"><img loading=\"lazy\" decoding=\"async\" width=\"353\" height=\"578\" src=\"https:\/\/serialectrice.com\/wp-content\/uploads\/2024\/05\/le-syndrome-du-spaghetti.jpg\" alt=\"\" class=\"wp-image-5700 size-full\" srcset=\"https:\/\/serialectrice.com\/wp-content\/uploads\/2024\/05\/le-syndrome-du-spaghetti.jpg 353w, https:\/\/serialectrice.com\/wp-content\/uploads\/2024\/05\/le-syndrome-du-spaghetti-183x300.jpg 183w, https:\/\/serialectrice.com\/wp-content\/uploads\/2024\/05\/le-syndrome-du-spaghetti-37x60.jpg 37w\" sizes=\"auto, (max-width: 353px) 100vw, 353px\" \/><\/figure><div class=\"wp-block-media-text__content\">\n<p class=\"wp-block-paragraph\">Comme souvent, le mois de juin est ponctu\u00e9 de nombreuses journ\u00e9es d\u00e9di\u00e9es  \u00e0 diff\u00e9rentes maladies. C&rsquo;est pour cette raison que je vous propose de chercher et lire un livre dont le titre vous \u00e9voque une maladie. Je lirai Le syndrome du spaghetti de Marie Vareille pour l&rsquo;occasion.<\/p>\n<\/div><\/div>\n\n\n\n<h2 class=\"wp-block-heading\">5. Couverture avec un chemin<\/h2>\n\n\n\n<div class=\"wp-block-media-text is-stacked-on-mobile\" style=\"grid-template-columns:15% auto\"><figure class=\"wp-block-media-text__media\"><img loading=\"lazy\" decoding=\"async\" width=\"293\" height=\"456\" src=\"https:\/\/serialectrice.com\/wp-content\/uploads\/2024\/05\/jardins-zagarand.jpg\" alt=\"\" class=\"wp-image-5702 size-full\" srcset=\"https:\/\/serialectrice.com\/wp-content\/uploads\/2024\/05\/jardins-zagarand.jpg 293w, https:\/\/serialectrice.com\/wp-content\/uploads\/2024\/05\/jardins-zagarand-193x300.jpg 193w, https:\/\/serialectrice.com\/wp-content\/uploads\/2024\/05\/jardins-zagarand-39x60.jpg 39w\" sizes=\"auto, (max-width: 293px) 100vw, 293px\" \/><\/figure><div class=\"wp-block-media-text__content\">\n<p class=\"wp-block-paragraph\">Le 4 juin aura lieu la journ\u00e9e internationale des sentiers. C&rsquo;est pourquoi je vous invite \u00e0 choisir un roman dont la couverture contient un chemin. J&rsquo;aimerais beaucoup lire Les jardins de Zagarand d&rsquo;Eric de Kermel pour l&rsquo;occasion. <\/p>\n<\/div><\/div>\n\n\n\n<h2 class=\"wp-block-heading\">6. Couverture avec de la laine<\/h2>\n\n\n\n<div class=\"wp-block-media-text is-stacked-on-mobile\" style=\"grid-template-columns:15% auto\"><figure class=\"wp-block-media-text__media\"><img loading=\"lazy\" decoding=\"async\" width=\"220\" height=\"353\" src=\"https:\/\/serialectrice.com\/wp-content\/uploads\/2024\/05\/M02702188435-large-1.jpg\" alt=\"\" class=\"wp-image-5703 size-full\" srcset=\"https:\/\/serialectrice.com\/wp-content\/uploads\/2024\/05\/M02702188435-large-1.jpg 220w, https:\/\/serialectrice.com\/wp-content\/uploads\/2024\/05\/M02702188435-large-1-187x300.jpg 187w, https:\/\/serialectrice.com\/wp-content\/uploads\/2024\/05\/M02702188435-large-1-37x60.jpg 37w\" sizes=\"auto, (max-width: 220px) 100vw, 220px\" \/><\/figure><div class=\"wp-block-media-text__content\">\n<p class=\"wp-block-paragraph\">Le 10 juin a lieu la journ\u00e9e mondiale du tricot. C&rsquo;est pour cette raison que nous lirons un roman dans lequel nous retrouvons de la laine en couverture. J&rsquo;aimerais beaucoup lire Les petits meurtres du tricot club, qui semble \u00eatre un cosy-mystery tricot\u00e9 sur mesure \ud83d\ude42<\/p>\n<\/div><\/div>\n\n\n\n<h2 class=\"wp-block-heading\">7. Quatri\u00e8me avec le mot Vent<\/h2>\n\n\n\n<div class=\"wp-block-media-text is-stacked-on-mobile\" style=\"grid-template-columns:15% auto\"><figure class=\"wp-block-media-text__media\"><img loading=\"lazy\" decoding=\"async\" width=\"321\" height=\"500\" src=\"https:\/\/serialectrice.com\/wp-content\/uploads\/2024\/05\/rescapes-de-Maginot.jpg\" alt=\"\" class=\"wp-image-5704 size-full\" srcset=\"https:\/\/serialectrice.com\/wp-content\/uploads\/2024\/05\/rescapes-de-Maginot.jpg 321w, https:\/\/serialectrice.com\/wp-content\/uploads\/2024\/05\/rescapes-de-Maginot-193x300.jpg 193w, https:\/\/serialectrice.com\/wp-content\/uploads\/2024\/05\/rescapes-de-Maginot-39x60.jpg 39w\" sizes=\"auto, (max-width: 321px) 100vw, 321px\" \/><\/figure><div class=\"wp-block-media-text__content\">\n<p class=\"wp-block-paragraph\">Le 15 juin a lieu la Journ\u00e9e Europ\u00e9enne du Vent. C&rsquo;est la raison pour laquelle je vous propose de chercher et lire un roman dans lequel nous retrouvons le mot Vent en quatri\u00e8me de couverture. Je lirai Les rescap\u00e9s de Maginot qui m&rsquo;a \u00e9t\u00e9 offert par l&rsquo;auteur et dont j&rsquo;avais ador\u00e9 <a href=\"https:\/\/serialectrice.com\/index.php\/2022\/09\/04\/envers-et-malgre-nous\/\">Envers et malgr\u00e9 nous.<\/a><\/p>\n<\/div><\/div>\n\n\n\n<h2 class=\"wp-block-heading\">8. Quatri\u00e8me avec un sport<\/h2>\n\n\n\n<div class=\"wp-block-media-text is-stacked-on-mobile\" style=\"grid-template-columns:15% auto\"><figure class=\"wp-block-media-text__media\"><img loading=\"lazy\" decoding=\"async\" width=\"400\" height=\"646\" src=\"https:\/\/serialectrice.com\/wp-content\/uploads\/2024\/05\/nageur-auschwitz.jpg\" alt=\"\" class=\"wp-image-5705 size-full\" srcset=\"https:\/\/serialectrice.com\/wp-content\/uploads\/2024\/05\/nageur-auschwitz.jpg 400w, https:\/\/serialectrice.com\/wp-content\/uploads\/2024\/05\/nageur-auschwitz-186x300.jpg 186w, https:\/\/serialectrice.com\/wp-content\/uploads\/2024\/05\/nageur-auschwitz-37x60.jpg 37w\" sizes=\"auto, (max-width: 400px) 100vw, 400px\" \/><\/figure><div class=\"wp-block-media-text__content\">\n<p class=\"wp-block-paragraph\">Vous ne pouvez pas \u00eatre pass\u00e9 \u00e0 c\u00f4t\u00e9 de cet \u00e9v\u00e9nement. En juin commenceront les JO 2024. C&rsquo;est pourquoi nous cherchons un lire dans lequel nous retrouvons un sport en quatri\u00e8me de couverture. J&rsquo;aimerais beaucoup lire Le nageur d&rsquo;Auschwitz qui m&rsquo;avait \u00e9t\u00e9 offert dans une <a href=\"https:\/\/www.sipourbox.com\/\">Sipour Box.<\/a><\/p>\n<\/div><\/div>\n\n\n\n<h2 class=\"wp-block-heading\">9. Personnage musicien<\/h2>\n\n\n\n<div class=\"wp-block-media-text is-stacked-on-mobile\"><figure class=\"wp-block-media-text__media\"><\/figure><div class=\"wp-block-media-text__content\">\n<p class=\"wp-block-paragraph\">Il est difficile d&rsquo;\u00e9voquer le mois de juin sans penser \u00e0 la f\u00eate de la musique qui a lieu le 21 juin. Nous lirons donc un livre dans lequel nous retrouvons un personnage musicien. <\/p>\n<\/div><\/div>\n\n\n\n<h2 class=\"wp-block-heading\">10. Personnage veuf \/\u2002veuve<\/h2>\n\n\n\n<div class=\"wp-block-media-text is-stacked-on-mobile\"><figure class=\"wp-block-media-text__media\"><\/figure><div class=\"wp-block-media-text__content\">\n<p class=\"wp-block-paragraph\">Le 23 juin a lieu la Journ\u00e9e mondiale des veuves (pourquoi seulement des veuves et non des veufs ?). C&rsquo;est la raison pour laquelle nous lirons un roman dans lequel nous retrouvons un.e personnage veuf \/ veuve.<\/p>\n<\/div><\/div>\n","protected":false},"excerpt":{"rendered":"<p>Retrouvez les 10 consignes du nouveau challenge mensuel.<\/p>\n","protected":false},"author":1,"featured_media":5706,"comment_status":"open","ping_status":"open","sticky":false,"template":"","format":"standard","meta":{"_crdt_document":"","om_disable_all_campaigns":false,"_uag_custom_page_level_css":"","_monsterinsights_skip_tracking":false,"_monsterinsights_sitenote_active":false,"_monsterinsights_sitenote_note":"","_monsterinsights_sitenote_category":0,"_uf_show_specific_survey":0,"_uf_disable_surveys":false,"_jetpack_memberships_contains_paid_content":false,"footnotes":"","jetpack_publicize_message":"Retrouvez les dix nouvelles consignes pour ce nouveau challenge mensuel.","jetpack_publicize_feature_enabled":true,"jetpack_social_post_already_shared":true,"jetpack_social_options":{"image_generator_settings":{"template":"highway","default_image_id":0,"font":"","enabled":false},"version":2}},"categories":[4],"tags":[8,267],"class_list":["post-5696","post","type-post","status-publish","format-standard","has-post-thumbnail","hentry","category-challenge","tag-challenge","tag-challenge-mensuel"],"aioseo_notices":[],"jetpack_publicize_connections":[],"jetpack_featured_media_url":"https:\/\/serialectrice.com\/wp-content\/uploads\/2024\/05\/1.png","uagb_featured_image_src":{"full":["https:\/\/serialectrice.com\/wp-content\/uploads\/2024\/05\/1.png",1080,1350,false],"thumbnail":["https:\/\/serialectrice.com\/wp-content\/uploads\/2024\/05\/1-572x331.png",572,331,true],"medium":["https:\/\/serialectrice.com\/wp-content\/uploads\/2024\/05\/1-240x300.png",240,300,true],"medium_large":["https:\/\/serialectrice.com\/wp-content\/uploads\/2024\/05\/1-768x960.png",768,960,true],"large":["https:\/\/serialectrice.com\/wp-content\/uploads\/2024\/05\/1-819x1024.png",819,1024,true],"post-slider-thumb-size":["https:\/\/serialectrice.com\/wp-content\/uploads\/2024\/05\/1-330x190.png",330,190,true],"post-category-slider-size":["https:\/\/serialectrice.com\/wp-content\/uploads\/2024\/05\/1-330x350.png",330,350,true],"1536x1536":["https:\/\/serialectrice.com\/wp-content\/uploads\/2024\/05\/1.png",1080,1350,false],"2048x2048":["https:\/\/serialectrice.com\/wp-content\/uploads\/2024\/05\/1.png",1080,1350,false],"hello-fashion-slider":["https:\/\/serialectrice.com\/wp-content\/uploads\/2024\/05\/1-480x600.png",480,600,true],"hello-fashion-blog-three":["https:\/\/serialectrice.com\/wp-content\/uploads\/2024\/05\/1-420x502.png",420,502,true],"hello-fashion-blog-four":["https:\/\/serialectrice.com\/wp-content\/uploads\/2024\/05\/1-573x685.png",573,685,true],"vilva-slider-one":["https:\/\/serialectrice.com\/wp-content\/uploads\/2024\/05\/1-1080x600.png",1080,600,true],"vilva-featured-four":["https:\/\/serialectrice.com\/wp-content\/uploads\/2024\/05\/1-800x530.png",800,530,true],"vilva-blog":["https:\/\/serialectrice.com\/wp-content\/uploads\/2024\/05\/1-420x280.png",420,280,true],"vilva-blog-one":["https:\/\/serialectrice.com\/wp-content\/uploads\/2024\/05\/1-900x500.png",900,500,true],"vilva-sidebar":["https:\/\/serialectrice.com\/wp-content\/uploads\/2024\/05\/1-840x473.png",840,473,true]},"uagb_author_info":{"display_name":"SeriaLectrice","author_link":"https:\/\/serialectrice.com\/index.php\/author\/cilounegmail-com\/"},"uagb_comment_info":6,"uagb_excerpt":"Retrouvez les 10 consignes du nouveau challenge mensuel.","jetpack_sharing_enabled":true,"jetpack_likes_enabled":true,"_links":{"self":[{"href":"https:\/\/serialectrice.com\/index.php\/wp-json\/wp\/v2\/posts\/5696","targetHints":{"allow":["GET"]}}],"collection":[{"href":"https:\/\/serialectrice.com\/index.php\/wp-json\/wp\/v2\/posts"}],"about":[{"href":"https:\/\/serialectrice.com\/index.php\/wp-json\/wp\/v2\/types\/post"}],"author":[{"embeddable":true,"href":"https:\/\/serialectrice.com\/index.php\/wp-json\/wp\/v2\/users\/1"}],"replies":[{"embeddable":true,"href":"https:\/\/serialectrice.com\/index.php\/wp-json\/wp\/v2\/comments?post=5696"}],"version-history":[{"count":2,"href":"https:\/\/serialectrice.com\/index.php\/wp-json\/wp\/v2\/posts\/5696\/revisions"}],"predecessor-version":[{"id":5708,"href":"https:\/\/serialectrice.com\/index.php\/wp-json\/wp\/v2\/posts\/5696\/revisions\/5708"}],"wp:featuredmedia":[{"embeddable":true,"href":"https:\/\/serialectrice.com\/index.php\/wp-json\/wp\/v2\/media\/5706"}],"wp:attachment":[{"href":"https:\/\/serialectrice.com\/index.php\/wp-json\/wp\/v2\/media?parent=5696"}],"wp:term":[{"taxonomy":"category","embeddable":true,"href":"https:\/\/serialectrice.com\/index.php\/wp-json\/wp\/v2\/categories?post=5696"},{"taxonomy":"post_tag","embeddable":true,"href":"https:\/\/serialectrice.com\/index.php\/wp-json\/wp\/v2\/tags?post=5696"}],"curies":[{"name":"wp","href":"https:\/\/api.w.org\/{rel}","templated":true}]}}