{"id":5580,"date":"2024-03-28T18:00:00","date_gmt":"2024-03-28T17:00:00","guid":{"rendered":"https:\/\/serialectrice.com\/?p=5580"},"modified":"2024-03-25T20:59:45","modified_gmt":"2024-03-25T19:59:45","slug":"le-chant-des-geants","status":"publish","type":"post","link":"https:\/\/serialectrice.com\/index.php\/2024\/03\/28\/le-chant-des-geants\/","title":{"rendered":"Le chant des g\u00e9ants _ David Bry"},"content":{"rendered":"\n<h2 class=\"wp-block-heading has-vivid-green-cyan-color has-text-color has-link-color wp-elements-5c7d3f6bb369d22af630f843c0bdfefc\">R\u00e9sum\u00e9<\/h2>\n\n\n\n<p class=\"wp-block-paragraph\" style=\"font-size:19px\">Asseyez-vous pr\u00e8s du feu pour \u00e9couter un r\u00e9cit envo\u00fbtant d&rsquo;amour et de sang, de songes de g\u00e9ants et de r\u00eaves de pouvoir..<br>\u00a0\u00bb Je vais vous raconter une histoire. Celle de notre \u00eele d&rsquo;Oestant o\u00f9 dorment trois g\u00e9ants : Baile, aux r\u00eaves de mort et de musique, Leborcham, m\u00e8re du brouillard, des collines et des plaines, et enfin le puissant Fraech aux songes de gloire et de batailles. Je vais vous parler de guerres, d&rsquo;amour et de trahisons ; de cris, de sang et de larmes. Je vais vous parler de grands espoirs, de ce qui est vain. De ce qui meurt.<br>Alors, fermez les yeux. Laissez-vous aller. Voil\u00e0.<br>Mon histoire commence sur la lande, en bord de mer, dans le ch\u00e2teau de l&rsquo;\u00e9trange roi Lothar. \u00ab\u00a0<\/p>\n\n\n\n<h2 class=\"wp-block-heading has-vivid-green-cyan-color has-text-color has-link-color wp-elements-f23c8b2a16e312961195b63e6e32e882\">Mon ressenti<\/h2>\n\n\n\n<p class=\"has-medium-font-size wp-block-paragraph\">Bran et Ianto sont fr\u00e8res et prince. Ianto, le fils ain\u00e9, est donc le futur roi du Royaume. Lors d&rsquo;une guerre contre une contr\u00e9e voisine, leur p\u00e8re meurt et Ianto s&#8217;empare de la couronne et de la fille du roi ennemi. Celle dont Bran s&rsquo;est \u00e9pris lors de la m\u00eame bataille. C&rsquo;est alors une guerre sans merci et sans rel\u00e2che que vont se mener les deux fr\u00e8res. <\/p>\n\n\n\n<p class=\"has-medium-font-size wp-block-paragraph\">Je ne suis pas une grande adepte de fantasy. Pas forc\u00e9ment tr\u00e8s \u00e0 l&rsquo;aise avec ce genre, il me faut un univers qui reste assez proche du n\u00f4tre. Et c&rsquo;est le cas dans Le chant des g\u00e9ants. Hormis quelques \u00e9l\u00e9ments fantastiques li\u00e9s autour des g\u00e9ants et de leurs souhaits ainsi que d&rsquo;une brume annonciatrice de malheurs, j&rsquo;ai globalement r\u00e9ussi \u00e0 m&rsquo;immerger dans le monde de Bran et Ianto. <\/p>\n\n\n\n<p class=\"has-medium-font-size wp-block-paragraph\">M\u00eame si j&rsquo;ai eu du mal au d\u00e9but de l&rsquo;histoire. Une fois que Bran croise le regard de Sile, la fille du roi voisin, j&rsquo;ai r\u00e9ussi \u00e0 me plonger dans cette histoire qui oppose deux fr\u00e8res. Jalousie, mais aussi complexe d&rsquo;inf\u00e9riorit\u00e9. Ianto ne supporte pas que son petit fr\u00e8re puisse r\u00e9ussir l\u00e0 o\u00f9 il \u00e9choue. Aussi lui vole-t-il la femme qu&rsquo;il aime en la for\u00e7ant \u00e0 l&rsquo;\u00e9pouser. C&rsquo;est le pire qui pouvait arriver \u00e0 Bran, qui n&rsquo;a d&rsquo;yeux que pour la demoiselle. Alors l&rsquo;histoire va tourner autour de ces deux fr\u00e8res qui vont finir par se ha\u00efr.<\/p>\n\n\n\n<p class=\"has-medium-font-size wp-block-paragraph\">J&rsquo;ai globalement appr\u00e9ci\u00e9 ce roman. Mais j&rsquo;ai surtout appr\u00e9ci\u00e9 que les choses ne se finissent pas forc\u00e9ment comme on s&rsquo;y attend. Il ne s&rsquo;agit pas d&rsquo;un conte de f\u00e9es avec une fin idyllique. Les \u00e9v\u00e9nements ne vont pas toujours aller en la faveur des h\u00e9ros, \u00e0 qui il est facile de s&rsquo;attacher. Et je dois bien admettre que la toute fin m&rsquo;a vraiment plu. M\u00eame si je m&rsquo;attendais un peu au tout dernier retournement de situation.<\/p>\n\n\n\n<p class=\"has-medium-font-size wp-block-paragraph\">Comme je le disais, il m&rsquo;est assez difficile de lire de la fantasy. Donc le simple fait que j&rsquo;ai r\u00e9ussi \u00e0 aller jusqu&rsquo;au bout et \u00e0 comprendre plus ou moins les tenants et les aboutissants de l&rsquo;histoire fait que j&rsquo;ai pass\u00e9 un agr\u00e9able moment de lecture.<\/p>\n\n\n<div class=\"wp-block-jetpack-rating-star\" style=\"text-align:center\" itemprop=\"reviewRating\" itemscope itemtype=\"http:\/\/schema.org\/Rating\"><p><span aria-hidden=\"true\">\u2b50<\/span><span aria-hidden=\"true\">\u2b50<\/span><span aria-hidden=\"true\">\u2b50<\/span><span aria-hidden=\"true\">\u2b50<\/span><\/p><span style=\"display: none;\" itemprop=\"worstRating\" content=\"0.5\"><span>\n<svg xmlns=\"http:\/\/www.w3.org\/2000\/svg\" width=\"24\" height=\"24\" viewBox=\"0 0 24 24\">\n\t<path class=\"\" fill=\"currentColor\" stroke=\"currentColor\" d=\"M12,17.3l6.2,3.7l-1.6-7L22,9.2l-7.2-0.6L12,2L9.2,8.6L2,9.2L7.5,14l-1.6,7L12,17.3z\" \/>\n<\/svg>\n<\/span>\n<span>\n<svg xmlns=\"http:\/\/www.w3.org\/2000\/svg\" width=\"24\" height=\"24\" viewBox=\"0 0 24 24\">\n\t<path class=\"\" fill=\"currentColor\" stroke=\"currentColor\" d=\"M12,17.3l6.2,3.7l-1.6-7L22,9.2l-7.2-0.6L12,2L9.2,8.6L2,9.2L7.5,14l-1.6,7L12,17.3z\" \/>\n<\/svg>\n<\/span><\/span><span style=\"display: none;\" ><span>\n<svg xmlns=\"http:\/\/www.w3.org\/2000\/svg\" width=\"24\" height=\"24\" viewBox=\"0 0 24 24\">\n\t<path class=\"\" fill=\"currentColor\" stroke=\"currentColor\" d=\"M12,17.3l6.2,3.7l-1.6-7L22,9.2l-7.2-0.6L12,2L9.2,8.6L2,9.2L7.5,14l-1.6,7L12,17.3z\" \/>\n<\/svg>\n<\/span>\n<span>\n<svg xmlns=\"http:\/\/www.w3.org\/2000\/svg\" width=\"24\" height=\"24\" viewBox=\"0 0 24 24\">\n\t<path class=\"\" fill=\"currentColor\" stroke=\"currentColor\" d=\"M12,17.3l6.2,3.7l-1.6-7L22,9.2l-7.2-0.6L12,2L9.2,8.6L2,9.2L7.5,14l-1.6,7L12,17.3z\" \/>\n<\/svg>\n<\/span><\/span><span style=\"display: none;\" ><span>\n<svg xmlns=\"http:\/\/www.w3.org\/2000\/svg\" width=\"24\" height=\"24\" viewBox=\"0 0 24 24\">\n\t<path class=\"\" fill=\"currentColor\" stroke=\"currentColor\" d=\"M12,17.3l6.2,3.7l-1.6-7L22,9.2l-7.2-0.6L12,2L9.2,8.6L2,9.2L7.5,14l-1.6,7L12,17.3z\" \/>\n<\/svg>\n<\/span>\n<span>\n<svg xmlns=\"http:\/\/www.w3.org\/2000\/svg\" width=\"24\" height=\"24\" viewBox=\"0 0 24 24\">\n\t<path class=\"\" fill=\"currentColor\" stroke=\"currentColor\" d=\"M12,17.3l6.2,3.7l-1.6-7L22,9.2l-7.2-0.6L12,2L9.2,8.6L2,9.2L7.5,14l-1.6,7L12,17.3z\" \/>\n<\/svg>\n<\/span><\/span><span style=\"display: none;\" ><span>\n<svg xmlns=\"http:\/\/www.w3.org\/2000\/svg\" width=\"24\" height=\"24\" viewBox=\"0 0 24 24\">\n\t<path class=\"\" fill=\"currentColor\" stroke=\"currentColor\" d=\"M12,17.3l6.2,3.7l-1.6-7L22,9.2l-7.2-0.6L12,2L9.2,8.6L2,9.2L7.5,14l-1.6,7L12,17.3z\" \/>\n<\/svg>\n<\/span>\n<span>\n<svg xmlns=\"http:\/\/www.w3.org\/2000\/svg\" width=\"24\" height=\"24\" viewBox=\"0 0 24 24\">\n\t<path class=\"is-rating-unfilled\" fill=\"currentColor\" stroke=\"currentColor\" d=\"M12,17.3l6.2,3.7l-1.6-7L22,9.2l-7.2-0.6L12,2L9.2,8.6L2,9.2L7.5,14l-1.6,7L12,17.3z\" \/>\n<\/svg>\n<\/span><\/span><span style=\"display: none;\" itemprop=\"bestRating\" content=\"5\"><span>\n<svg xmlns=\"http:\/\/www.w3.org\/2000\/svg\" width=\"24\" height=\"24\" viewBox=\"0 0 24 24\">\n\t<path class=\"is-rating-unfilled\" fill=\"currentColor\" stroke=\"currentColor\" d=\"M12,17.3l6.2,3.7l-1.6-7L22,9.2l-7.2-0.6L12,2L9.2,8.6L2,9.2L7.5,14l-1.6,7L12,17.3z\" \/>\n<\/svg>\n<\/span>\n<span>\n<svg xmlns=\"http:\/\/www.w3.org\/2000\/svg\" width=\"24\" height=\"24\" viewBox=\"0 0 24 24\">\n\t<path class=\"is-rating-unfilled\" fill=\"currentColor\" stroke=\"currentColor\" d=\"M12,17.3l6.2,3.7l-1.6-7L22,9.2l-7.2-0.6L12,2L9.2,8.6L2,9.2L7.5,14l-1.6,7L12,17.3z\" \/>\n<\/svg>\n<\/span><\/span><span itemprop=\"ratingValue\" class=\"screen-reader-text\" content=\"3.5\">Note\u00a0: 3.5\u00a0sur 5.<\/span><\/div>\n\n\n<p class=\"has-text-align-center has-small-font-size wp-block-paragraph\">Merci aux \u00e9ditions <a href=\"https:\/\/www.lisez.com\/pocket\/15\">Pocket <\/a>pour l&rsquo;envoi de ce Service de Presse.<\/p>\n\n\n\n<h2 class=\"wp-block-heading has-vivid-green-cyan-color has-text-color has-link-color wp-elements-e6dc839026742bbd95938b9eef431e8e\">Mes challenges<\/h2>\n\n\n\n<p class=\"has-medium-font-size wp-block-paragraph\">Cette lecture m&rsquo;a permis de valider la cat\u00e9gorie du <a href=\"https:\/\/serialectrice.com\/index.php\/2024\/02\/26\/challenge-litteraire-_-mars-2024\/\">challenge mensuel.<\/a> <strong>Auteur dont le nom de famille est en 3 lettres.<\/strong><\/p>\n","protected":false},"excerpt":{"rendered":"<p>Un r\u00e9cit envo\u00fbtant d&rsquo;amour et de sang, de songes de g\u00e9ants et de r\u00eaves de pouvoir.<\/p>\n","protected":false},"author":1,"featured_media":0,"comment_status":"open","ping_status":"open","sticky":false,"template":"","format":"standard","meta":{"_crdt_document":"","om_disable_all_campaigns":false,"_uag_custom_page_level_css":"","_monsterinsights_skip_tracking":false,"_monsterinsights_sitenote_active":false,"_monsterinsights_sitenote_note":"","_monsterinsights_sitenote_category":0,"_uf_show_specific_survey":0,"_uf_disable_surveys":false,"_jetpack_memberships_contains_paid_content":false,"footnotes":"","jetpack_publicize_message":"Le chant des g\u00e9ants de David Bry\n\nUn r\u00e9cit envo\u00fbtant d'amour et de sang, de songes de g\u00e9ants et de r\u00eaves de pouvoir.","jetpack_publicize_feature_enabled":true,"jetpack_social_post_already_shared":true,"jetpack_social_options":{"image_generator_settings":{"template":"highway","default_image_id":0,"font":"","enabled":false},"version":2}},"categories":[6],"tags":[],"class_list":["post-5580","post","type-post","status-publish","format-standard","hentry","category-livres-lus"],"aioseo_notices":[],"jetpack_publicize_connections":[],"jetpack_featured_media_url":"","uagb_featured_image_src":{"full":false,"thumbnail":false,"medium":false,"medium_large":false,"large":false,"post-slider-thumb-size":false,"post-category-slider-size":false,"1536x1536":false,"2048x2048":false,"hello-fashion-slider":false,"hello-fashion-blog-three":false,"hello-fashion-blog-four":false,"vilva-slider-one":false,"vilva-featured-four":false,"vilva-blog":false,"vilva-blog-one":false,"vilva-sidebar":false},"uagb_author_info":{"display_name":"SeriaLectrice","author_link":"https:\/\/serialectrice.com\/index.php\/author\/cilounegmail-com\/"},"uagb_comment_info":1,"uagb_excerpt":"Un r\u00e9cit envo\u00fbtant d'amour et de sang, de songes de g\u00e9ants et de r\u00eaves de pouvoir.","jetpack_sharing_enabled":true,"jetpack_likes_enabled":true,"_links":{"self":[{"href":"https:\/\/serialectrice.com\/index.php\/wp-json\/wp\/v2\/posts\/5580","targetHints":{"allow":["GET"]}}],"collection":[{"href":"https:\/\/serialectrice.com\/index.php\/wp-json\/wp\/v2\/posts"}],"about":[{"href":"https:\/\/serialectrice.com\/index.php\/wp-json\/wp\/v2\/types\/post"}],"author":[{"embeddable":true,"href":"https:\/\/serialectrice.com\/index.php\/wp-json\/wp\/v2\/users\/1"}],"replies":[{"embeddable":true,"href":"https:\/\/serialectrice.com\/index.php\/wp-json\/wp\/v2\/comments?post=5580"}],"version-history":[{"count":2,"href":"https:\/\/serialectrice.com\/index.php\/wp-json\/wp\/v2\/posts\/5580\/revisions"}],"predecessor-version":[{"id":5588,"href":"https:\/\/serialectrice.com\/index.php\/wp-json\/wp\/v2\/posts\/5580\/revisions\/5588"}],"wp:attachment":[{"href":"https:\/\/serialectrice.com\/index.php\/wp-json\/wp\/v2\/media?parent=5580"}],"wp:term":[{"taxonomy":"category","embeddable":true,"href":"https:\/\/serialectrice.com\/index.php\/wp-json\/wp\/v2\/categories?post=5580"},{"taxonomy":"post_tag","embeddable":true,"href":"https:\/\/serialectrice.com\/index.php\/wp-json\/wp\/v2\/tags?post=5580"}],"curies":[{"name":"wp","href":"https:\/\/api.w.org\/{rel}","templated":true}]}}