{"id":5573,"date":"2024-04-04T18:00:00","date_gmt":"2024-04-04T17:00:00","guid":{"rendered":"https:\/\/serialectrice.com\/?p=5573"},"modified":"2024-03-22T07:48:33","modified_gmt":"2024-03-22T06:48:33","slug":"un-enfant-sans-histoires","status":"publish","type":"post","link":"https:\/\/serialectrice.com\/index.php\/2024\/04\/04\/un-enfant-sans-histoires\/","title":{"rendered":"Un enfant sans histoire(s) _ Am\u00e9lie Antoine"},"content":{"rendered":"\n<h2 class=\"wp-block-heading has-vivid-green-cyan-color has-text-color has-link-color wp-elements-5c7d3f6bb369d22af630f843c0bdfefc\">R\u00e9sum\u00e9<\/h2>\n\n\n\n<p class=\"wp-block-paragraph\" style=\"font-size:19px\">Je m&rsquo;appelle Vadim et j&rsquo;ai cinq ans. Mon petit fr\u00e8re s&rsquo;appelle Nathan. Maman dit toujours que, de nous deux, c&rsquo;est moi le plus sage. Mon grand fr\u00e8re s&rsquo;appelle Volodya. Maman n&rsquo;aime pas trop quand je parle de lui. D\u2019apr\u00e8s elle, il n&rsquo;existe pas. Volodya, lui, me r\u00e9p\u00e8te que ce n&rsquo;est pas grave si les autres ne le voient pas. Et m\u00eame, que c&rsquo;est mieux comme \u00e7a.<\/p>\n\n\n\n<h2 class=\"wp-block-heading has-vivid-green-cyan-color has-text-color has-link-color wp-elements-f23c8b2a16e312961195b63e6e32e882\">Mon ressenti<\/h2>\n\n\n\n<p class=\"has-medium-font-size wp-block-paragraph\">D\u00e8s le d\u00e9but du roman, le lecteur est mis dans le bain. Un drame vient alors d&rsquo;arriver la famille de Vadim. Mais que s&rsquo;est-il donc pass\u00e9 ? C&rsquo;est que nous allons d\u00e9couvrir petit \u00e0 petit alors que nous retra\u00e7ons les \u00e9v\u00e9nements tout le long de l&rsquo;ann\u00e9e pr\u00e9c\u00e9dente. L&rsquo;autrice nous pr\u00e9sente mois apr\u00e8s mois le changement qui se produit lentement, mais s\u00fbrement, chez Vadim. Ce petit gar\u00e7on de 5 ans, qui a \u00e9t\u00e9 adopt\u00e9 et qui a un ami imaginaire un peu (beaucoup) trop pr\u00e9sent. Cet ami s&rsquo;appelle Volodya, et plus le temps passe plus il prend de place dans la famille de Vadim. Ses parents sont exc\u00e9d\u00e9s et ne savent plus \u00e0 quel saint se vouer.<\/p>\n\n\n\n<p class=\"has-medium-font-size wp-block-paragraph\">Petit \u00e0 petit, nous d\u00e9couvrons avec la famille, le pass\u00e9 de Vadim. Car l&rsquo;orphelinat de Pryvyt, en Ukraine, n&rsquo;a pas tout dit \u00e0 sa famille. Un b\u00e9b\u00e9 en bonne sant\u00e9 de moins de deux ans \u00e0 adopter, c&rsquo;est tr\u00e8s rare. Car ces enfants sont les plus demand\u00e9s par les familles adoptantes. Alors, pourquoi cette famille fran\u00e7aise aurait-elle eu le privil\u00e8ge de pouvoir l&rsquo;adopter ? Mais c&rsquo;est l\u00e0 que le b\u00e2t blesse. M\u00eame s&rsquo;il parait sain physiquement, psychiquement cet enfant a v\u00e9cu un drame, qui le laissera \u00e0 jamais meurtri. <\/p>\n\n\n\n<p class=\"has-medium-font-size wp-block-paragraph\">Ce nouveau thriller d&rsquo;Am\u00e9lie Antoine se d\u00e9vore \u00e0 pleines dents. Les pages se tournent \u00e0 une vitesse folle. Le lecteur a envie de savoir. Il veut d\u00e9couvrir le pass\u00e9 de ce petit gar\u00e7on aux apparences si sage. Il veut savoir quel drame s&rsquo;est produit dans la famille de Vadim. Et pourquoi les choses en sont arriv\u00e9es l\u00e0. Le fait de retourner un an dans le pass\u00e9 est un proc\u00e9d\u00e9 litt\u00e9raire qui immerge totalement le lecteur. Chaque chapitre se cl\u00f4t par le t\u00e9moignage d&rsquo;une personnage de l&rsquo;entourage de la famille, ce qui donne alors le sentiment d&rsquo;\u00eatre au c\u0153ur de ce drame. <\/p>\n\n\n\n<p class=\"has-medium-font-size wp-block-paragraph\">C&rsquo;est encore une fois un pari r\u00e9ussi pour Am\u00e9lie Antoine. Elle avait d\u00e9j\u00e0 su nous prouver qu&rsquo;elle avait un r\u00e9el talent pour les thrillers et romans noirs avec Pourquoi tu pleures. Avec Un enfant sans histoire(s), elle signe ici un sans faute. C&rsquo;est donc un vrai coup de coeur pour moi.<\/p>\n\n\n<div class=\"wp-block-jetpack-rating-star\" style=\"text-align:center\" itemprop=\"reviewRating\" itemscope itemtype=\"http:\/\/schema.org\/Rating\"><p><span aria-hidden=\"true\">\u2b50<\/span><span aria-hidden=\"true\">\u2b50<\/span><span aria-hidden=\"true\">\u2b50<\/span><span aria-hidden=\"true\">\u2b50<\/span><span aria-hidden=\"true\">\u2b50<\/span><\/p><span style=\"display: none;\" itemprop=\"worstRating\" content=\"0.5\"><span>\n<svg xmlns=\"http:\/\/www.w3.org\/2000\/svg\" width=\"24\" height=\"24\" viewBox=\"0 0 24 24\">\n\t<path class=\"\" fill=\"currentColor\" stroke=\"currentColor\" d=\"M12,17.3l6.2,3.7l-1.6-7L22,9.2l-7.2-0.6L12,2L9.2,8.6L2,9.2L7.5,14l-1.6,7L12,17.3z\" \/>\n<\/svg>\n<\/span>\n<span>\n<svg xmlns=\"http:\/\/www.w3.org\/2000\/svg\" width=\"24\" height=\"24\" viewBox=\"0 0 24 24\">\n\t<path class=\"\" fill=\"currentColor\" stroke=\"currentColor\" d=\"M12,17.3l6.2,3.7l-1.6-7L22,9.2l-7.2-0.6L12,2L9.2,8.6L2,9.2L7.5,14l-1.6,7L12,17.3z\" \/>\n<\/svg>\n<\/span><\/span><span style=\"display: none;\" ><span>\n<svg xmlns=\"http:\/\/www.w3.org\/2000\/svg\" width=\"24\" height=\"24\" viewBox=\"0 0 24 24\">\n\t<path class=\"\" fill=\"currentColor\" stroke=\"currentColor\" d=\"M12,17.3l6.2,3.7l-1.6-7L22,9.2l-7.2-0.6L12,2L9.2,8.6L2,9.2L7.5,14l-1.6,7L12,17.3z\" \/>\n<\/svg>\n<\/span>\n<span>\n<svg xmlns=\"http:\/\/www.w3.org\/2000\/svg\" width=\"24\" height=\"24\" viewBox=\"0 0 24 24\">\n\t<path class=\"\" fill=\"currentColor\" stroke=\"currentColor\" d=\"M12,17.3l6.2,3.7l-1.6-7L22,9.2l-7.2-0.6L12,2L9.2,8.6L2,9.2L7.5,14l-1.6,7L12,17.3z\" \/>\n<\/svg>\n<\/span><\/span><span style=\"display: none;\" ><span>\n<svg xmlns=\"http:\/\/www.w3.org\/2000\/svg\" width=\"24\" height=\"24\" viewBox=\"0 0 24 24\">\n\t<path class=\"\" fill=\"currentColor\" stroke=\"currentColor\" d=\"M12,17.3l6.2,3.7l-1.6-7L22,9.2l-7.2-0.6L12,2L9.2,8.6L2,9.2L7.5,14l-1.6,7L12,17.3z\" \/>\n<\/svg>\n<\/span>\n<span>\n<svg xmlns=\"http:\/\/www.w3.org\/2000\/svg\" width=\"24\" height=\"24\" viewBox=\"0 0 24 24\">\n\t<path class=\"\" fill=\"currentColor\" stroke=\"currentColor\" d=\"M12,17.3l6.2,3.7l-1.6-7L22,9.2l-7.2-0.6L12,2L9.2,8.6L2,9.2L7.5,14l-1.6,7L12,17.3z\" \/>\n<\/svg>\n<\/span><\/span><span style=\"display: none;\" ><span>\n<svg xmlns=\"http:\/\/www.w3.org\/2000\/svg\" width=\"24\" height=\"24\" viewBox=\"0 0 24 24\">\n\t<path class=\"\" fill=\"currentColor\" stroke=\"currentColor\" d=\"M12,17.3l6.2,3.7l-1.6-7L22,9.2l-7.2-0.6L12,2L9.2,8.6L2,9.2L7.5,14l-1.6,7L12,17.3z\" \/>\n<\/svg>\n<\/span>\n<span>\n<svg xmlns=\"http:\/\/www.w3.org\/2000\/svg\" width=\"24\" height=\"24\" viewBox=\"0 0 24 24\">\n\t<path class=\"\" fill=\"currentColor\" stroke=\"currentColor\" d=\"M12,17.3l6.2,3.7l-1.6-7L22,9.2l-7.2-0.6L12,2L9.2,8.6L2,9.2L7.5,14l-1.6,7L12,17.3z\" \/>\n<\/svg>\n<\/span><\/span><span style=\"display: none;\" itemprop=\"bestRating\" content=\"5\"><span>\n<svg xmlns=\"http:\/\/www.w3.org\/2000\/svg\" width=\"24\" height=\"24\" viewBox=\"0 0 24 24\">\n\t<path class=\"\" fill=\"currentColor\" stroke=\"currentColor\" d=\"M12,17.3l6.2,3.7l-1.6-7L22,9.2l-7.2-0.6L12,2L9.2,8.6L2,9.2L7.5,14l-1.6,7L12,17.3z\" \/>\n<\/svg>\n<\/span>\n<span>\n<svg xmlns=\"http:\/\/www.w3.org\/2000\/svg\" width=\"24\" height=\"24\" viewBox=\"0 0 24 24\">\n\t<path class=\"\" fill=\"currentColor\" stroke=\"currentColor\" d=\"M12,17.3l6.2,3.7l-1.6-7L22,9.2l-7.2-0.6L12,2L9.2,8.6L2,9.2L7.5,14l-1.6,7L12,17.3z\" \/>\n<\/svg>\n<\/span><\/span><span itemprop=\"ratingValue\" class=\"screen-reader-text\" content=\"5\">Note\u00a0: 5\u00a0sur 5.<\/span><\/div>\n\n\n<p class=\"has-text-align-center has-small-font-size wp-block-paragraph\">Merci aux Editions <a href=\"https:\/\/www.muscadier.fr\/catalogue\/un-enfant-sans-histoires\/\">Le Muscadier<\/a> pour l&rsquo;envoi de ce Service de Presse.<\/p>\n\n\n\n<h2 class=\"wp-block-heading has-vivid-green-cyan-color has-text-color has-link-color wp-elements-e6dc839026742bbd95938b9eef431e8e\">Mes challenges<\/h2>\n\n\n\n<p class=\"has-medium-font-size wp-block-paragraph\">Cette lecture m&rsquo;a permis de valider la cat\u00e9gorie du <a href=\"https:\/\/serialectrice.com\/index.php\/2024\/02\/26\/challenge-litteraire-_-mars-2024\/\">challenge mensuel<\/a>.<strong> Personne qui travaille dans le social.<\/strong><\/p>\n","protected":false},"excerpt":{"rendered":"<p>Et si l&rsquo;ami imaginaire de votre enfant \u00e9tait votre pire ennemi ?<\/p>\n","protected":false},"author":1,"featured_media":5574,"comment_status":"open","ping_status":"open","sticky":false,"template":"","format":"standard","meta":{"_crdt_document":"","om_disable_all_campaigns":false,"_uag_custom_page_level_css":"","_monsterinsights_skip_tracking":false,"_monsterinsights_sitenote_active":false,"_monsterinsights_sitenote_note":"","_monsterinsights_sitenote_category":0,"_uf_show_specific_survey":0,"_uf_disable_surveys":false,"_jetpack_memberships_contains_paid_content":false,"footnotes":"","jetpack_publicize_message":"Un enfant sans histoire(s) d'Am\u00e9lie Antoine. \n\nEt si l'ami imaginaire de votre enfant \u00e9tait votre pire ennemi ?","jetpack_publicize_feature_enabled":true,"jetpack_social_post_already_shared":true,"jetpack_social_options":{"image_generator_settings":{"template":"highway","default_image_id":0,"font":"","enabled":false},"version":2}},"categories":[198,6,14],"tags":[436,30,25],"class_list":["post-5573","post","type-post","status-publish","format-standard","has-post-thumbnail","hentry","category-coup-de-coeur-livres-lus","category-livres-lus","category-service-presse","tag-amelie-antoine","tag-roman-noir","tag-thriller"],"aioseo_notices":[],"jetpack_publicize_connections":[],"jetpack_featured_media_url":"https:\/\/serialectrice.com\/wp-content\/uploads\/2024\/03\/20240319_163740.jpg","uagb_featured_image_src":{"full":["https:\/\/serialectrice.com\/wp-content\/uploads\/2024\/03\/20240319_163740.jpg",1536,2048,false],"thumbnail":["https:\/\/serialectrice.com\/wp-content\/uploads\/2024\/03\/20240319_163740-572x331.jpg",572,331,true],"medium":["https:\/\/serialectrice.com\/wp-content\/uploads\/2024\/03\/20240319_163740-225x300.jpg",225,300,true],"medium_large":["https:\/\/serialectrice.com\/wp-content\/uploads\/2024\/03\/20240319_163740-768x1024.jpg",768,1024,true],"large":["https:\/\/serialectrice.com\/wp-content\/uploads\/2024\/03\/20240319_163740-768x1024.jpg",768,1024,true],"post-slider-thumb-size":["https:\/\/serialectrice.com\/wp-content\/uploads\/2024\/03\/20240319_163740-330x190.jpg",330,190,true],"post-category-slider-size":["https:\/\/serialectrice.com\/wp-content\/uploads\/2024\/03\/20240319_163740-330x350.jpg",330,350,true],"1536x1536":["https:\/\/serialectrice.com\/wp-content\/uploads\/2024\/03\/20240319_163740-1152x1536.jpg",1152,1536,true],"2048x2048":["https:\/\/serialectrice.com\/wp-content\/uploads\/2024\/03\/20240319_163740.jpg",1536,2048,false],"hello-fashion-slider":["https:\/\/serialectrice.com\/wp-content\/uploads\/2024\/03\/20240319_163740-480x600.jpg",480,600,true],"hello-fashion-blog-three":["https:\/\/serialectrice.com\/wp-content\/uploads\/2024\/03\/20240319_163740-420x502.jpg",420,502,true],"hello-fashion-blog-four":["https:\/\/serialectrice.com\/wp-content\/uploads\/2024\/03\/20240319_163740-573x685.jpg",573,685,true],"vilva-slider-one":["https:\/\/serialectrice.com\/wp-content\/uploads\/2024\/03\/20240319_163740-1220x600.jpg",1220,600,true],"vilva-featured-four":["https:\/\/serialectrice.com\/wp-content\/uploads\/2024\/03\/20240319_163740-800x530.jpg",800,530,true],"vilva-blog":["https:\/\/serialectrice.com\/wp-content\/uploads\/2024\/03\/20240319_163740-420x280.jpg",420,280,true],"vilva-blog-one":["https:\/\/serialectrice.com\/wp-content\/uploads\/2024\/03\/20240319_163740-900x500.jpg",900,500,true],"vilva-sidebar":["https:\/\/serialectrice.com\/wp-content\/uploads\/2024\/03\/20240319_163740-840x473.jpg",840,473,true]},"uagb_author_info":{"display_name":"SeriaLectrice","author_link":"https:\/\/serialectrice.com\/index.php\/author\/cilounegmail-com\/"},"uagb_comment_info":2,"uagb_excerpt":"Et si l'ami imaginaire de votre enfant \u00e9tait votre pire ennemi ?","jetpack_sharing_enabled":true,"jetpack_likes_enabled":true,"_links":{"self":[{"href":"https:\/\/serialectrice.com\/index.php\/wp-json\/wp\/v2\/posts\/5573","targetHints":{"allow":["GET"]}}],"collection":[{"href":"https:\/\/serialectrice.com\/index.php\/wp-json\/wp\/v2\/posts"}],"about":[{"href":"https:\/\/serialectrice.com\/index.php\/wp-json\/wp\/v2\/types\/post"}],"author":[{"embeddable":true,"href":"https:\/\/serialectrice.com\/index.php\/wp-json\/wp\/v2\/users\/1"}],"replies":[{"embeddable":true,"href":"https:\/\/serialectrice.com\/index.php\/wp-json\/wp\/v2\/comments?post=5573"}],"version-history":[{"count":1,"href":"https:\/\/serialectrice.com\/index.php\/wp-json\/wp\/v2\/posts\/5573\/revisions"}],"predecessor-version":[{"id":5575,"href":"https:\/\/serialectrice.com\/index.php\/wp-json\/wp\/v2\/posts\/5573\/revisions\/5575"}],"wp:featuredmedia":[{"embeddable":true,"href":"https:\/\/serialectrice.com\/index.php\/wp-json\/wp\/v2\/media\/5574"}],"wp:attachment":[{"href":"https:\/\/serialectrice.com\/index.php\/wp-json\/wp\/v2\/media?parent=5573"}],"wp:term":[{"taxonomy":"category","embeddable":true,"href":"https:\/\/serialectrice.com\/index.php\/wp-json\/wp\/v2\/categories?post=5573"},{"taxonomy":"post_tag","embeddable":true,"href":"https:\/\/serialectrice.com\/index.php\/wp-json\/wp\/v2\/tags?post=5573"}],"curies":[{"name":"wp","href":"https:\/\/api.w.org\/{rel}","templated":true}]}}