{"id":5527,"date":"2024-02-12T18:00:00","date_gmt":"2024-02-12T17:00:00","guid":{"rendered":"https:\/\/serialectrice.com\/?p=5527"},"modified":"2024-02-10T22:39:28","modified_gmt":"2024-02-10T21:39:28","slug":"mon-coeur-contre-la-terre","status":"publish","type":"post","link":"https:\/\/serialectrice.com\/index.php\/2024\/02\/12\/mon-coeur-contre-la-terre\/","title":{"rendered":"Mon coeur contre la Terre _ Eric de Kermel"},"content":{"rendered":"\n<h2 class=\"wp-block-heading has-vivid-green-cyan-color has-text-color has-link-color wp-elements-5c7d3f6bb369d22af630f843c0bdfefc\">R\u00e9sum\u00e9<\/h2>\n\n\n\n<p class=\"wp-block-paragraph\">Ana est \u00e9cologue. Elle analyse l&rsquo;impact des activit\u00e9s humaines sur l&rsquo;environnement et la biodiversit\u00e9. Alors qu&rsquo;elle exerce son m\u00e9tier avec une exigence passionn\u00e9e, elle commet un jour une erreur qui la conduit \u00e0 tout remettre en cause&#8230;<br>Elle quitte alors Paris pour rejoindre la vall\u00e9e de la Clar\u00e9e o\u00f9, en m\u00eame temps que l&rsquo;enfant qu&rsquo;elle \u00e9tait, agrandi son amour profond pour la nature. H\u00e9berg\u00e9e par son oncle Pasco qui tient un refuge de montagne, Ana renoue avec ses amis de toujours et retrouve peu \u00e0 peu le go\u00fbt de la vie.<br>Les alpages, les torrents, les lacs et les sommets, compagnons familiers du pass\u00e9, se font les t\u00e9moins muets de ses doutes d&rsquo;aujourd&rsquo;hui. Ana s&rsquo;apaise et s&rsquo;interroge : qu&rsquo;a-t-elle fait de ses r\u00eaves d&rsquo;enfant ? Comment incarner dans sa vie cette harmonie entre homme et nature \u00e0 laquelle elle aspire ? Au-del\u00e0 de la communion avec la nature, l&rsquo;\u00e9cologie n&rsquo;est-elle pas ce chemin qui invite \u00e0 nourrir aussi le lien avec soi-m\u00eame et avec les autres ?<\/p>\n\n\n\n<h2 class=\"wp-block-heading has-vivid-green-cyan-color has-text-color has-link-color wp-elements-f23c8b2a16e312961195b63e6e32e882\">Mon ressenti<\/h2>\n\n\n\n<p class=\"has-medium-font-size wp-block-paragraph\">Ana d\u00e9cide de prendre une ann\u00e9e sabatique le jour o\u00f9 elle r\u00e9alise qu&rsquo;elle a commis une erreur. Ecologue renomm\u00e9e, elle a donn\u00e9 l&rsquo;autorisation \u00e0 un produit phytosanitaire qui s&rsquo;av\u00e8re finalement dangereux pour les libellules. <strong>Rong\u00e9e par la culpabilit\u00e9, elle qui tient tellement \u00e0 prot\u00e9ger la nature, elle d\u00e9cide de s&rsquo;exiler sur les terres de son enfance, au coeur du massif des Cerces.<\/strong> Elle va y retrouver la s\u00e9r\u00e9nit\u00e9 et se rappeler pour quelles raisons elle est devenue \u00e9cologue.<\/p>\n\n\n\n<p class=\"has-medium-font-size wp-block-paragraph\">J&rsquo;ai beaucoup aim\u00e9 ce court roman qui est <strong>un v\u00e9ritable hymne \u00e0 la nature et \u00e0 sa beaut\u00e9.<\/strong> Les descriptions des <strong>paysages alpins m&rsquo;ont rappel\u00e9 les treks que j&rsquo;ai effectu\u00e9s dans la r\u00e9gion. <\/strong>J&rsquo;y ai retrouv\u00e9 <strong>la Clar\u00e9e et le Mont Thabor<\/strong>, dont je garde un souvenir bien particulier, puisque je n&rsquo;avais pas r\u00e9ussi \u00e0 aller jusqu&rsquo;au sommet, prise d&rsquo;une crise d&rsquo;angoisse durant la mont\u00e9e (le manque d&rsquo;oxyg\u00e8ne ce jour l\u00e0 m&rsquo;a jou\u00e9 des tours). Mais \u00e9galement <strong>le Galibier, le parc National des \u00e9crins (v\u00e9ritable paradis), la Meije &#8230; <\/strong>Les refuges de randonneurs, le cri des marmottes, les ruisseaux glac\u00e9s &#8230; <strong>l<\/strong>e<strong> silence de la montagne<\/strong> &#8230; Ce livre m&rsquo;a permis de me rem\u00e9morer tous ces souvenirs. <\/p>\n\n\n\n<p class=\"has-medium-font-size wp-block-paragraph\"><strong>L&rsquo;histoire, quant \u00e0 elle, est int\u00e9ressante mais sans pour autant \u00eatre m\u00e9morable<\/strong>. Nous y suivons Ana, qui remet sa vie en question. L&rsquo;isolement dans les montagnes lui permet de remettre en question les choix qu&rsquo;elle a pris. Cela dit, <strong>rien de neuf \u00e0 l&rsquo;horizon.<\/strong> Ce sujet a \u00e9t\u00e9 vu et revu de nombreuses fois. Ce n&rsquo;est pas un roman original. Mais il n&rsquo;est pas inint\u00e9ressant. <strong>J&rsquo;en garderai surtout le souvenir des paysages alpins que j&rsquo;aime tant.<\/strong><\/p>\n\n\n\n<p class=\"has-text-align-center has-medium-font-size wp-block-paragraph\"><em>Un joli roman, <strong>\u00e0 lire si vous aimez la nature<\/strong> et encore plus si vous appr\u00e9ciez la montagne. Il me reste un livre de cet auteur dans ma biblioth\u00e8que : <strong>Les jardins de Zagarand<\/strong>.<\/em><\/p>\n\n\n<div class=\"wp-block-jetpack-rating-star\" style=\"text-align:center\" itemprop=\"reviewRating\" itemscope itemtype=\"http:\/\/schema.org\/Rating\"><p><span aria-hidden=\"true\">\u2b50<\/span><span aria-hidden=\"true\">\u2b50<\/span><span aria-hidden=\"true\">\u2b50<\/span><span aria-hidden=\"true\">\u2b50<\/span><\/p><span style=\"display: none;\" itemprop=\"worstRating\" content=\"0.5\"><span>\n<svg xmlns=\"http:\/\/www.w3.org\/2000\/svg\" width=\"24\" height=\"24\" viewBox=\"0 0 24 24\">\n\t<path class=\"\" fill=\"currentColor\" stroke=\"currentColor\" d=\"M12,17.3l6.2,3.7l-1.6-7L22,9.2l-7.2-0.6L12,2L9.2,8.6L2,9.2L7.5,14l-1.6,7L12,17.3z\" \/>\n<\/svg>\n<\/span>\n<span>\n<svg xmlns=\"http:\/\/www.w3.org\/2000\/svg\" width=\"24\" height=\"24\" viewBox=\"0 0 24 24\">\n\t<path class=\"\" fill=\"currentColor\" stroke=\"currentColor\" d=\"M12,17.3l6.2,3.7l-1.6-7L22,9.2l-7.2-0.6L12,2L9.2,8.6L2,9.2L7.5,14l-1.6,7L12,17.3z\" \/>\n<\/svg>\n<\/span><\/span><span style=\"display: none;\" ><span>\n<svg xmlns=\"http:\/\/www.w3.org\/2000\/svg\" width=\"24\" height=\"24\" viewBox=\"0 0 24 24\">\n\t<path class=\"\" fill=\"currentColor\" stroke=\"currentColor\" d=\"M12,17.3l6.2,3.7l-1.6-7L22,9.2l-7.2-0.6L12,2L9.2,8.6L2,9.2L7.5,14l-1.6,7L12,17.3z\" \/>\n<\/svg>\n<\/span>\n<span>\n<svg xmlns=\"http:\/\/www.w3.org\/2000\/svg\" width=\"24\" height=\"24\" viewBox=\"0 0 24 24\">\n\t<path class=\"\" fill=\"currentColor\" stroke=\"currentColor\" d=\"M12,17.3l6.2,3.7l-1.6-7L22,9.2l-7.2-0.6L12,2L9.2,8.6L2,9.2L7.5,14l-1.6,7L12,17.3z\" \/>\n<\/svg>\n<\/span><\/span><span style=\"display: none;\" ><span>\n<svg xmlns=\"http:\/\/www.w3.org\/2000\/svg\" width=\"24\" height=\"24\" viewBox=\"0 0 24 24\">\n\t<path class=\"\" fill=\"currentColor\" stroke=\"currentColor\" d=\"M12,17.3l6.2,3.7l-1.6-7L22,9.2l-7.2-0.6L12,2L9.2,8.6L2,9.2L7.5,14l-1.6,7L12,17.3z\" \/>\n<\/svg>\n<\/span>\n<span>\n<svg xmlns=\"http:\/\/www.w3.org\/2000\/svg\" width=\"24\" height=\"24\" viewBox=\"0 0 24 24\">\n\t<path class=\"\" fill=\"currentColor\" stroke=\"currentColor\" d=\"M12,17.3l6.2,3.7l-1.6-7L22,9.2l-7.2-0.6L12,2L9.2,8.6L2,9.2L7.5,14l-1.6,7L12,17.3z\" \/>\n<\/svg>\n<\/span><\/span><span style=\"display: none;\" ><span>\n<svg xmlns=\"http:\/\/www.w3.org\/2000\/svg\" width=\"24\" height=\"24\" viewBox=\"0 0 24 24\">\n\t<path class=\"\" fill=\"currentColor\" stroke=\"currentColor\" d=\"M12,17.3l6.2,3.7l-1.6-7L22,9.2l-7.2-0.6L12,2L9.2,8.6L2,9.2L7.5,14l-1.6,7L12,17.3z\" \/>\n<\/svg>\n<\/span>\n<span>\n<svg xmlns=\"http:\/\/www.w3.org\/2000\/svg\" width=\"24\" height=\"24\" viewBox=\"0 0 24 24\">\n\t<path class=\"\" fill=\"currentColor\" stroke=\"currentColor\" d=\"M12,17.3l6.2,3.7l-1.6-7L22,9.2l-7.2-0.6L12,2L9.2,8.6L2,9.2L7.5,14l-1.6,7L12,17.3z\" \/>\n<\/svg>\n<\/span><\/span><span style=\"display: none;\" itemprop=\"bestRating\" content=\"5\"><span>\n<svg xmlns=\"http:\/\/www.w3.org\/2000\/svg\" width=\"24\" height=\"24\" viewBox=\"0 0 24 24\">\n\t<path class=\"is-rating-unfilled\" fill=\"currentColor\" stroke=\"currentColor\" d=\"M12,17.3l6.2,3.7l-1.6-7L22,9.2l-7.2-0.6L12,2L9.2,8.6L2,9.2L7.5,14l-1.6,7L12,17.3z\" \/>\n<\/svg>\n<\/span>\n<span>\n<svg xmlns=\"http:\/\/www.w3.org\/2000\/svg\" width=\"24\" height=\"24\" viewBox=\"0 0 24 24\">\n\t<path class=\"is-rating-unfilled\" fill=\"currentColor\" stroke=\"currentColor\" d=\"M12,17.3l6.2,3.7l-1.6-7L22,9.2l-7.2-0.6L12,2L9.2,8.6L2,9.2L7.5,14l-1.6,7L12,17.3z\" \/>\n<\/svg>\n<\/span><\/span><span itemprop=\"ratingValue\" class=\"screen-reader-text\" content=\"4\">Note\u00a0: 4\u00a0sur 5.<\/span><\/div>\n\n\n<h2 class=\"wp-block-heading\">Mes challenges<\/h2>\n\n\n\n<p class=\"has-medium-font-size wp-block-paragraph\">Cette lecture m&rsquo;a permis de valider la cat\u00e9gorie du <a href=\"https:\/\/serialectrice.com\/index.php\/2024\/01\/27\/challenge-litteraire-_-fevrier-2024\/\">challenge mensuel.<\/a> <strong>Couverture qui fait penser \u00e0 l&rsquo;hiver.<\/strong><\/p>\n\n\n\n<p class=\"has-medium-font-size wp-block-paragraph\">Elle m&rsquo;a \u00e9galement permis de valider la cat\u00e9gorie du challenge annuel <a href=\"https:\/\/www.facebook.com\/groups\/707636122759664\">La t\u00eate dans les livres<\/a>. <strong>Livre un livre sur le th\u00e8me de l&rsquo;\u00e9cologie.<\/strong><\/p>\n","protected":false},"excerpt":{"rendered":"<p>Ana, \u00e9cologue, d\u00e9cide de tout plaquer apr\u00e8s avoir commis une erreur.<\/p>\n","protected":false},"author":1,"featured_media":5528,"comment_status":"open","ping_status":"open","sticky":false,"template":"","format":"standard","meta":{"_crdt_document":"","om_disable_all_campaigns":false,"_uag_custom_page_level_css":"","_monsterinsights_skip_tracking":false,"_monsterinsights_sitenote_active":false,"_monsterinsights_sitenote_note":"","_monsterinsights_sitenote_category":0,"_uf_show_specific_survey":0,"_uf_disable_surveys":false,"_jetpack_memberships_contains_paid_content":false,"footnotes":"","jetpack_publicize_message":"Ana, \u00e9cologue, d\u00e9cide de tout plaquer apr\u00e8s avoir commis une erreur.","jetpack_publicize_feature_enabled":true,"jetpack_social_post_already_shared":true,"jetpack_social_options":{"image_generator_settings":{"template":"highway","default_image_id":0,"font":"","enabled":false},"version":2}},"categories":[6],"tags":[637,639,638,99],"class_list":["post-5527","post","type-post","status-publish","format-standard","has-post-thumbnail","hentry","category-livres-lus","tag-ecologie","tag-eric-de-kermel","tag-montagne","tag-nature"],"aioseo_notices":[],"jetpack_publicize_connections":[],"jetpack_featured_media_url":"https:\/\/serialectrice.com\/wp-content\/uploads\/2024\/02\/Design-sans-titre_20240210_222943_0000.png","uagb_featured_image_src":{"full":["https:\/\/serialectrice.com\/wp-content\/uploads\/2024\/02\/Design-sans-titre_20240210_222943_0000.png",1080,1350,false],"thumbnail":["https:\/\/serialectrice.com\/wp-content\/uploads\/2024\/02\/Design-sans-titre_20240210_222943_0000-572x331.png",572,331,true],"medium":["https:\/\/serialectrice.com\/wp-content\/uploads\/2024\/02\/Design-sans-titre_20240210_222943_0000-240x300.png",240,300,true],"medium_large":["https:\/\/serialectrice.com\/wp-content\/uploads\/2024\/02\/Design-sans-titre_20240210_222943_0000-768x960.png",768,960,true],"large":["https:\/\/serialectrice.com\/wp-content\/uploads\/2024\/02\/Design-sans-titre_20240210_222943_0000-819x1024.png",819,1024,true],"post-slider-thumb-size":["https:\/\/serialectrice.com\/wp-content\/uploads\/2024\/02\/Design-sans-titre_20240210_222943_0000-330x190.png",330,190,true],"post-category-slider-size":["https:\/\/serialectrice.com\/wp-content\/uploads\/2024\/02\/Design-sans-titre_20240210_222943_0000-330x350.png",330,350,true],"1536x1536":["https:\/\/serialectrice.com\/wp-content\/uploads\/2024\/02\/Design-sans-titre_20240210_222943_0000.png",1080,1350,false],"2048x2048":["https:\/\/serialectrice.com\/wp-content\/uploads\/2024\/02\/Design-sans-titre_20240210_222943_0000.png",1080,1350,false],"hello-fashion-slider":["https:\/\/serialectrice.com\/wp-content\/uploads\/2024\/02\/Design-sans-titre_20240210_222943_0000-480x600.png",480,600,true],"hello-fashion-blog-three":["https:\/\/serialectrice.com\/wp-content\/uploads\/2024\/02\/Design-sans-titre_20240210_222943_0000-420x502.png",420,502,true],"hello-fashion-blog-four":["https:\/\/serialectrice.com\/wp-content\/uploads\/2024\/02\/Design-sans-titre_20240210_222943_0000-573x685.png",573,685,true],"vilva-slider-one":["https:\/\/serialectrice.com\/wp-content\/uploads\/2024\/02\/Design-sans-titre_20240210_222943_0000-1080x600.png",1080,600,true],"vilva-featured-four":["https:\/\/serialectrice.com\/wp-content\/uploads\/2024\/02\/Design-sans-titre_20240210_222943_0000-800x530.png",800,530,true],"vilva-blog":["https:\/\/serialectrice.com\/wp-content\/uploads\/2024\/02\/Design-sans-titre_20240210_222943_0000-420x280.png",420,280,true],"vilva-blog-one":["https:\/\/serialectrice.com\/wp-content\/uploads\/2024\/02\/Design-sans-titre_20240210_222943_0000-900x500.png",900,500,true],"vilva-sidebar":["https:\/\/serialectrice.com\/wp-content\/uploads\/2024\/02\/Design-sans-titre_20240210_222943_0000-840x473.png",840,473,true]},"uagb_author_info":{"display_name":"SeriaLectrice","author_link":"https:\/\/serialectrice.com\/index.php\/author\/cilounegmail-com\/"},"uagb_comment_info":1,"uagb_excerpt":"Ana, \u00e9cologue, d\u00e9cide de tout plaquer apr\u00e8s avoir commis une erreur.","jetpack_sharing_enabled":true,"jetpack_likes_enabled":true,"_links":{"self":[{"href":"https:\/\/serialectrice.com\/index.php\/wp-json\/wp\/v2\/posts\/5527","targetHints":{"allow":["GET"]}}],"collection":[{"href":"https:\/\/serialectrice.com\/index.php\/wp-json\/wp\/v2\/posts"}],"about":[{"href":"https:\/\/serialectrice.com\/index.php\/wp-json\/wp\/v2\/types\/post"}],"author":[{"embeddable":true,"href":"https:\/\/serialectrice.com\/index.php\/wp-json\/wp\/v2\/users\/1"}],"replies":[{"embeddable":true,"href":"https:\/\/serialectrice.com\/index.php\/wp-json\/wp\/v2\/comments?post=5527"}],"version-history":[{"count":1,"href":"https:\/\/serialectrice.com\/index.php\/wp-json\/wp\/v2\/posts\/5527\/revisions"}],"predecessor-version":[{"id":5529,"href":"https:\/\/serialectrice.com\/index.php\/wp-json\/wp\/v2\/posts\/5527\/revisions\/5529"}],"wp:featuredmedia":[{"embeddable":true,"href":"https:\/\/serialectrice.com\/index.php\/wp-json\/wp\/v2\/media\/5528"}],"wp:attachment":[{"href":"https:\/\/serialectrice.com\/index.php\/wp-json\/wp\/v2\/media?parent=5527"}],"wp:term":[{"taxonomy":"category","embeddable":true,"href":"https:\/\/serialectrice.com\/index.php\/wp-json\/wp\/v2\/categories?post=5527"},{"taxonomy":"post_tag","embeddable":true,"href":"https:\/\/serialectrice.com\/index.php\/wp-json\/wp\/v2\/tags?post=5527"}],"curies":[{"name":"wp","href":"https:\/\/api.w.org\/{rel}","templated":true}]}}