{"id":5380,"date":"2023-12-13T18:00:00","date_gmt":"2023-12-13T16:00:00","guid":{"rendered":"https:\/\/serialectrice.com\/?p=5380"},"modified":"2023-12-11T10:28:20","modified_gmt":"2023-12-11T09:28:20","slug":"m-asseoir-cinq-minutes-avec-toi","status":"publish","type":"post","link":"https:\/\/serialectrice.com\/index.php\/2023\/12\/13\/m-asseoir-cinq-minutes-avec-toi\/","title":{"rendered":"M&rsquo;asseoir cinq minutes avec toi _ Sophie Jomain"},"content":{"rendered":"\n<h2 class=\"wp-block-heading has-vivid-green-cyan-color has-text-color has-link-color wp-elements-5c7d3f6bb369d22af630f843c0bdfefc\">R\u00e9sum\u00e9<\/h2>\n\n\n\n<p class=\"wp-block-paragraph\" style=\"font-size:19px\">Claire et Paul se sont follement aim\u00e9s. Une rencontre, un coup de foudre, un mariage, puis enfin, un enfant. Ils \u00e9taient pr\u00eats, ils le voulaient de toutes leurs forces. Et leur fille est n\u00e9e : belle, parfaite&#8230; et diff\u00e9rente des autres enfants, pour toujours.<br>Ce roman est l\u2019histoire d\u2019un homme et d\u2019une femme qui se sont oubli\u00e9s, qui n\u2019ont pas tenu face \u00e0 la pression, aux sacrifices que demande un enfant aux besoins sp\u00e9cifiques.<br>M&rsquo;asseoir cinq minutes avec toi nous plonge dans la r\u00e9alit\u00e9 d\u2019un couple d\u00e9chir\u00e9, nous apprend les difficult\u00e9s \u00e0 \u00e9lever un enfant au handicap invisible, \u00e0 rester forts et \u00e0 laisser exulter la joie que nous apporte la vie.<\/p>\n\n\n\n<h2 class=\"wp-block-heading has-vivid-green-cyan-color has-text-color has-link-color wp-elements-f23c8b2a16e312961195b63e6e32e882\">Mon ressenti<\/h2>\n\n\n\n<p class=\"has-medium-font-size wp-block-paragraph\"><strong>Claire et Paul viennent de se s\u00e9parer. <\/strong>Ce n&rsquo;est pas d\u00e9finitif, selon Paul, qui est parti.<strong> Il a besoin de se retrouver car la vie avec leur fille Pauline est devenue trop difficile.<\/strong> Pauline est autiste. Ses capacit\u00e9s sociales sont limit\u00e9es mais elle entre quand m\u00eame en communication avec les autres. Ses parents, d&rsquo;autres enfants. Cependant, elle n&rsquo;a pas acquis les codes de la sociabilisation et a \u00e9norm\u00e9ment de mal \u00e0 cr\u00e9er des liens. <strong>Claire vit pour sa fille, elle fait tout pour elle. Paul, quant \u00e0 lui, subit la situation de sa fille plus qu&rsquo;il ne la vit. Il n&rsquo;en peut plus. <\/strong><\/p>\n\n\n\n<p class=\"has-medium-font-size wp-block-paragraph\">Nous suivons donc <strong>Claire qui se retrouve seule, du jour au lendemain<\/strong>, \u00e0 devoir g\u00e9rer sa vie familiale. M&rsquo;asseoir cinq minutes avec toi est <strong>un texte court mais puissant<\/strong> que nous offre ici Sophie Jomain. <strong>Elle a su trouver parfaitement les mots pour d\u00e9crire ce que vit au quotidien un parent solo.<\/strong> Les doutes, les questionnements qui les assaillent jour apr\u00e8s jour. <strong>Mais surtout, elle ne condamne pas la r\u00e9action de Paul, qui a d\u00e9cid\u00e9 de s&rsquo;\u00e9loigner. <\/strong>Mais il ne part pas si loin, et c&rsquo;est pour lui l&rsquo;occasion de recr\u00e9er du lien avec sa fille, de prendre le temps de s&rsquo;asseoir cinq minutes avec elle.<\/p>\n\n\n\n<p class=\"has-medium-font-size wp-block-paragraph\"><strong>L&rsquo;autrice aurait pu choisir de s&rsquo;appesantir sur le sort de Claire et de Pauline. <\/strong>Elle aborde bien les difficult\u00e9s li\u00e9es au fait d&rsquo;\u00e9lever un enfant atteint d&rsquo;un handicap, <strong>mais c&rsquo;est un livre plein d&rsquo;espoir qu&rsquo;elle nous propose ici.<\/strong> Son texte est d&rsquo;une <strong>bienveillance \u00e0 toute \u00e9preuve<\/strong> et donne la possibilit\u00e9 aux lecteurs qui sont dans la situation de Claire de relativiser et de ne plus culpabiliser. <strong>Chaque parent fait au mieux et comme il peut avec les moyens qui lui sont donn\u00e9s.<\/strong><\/p>\n\n\n\n<p class=\"has-text-align-center has-medium-font-size wp-block-paragraph\"><strong><em>M&rsquo;asseoir cinq minutes avec toi<\/em> <em>est un tr\u00e8s beau texte<\/em><\/strong><em> qui m&rsquo;a fait beaucoup de bien. Je ne peux en dire plus, au risque de d\u00e9voiler le plus important. <strong>Mais si j&rsquo;ai un conseil \u00e0 vous donner, c&rsquo;est de le lire !<\/strong><\/em><\/p>\n\n\n\n<div class=\"wp-block-uagb-star-rating uagb-block-b6c44bc7\"><div class=\"uag-star-rating\" title=\"5\/5\"><span class=\"uag-star\">\u2605<\/span><span class=\"uag-star\">\u2605<\/span><span class=\"uag-star\">\u2605<\/span><span class=\"uag-star\">\u2605<\/span><span class=\"uag-star\">\u2605<\/span><\/div><\/div>\n\n\n\n<h2 class=\"wp-block-heading has-vivid-green-cyan-color has-text-color has-link-color wp-elements-e6dc839026742bbd95938b9eef431e8e\">Mes challenges<\/h2>\n\n\n\n<p class=\"has-medium-font-size wp-block-paragraph\">Cette lecture m&rsquo;a permis de valider la cat\u00e9gorie du challenge annuel <a href=\"https:\/\/www.facebook.com\/groups\/588204369834342\">Vivre Livres<\/a>. <strong>H\u00e9ros qui pleure au moins une fois.<\/strong><\/p>\n\n\n\n<p class=\"has-medium-font-size wp-block-paragraph\">Elle m&rsquo;a \u00e9galement permis de valider la cat\u00e9gorie du <a href=\"https:\/\/serialectrice.com\/index.php\/2023\/11\/28\/challenge-litteraire-decembre-2023\/\">challenge mensuel<\/a>.<strong> Quatri\u00e8me avec le mot Handicap.<\/strong><\/p>\n","protected":false},"excerpt":{"rendered":"<p>Claire et Paul se sont follement aim\u00e9s. Et leur fille est n\u00e9e : belle mais diff\u00e9rente.<\/p>\n","protected":false},"author":1,"featured_media":5388,"comment_status":"open","ping_status":"open","sticky":false,"template":"","format":"standard","meta":{"_crdt_document":"","om_disable_all_campaigns":false,"_uag_custom_page_level_css":"","_monsterinsights_skip_tracking":false,"_monsterinsights_sitenote_active":false,"_monsterinsights_sitenote_note":"","_monsterinsights_sitenote_category":0,"_uf_show_specific_survey":0,"_uf_disable_surveys":false,"_jetpack_memberships_contains_paid_content":false,"footnotes":"","jetpack_publicize_message":"Claire et Paul se sont follement aim\u00e9s. Et leur fille est n\u00e9e : belle mais diff\u00e9rente.","jetpack_publicize_feature_enabled":true,"jetpack_social_post_already_shared":true,"jetpack_social_options":{"image_generator_settings":{"template":"highway","default_image_id":0,"font":"","enabled":false},"version":2}},"categories":[198,6],"tags":[63,62,27],"class_list":["post-5380","post","type-post","status-publish","format-standard","has-post-thumbnail","hentry","category-coup-de-coeur-livres-lus","category-livres-lus","tag-handicap","tag-litterature-francaise","tag-roman"],"aioseo_notices":[],"jetpack_publicize_connections":[],"jetpack_featured_media_url":"https:\/\/serialectrice.com\/wp-content\/uploads\/2023\/12\/Design-sans-titre-1.png","uagb_featured_image_src":{"full":["https:\/\/serialectrice.com\/wp-content\/uploads\/2023\/12\/Design-sans-titre-1.png",1080,1350,false],"thumbnail":["https:\/\/serialectrice.com\/wp-content\/uploads\/2023\/12\/Design-sans-titre-1-572x331.png",572,331,true],"medium":["https:\/\/serialectrice.com\/wp-content\/uploads\/2023\/12\/Design-sans-titre-1-240x300.png",240,300,true],"medium_large":["https:\/\/serialectrice.com\/wp-content\/uploads\/2023\/12\/Design-sans-titre-1-768x960.png",768,960,true],"large":["https:\/\/serialectrice.com\/wp-content\/uploads\/2023\/12\/Design-sans-titre-1-819x1024.png",819,1024,true],"post-slider-thumb-size":["https:\/\/serialectrice.com\/wp-content\/uploads\/2023\/12\/Design-sans-titre-1-330x190.png",330,190,true],"post-category-slider-size":["https:\/\/serialectrice.com\/wp-content\/uploads\/2023\/12\/Design-sans-titre-1-330x350.png",330,350,true],"1536x1536":["https:\/\/serialectrice.com\/wp-content\/uploads\/2023\/12\/Design-sans-titre-1.png",1080,1350,false],"2048x2048":["https:\/\/serialectrice.com\/wp-content\/uploads\/2023\/12\/Design-sans-titre-1.png",1080,1350,false],"hello-fashion-slider":["https:\/\/serialectrice.com\/wp-content\/uploads\/2023\/12\/Design-sans-titre-1-480x600.png",480,600,true],"hello-fashion-blog-three":["https:\/\/serialectrice.com\/wp-content\/uploads\/2023\/12\/Design-sans-titre-1-420x502.png",420,502,true],"hello-fashion-blog-four":["https:\/\/serialectrice.com\/wp-content\/uploads\/2023\/12\/Design-sans-titre-1-573x685.png",573,685,true],"vilva-slider-one":["https:\/\/serialectrice.com\/wp-content\/uploads\/2023\/12\/Design-sans-titre-1-1080x600.png",1080,600,true],"vilva-featured-four":["https:\/\/serialectrice.com\/wp-content\/uploads\/2023\/12\/Design-sans-titre-1-800x530.png",800,530,true],"vilva-blog":["https:\/\/serialectrice.com\/wp-content\/uploads\/2023\/12\/Design-sans-titre-1-420x280.png",420,280,true],"vilva-blog-one":["https:\/\/serialectrice.com\/wp-content\/uploads\/2023\/12\/Design-sans-titre-1-900x500.png",900,500,true],"vilva-sidebar":["https:\/\/serialectrice.com\/wp-content\/uploads\/2023\/12\/Design-sans-titre-1-840x473.png",840,473,true]},"uagb_author_info":{"display_name":"SeriaLectrice","author_link":"https:\/\/serialectrice.com\/index.php\/author\/cilounegmail-com\/"},"uagb_comment_info":1,"uagb_excerpt":"Claire et Paul se sont follement aim\u00e9s. Et leur fille est n\u00e9e : belle mais diff\u00e9rente.","jetpack_sharing_enabled":true,"jetpack_likes_enabled":true,"_links":{"self":[{"href":"https:\/\/serialectrice.com\/index.php\/wp-json\/wp\/v2\/posts\/5380","targetHints":{"allow":["GET"]}}],"collection":[{"href":"https:\/\/serialectrice.com\/index.php\/wp-json\/wp\/v2\/posts"}],"about":[{"href":"https:\/\/serialectrice.com\/index.php\/wp-json\/wp\/v2\/types\/post"}],"author":[{"embeddable":true,"href":"https:\/\/serialectrice.com\/index.php\/wp-json\/wp\/v2\/users\/1"}],"replies":[{"embeddable":true,"href":"https:\/\/serialectrice.com\/index.php\/wp-json\/wp\/v2\/comments?post=5380"}],"version-history":[{"count":3,"href":"https:\/\/serialectrice.com\/index.php\/wp-json\/wp\/v2\/posts\/5380\/revisions"}],"predecessor-version":[{"id":5393,"href":"https:\/\/serialectrice.com\/index.php\/wp-json\/wp\/v2\/posts\/5380\/revisions\/5393"}],"wp:featuredmedia":[{"embeddable":true,"href":"https:\/\/serialectrice.com\/index.php\/wp-json\/wp\/v2\/media\/5388"}],"wp:attachment":[{"href":"https:\/\/serialectrice.com\/index.php\/wp-json\/wp\/v2\/media?parent=5380"}],"wp:term":[{"taxonomy":"category","embeddable":true,"href":"https:\/\/serialectrice.com\/index.php\/wp-json\/wp\/v2\/categories?post=5380"},{"taxonomy":"post_tag","embeddable":true,"href":"https:\/\/serialectrice.com\/index.php\/wp-json\/wp\/v2\/tags?post=5380"}],"curies":[{"name":"wp","href":"https:\/\/api.w.org\/{rel}","templated":true}]}}