{"id":5350,"date":"2024-01-09T18:00:00","date_gmt":"2024-01-09T17:00:00","guid":{"rendered":"https:\/\/serialectrice.com\/?p=5350"},"modified":"2024-01-09T11:57:02","modified_gmt":"2024-01-09T10:57:02","slug":"la-fille-de-l-illusionniste","status":"publish","type":"post","link":"https:\/\/serialectrice.com\/index.php\/2024\/01\/09\/la-fille-de-l-illusionniste\/","title":{"rendered":"La fille de l&rsquo;illusionniste"},"content":{"rendered":"\n<h2 class=\"wp-block-heading has-vivid-green-cyan-color has-text-color has-link-color wp-elements-5c7d3f6bb369d22af630f843c0bdfefc\">R\u00e9sum\u00e9<\/h2>\n\n\n\n<p class=\"wp-block-paragraph\" style=\"font-size:19px\">1938. Lena Papadopoulos n\u2019a jamais tout \u00e0 fait trouv\u00e9 sa place dans le cirque, m\u00eame en tant que fille de l&rsquo;illusionniste en t\u00eate d\u2019affiche, Theo. Brillante et curieuse, Lena aspire \u00e0 la magie du monde r\u00e9el de la science et de la m\u00e9decine, malgr\u00e9 les limites de son fauteuil roulant. Mais sa vie non conventionnelle va prendre une tournure passionnante lorsqu\u2019elle sauve Alexandre, un orphelin juif avec ses propres secrets et un pass\u00e9 myst\u00e9rieux. Alors que la Seconde Guerre mondiale s\u2019intensifie autour d\u2019eux, leur amiti\u00e9 se transforme en quelque chose de plus profond, tandis qu\u2019Alexandre s\u2019entra\u00eene comme apprenti illusionniste. Mais lorsqu\u2019il est arr\u00eat\u00e9 avec Theo et somm\u00e9 de se produire dans une ville \u00ab mod\u00e8le \u00bb pour juifs mise en place par les nazis, la s\u00e9paration avec Lena est in\u00e9vitable et extr\u00eamement brutale. Forc\u00e9e de faire son propre chemin, Lena doit affronter ses doutes et oser croire en l\u2019impossible : elle-m\u00eame.<\/p>\n\n\n\n<h2 class=\"wp-block-heading has-vivid-green-cyan-color has-text-color has-link-color wp-elements-f23c8b2a16e312961195b63e6e32e882\">Mon ressenti<\/h2>\n\n\n\n<p class=\"has-medium-font-size wp-block-paragraph\">Lena est une jeune fille pleine d&rsquo;ambition. <strong>Son r\u00eave ? Devenir m\u00e9decin. <\/strong>Mais suite \u00e0 une polio, elle est en fauteuil roulant. Fille de l&rsquo;illusionniste Th\u00e9o Papadopoulos, ce dernier la surprot\u00e8ge. Elle doit le suivre dans le <strong>train des Merveilles<\/strong> pendant sa tourn\u00e9e. <strong>Lorsqu&rsquo;Alexandre, un jeune juif, rejoint le cirque, une grande amiti\u00e9 nait entre les deux protagonistes.<\/strong> Alexandra va pousser Lena \u00e0 aller plus loin et va la convaincre qu&rsquo;elle peut remarcher et suivre ses r\u00eaves. <strong>Mais la seconde guerre mondiale se profile et Alexandre se retrouve menac\u00e9. <\/strong><\/p>\n\n\n\n<p class=\"has-medium-font-size wp-block-paragraph\">J&rsquo;ai beaucoup aim\u00e9 voyager dans ce train des Merveilles avec les artistes de ce grand cirque d&rsquo;Europe. <strong>L&rsquo;amiti\u00e9 qui nait entre Lena et Alexandre est vraiment belle. <\/strong>Les deux jeunes gens vont se soutenir et Alexandre va beaucoup apporter \u00e0 Lena. Mais le jeune gar\u00e7on n&rsquo;a pas tout dit \u00e0 ses amis. Et plus le temps passe, moins la v\u00e9rit\u00e9 est simple \u00e0 avouer. <strong>De son c\u00f4t\u00e9, Th\u00e9o, le p\u00e8re de Lena, a aussi des choses \u00e0 cacher et lorsque la v\u00e9rit\u00e9 \u00e9clate, on ne peut que l&rsquo;admirer encore plus. <\/strong><\/p>\n\n\n\n<p class=\"has-medium-font-size wp-block-paragraph\"><strong>Les personnages sont profond\u00e9ment humains et attachants<\/strong>. Je regrette cependant le c\u00f4t\u00e9 <strong>un peu manich\u00e9en<\/strong> avec les bons d&rsquo;un c\u00f4t\u00e9 et les m\u00e9chants de l&rsquo;autre. M\u00eame si \u00e0 la toute fin du livre, un des personnages finit par montrer qu&rsquo;il a peut-\u00eatre des remords suite \u00e0 ses actes. Il n&rsquo;en reste pas moins que les \u00ab\u00a0gentils\u00a0\u00bb malgr\u00e9 leurs cachoteries restent des bonnes personnes sans jamais aucune mauvaise intention et que les mauvaises personnes sont capables des plus viles actions. <\/p>\n\n\n\n<p class=\"has-medium-font-size wp-block-paragraph\"><strong>Le fait que l&rsquo;intrigue se d\u00e9roule \u00e0 l&rsquo;aube de la seconde guerre mondiale apporte une dimension int\u00e9ressante \u00e0 l&rsquo;histoire. <\/strong>Que des cirques soient rest\u00e9s op\u00e9rationnels durant la guerre est intrigant. Mais c&rsquo;est le cas du cirque d&rsquo;hiver qui a continu\u00e9 de performer sous l&rsquo;occupation allemande. La particularit\u00e9 du cirque des Merveilles est qu&rsquo;il continuait \u00e0 traverser les fronti\u00e8res. <strong>Or, l&rsquo;autrice le pr\u00e9cise elle-m\u00eame, hormis quelques cirques, cela reste de la fiction.<\/strong><\/p>\n\n\n\n<p class=\"has-medium-font-size wp-block-paragraph\"><strong>La plume d&rsquo;Amita Parikh est envo\u00fbtante et tr\u00e8s rythm\u00e9e. <\/strong>Malgr\u00e9 la longueur du roman, je ne suis pas ennuy\u00e9e \u00e0 un seul moment. Je n&rsquo;avais qu&rsquo;une h\u00e2te, reprendre ma lecture pour savoir ce qu&rsquo;il allait advenir de nos trois personnages. <strong>J&rsquo;ai fortement appr\u00e9ci\u00e9 que le roman ne se focalise pas uniquement sur la seconde guerre mondiale. <\/strong>En effet, nous remontons jusqu&rsquo;au d\u00e9but des ann\u00e9es 50 et d\u00e9couvrons les cons\u00e9quences de la guerre sur cette famille d&rsquo;illusionniste et sur le cirque.<\/p>\n\n\n\n<div class=\"wp-block-uagb-star-rating uagb-block-f9084a0e\"><div class=\"uag-star-rating\" title=\"4.5\/5\"><span class=\"uag-star\">\u2605<\/span><span class=\"uag-star\">\u2605<\/span><span class=\"uag-star\">\u2605<\/span><span class=\"uag-star\">\u2605<\/span><span class=\"uag-star\">\u2605<\/span><\/div><\/div>\n\n\n\n<p class=\"has-text-align-center has-small-font-size wp-block-paragraph\">Livre lu dans le cadre de mon partenariat avec les Editions Faubourg Marigny.<\/p>\n\n\n\n<h2 class=\"wp-block-heading has-vivid-green-cyan-color has-text-color has-link-color wp-elements-e6dc839026742bbd95938b9eef431e8e\">Mes challenges<\/h2>\n\n\n\n<p class=\"wp-block-paragraph\">Cette lecture m&rsquo;a permis de valider la cat\u00e9gorie du <a href=\"https:\/\/serialectrice.com\/index.php\/mes-challenges-litteraires\/\">challenge<\/a> annuel <a href=\"https:\/\/www.facebook.com\/groups\/588204369834342\">Vivre Livres<\/a>. <\/p>\n","protected":false},"excerpt":{"rendered":"<p>Venez voyager \u00e0 travers l&rsquo;Europe sous le chapiteau du cirque des Merveilles.<\/p>\n","protected":false},"author":1,"featured_media":5463,"comment_status":"open","ping_status":"open","sticky":false,"template":"","format":"standard","meta":{"_crdt_document":"","om_disable_all_campaigns":false,"_uag_custom_page_level_css":"","_monsterinsights_skip_tracking":false,"_monsterinsights_sitenote_active":false,"_monsterinsights_sitenote_note":"","_monsterinsights_sitenote_category":0,"_uf_show_specific_survey":0,"_uf_disable_surveys":false,"_jetpack_memberships_contains_paid_content":false,"footnotes":"","jetpack_publicize_message":"Venez voyager \u00e0 travers l'Europe sous le chapiteau du cirque des Merveilles.","jetpack_publicize_feature_enabled":true,"jetpack_social_post_already_shared":true,"jetpack_social_options":{"image_generator_settings":{"template":"highway","default_image_id":0,"font":"","enabled":false},"version":2}},"categories":[6],"tags":[503,446],"class_list":["post-5350","post","type-post","status-publish","format-standard","has-post-thumbnail","hentry","category-livres-lus","tag-cirque","tag-deuxiemeguerremondiale-2"],"aioseo_notices":[],"jetpack_publicize_connections":[],"jetpack_featured_media_url":"https:\/\/serialectrice.com\/wp-content\/uploads\/2024\/01\/Design-sans-titre-15.png","uagb_featured_image_src":{"full":["https:\/\/serialectrice.com\/wp-content\/uploads\/2024\/01\/Design-sans-titre-15.png",1080,1350,false],"thumbnail":["https:\/\/serialectrice.com\/wp-content\/uploads\/2024\/01\/Design-sans-titre-15-572x331.png",572,331,true],"medium":["https:\/\/serialectrice.com\/wp-content\/uploads\/2024\/01\/Design-sans-titre-15-240x300.png",240,300,true],"medium_large":["https:\/\/serialectrice.com\/wp-content\/uploads\/2024\/01\/Design-sans-titre-15-768x960.png",768,960,true],"large":["https:\/\/serialectrice.com\/wp-content\/uploads\/2024\/01\/Design-sans-titre-15-819x1024.png",819,1024,true],"post-slider-thumb-size":["https:\/\/serialectrice.com\/wp-content\/uploads\/2024\/01\/Design-sans-titre-15-330x190.png",330,190,true],"post-category-slider-size":["https:\/\/serialectrice.com\/wp-content\/uploads\/2024\/01\/Design-sans-titre-15-330x350.png",330,350,true],"1536x1536":["https:\/\/serialectrice.com\/wp-content\/uploads\/2024\/01\/Design-sans-titre-15.png",1080,1350,false],"2048x2048":["https:\/\/serialectrice.com\/wp-content\/uploads\/2024\/01\/Design-sans-titre-15.png",1080,1350,false],"hello-fashion-slider":["https:\/\/serialectrice.com\/wp-content\/uploads\/2024\/01\/Design-sans-titre-15-480x600.png",480,600,true],"hello-fashion-blog-three":["https:\/\/serialectrice.com\/wp-content\/uploads\/2024\/01\/Design-sans-titre-15-420x502.png",420,502,true],"hello-fashion-blog-four":["https:\/\/serialectrice.com\/wp-content\/uploads\/2024\/01\/Design-sans-titre-15-573x685.png",573,685,true],"vilva-slider-one":["https:\/\/serialectrice.com\/wp-content\/uploads\/2024\/01\/Design-sans-titre-15-1080x600.png",1080,600,true],"vilva-featured-four":["https:\/\/serialectrice.com\/wp-content\/uploads\/2024\/01\/Design-sans-titre-15-800x530.png",800,530,true],"vilva-blog":["https:\/\/serialectrice.com\/wp-content\/uploads\/2024\/01\/Design-sans-titre-15-420x280.png",420,280,true],"vilva-blog-one":["https:\/\/serialectrice.com\/wp-content\/uploads\/2024\/01\/Design-sans-titre-15-900x500.png",900,500,true],"vilva-sidebar":["https:\/\/serialectrice.com\/wp-content\/uploads\/2024\/01\/Design-sans-titre-15-840x473.png",840,473,true]},"uagb_author_info":{"display_name":"SeriaLectrice","author_link":"https:\/\/serialectrice.com\/index.php\/author\/cilounegmail-com\/"},"uagb_comment_info":1,"uagb_excerpt":"Venez voyager \u00e0 travers l'Europe sous le chapiteau du cirque des Merveilles.","jetpack_sharing_enabled":true,"jetpack_likes_enabled":true,"_links":{"self":[{"href":"https:\/\/serialectrice.com\/index.php\/wp-json\/wp\/v2\/posts\/5350","targetHints":{"allow":["GET"]}}],"collection":[{"href":"https:\/\/serialectrice.com\/index.php\/wp-json\/wp\/v2\/posts"}],"about":[{"href":"https:\/\/serialectrice.com\/index.php\/wp-json\/wp\/v2\/types\/post"}],"author":[{"embeddable":true,"href":"https:\/\/serialectrice.com\/index.php\/wp-json\/wp\/v2\/users\/1"}],"replies":[{"embeddable":true,"href":"https:\/\/serialectrice.com\/index.php\/wp-json\/wp\/v2\/comments?post=5350"}],"version-history":[{"count":4,"href":"https:\/\/serialectrice.com\/index.php\/wp-json\/wp\/v2\/posts\/5350\/revisions"}],"predecessor-version":[{"id":5464,"href":"https:\/\/serialectrice.com\/index.php\/wp-json\/wp\/v2\/posts\/5350\/revisions\/5464"}],"wp:featuredmedia":[{"embeddable":true,"href":"https:\/\/serialectrice.com\/index.php\/wp-json\/wp\/v2\/media\/5463"}],"wp:attachment":[{"href":"https:\/\/serialectrice.com\/index.php\/wp-json\/wp\/v2\/media?parent=5350"}],"wp:term":[{"taxonomy":"category","embeddable":true,"href":"https:\/\/serialectrice.com\/index.php\/wp-json\/wp\/v2\/categories?post=5350"},{"taxonomy":"post_tag","embeddable":true,"href":"https:\/\/serialectrice.com\/index.php\/wp-json\/wp\/v2\/tags?post=5350"}],"curies":[{"name":"wp","href":"https:\/\/api.w.org\/{rel}","templated":true}]}}