{"id":5234,"date":"2023-11-21T18:00:00","date_gmt":"2023-11-21T16:00:00","guid":{"rendered":"https:\/\/serialectrice.com\/?p=5234"},"modified":"2023-11-20T12:05:53","modified_gmt":"2023-11-20T10:05:53","slug":"la-seconde-vie-de-mirielle-west","status":"publish","type":"post","link":"https:\/\/serialectrice.com\/index.php\/2023\/11\/21\/la-seconde-vie-de-mirielle-west\/","title":{"rendered":"La seconde vie de Mirielle West _ Amanda Skenandore"},"content":{"rendered":"\n<h2 class=\"wp-block-heading has-vivid-green-cyan-color has-text-color has-link-color wp-elements-f23c8b2a16e312961195b63e6e32e882\">Mon ressenti<\/h2>\n\n\n\n<p class=\"wp-block-paragraph\">En tant qu&rsquo;\u00e9pouse d&rsquo;un c\u00e9l\u00e8bre acteur du cin\u00e9ma muet, <strong>Mirielle West a une vie des plus mondaines<\/strong>. Mais <strong>son monde bascule le jour o\u00f9 un m\u00e9decin s&rsquo;inqui\u00e8te d&rsquo;une l\u00e9sion sur sa main.<\/strong> Le mot <strong>l\u00e8pre<\/strong> arrive bient\u00f4t \u00e0 ses oreilles. <strong>Mirielle doit alors s&rsquo;\u00e9xiler en Louisiane, \u00e0 Carville,<\/strong> dans un centre tenu par des bonnes s\u0153urs. Encore m\u00e9connue, <strong>la maladie de Hansen effraie<\/strong>. Les malades sont consid\u00e9r\u00e9s comme des pestif\u00e9r\u00e9s et ne peuvent en aucun cas sortir du centre de soin. Mais Mirielle est optimiste, les m\u00e9decins se sont tromp\u00e9s. <strong>Malheureusement pour elle, le m\u00e9decin en chef confirme le pronostic et la voil\u00e0 qui doit c\u00f4toyer les autres malades et apprendre \u00e0 vivre avec sa pathologie.<\/strong><\/p>\n\n\n\n<p class=\"wp-block-paragraph\">Une fois encore, Amanda Skenandore nous offre <strong>un r\u00e9cit bouleversant<\/strong>. J&rsquo;avais tout simplement d\u00e9vor\u00e9 son pr\u00e9c\u00e9dent roman, <a href=\"https:\/\/serialectrice.com\/index.php\/2023\/06\/07\/pour-l-honneur-de-tous-les-miens\/\">Pour l&rsquo;honneur de tous les miens<\/a>. La seconde vie de Mirielle West est d&rsquo;un genre diff\u00e9rent mais<strong> tout aussi passionnant<\/strong>. En lisant ce roman, <strong>j&rsquo;ai r\u00e9alis\u00e9 \u00e0 quel point j&rsquo;avais des pr\u00e9jug\u00e9s sur cette maladie qui fait peur, et qui existe encore <\/strong>(en France, nous d\u00e9tectons environ 250 cas par an). Je la croyais extr\u00eamement contagieuse. Ce r\u00e9cit m&rsquo;a permis d&rsquo;apprendre qu&rsquo;elle l&rsquo;est beaucoup moins que l&rsquo;on croit. Ainsi, certaines infirmi\u00e8res ont travaill\u00e9 \u00e0 Carville pendant une trentaine d&rsquo;ann\u00e9es au c\u00f4t\u00e9 des l\u00e9preux sans ne jamais l&rsquo;attraper.<strong> Mais surtout, j&rsquo;ai r\u00e9alis\u00e9 \u00e0 quel point les malades ont pu souffrir, non seulement des sympt\u00f4mes mais aussi du rejet. De la soci\u00e9t\u00e9, et bien souvent de leur propre famille, m\u00eame lorsqu&rsquo;il s&rsquo;agissait d&rsquo;enfants.<\/strong><\/p>\n\n\n\n<p class=\"wp-block-paragraph\">J&rsquo;ai \u00e9galement pu d\u00e9couvrir que <strong>dans des centres comme Carville, les patients pouvaient travailler.<\/strong> Tenir le bar, la biblioth\u00e8que, en cuisine ou encore devenir aide-soignant. Ainsi, <strong>ils recevaient un maigre salaire et pouvaient s&rsquo;acheter une barre chocolat\u00e9e de temps \u00e0 autre.<\/strong> Ainsi Mirielle esp\u00e8re aider \u00e0 trouver un traitement en travaillant aupr\u00e8s des s\u0153urs. Elle sera<strong> volontaire pour devenir cobaie<\/strong> lors de tests cliniques. <strong>Elle se battra afin de pouvoir sortir au plus vite.<\/strong> Et sortir d&rsquo;ici n&rsquo;est pas une mince affaire. Tous les mois, les m\u00e9decins effectuent des analyses des l\u00e9sions. Et ce n&rsquo;est que lorsqu&rsquo;un patient obtient 12 analyses n\u00e9gatives d&rsquo;affil\u00e9e qu&rsquo;il peut obtenir le fameux s\u00e9same.<\/p>\n\n\n\n<p class=\"has-text-align-center wp-block-paragraph\"><em><strong>Je craignais que ce roman ne soit trop dur ou que le sujet soit trop difficile \u00e0 aborder.<\/strong> Mais une fois encore, Amanda Skenandore a parfaitement su nous montrer<strong> son talent.<\/strong> Le r\u00e9cit est certes \u00e9mouvant, mais pas larmoyant. <strong>C&rsquo;est une r\u00e9ussite ! <\/strong><\/em><\/p>\n\n\n<div class=\"wp-block-jetpack-rating-star\" style=\"text-align:center\" itemprop=\"reviewRating\" itemscope itemtype=\"http:\/\/schema.org\/Rating\"><p><span aria-hidden=\"true\">\u2b50<\/span><span aria-hidden=\"true\">\u2b50<\/span><span aria-hidden=\"true\">\u2b50<\/span><span aria-hidden=\"true\">\u2b50<\/span><span aria-hidden=\"true\">\u2b50<\/span><\/p><span style=\"display: none;\" itemprop=\"worstRating\" content=\"0.5\"><span>\n<svg xmlns=\"http:\/\/www.w3.org\/2000\/svg\" width=\"24\" height=\"24\" viewBox=\"0 0 24 24\">\n\t<path class=\"\" fill=\"currentColor\" stroke=\"currentColor\" d=\"M12,17.3l6.2,3.7l-1.6-7L22,9.2l-7.2-0.6L12,2L9.2,8.6L2,9.2L7.5,14l-1.6,7L12,17.3z\" \/>\n<\/svg>\n<\/span>\n<span>\n<svg xmlns=\"http:\/\/www.w3.org\/2000\/svg\" width=\"24\" height=\"24\" viewBox=\"0 0 24 24\">\n\t<path class=\"\" fill=\"currentColor\" stroke=\"currentColor\" d=\"M12,17.3l6.2,3.7l-1.6-7L22,9.2l-7.2-0.6L12,2L9.2,8.6L2,9.2L7.5,14l-1.6,7L12,17.3z\" \/>\n<\/svg>\n<\/span><\/span><span style=\"display: none;\" ><span>\n<svg xmlns=\"http:\/\/www.w3.org\/2000\/svg\" width=\"24\" height=\"24\" viewBox=\"0 0 24 24\">\n\t<path class=\"\" fill=\"currentColor\" stroke=\"currentColor\" d=\"M12,17.3l6.2,3.7l-1.6-7L22,9.2l-7.2-0.6L12,2L9.2,8.6L2,9.2L7.5,14l-1.6,7L12,17.3z\" \/>\n<\/svg>\n<\/span>\n<span>\n<svg xmlns=\"http:\/\/www.w3.org\/2000\/svg\" width=\"24\" height=\"24\" viewBox=\"0 0 24 24\">\n\t<path class=\"\" fill=\"currentColor\" stroke=\"currentColor\" d=\"M12,17.3l6.2,3.7l-1.6-7L22,9.2l-7.2-0.6L12,2L9.2,8.6L2,9.2L7.5,14l-1.6,7L12,17.3z\" \/>\n<\/svg>\n<\/span><\/span><span style=\"display: none;\" ><span>\n<svg xmlns=\"http:\/\/www.w3.org\/2000\/svg\" width=\"24\" height=\"24\" viewBox=\"0 0 24 24\">\n\t<path class=\"\" fill=\"currentColor\" stroke=\"currentColor\" d=\"M12,17.3l6.2,3.7l-1.6-7L22,9.2l-7.2-0.6L12,2L9.2,8.6L2,9.2L7.5,14l-1.6,7L12,17.3z\" \/>\n<\/svg>\n<\/span>\n<span>\n<svg xmlns=\"http:\/\/www.w3.org\/2000\/svg\" width=\"24\" height=\"24\" viewBox=\"0 0 24 24\">\n\t<path class=\"\" fill=\"currentColor\" stroke=\"currentColor\" d=\"M12,17.3l6.2,3.7l-1.6-7L22,9.2l-7.2-0.6L12,2L9.2,8.6L2,9.2L7.5,14l-1.6,7L12,17.3z\" \/>\n<\/svg>\n<\/span><\/span><span style=\"display: none;\" ><span>\n<svg xmlns=\"http:\/\/www.w3.org\/2000\/svg\" width=\"24\" height=\"24\" viewBox=\"0 0 24 24\">\n\t<path class=\"\" fill=\"currentColor\" stroke=\"currentColor\" d=\"M12,17.3l6.2,3.7l-1.6-7L22,9.2l-7.2-0.6L12,2L9.2,8.6L2,9.2L7.5,14l-1.6,7L12,17.3z\" \/>\n<\/svg>\n<\/span>\n<span>\n<svg xmlns=\"http:\/\/www.w3.org\/2000\/svg\" width=\"24\" height=\"24\" viewBox=\"0 0 24 24\">\n\t<path class=\"\" fill=\"currentColor\" stroke=\"currentColor\" d=\"M12,17.3l6.2,3.7l-1.6-7L22,9.2l-7.2-0.6L12,2L9.2,8.6L2,9.2L7.5,14l-1.6,7L12,17.3z\" \/>\n<\/svg>\n<\/span><\/span><span style=\"display: none;\" itemprop=\"bestRating\" content=\"5\"><span>\n<svg xmlns=\"http:\/\/www.w3.org\/2000\/svg\" width=\"24\" height=\"24\" viewBox=\"0 0 24 24\">\n\t<path class=\"\" fill=\"currentColor\" stroke=\"currentColor\" d=\"M12,17.3l6.2,3.7l-1.6-7L22,9.2l-7.2-0.6L12,2L9.2,8.6L2,9.2L7.5,14l-1.6,7L12,17.3z\" \/>\n<\/svg>\n<\/span>\n<span>\n<svg xmlns=\"http:\/\/www.w3.org\/2000\/svg\" width=\"24\" height=\"24\" viewBox=\"0 0 24 24\">\n\t<path class=\"\" fill=\"currentColor\" stroke=\"currentColor\" d=\"M12,17.3l6.2,3.7l-1.6-7L22,9.2l-7.2-0.6L12,2L9.2,8.6L2,9.2L7.5,14l-1.6,7L12,17.3z\" \/>\n<\/svg>\n<\/span><\/span><span itemprop=\"ratingValue\" class=\"screen-reader-text\" content=\"5\">Note\u00a0: 5\u00a0sur 5.<\/span><\/div>\n\n\n<p class=\"has-text-align-center has-small-font-size wp-block-paragraph\">Un grand merci aux Editions Faubourg Marigny pour l&rsquo;envoi de ce roman dans le cadre du Partenariat des Flamboyantes.<\/p>\n\n\n\n<h2 class=\"wp-block-heading has-vivid-green-cyan-color has-text-color has-link-color wp-elements-e6dc839026742bbd95938b9eef431e8e\">Mes challenges<\/h2>\n\n\n\n<p class=\"wp-block-paragraph\">Cette lecture m&rsquo;a permis de valider la cat\u00e9gorie du <a href=\"https:\/\/serialectrice.com\/index.php\/mes-challenges-litteraires\/\">challenge<\/a> annuel <a href=\"https:\/\/www.facebook.com\/groups\/707636122759664\">La t\u00eate dans les livres<\/a>. <strong>Livre dans lequel on retrouve un titre de film.<\/strong><\/p>\n","protected":false},"excerpt":{"rendered":"<p>Lorsque Mirielle d\u00e9couvre qu&rsquo;elle a la l\u00e8pre, son monde s&rsquo;\u00e9croule.<\/p>\n","protected":false},"author":1,"featured_media":5298,"comment_status":"open","ping_status":"open","sticky":false,"template":"","format":"standard","meta":{"_crdt_document":"","om_disable_all_campaigns":false,"_uag_custom_page_level_css":"","_monsterinsights_skip_tracking":false,"_monsterinsights_sitenote_active":false,"_monsterinsights_sitenote_note":"","_monsterinsights_sitenote_category":0,"_uf_show_specific_survey":0,"_uf_disable_surveys":false,"_jetpack_memberships_contains_paid_content":false,"footnotes":"","jetpack_publicize_message":"","jetpack_publicize_feature_enabled":true,"jetpack_social_post_already_shared":false,"jetpack_social_options":{"image_generator_settings":{"template":"highway","default_image_id":0,"font":"","enabled":false},"version":2}},"categories":[6],"tags":[58,154,59],"class_list":["post-5234","post","type-post","status-publish","format-standard","has-post-thumbnail","hentry","category-livres-lus","tag-litterature-americaine","tag-maladie","tag-roman-historique"],"aioseo_notices":[],"jetpack_publicize_connections":[],"jetpack_featured_media_url":"https:\/\/serialectrice.com\/wp-content\/uploads\/2023\/11\/Design-sans-titre-2023-11-20T105420.076.png","uagb_featured_image_src":{"full":["https:\/\/serialectrice.com\/wp-content\/uploads\/2023\/11\/Design-sans-titre-2023-11-20T105420.076.png",1080,1350,false],"thumbnail":["https:\/\/serialectrice.com\/wp-content\/uploads\/2023\/11\/Design-sans-titre-2023-11-20T105420.076-572x331.png",572,331,true],"medium":["https:\/\/serialectrice.com\/wp-content\/uploads\/2023\/11\/Design-sans-titre-2023-11-20T105420.076-240x300.png",240,300,true],"medium_large":["https:\/\/serialectrice.com\/wp-content\/uploads\/2023\/11\/Design-sans-titre-2023-11-20T105420.076-768x960.png",768,960,true],"large":["https:\/\/serialectrice.com\/wp-content\/uploads\/2023\/11\/Design-sans-titre-2023-11-20T105420.076-819x1024.png",819,1024,true],"post-slider-thumb-size":["https:\/\/serialectrice.com\/wp-content\/uploads\/2023\/11\/Design-sans-titre-2023-11-20T105420.076-330x190.png",330,190,true],"post-category-slider-size":["https:\/\/serialectrice.com\/wp-content\/uploads\/2023\/11\/Design-sans-titre-2023-11-20T105420.076-330x350.png",330,350,true],"1536x1536":["https:\/\/serialectrice.com\/wp-content\/uploads\/2023\/11\/Design-sans-titre-2023-11-20T105420.076.png",1080,1350,false],"2048x2048":["https:\/\/serialectrice.com\/wp-content\/uploads\/2023\/11\/Design-sans-titre-2023-11-20T105420.076.png",1080,1350,false],"hello-fashion-slider":["https:\/\/serialectrice.com\/wp-content\/uploads\/2023\/11\/Design-sans-titre-2023-11-20T105420.076-480x600.png",480,600,true],"hello-fashion-blog-three":["https:\/\/serialectrice.com\/wp-content\/uploads\/2023\/11\/Design-sans-titre-2023-11-20T105420.076-420x502.png",420,502,true],"hello-fashion-blog-four":["https:\/\/serialectrice.com\/wp-content\/uploads\/2023\/11\/Design-sans-titre-2023-11-20T105420.076-573x685.png",573,685,true],"vilva-slider-one":["https:\/\/serialectrice.com\/wp-content\/uploads\/2023\/11\/Design-sans-titre-2023-11-20T105420.076-1080x600.png",1080,600,true],"vilva-featured-four":["https:\/\/serialectrice.com\/wp-content\/uploads\/2023\/11\/Design-sans-titre-2023-11-20T105420.076-800x530.png",800,530,true],"vilva-blog":["https:\/\/serialectrice.com\/wp-content\/uploads\/2023\/11\/Design-sans-titre-2023-11-20T105420.076-420x280.png",420,280,true],"vilva-blog-one":["https:\/\/serialectrice.com\/wp-content\/uploads\/2023\/11\/Design-sans-titre-2023-11-20T105420.076-900x500.png",900,500,true],"vilva-sidebar":["https:\/\/serialectrice.com\/wp-content\/uploads\/2023\/11\/Design-sans-titre-2023-11-20T105420.076-840x473.png",840,473,true]},"uagb_author_info":{"display_name":"SeriaLectrice","author_link":"https:\/\/serialectrice.com\/index.php\/author\/cilounegmail-com\/"},"uagb_comment_info":1,"uagb_excerpt":"Lorsque Mirielle d\u00e9couvre qu'elle a la l\u00e8pre, son monde s'\u00e9croule.","jetpack_sharing_enabled":true,"jetpack_likes_enabled":true,"_links":{"self":[{"href":"https:\/\/serialectrice.com\/index.php\/wp-json\/wp\/v2\/posts\/5234","targetHints":{"allow":["GET"]}}],"collection":[{"href":"https:\/\/serialectrice.com\/index.php\/wp-json\/wp\/v2\/posts"}],"about":[{"href":"https:\/\/serialectrice.com\/index.php\/wp-json\/wp\/v2\/types\/post"}],"author":[{"embeddable":true,"href":"https:\/\/serialectrice.com\/index.php\/wp-json\/wp\/v2\/users\/1"}],"replies":[{"embeddable":true,"href":"https:\/\/serialectrice.com\/index.php\/wp-json\/wp\/v2\/comments?post=5234"}],"version-history":[{"count":3,"href":"https:\/\/serialectrice.com\/index.php\/wp-json\/wp\/v2\/posts\/5234\/revisions"}],"predecessor-version":[{"id":5301,"href":"https:\/\/serialectrice.com\/index.php\/wp-json\/wp\/v2\/posts\/5234\/revisions\/5301"}],"wp:featuredmedia":[{"embeddable":true,"href":"https:\/\/serialectrice.com\/index.php\/wp-json\/wp\/v2\/media\/5298"}],"wp:attachment":[{"href":"https:\/\/serialectrice.com\/index.php\/wp-json\/wp\/v2\/media?parent=5234"}],"wp:term":[{"taxonomy":"category","embeddable":true,"href":"https:\/\/serialectrice.com\/index.php\/wp-json\/wp\/v2\/categories?post=5234"},{"taxonomy":"post_tag","embeddable":true,"href":"https:\/\/serialectrice.com\/index.php\/wp-json\/wp\/v2\/tags?post=5234"}],"curies":[{"name":"wp","href":"https:\/\/api.w.org\/{rel}","templated":true}]}}