{"id":501,"date":"2020-08-30T08:48:36","date_gmt":"2020-08-30T08:48:36","guid":{"rendered":"http:\/\/serialectrice.com\/?p=501"},"modified":"2024-09-02T13:37:46","modified_gmt":"2024-09-02T12:37:46","slug":"les-oublies-du-dimanche-_-valerie-perrin","status":"publish","type":"post","link":"https:\/\/serialectrice.com\/index.php\/2020\/08\/30\/les-oublies-du-dimanche-_-valerie-perrin\/","title":{"rendered":"Les oubli\u00e9s du dimanche"},"content":{"rendered":"\n<div class=\"wp-block-media-text alignwide is-stacked-on-mobile is-vertically-aligned-top\" style=\"grid-template-columns:46% auto\"><figure class=\"wp-block-media-text__media\"><img loading=\"lazy\" decoding=\"async\" width=\"314\" height=\"500\" src=\"https:\/\/serialectrice.com\/wp-content\/uploads\/2020\/08\/les-oublies-du-dimanche-1254851.jpg\" alt=\"\" class=\"wp-image-502\" srcset=\"https:\/\/serialectrice.com\/wp-content\/uploads\/2020\/08\/les-oublies-du-dimanche-1254851.jpg 314w, https:\/\/serialectrice.com\/wp-content\/uploads\/2020\/08\/les-oublies-du-dimanche-1254851-188x300.jpg 188w, https:\/\/serialectrice.com\/wp-content\/uploads\/2020\/08\/les-oublies-du-dimanche-1254851-94x150.jpg 94w\" sizes=\"auto, (max-width: 314px) 100vw, 314px\" \/><\/figure><div class=\"wp-block-media-text__content\">\n<h2 class=\"wp-block-heading\"><span class=\"has-inline-color has-vivid-green-cyan-color\">R\u00e9sum\u00e9<\/span><\/h2>\n\n\n\n<p class=\"wp-block-paragraph\">Faute de conna\u00eetre son histoire, Justine, vingt et un ans, se passionne pour celle d&rsquo;H\u00e9l\u00e8ne, pensionnaire, presque centenaire, de la maison de retraite o\u00f9 la jeune femme est aide-soignante. Sa vie est un roman : sa rencontre avec Lucien en 1933, leur amour, la guerre, le juif Simon planqu\u00e9 dans la cave, la trahison, la Gestapo, la d\u00e9portation&#8230; Justine extorque peu \u00e0 peu \u00e0 la vieille dame de lourds secrets et finit par affronter ceux de sa propre famille.<\/p>\n\n\n\n<h2 class=\"wp-block-heading\"><span class=\"has-inline-color has-vivid-green-cyan-color\">Mon avis<\/span><\/h2>\n\n\n\n<p class=\"wp-block-paragraph\">Val\u00e9rie Perrin nous offre ici <strong>son premier roman<\/strong>. <strong>Tr\u00e8s po\u00e9tique<\/strong>, nous suivons les histoires de plusieurs personnages, mais surtout celle d&rsquo;<strong>H\u00e9l\u00e8ne<\/strong>, pensionnaire dans la maison de retraite o\u00f9 travaille Justine. Tous les jours ou presque, <strong>elle vient \u00e9couter des bribes de la vie de cette vieille dame<\/strong>. Nous plongeons alors au coeur de cette terrible p\u00e9riode qu&rsquo;est la<strong> deuxi\u00e8me guerre mondiale.<\/strong><\/p>\n<\/div><\/div>\n\n\n\n<p class=\"wp-block-paragraph\">En parall\u00e8le, <strong>nous suivons \u00e9galement la vie de Justine<\/strong>, s\u00e9duite par le petit fils d&rsquo;H\u00e9l\u00e8ne qui vient r\u00e9guli\u00e8rement lui rendre visite. <strong>Elle n&rsquo;osera jamais lui avouer ses sentiments<\/strong> et continuera d&rsquo;avoir une vie d\u00e9brid\u00e9e.<\/p>\n\n\n\n<p class=\"wp-block-paragraph\">Elle a par ailleurs un amant qu&rsquo;elle retrouve r\u00e9guli\u00e8rement, mais dont elle ne connait pas le nom. <strong>Elle le traite vraiment comme un chien<\/strong>, et lui semble pourtant tomber amoureux d&rsquo;elle. Il l&rsquo;appelle, s&rsquo;int\u00e9resse \u00e0 sa vie alors que de son c\u00f4t\u00e9, elle rejette ses appels, ne lui pose aucune question et d\u00e9cide quand et o\u00f9 le voir. <strong>C&rsquo;est assez improbable comme situation.<\/strong><\/p>\n\n\n\n<p class=\"wp-block-paragraph\">C&rsquo;est donc une histoire <strong>empreinte de po\u00e9sie<\/strong>, agr\u00e9able \u00e0 suivre.<strong> Et pourtant  j&rsquo;ai eu beaucoup de mal avec le style d&rsquo;\u00e9criture<\/strong>. L&rsquo;auteure utilise \u00e9norm\u00e9ment les <strong>\u00e9num\u00e9rations<\/strong> sans fin pour traduire des sentiments. Au d\u00e9but, cela est original, mais elle finit par les utiliser \u00e0 tort et \u00e0 travers et on finit par sauter ces passages. J&rsquo;ai \u00e9galement d\u00e9test\u00e9 les moments o\u00f9<strong> l&rsquo;auteure est crue voire m\u00eame vulgaire<\/strong> alors que son roman est une <strong>ode \u00e0 la douceur<\/strong>. Je pense vraiment que les passages concernant Justine o\u00f9 l&rsquo;auteure a pris une plume plus os\u00e9e n&rsquo;\u00e9taient pas n\u00e9cessaires. <\/p>\n\n\n\n<p class=\"wp-block-paragraph\">C&rsquo;est donc <strong>plut\u00f4t d\u00e9\u00e7ue par le style d&rsquo;\u00e9criture<\/strong>, mais plut\u00f4t <strong>emport\u00e9e par l&rsquo;histoire d&rsquo;H\u00e9l\u00e8ne et Lucien<\/strong>, m\u00eame si celle-ci nous est cont\u00e9e dans un ordre totalement arbitraire. <strong>Aucune chronologie<\/strong>, c&rsquo;est au lecteur de remettre les pi\u00e8ces du puzzle en ordre.<\/p>\n\n\n\n<h2 class=\"wp-block-heading\"><span class=\"has-inline-color has-vivid-green-cyan-color\">Mes challenges<\/span><\/h2>\n\n\n\n<p class=\"wp-block-paragraph\">J&rsquo;ai lu ce roman dans le cadre de diff\u00e9rents d\u00e9fis : <\/p>\n\n\n\n<ul class=\"wp-block-list\"><li>Lire un auteur dont le nom de famille commence par la lettre P (deuxi\u00e8me validation).<\/li><li>Lire un livre dont le titre comprend un jour de la semaine pour le <a href=\"https:\/\/serialectrice.com\/index.php\/2020\/06\/15\/challenge-2019-2020\/\">challenge annuel<\/a>.<\/li><\/ul>\n\n\n\n<p class=\"wp-block-paragraph\">Le challenge annuel se termine dans quelques jours. J&rsquo;ai \u00e0 ce jour valid\u00e9 <span class=\"has-inline-color has-vivid-red-color\">92%<\/span> du challenge.<\/p>\n\n\n\n<p class=\"wp-block-paragraph\"><\/p>\n","protected":false},"excerpt":{"rendered":"<p>Faute de conna\u00eetre son histoire, Justine, vingt et un ans, se passionne pour celle d&rsquo;H\u00e9l\u00e8ne, pensionnaire, presque centenaire, de la maison de retraite o\u00f9 la jeune femme est aide-soignante. Sa vie est un roman : sa rencontre avec Lucien en 1933, leur amour, la guerre, le juif Simon planqu\u00e9 dans la cave, la trahison, la Gestapo, la d\u00e9portation&#8230; Justine extorque peu \u00e0 peu \u00e0 la vieille dame de lourds secrets et finit par affronter ceux de sa propre famille.<\/p>\n","protected":false},"author":1,"featured_media":514,"comment_status":"open","ping_status":"open","sticky":false,"template":"","format":"standard","meta":{"_crdt_document":"","om_disable_all_campaigns":false,"_uag_custom_page_level_css":"","_monsterinsights_skip_tracking":false,"_monsterinsights_sitenote_active":false,"_monsterinsights_sitenote_note":"","_monsterinsights_sitenote_category":0,"_uf_show_specific_survey":0,"_uf_disable_surveys":false,"_jetpack_memberships_contains_paid_content":false,"footnotes":"","jetpack_publicize_message":"Les oubli\u00e9s du dimanche _ Val\u00e9rie Perrin\n\nUn nouvel article est disponible sur le blog.\n\n#bookstagram #lecture #lectureaddict #valerieperrin #lesoubliesdudimanche","jetpack_publicize_feature_enabled":true,"jetpack_social_post_already_shared":true,"jetpack_social_options":{"image_generator_settings":{"template":"highway","default_image_id":0,"font":"","enabled":false},"version":2}},"categories":[4,6],"tags":[42,27,699],"class_list":["post-501","post","type-post","status-publish","format-standard","has-post-thumbnail","hentry","category-challenge","category-livres-lus","tag-guerre","tag-roman","tag-valrie-perrin"],"aioseo_notices":[],"jetpack_publicize_connections":[],"jetpack_featured_media_url":"https:\/\/serialectrice.com\/wp-content\/uploads\/2020\/08\/les-oublies-du-dimanche-1254851-1.jpg","uagb_featured_image_src":{"full":["https:\/\/serialectrice.com\/wp-content\/uploads\/2020\/08\/les-oublies-du-dimanche-1254851-1.jpg",207,330,false],"thumbnail":["https:\/\/serialectrice.com\/wp-content\/uploads\/2020\/08\/les-oublies-du-dimanche-1254851-1-94x150.jpg",94,150,true],"medium":["https:\/\/serialectrice.com\/wp-content\/uploads\/2020\/08\/les-oublies-du-dimanche-1254851-1-188x300.jpg",188,300,true],"medium_large":["https:\/\/serialectrice.com\/wp-content\/uploads\/2020\/08\/les-oublies-du-dimanche-1254851-1.jpg",207,330,false],"large":["https:\/\/serialectrice.com\/wp-content\/uploads\/2020\/08\/les-oublies-du-dimanche-1254851-1.jpg",207,330,false],"post-slider-thumb-size":["https:\/\/serialectrice.com\/wp-content\/uploads\/2020\/08\/les-oublies-du-dimanche-1254851-1.jpg",119,190,false],"post-category-slider-size":["https:\/\/serialectrice.com\/wp-content\/uploads\/2020\/08\/les-oublies-du-dimanche-1254851-1.jpg",207,330,false],"1536x1536":["https:\/\/serialectrice.com\/wp-content\/uploads\/2020\/08\/les-oublies-du-dimanche-1254851-1.jpg",207,330,false],"2048x2048":["https:\/\/serialectrice.com\/wp-content\/uploads\/2020\/08\/les-oublies-du-dimanche-1254851-1.jpg",207,330,false],"hello-fashion-slider":["https:\/\/serialectrice.com\/wp-content\/uploads\/2020\/08\/les-oublies-du-dimanche-1254851-1.jpg",207,330,false],"hello-fashion-blog-three":["https:\/\/serialectrice.com\/wp-content\/uploads\/2020\/08\/les-oublies-du-dimanche-1254851-1.jpg",207,330,false],"hello-fashion-blog-four":["https:\/\/serialectrice.com\/wp-content\/uploads\/2020\/08\/les-oublies-du-dimanche-1254851-1.jpg",207,330,false],"vilva-slider-one":["https:\/\/serialectrice.com\/wp-content\/uploads\/2020\/08\/les-oublies-du-dimanche-1254851-1.jpg",207,330,false],"vilva-featured-four":["https:\/\/serialectrice.com\/wp-content\/uploads\/2020\/08\/les-oublies-du-dimanche-1254851-1.jpg",207,330,false],"vilva-blog":["https:\/\/serialectrice.com\/wp-content\/uploads\/2020\/08\/les-oublies-du-dimanche-1254851-1.jpg",176,280,false],"vilva-blog-one":["https:\/\/serialectrice.com\/wp-content\/uploads\/2020\/08\/les-oublies-du-dimanche-1254851-1.jpg",207,330,false],"vilva-sidebar":["https:\/\/serialectrice.com\/wp-content\/uploads\/2020\/08\/les-oublies-du-dimanche-1254851-1.jpg",207,330,false]},"uagb_author_info":{"display_name":"SeriaLectrice","author_link":"https:\/\/serialectrice.com\/index.php\/author\/cilounegmail-com\/"},"uagb_comment_info":1,"uagb_excerpt":"Faute de conna\u00eetre son histoire, Justine, vingt et un ans, se passionne pour celle d'H\u00e9l\u00e8ne, pensionnaire, presque centenaire, de la maison de retraite o\u00f9 la jeune femme est aide-soignante. Sa vie est un roman : sa rencontre avec Lucien en 1933, leur amour, la guerre, le juif Simon planqu\u00e9 dans la cave, la trahison, la\u2026","jetpack_sharing_enabled":true,"jetpack_likes_enabled":true,"_links":{"self":[{"href":"https:\/\/serialectrice.com\/index.php\/wp-json\/wp\/v2\/posts\/501","targetHints":{"allow":["GET"]}}],"collection":[{"href":"https:\/\/serialectrice.com\/index.php\/wp-json\/wp\/v2\/posts"}],"about":[{"href":"https:\/\/serialectrice.com\/index.php\/wp-json\/wp\/v2\/types\/post"}],"author":[{"embeddable":true,"href":"https:\/\/serialectrice.com\/index.php\/wp-json\/wp\/v2\/users\/1"}],"replies":[{"embeddable":true,"href":"https:\/\/serialectrice.com\/index.php\/wp-json\/wp\/v2\/comments?post=501"}],"version-history":[{"count":1,"href":"https:\/\/serialectrice.com\/index.php\/wp-json\/wp\/v2\/posts\/501\/revisions"}],"predecessor-version":[{"id":5924,"href":"https:\/\/serialectrice.com\/index.php\/wp-json\/wp\/v2\/posts\/501\/revisions\/5924"}],"wp:featuredmedia":[{"embeddable":true,"href":"https:\/\/serialectrice.com\/index.php\/wp-json\/wp\/v2\/media\/514"}],"wp:attachment":[{"href":"https:\/\/serialectrice.com\/index.php\/wp-json\/wp\/v2\/media?parent=501"}],"wp:term":[{"taxonomy":"category","embeddable":true,"href":"https:\/\/serialectrice.com\/index.php\/wp-json\/wp\/v2\/categories?post=501"},{"taxonomy":"post_tag","embeddable":true,"href":"https:\/\/serialectrice.com\/index.php\/wp-json\/wp\/v2\/tags?post=501"}],"curies":[{"name":"wp","href":"https:\/\/api.w.org\/{rel}","templated":true}]}}