{"id":4997,"date":"2023-10-08T18:00:00","date_gmt":"2023-10-08T16:00:00","guid":{"rendered":"https:\/\/serialectrice.com\/?p=4997"},"modified":"2023-10-07T09:33:50","modified_gmt":"2023-10-07T07:33:50","slug":"les-gens-de-bilbao-naissent-ou-ils-veulent","status":"publish","type":"post","link":"https:\/\/serialectrice.com\/index.php\/2023\/10\/08\/les-gens-de-bilbao-naissent-ou-ils-veulent\/","title":{"rendered":"Les gens de Bilbao naissent o\u00f9 ils veulent"},"content":{"rendered":"\n<div class=\"wp-block-media-text is-stacked-on-mobile\"><figure class=\"wp-block-media-text__media\"><img loading=\"lazy\" decoding=\"async\" width=\"699\" height=\"1024\" src=\"https:\/\/serialectrice.com\/wp-content\/uploads\/2023\/10\/9782246831969-001-X-699x1024.webp\" alt=\"\" class=\"wp-image-4998 size-full\" srcset=\"https:\/\/serialectrice.com\/wp-content\/uploads\/2023\/10\/9782246831969-001-X-699x1024.webp 699w, https:\/\/serialectrice.com\/wp-content\/uploads\/2023\/10\/9782246831969-001-X-205x300.webp 205w, https:\/\/serialectrice.com\/wp-content\/uploads\/2023\/10\/9782246831969-001-X-102x150.webp 102w, https:\/\/serialectrice.com\/wp-content\/uploads\/2023\/10\/9782246831969-001-X-768x1124.webp 768w, https:\/\/serialectrice.com\/wp-content\/uploads\/2023\/10\/9782246831969-001-X.webp 780w\" sizes=\"auto, (max-width: 699px) 100vw, 699px\" \/><\/figure><div class=\"wp-block-media-text__content\">\n<h2 class=\"wp-block-heading has-vivid-green-cyan-color has-text-color\">R\u00e9sum\u00e9<\/h2>\n\n\n\n<p class=\"wp-block-paragraph\" style=\"font-size:19px\">L\u2019histoire commence en Espagne, par deux naissances et deux abandons. En juin 1943, une prostitu\u00e9e ob\u00e8se de Bilbao donne vie \u00e0 un gar\u00e7on qu\u2019elle confie aux j\u00e9suites. Un peu plus tard, en Galice, une femme accouche d\u2019une fille et la laisse aux s\u0153urs d\u2019un couvent. Elle revient la chercher dix ans apr\u00e8s. L\u2019enfant est belle comme le diable, jamais elle ne l\u2019aimera.<br>Le gar\u00e7on, c\u2019est Julian. La fille, Victoria. Ce sont le p\u00e8re et la m\u00e8re de Maria, notre narratrice.<\/p>\n<\/div><\/div>\n\n\n\n<h2 class=\"wp-block-heading has-vivid-green-cyan-color has-text-color\">Mon ressenti<\/h2>\n\n\n\n<p class=\"has-medium-font-size wp-block-paragraph\">Livre Audio lu par l&rsquo;autrice elle-m\u00eame. Merci \u00e0 <a href=\"https:\/\/www.netgalley.fr\/catalog\/\">NetGalley <\/a>et \u00e0 <a href=\"https:\/\/www.audiolib.fr\/\">Audiolib<\/a> pour ce Service-Presse.<\/p>\n\n\n\n<p class=\"has-medium-font-size wp-block-paragraph\">Dans son premier roman, Maria Larrea nous emm\u00e8ne dans <strong>un voyage captivant \u00e0 la recherche de ses origines. <\/strong>Ce parcours nous m\u00e8ne alors \u00e0 travers les m\u00e9andres de sa famille et de l&rsquo;histoire espagnole. N\u00e9e \u00e0 Bilbao en 1979, mais \u00e9lev\u00e9e \u00e0 Paris, <strong>Maria d\u00e9couvre \u00e0 l&rsquo;\u00e2ge de 27 ans, au d\u00e9tour d&rsquo;un passage chez une tarologue, qu&rsquo;elle a \u00e9t\u00e9 adopt\u00e9e<\/strong>, bouleversant ainsi son identit\u00e9. Le r\u00e9cit d\u00e9bute en d\u00e9crivant son enfance \u00e0 Paris. Sa m\u00e8re femme de m\u00e9nage et son p\u00e8re gardien de th\u00e9\u00e2tre, un homme tourment\u00e9 par l&rsquo;alcool et la violence. Elle grandit donc entre les odeurs de javel et les d\u00e9cors de th\u00e9\u00e2tre, cherchant \u00e0 s&rsquo;\u00e9chapper de l&#8217;emprise de ses parents.<\/p>\n\n\n\n<p class=\"has-medium-font-size wp-block-paragraph\">La premi\u00e8re partie du r\u00e9cit raconte \u00e9galement <strong>la rencontre de ses parents biologiques. <\/strong>Deux individus ayant chacun eu une vie difficile. En effet, l&rsquo;un a \u00e9t\u00e9 confi\u00e9 aux j\u00e9suites par sa m\u00e8re prostitu\u00e9e, et l&rsquo;autre abandonn\u00e9 \u00e0 un couvent. Cette premi\u00e8re partie est donc empreinte de honte, de douleur et de col\u00e8re. Notamment lorsque Maria d\u00e9couvre que sa propre histoire familiale est une vaste supercherie. <strong>Tout au long de ce r\u00e9cit, Maria Larrea r\u00e9v\u00e8le les secrets et les myst\u00e8res de sa famille, tout en questionnant profond\u00e9ment la notion de filiation et d&rsquo;identit\u00e9.<\/strong><\/p>\n\n\n\n<p class=\"has-medium-font-size wp-block-paragraph\">La seconde partie du roman nous emm\u00e8ne dans une qu\u00eate effr\u00e9n\u00e9e de v\u00e9rit\u00e9 alors que Maria se lance \u00e0 la recherche de ses racines espagnoles \u00e0 Bilbao. Elle nous plonge alors dans les r\u00e9alit\u00e9s brutales de l&rsquo;Espagne sous le franquisme, explorant des th\u00e8mes tels que l&rsquo;immigration, la filiation, l&rsquo;abandon et la famille. <strong>Maria Larrea se d\u00e9voile avec authenticit\u00e9, tout en utilisant un style d\u00e9tonant et sans fioritures pour d\u00e9crire la dure r\u00e9alit\u00e9 des gens du peuple.<\/strong><\/p>\n\n\n<div class=\"wp-block-image\">\n<figure class=\"aligncenter size-large\"><img loading=\"lazy\" decoding=\"async\" width=\"1024\" height=\"1024\" src=\"https:\/\/serialectrice.com\/wp-content\/uploads\/2023\/10\/Sans-titre-Publication-Instagram-2-1024x1024.png\" alt=\"\" class=\"wp-image-5012\" srcset=\"https:\/\/serialectrice.com\/wp-content\/uploads\/2023\/10\/Sans-titre-Publication-Instagram-2-1024x1024.png 1024w, https:\/\/serialectrice.com\/wp-content\/uploads\/2023\/10\/Sans-titre-Publication-Instagram-2-300x300.png 300w, https:\/\/serialectrice.com\/wp-content\/uploads\/2023\/10\/Sans-titre-Publication-Instagram-2-150x150.png 150w, https:\/\/serialectrice.com\/wp-content\/uploads\/2023\/10\/Sans-titre-Publication-Instagram-2-768x768.png 768w, https:\/\/serialectrice.com\/wp-content\/uploads\/2023\/10\/Sans-titre-Publication-Instagram-2-100x100.png 100w, https:\/\/serialectrice.com\/wp-content\/uploads\/2023\/10\/Sans-titre-Publication-Instagram-2.png 1080w\" sizes=\"auto, (max-width: 1024px) 100vw, 1024px\" \/><\/figure>\n<\/div>\n\n\n<p class=\"has-text-align-center has-medium-font-size wp-block-paragraph\"><em>M\u00eame si le r\u00e9cit, du moins au d\u00e9but, <strong>est assez cru<\/strong>, j&rsquo;ai vraiment pass\u00e9 un tr\u00e8s bon moment aux c\u00f4t\u00e9s de Maria Larrea et de sa qu\u00eate d&rsquo;identit\u00e9. <strong>Une auto-biographie bouleversante.<\/strong><\/em><\/p>\n\n\n<div class=\"wp-block-jetpack-rating-star\" style=\"text-align:center\" itemprop=\"reviewRating\" itemscope itemtype=\"http:\/\/schema.org\/Rating\"><p><span aria-hidden=\"true\">\u2b50<\/span><span aria-hidden=\"true\">\u2b50<\/span><span aria-hidden=\"true\">\u2b50<\/span><span aria-hidden=\"true\">\u2b50<\/span><\/p><span style=\"display: none;\" itemprop=\"worstRating\" content=\"0.5\"><span>\n<svg xmlns=\"http:\/\/www.w3.org\/2000\/svg\" width=\"24\" height=\"24\" viewBox=\"0 0 24 24\">\n\t<path class=\"\" fill=\"currentColor\" stroke=\"currentColor\" d=\"M12,17.3l6.2,3.7l-1.6-7L22,9.2l-7.2-0.6L12,2L9.2,8.6L2,9.2L7.5,14l-1.6,7L12,17.3z\" \/>\n<\/svg>\n<\/span>\n<span>\n<svg xmlns=\"http:\/\/www.w3.org\/2000\/svg\" width=\"24\" height=\"24\" viewBox=\"0 0 24 24\">\n\t<path class=\"\" fill=\"currentColor\" stroke=\"currentColor\" d=\"M12,17.3l6.2,3.7l-1.6-7L22,9.2l-7.2-0.6L12,2L9.2,8.6L2,9.2L7.5,14l-1.6,7L12,17.3z\" \/>\n<\/svg>\n<\/span><\/span><span style=\"display: none;\" ><span>\n<svg xmlns=\"http:\/\/www.w3.org\/2000\/svg\" width=\"24\" height=\"24\" viewBox=\"0 0 24 24\">\n\t<path class=\"\" fill=\"currentColor\" stroke=\"currentColor\" d=\"M12,17.3l6.2,3.7l-1.6-7L22,9.2l-7.2-0.6L12,2L9.2,8.6L2,9.2L7.5,14l-1.6,7L12,17.3z\" \/>\n<\/svg>\n<\/span>\n<span>\n<svg xmlns=\"http:\/\/www.w3.org\/2000\/svg\" width=\"24\" height=\"24\" viewBox=\"0 0 24 24\">\n\t<path class=\"\" fill=\"currentColor\" stroke=\"currentColor\" d=\"M12,17.3l6.2,3.7l-1.6-7L22,9.2l-7.2-0.6L12,2L9.2,8.6L2,9.2L7.5,14l-1.6,7L12,17.3z\" \/>\n<\/svg>\n<\/span><\/span><span style=\"display: none;\" ><span>\n<svg xmlns=\"http:\/\/www.w3.org\/2000\/svg\" width=\"24\" height=\"24\" viewBox=\"0 0 24 24\">\n\t<path class=\"\" fill=\"currentColor\" stroke=\"currentColor\" d=\"M12,17.3l6.2,3.7l-1.6-7L22,9.2l-7.2-0.6L12,2L9.2,8.6L2,9.2L7.5,14l-1.6,7L12,17.3z\" \/>\n<\/svg>\n<\/span>\n<span>\n<svg xmlns=\"http:\/\/www.w3.org\/2000\/svg\" width=\"24\" height=\"24\" viewBox=\"0 0 24 24\">\n\t<path class=\"\" fill=\"currentColor\" stroke=\"currentColor\" d=\"M12,17.3l6.2,3.7l-1.6-7L22,9.2l-7.2-0.6L12,2L9.2,8.6L2,9.2L7.5,14l-1.6,7L12,17.3z\" \/>\n<\/svg>\n<\/span><\/span><span style=\"display: none;\" ><span>\n<svg xmlns=\"http:\/\/www.w3.org\/2000\/svg\" width=\"24\" height=\"24\" viewBox=\"0 0 24 24\">\n\t<path class=\"\" fill=\"currentColor\" stroke=\"currentColor\" d=\"M12,17.3l6.2,3.7l-1.6-7L22,9.2l-7.2-0.6L12,2L9.2,8.6L2,9.2L7.5,14l-1.6,7L12,17.3z\" \/>\n<\/svg>\n<\/span>\n<span>\n<svg xmlns=\"http:\/\/www.w3.org\/2000\/svg\" width=\"24\" height=\"24\" viewBox=\"0 0 24 24\">\n\t<path class=\"\" fill=\"currentColor\" stroke=\"currentColor\" d=\"M12,17.3l6.2,3.7l-1.6-7L22,9.2l-7.2-0.6L12,2L9.2,8.6L2,9.2L7.5,14l-1.6,7L12,17.3z\" \/>\n<\/svg>\n<\/span><\/span><span style=\"display: none;\" itemprop=\"bestRating\" content=\"5\"><span>\n<svg xmlns=\"http:\/\/www.w3.org\/2000\/svg\" width=\"24\" height=\"24\" viewBox=\"0 0 24 24\">\n\t<path class=\"is-rating-unfilled\" fill=\"currentColor\" stroke=\"currentColor\" d=\"M12,17.3l6.2,3.7l-1.6-7L22,9.2l-7.2-0.6L12,2L9.2,8.6L2,9.2L7.5,14l-1.6,7L12,17.3z\" \/>\n<\/svg>\n<\/span>\n<span>\n<svg xmlns=\"http:\/\/www.w3.org\/2000\/svg\" width=\"24\" height=\"24\" viewBox=\"0 0 24 24\">\n\t<path class=\"is-rating-unfilled\" fill=\"currentColor\" stroke=\"currentColor\" d=\"M12,17.3l6.2,3.7l-1.6-7L22,9.2l-7.2-0.6L12,2L9.2,8.6L2,9.2L7.5,14l-1.6,7L12,17.3z\" \/>\n<\/svg>\n<\/span><\/span><span itemprop=\"ratingValue\" class=\"screen-reader-text\" content=\"4\">Note\u00a0: 4\u00a0sur 5.<\/span><\/div>\n\n\n<h2 class=\"wp-block-heading has-vivid-green-cyan-color has-text-color\">Mes challenges<\/h2>\n\n\n\n<p class=\"has-medium-font-size wp-block-paragraph\">Cette lecture m&rsquo;a permis de valider la cat\u00e9gorie du <a href=\"https:\/\/serialectrice.com\/index.php\/mes-challenges-litteraires\/\">challenge saisonnier<\/a>.<strong> Titre au pluriel.<\/strong><\/p>\n\n\n\n<p class=\"has-medium-font-size wp-block-paragraph\">Elle m&rsquo;a \u00e9galement permis de valider la cat\u00e9gorie du challenge annuel <a href=\"https:\/\/www.facebook.com\/groups\/588204369834342\">Vivre Livres<\/a>. <strong>Couverture monochrome.<\/strong><\/p>\n","protected":false},"excerpt":{"rendered":"<p>Autobiographique, ce premier roman est percutant !<\/p>\n","protected":false},"author":1,"featured_media":5001,"comment_status":"open","ping_status":"open","sticky":false,"template":"","format":"standard","meta":{"_crdt_document":"","om_disable_all_campaigns":false,"_uag_custom_page_level_css":"","_monsterinsights_skip_tracking":false,"_monsterinsights_sitenote_active":false,"_monsterinsights_sitenote_note":"","_monsterinsights_sitenote_category":0,"_uf_show_specific_survey":0,"_uf_disable_surveys":false,"_jetpack_memberships_contains_paid_content":false,"footnotes":"","jetpack_publicize_message":"Les gens de Bilbao naissent o\u00f9 ils veulent de Maria Larrea. \n\nAutobiographique, ce premier roman est percutant !","jetpack_publicize_feature_enabled":true,"jetpack_social_post_already_shared":true,"jetpack_social_options":{"image_generator_settings":{"template":"highway","default_image_id":0,"font":"","enabled":false},"version":2}},"categories":[591,6],"tags":[496,566,592],"class_list":["post-4997","post","type-post","status-publish","format-standard","has-post-thumbnail","hentry","category-livre-audio-2","category-livres-lus","tag-autobiographie","tag-livre-audio","tag-maria-larrea"],"aioseo_notices":[],"jetpack_publicize_connections":[],"jetpack_featured_media_url":"https:\/\/serialectrice.com\/wp-content\/uploads\/2023\/10\/Design-sans-titre-2023-10-07T084350.262.png","uagb_featured_image_src":{"full":["https:\/\/serialectrice.com\/wp-content\/uploads\/2023\/10\/Design-sans-titre-2023-10-07T084350.262.png",1788,1034,false],"thumbnail":["https:\/\/serialectrice.com\/wp-content\/uploads\/2023\/10\/Design-sans-titre-2023-10-07T084350.262-572x331.png",572,331,true],"medium":["https:\/\/serialectrice.com\/wp-content\/uploads\/2023\/10\/Design-sans-titre-2023-10-07T084350.262-300x173.png",300,173,true],"medium_large":["https:\/\/serialectrice.com\/wp-content\/uploads\/2023\/10\/Design-sans-titre-2023-10-07T084350.262-768x444.png",768,444,true],"large":["https:\/\/serialectrice.com\/wp-content\/uploads\/2023\/10\/Design-sans-titre-2023-10-07T084350.262-1024x592.png",840,486,true],"post-slider-thumb-size":["https:\/\/serialectrice.com\/wp-content\/uploads\/2023\/10\/Design-sans-titre-2023-10-07T084350.262.png",330,190,false],"post-category-slider-size":["https:\/\/serialectrice.com\/wp-content\/uploads\/2023\/10\/Design-sans-titre-2023-10-07T084350.262.png",330,191,false],"1536x1536":["https:\/\/serialectrice.com\/wp-content\/uploads\/2023\/10\/Design-sans-titre-2023-10-07T084350.262-1536x888.png",1536,888,true],"2048x2048":["https:\/\/serialectrice.com\/wp-content\/uploads\/2023\/10\/Design-sans-titre-2023-10-07T084350.262.png",1788,1034,false],"hello-fashion-slider":["https:\/\/serialectrice.com\/wp-content\/uploads\/2023\/10\/Design-sans-titre-2023-10-07T084350.262.png",480,278,false],"hello-fashion-blog-three":["https:\/\/serialectrice.com\/wp-content\/uploads\/2023\/10\/Design-sans-titre-2023-10-07T084350.262.png",420,243,false],"hello-fashion-blog-four":["https:\/\/serialectrice.com\/wp-content\/uploads\/2023\/10\/Design-sans-titre-2023-10-07T084350.262.png",573,331,false],"vilva-slider-one":["https:\/\/serialectrice.com\/wp-content\/uploads\/2023\/10\/Design-sans-titre-2023-10-07T084350.262.png",1038,600,false],"vilva-featured-four":["https:\/\/serialectrice.com\/wp-content\/uploads\/2023\/10\/Design-sans-titre-2023-10-07T084350.262.png",800,463,false],"vilva-blog":["https:\/\/serialectrice.com\/wp-content\/uploads\/2023\/10\/Design-sans-titre-2023-10-07T084350.262.png",420,243,false],"vilva-blog-one":["https:\/\/serialectrice.com\/wp-content\/uploads\/2023\/10\/Design-sans-titre-2023-10-07T084350.262.png",865,500,false],"vilva-sidebar":["https:\/\/serialectrice.com\/wp-content\/uploads\/2023\/10\/Design-sans-titre-2023-10-07T084350.262.png",818,473,false]},"uagb_author_info":{"display_name":"SeriaLectrice","author_link":"https:\/\/serialectrice.com\/index.php\/author\/cilounegmail-com\/"},"uagb_comment_info":1,"uagb_excerpt":"Autobiographique, ce premier roman est percutant !","jetpack_sharing_enabled":true,"jetpack_likes_enabled":true,"_links":{"self":[{"href":"https:\/\/serialectrice.com\/index.php\/wp-json\/wp\/v2\/posts\/4997","targetHints":{"allow":["GET"]}}],"collection":[{"href":"https:\/\/serialectrice.com\/index.php\/wp-json\/wp\/v2\/posts"}],"about":[{"href":"https:\/\/serialectrice.com\/index.php\/wp-json\/wp\/v2\/types\/post"}],"author":[{"embeddable":true,"href":"https:\/\/serialectrice.com\/index.php\/wp-json\/wp\/v2\/users\/1"}],"replies":[{"embeddable":true,"href":"https:\/\/serialectrice.com\/index.php\/wp-json\/wp\/v2\/comments?post=4997"}],"version-history":[{"count":0,"href":"https:\/\/serialectrice.com\/index.php\/wp-json\/wp\/v2\/posts\/4997\/revisions"}],"wp:featuredmedia":[{"embeddable":true,"href":"https:\/\/serialectrice.com\/index.php\/wp-json\/wp\/v2\/media\/5001"}],"wp:attachment":[{"href":"https:\/\/serialectrice.com\/index.php\/wp-json\/wp\/v2\/media?parent=4997"}],"wp:term":[{"taxonomy":"category","embeddable":true,"href":"https:\/\/serialectrice.com\/index.php\/wp-json\/wp\/v2\/categories?post=4997"},{"taxonomy":"post_tag","embeddable":true,"href":"https:\/\/serialectrice.com\/index.php\/wp-json\/wp\/v2\/tags?post=4997"}],"curies":[{"name":"wp","href":"https:\/\/api.w.org\/{rel}","templated":true}]}}