{"id":4990,"date":"2023-10-05T18:00:00","date_gmt":"2023-10-05T16:00:00","guid":{"rendered":"https:\/\/serialectrice.com\/?p=4990"},"modified":"2023-10-07T20:25:30","modified_gmt":"2023-10-07T18:25:30","slug":"le-musee-des-promesses-brisees","status":"publish","type":"post","link":"https:\/\/serialectrice.com\/index.php\/2023\/10\/05\/le-musee-des-promesses-brisees\/","title":{"rendered":"Le mus\u00e9e des promesses bris\u00e9es _ Elizabeth Buchan"},"content":{"rendered":"\n<div class=\"wp-block-media-text is-stacked-on-mobile\"><figure class=\"wp-block-media-text__media\"><img loading=\"lazy\" decoding=\"async\" width=\"400\" height=\"601\" src=\"https:\/\/serialectrice.com\/wp-content\/uploads\/2023\/10\/Le-musee-des-promees-brisees-jpg.webp\" alt=\"\" class=\"wp-image-4991 size-full\" srcset=\"https:\/\/serialectrice.com\/wp-content\/uploads\/2023\/10\/Le-musee-des-promees-brisees-jpg.webp 400w, https:\/\/serialectrice.com\/wp-content\/uploads\/2023\/10\/Le-musee-des-promees-brisees-200x300.webp 200w, https:\/\/serialectrice.com\/wp-content\/uploads\/2023\/10\/Le-musee-des-promees-brisees-100x150.webp 100w\" sizes=\"auto, (max-width: 400px) 100vw, 400px\" \/><\/figure><div class=\"wp-block-media-text__content\">\n<h2 class=\"wp-block-heading has-vivid-green-cyan-color has-text-color\">R\u00e9sum\u00e9<\/h2>\n\n\n\n<p class=\"wp-block-paragraph\" style=\"font-size:19px\">Dans cet \u00e9tonnant mus\u00e9e parisien, tenu par Laure, on trouve diff\u00e9rents objets : un chausson de b\u00e9b\u00e9, un voile de mari\u00e9e, un ticket de train\u2026 Leur point commun ? Ces objets sont tous li\u00e9s \u00e0 un moment de trahison dans la vie de leurs propri\u00e9taires. Ce mus\u00e9e est un endroit o\u00f9 les gens parlent aux fant\u00f4mes de leur pass\u00e9, et Laure en fait partie\u2026 Un mus\u00e9e des promesses bris\u00e9es.<\/p>\n\n\n\n<p class=\"wp-block-paragraph\" style=\"font-size:19px\">1986. Apr\u00e8s le d\u00e9c\u00e8s soudain de son p\u00e8re, Laure d\u00e9cide de suivre la famille qui l\u2019emploie comme jeune fille au pair \u00e0 Prague. Mais la vie derri\u00e8re le rideau de fer est compliqu\u00e9e : morne, grise, mena\u00e7ante. Laure ne comprend pas les courants politiques complexes qui tissent une toile serr\u00e9e autour de ce rempart du communisme. Jusqu\u2019\u00e0 sa rencontre avec un jeune musicien dissident. Son amour pour lui va avoir des cons\u00e9quences terribles, et entra\u00eenera une promesse bris\u00e9e qu\u2019elle n\u2019oubliera jamais\u2026<\/p>\n<\/div><\/div>\n\n\n\n<h2 class=\"wp-block-heading has-vivid-green-cyan-color has-text-color\">Mon ressenti<\/h2>\n\n\n\n<p class=\"has-medium-font-size wp-block-paragraph\">Laure tient un mus\u00e9e particulier. <em>Le mus\u00e9e des promesses bris\u00e9es<\/em>. Dans ce mus\u00e9e en perp\u00e9tuel mouvement, les particuliers envoient des <strong>objets personnels qui repr\u00e9sentent pour eux une promesse faite qui a \u00e9t\u00e9 bris\u00e9e. <\/strong>Ainsi, des objets insolites et leurs explications se retrouvent dans ce mus\u00e9e qui change tr\u00e8s r\u00e9guli\u00e8rement au gr\u00e9 des r\u00e9ceptions et des d\u00e9parts d&rsquo;objets. <strong>C&rsquo;est d&rsquo;ailleurs Laure qui l&rsquo;a inaugur\u00e9 avec un de ses objets personnels : un billet de train, symbole d&rsquo;une promesse non tenue il y a bien longtemps. <\/strong>Et c&rsquo;est son histoire pass\u00e9e qui l&rsquo;a men\u00e9e \u00e0 ouvrir ce mus\u00e9e que nous allons suivre. Nous plongeons alors dans<strong> les quartiers de Prague, dans un contexte g\u00e9opolitique, quelques ann\u00e9es avant la chute du mur de Berlin. <\/strong><\/p>\n\n\n\n<p class=\"has-medium-font-size wp-block-paragraph\"><strong>M\u00eame si j&rsquo;ai appr\u00e9ci\u00e9 toute l&rsquo;histoire autour du mus\u00e9e des promesses bris\u00e9es, je ne peux pas en dire autant de la partie historique \u00e0 Prague.<\/strong> Laure y est alors jeune fille au paire pour une famille ais\u00e9e. Elle y rencontre une joyeuse troupe de marionnettistes. Mais derri\u00e8re leurs spectacles se cachent des messages politiques qui ne sont pas au go\u00fbt des dirigeants et des classes sociales \u00e9lev\u00e9es. il faut d&rsquo;ailleurs savoir que la Tch\u00e9coslovaquie poss\u00e8de une forte tradition du th\u00e9\u00e2tre de marionnettes et qu&rsquo;apr\u00e8s la guerre, plus de 3000 th\u00e9\u00e2tres ont vu le jour dans tout le pays.<\/p>\n\n\n\n<p class=\"has-medium-font-size wp-block-paragraph\"><strong>Je regrette tout d&rsquo;abord que l&rsquo;aspect politique n&rsquo;ait pas \u00e9t\u00e9 mieux expliqu\u00e9.<\/strong> J&rsquo;ai eu le sentiment que l&rsquo;autrice estimait que ses lecteurs \u00e9taient au fait des diff\u00e9rents courants politiques et \u00e9v\u00e9nements historiques. <strong>Or, pour une personne comme moi qui n&rsquo;a jamais trop aim\u00e9 les cours d&rsquo;histoire, on peut vite se retrouver perdu.<\/strong> Et ce fut bien entendu mon cas. J&rsquo;ai trouv\u00e9 qu&rsquo;il y avait trop de non dit dans les dialogues entre les diff\u00e9rents personnages. Et \u00e9galement trop de sous-entendus qu&rsquo;un non-initi\u00e9 peut avoir des difficult\u00e9s \u00e0 comprendre. Evidemment, j&rsquo;ai bien compris les grandes lignes de l&rsquo;intrigue. <strong>Mais ne pas en savoir plus sur le contexte m&rsquo;a vraiment frustr\u00e9e. <\/strong>Il n&rsquo;y avait m\u00eame pas de note de l&rsquo;autrice \u00e0 la fin. C&rsquo;est vraiment mon grand regret. <\/p>\n\n\n\n<p class=\"has-medium-font-size wp-block-paragraph\">Cependant, comme toujours dans les romans des \u00e9ditions Faubourg Marigny,<strong> la traduction est d&rsquo;une grande qualit\u00e9 et rend la lecture tr\u00e8s fluide.<\/strong> Il me semble important ces travailleurs de l&rsquo;ombre. <strong>L&rsquo;\u00e9criture de l&rsquo;autrice est tr\u00e8s agr\u00e9able et on ne s&rsquo;ennuie pas, le rythme \u00e9tant assez entra\u00eenant. <\/strong><\/p>\n\n\n<div class=\"wp-block-image\">\n<figure class=\"aligncenter size-large\"><img loading=\"lazy\" decoding=\"async\" width=\"1024\" height=\"1024\" src=\"https:\/\/serialectrice.com\/wp-content\/uploads\/2023\/10\/Design-sans-titre-2023-10-05T170737.682-1024x1024.png\" alt=\"\" class=\"wp-image-4993\" srcset=\"https:\/\/serialectrice.com\/wp-content\/uploads\/2023\/10\/Design-sans-titre-2023-10-05T170737.682-1024x1024.png 1024w, https:\/\/serialectrice.com\/wp-content\/uploads\/2023\/10\/Design-sans-titre-2023-10-05T170737.682-300x300.png 300w, https:\/\/serialectrice.com\/wp-content\/uploads\/2023\/10\/Design-sans-titre-2023-10-05T170737.682-150x150.png 150w, https:\/\/serialectrice.com\/wp-content\/uploads\/2023\/10\/Design-sans-titre-2023-10-05T170737.682-768x768.png 768w, https:\/\/serialectrice.com\/wp-content\/uploads\/2023\/10\/Design-sans-titre-2023-10-05T170737.682-100x100.png 100w, https:\/\/serialectrice.com\/wp-content\/uploads\/2023\/10\/Design-sans-titre-2023-10-05T170737.682.png 1080w\" sizes=\"auto, (max-width: 1024px) 100vw, 1024px\" \/><\/figure>\n<\/div>\n\n\n<p class=\"has-text-align-center has-medium-font-size wp-block-paragraph\"><em>C&rsquo;est donc un ressenti <strong>plut\u00f4t mitig\u00e9<\/strong> pour ce roman. M\u00eame si<strong> je regrette l&rsquo;absence de r\u00e9f\u00e9rences historiques,<\/strong> <strong>je salue l&rsquo;\u00e9criture et la traduction.<\/strong><\/em><\/p>\n\n\n<div class=\"wp-block-jetpack-rating-star\" style=\"text-align:center\" itemprop=\"reviewRating\" itemscope itemtype=\"http:\/\/schema.org\/Rating\"><p><span aria-hidden=\"true\">\u2b50<\/span><span aria-hidden=\"true\">\u2b50<\/span><span aria-hidden=\"true\">\u2b50<\/span><\/p><span style=\"display: none;\" itemprop=\"worstRating\" content=\"0.5\"><span>\n<svg xmlns=\"http:\/\/www.w3.org\/2000\/svg\" width=\"24\" height=\"24\" viewBox=\"0 0 24 24\">\n\t<path class=\"\" fill=\"currentColor\" stroke=\"currentColor\" d=\"M12,17.3l6.2,3.7l-1.6-7L22,9.2l-7.2-0.6L12,2L9.2,8.6L2,9.2L7.5,14l-1.6,7L12,17.3z\" \/>\n<\/svg>\n<\/span>\n<span>\n<svg xmlns=\"http:\/\/www.w3.org\/2000\/svg\" width=\"24\" height=\"24\" viewBox=\"0 0 24 24\">\n\t<path class=\"\" fill=\"currentColor\" stroke=\"currentColor\" d=\"M12,17.3l6.2,3.7l-1.6-7L22,9.2l-7.2-0.6L12,2L9.2,8.6L2,9.2L7.5,14l-1.6,7L12,17.3z\" \/>\n<\/svg>\n<\/span><\/span><span style=\"display: none;\" ><span>\n<svg xmlns=\"http:\/\/www.w3.org\/2000\/svg\" width=\"24\" height=\"24\" viewBox=\"0 0 24 24\">\n\t<path class=\"\" fill=\"currentColor\" stroke=\"currentColor\" d=\"M12,17.3l6.2,3.7l-1.6-7L22,9.2l-7.2-0.6L12,2L9.2,8.6L2,9.2L7.5,14l-1.6,7L12,17.3z\" \/>\n<\/svg>\n<\/span>\n<span>\n<svg xmlns=\"http:\/\/www.w3.org\/2000\/svg\" width=\"24\" height=\"24\" viewBox=\"0 0 24 24\">\n\t<path class=\"\" fill=\"currentColor\" stroke=\"currentColor\" d=\"M12,17.3l6.2,3.7l-1.6-7L22,9.2l-7.2-0.6L12,2L9.2,8.6L2,9.2L7.5,14l-1.6,7L12,17.3z\" \/>\n<\/svg>\n<\/span><\/span><span style=\"display: none;\" ><span>\n<svg xmlns=\"http:\/\/www.w3.org\/2000\/svg\" width=\"24\" height=\"24\" viewBox=\"0 0 24 24\">\n\t<path class=\"\" fill=\"currentColor\" stroke=\"currentColor\" d=\"M12,17.3l6.2,3.7l-1.6-7L22,9.2l-7.2-0.6L12,2L9.2,8.6L2,9.2L7.5,14l-1.6,7L12,17.3z\" \/>\n<\/svg>\n<\/span>\n<span>\n<svg xmlns=\"http:\/\/www.w3.org\/2000\/svg\" width=\"24\" height=\"24\" viewBox=\"0 0 24 24\">\n\t<path class=\"is-rating-unfilled\" fill=\"currentColor\" stroke=\"currentColor\" d=\"M12,17.3l6.2,3.7l-1.6-7L22,9.2l-7.2-0.6L12,2L9.2,8.6L2,9.2L7.5,14l-1.6,7L12,17.3z\" \/>\n<\/svg>\n<\/span><\/span><span style=\"display: none;\" ><span>\n<svg xmlns=\"http:\/\/www.w3.org\/2000\/svg\" width=\"24\" height=\"24\" viewBox=\"0 0 24 24\">\n\t<path class=\"is-rating-unfilled\" fill=\"currentColor\" stroke=\"currentColor\" d=\"M12,17.3l6.2,3.7l-1.6-7L22,9.2l-7.2-0.6L12,2L9.2,8.6L2,9.2L7.5,14l-1.6,7L12,17.3z\" \/>\n<\/svg>\n<\/span>\n<span>\n<svg xmlns=\"http:\/\/www.w3.org\/2000\/svg\" width=\"24\" height=\"24\" viewBox=\"0 0 24 24\">\n\t<path class=\"is-rating-unfilled\" fill=\"currentColor\" stroke=\"currentColor\" d=\"M12,17.3l6.2,3.7l-1.6-7L22,9.2l-7.2-0.6L12,2L9.2,8.6L2,9.2L7.5,14l-1.6,7L12,17.3z\" \/>\n<\/svg>\n<\/span><\/span><span style=\"display: none;\" itemprop=\"bestRating\" content=\"5\"><span>\n<svg xmlns=\"http:\/\/www.w3.org\/2000\/svg\" width=\"24\" height=\"24\" viewBox=\"0 0 24 24\">\n\t<path class=\"is-rating-unfilled\" fill=\"currentColor\" stroke=\"currentColor\" d=\"M12,17.3l6.2,3.7l-1.6-7L22,9.2l-7.2-0.6L12,2L9.2,8.6L2,9.2L7.5,14l-1.6,7L12,17.3z\" \/>\n<\/svg>\n<\/span>\n<span>\n<svg xmlns=\"http:\/\/www.w3.org\/2000\/svg\" width=\"24\" height=\"24\" viewBox=\"0 0 24 24\">\n\t<path class=\"is-rating-unfilled\" fill=\"currentColor\" stroke=\"currentColor\" d=\"M12,17.3l6.2,3.7l-1.6-7L22,9.2l-7.2-0.6L12,2L9.2,8.6L2,9.2L7.5,14l-1.6,7L12,17.3z\" \/>\n<\/svg>\n<\/span><\/span><span itemprop=\"ratingValue\" class=\"screen-reader-text\" content=\"2.5\">Note\u00a0: 2.5\u00a0sur 5.<\/span><\/div>\n\n\n<h2 class=\"wp-block-heading has-vivid-green-cyan-color has-text-color\">Mes challenges<\/h2>\n\n\n\n<p class=\"has-medium-font-size wp-block-paragraph\">Cette lecture m&rsquo;a permis de valider la cat\u00e9gorie du <a href=\"https:\/\/serialectrice.com\/index.php\/2023\/08\/28\/challenge-litteraire-septembre-2023\/\">challenge mensuel<\/a>. <strong>Titre avec 1 mot de 9 lettres (promesses).<\/strong><\/p>\n\n\n\n<p class=\"has-medium-font-size wp-block-paragraph\">Elle m&rsquo;a \u00e9galement permis de valider la cat\u00e9gorie du challenge annuel <a href=\"https:\/\/www.facebook.com\/groups\/707636122759664\">La t\u00eate dans les livres.<\/a> <strong>Livre dans lequel on retrouve un mot et son contraire dans la m\u00eame phrase.<\/strong><\/p>\n","protected":false},"excerpt":{"rendered":"<p>Pourquoi Laure a-t-elle ouvert ce mus\u00e9e si original ?<\/p>\n","protected":false},"author":1,"featured_media":4994,"comment_status":"open","ping_status":"open","sticky":false,"template":"","format":"standard","meta":{"_crdt_document":"","om_disable_all_campaigns":false,"_uag_custom_page_level_css":"","_monsterinsights_skip_tracking":false,"_monsterinsights_sitenote_active":false,"_monsterinsights_sitenote_note":"","_monsterinsights_sitenote_category":0,"_uf_show_specific_survey":0,"_uf_disable_surveys":false,"_jetpack_memberships_contains_paid_content":false,"footnotes":"","jetpack_publicize_message":"Le mus\u00e9e des promesses bris\u00e9e d'Elizabeth Buchan. \n\nPourquoi Laure a-t-elle ouvert ce mus\u00e9e si original ?","jetpack_publicize_feature_enabled":true,"jetpack_social_post_already_shared":true,"jetpack_social_options":{"image_generator_settings":{"template":"highway","default_image_id":0,"font":"","enabled":false},"version":2}},"categories":[6],"tags":[590,459,59],"class_list":["post-4990","post","type-post","status-publish","format-standard","has-post-thumbnail","hentry","category-livres-lus","tag-elizabeth-buchan","tag-faubourg-marigny","tag-roman-historique"],"aioseo_notices":[],"jetpack_publicize_connections":[],"jetpack_featured_media_url":"https:\/\/serialectrice.com\/wp-content\/uploads\/2023\/10\/Design-sans-titre-2023-10-05T170640.005.png","uagb_featured_image_src":{"full":["https:\/\/serialectrice.com\/wp-content\/uploads\/2023\/10\/Design-sans-titre-2023-10-05T170640.005.png",1788,1034,false],"thumbnail":["https:\/\/serialectrice.com\/wp-content\/uploads\/2023\/10\/Design-sans-titre-2023-10-05T170640.005-572x331.png",572,331,true],"medium":["https:\/\/serialectrice.com\/wp-content\/uploads\/2023\/10\/Design-sans-titre-2023-10-05T170640.005-300x173.png",300,173,true],"medium_large":["https:\/\/serialectrice.com\/wp-content\/uploads\/2023\/10\/Design-sans-titre-2023-10-05T170640.005-768x444.png",768,444,true],"large":["https:\/\/serialectrice.com\/wp-content\/uploads\/2023\/10\/Design-sans-titre-2023-10-05T170640.005-1024x592.png",840,486,true],"post-slider-thumb-size":["https:\/\/serialectrice.com\/wp-content\/uploads\/2023\/10\/Design-sans-titre-2023-10-05T170640.005.png",330,190,false],"post-category-slider-size":["https:\/\/serialectrice.com\/wp-content\/uploads\/2023\/10\/Design-sans-titre-2023-10-05T170640.005.png",330,191,false],"1536x1536":["https:\/\/serialectrice.com\/wp-content\/uploads\/2023\/10\/Design-sans-titre-2023-10-05T170640.005-1536x888.png",1536,888,true],"2048x2048":["https:\/\/serialectrice.com\/wp-content\/uploads\/2023\/10\/Design-sans-titre-2023-10-05T170640.005.png",1788,1034,false],"hello-fashion-slider":["https:\/\/serialectrice.com\/wp-content\/uploads\/2023\/10\/Design-sans-titre-2023-10-05T170640.005.png",480,278,false],"hello-fashion-blog-three":["https:\/\/serialectrice.com\/wp-content\/uploads\/2023\/10\/Design-sans-titre-2023-10-05T170640.005.png",420,243,false],"hello-fashion-blog-four":["https:\/\/serialectrice.com\/wp-content\/uploads\/2023\/10\/Design-sans-titre-2023-10-05T170640.005.png",573,331,false],"vilva-slider-one":["https:\/\/serialectrice.com\/wp-content\/uploads\/2023\/10\/Design-sans-titre-2023-10-05T170640.005.png",1038,600,false],"vilva-featured-four":["https:\/\/serialectrice.com\/wp-content\/uploads\/2023\/10\/Design-sans-titre-2023-10-05T170640.005.png",800,463,false],"vilva-blog":["https:\/\/serialectrice.com\/wp-content\/uploads\/2023\/10\/Design-sans-titre-2023-10-05T170640.005.png",420,243,false],"vilva-blog-one":["https:\/\/serialectrice.com\/wp-content\/uploads\/2023\/10\/Design-sans-titre-2023-10-05T170640.005.png",865,500,false],"vilva-sidebar":["https:\/\/serialectrice.com\/wp-content\/uploads\/2023\/10\/Design-sans-titre-2023-10-05T170640.005.png",818,473,false]},"uagb_author_info":{"display_name":"SeriaLectrice","author_link":"https:\/\/serialectrice.com\/index.php\/author\/cilounegmail-com\/"},"uagb_comment_info":1,"uagb_excerpt":"Pourquoi Laure a-t-elle ouvert ce mus\u00e9e si original ?","jetpack_sharing_enabled":true,"jetpack_likes_enabled":true,"_links":{"self":[{"href":"https:\/\/serialectrice.com\/index.php\/wp-json\/wp\/v2\/posts\/4990","targetHints":{"allow":["GET"]}}],"collection":[{"href":"https:\/\/serialectrice.com\/index.php\/wp-json\/wp\/v2\/posts"}],"about":[{"href":"https:\/\/serialectrice.com\/index.php\/wp-json\/wp\/v2\/types\/post"}],"author":[{"embeddable":true,"href":"https:\/\/serialectrice.com\/index.php\/wp-json\/wp\/v2\/users\/1"}],"replies":[{"embeddable":true,"href":"https:\/\/serialectrice.com\/index.php\/wp-json\/wp\/v2\/comments?post=4990"}],"version-history":[{"count":0,"href":"https:\/\/serialectrice.com\/index.php\/wp-json\/wp\/v2\/posts\/4990\/revisions"}],"wp:featuredmedia":[{"embeddable":true,"href":"https:\/\/serialectrice.com\/index.php\/wp-json\/wp\/v2\/media\/4994"}],"wp:attachment":[{"href":"https:\/\/serialectrice.com\/index.php\/wp-json\/wp\/v2\/media?parent=4990"}],"wp:term":[{"taxonomy":"category","embeddable":true,"href":"https:\/\/serialectrice.com\/index.php\/wp-json\/wp\/v2\/categories?post=4990"},{"taxonomy":"post_tag","embeddable":true,"href":"https:\/\/serialectrice.com\/index.php\/wp-json\/wp\/v2\/tags?post=4990"}],"curies":[{"name":"wp","href":"https:\/\/api.w.org\/{rel}","templated":true}]}}