{"id":4918,"date":"2023-09-18T18:00:00","date_gmt":"2023-09-18T16:00:00","guid":{"rendered":"https:\/\/serialectrice.com\/?p=4918"},"modified":"2023-09-10T09:14:07","modified_gmt":"2023-09-10T07:14:07","slug":"sido","status":"publish","type":"post","link":"https:\/\/serialectrice.com\/index.php\/2023\/09\/18\/sido\/","title":{"rendered":"Sido _ Colette"},"content":{"rendered":"\n<div class=\"wp-block-media-text alignwide is-stacked-on-mobile\"><figure class=\"wp-block-media-text__media\"><img loading=\"lazy\" decoding=\"async\" width=\"600\" height=\"971\" src=\"https:\/\/serialectrice.com\/wp-content\/uploads\/2023\/09\/9782253938972-001-T-jpeg.webp\" alt=\"\" class=\"wp-image-4919 size-full\" srcset=\"https:\/\/serialectrice.com\/wp-content\/uploads\/2023\/09\/9782253938972-001-T-jpeg.webp 600w, https:\/\/serialectrice.com\/wp-content\/uploads\/2023\/09\/9782253938972-001-T-185x300.webp 185w, https:\/\/serialectrice.com\/wp-content\/uploads\/2023\/09\/9782253938972-001-T-93x150.webp 93w\" sizes=\"auto, (max-width: 600px) 100vw, 600px\" \/><\/figure><div class=\"wp-block-media-text__content\">\n<h2 class=\"wp-block-heading has-vivid-green-cyan-color has-text-color\">R\u00e9sum\u00e9<\/h2>\n\n\n\n<p class=\"wp-block-paragraph\" style=\"font-size:19px\">\u00a0Colette \u00e9voque le souvenir de sa m\u00e8re, l\u2019inoubliable \u00ab Sido \u00bb, qui r\u00e9gna sur son enfance et l\u2019initia aux joies d\u2019\u00eatre au monde. Elle nous parle aussi de son p\u00e8re, \u00ab le capitaine \u00bb, de sa s\u0153ur a\u00een\u00e9e, \u00ab l\u2019\u00e9trang\u00e8re \u00bb, et de ses deux fr\u00e8res, \u00ab les sauvages \u00bb, de l\u2019amour qui unissait ses parents et de son enfance heureuse.<\/p>\n<\/div><\/div>\n\n\n\n<h2 class=\"wp-block-heading has-vivid-green-cyan-color has-text-color\">Mon ressenti<\/h2>\n\n\n\n<p class=\"has-medium-font-size wp-block-paragraph\">Ce texte a \u00e9t\u00e9 lu en Lecture Audio gr\u00e2ce \u00e0 <a href=\"https:\/\/www.netgalley.fr\/\">NetGalley<\/a> et <a href=\"https:\/\/www.audiolib.fr\/\">Audiolib<\/a>.<\/p>\n\n\n\n<p class=\"has-medium-font-size wp-block-paragraph\">Dans Sido, Colette nous pr\u00e9sente sa famille. <strong>Sido, sa m\u00e8re. Son p\u00e8re, le capitaine. Ses fr\u00e8res et s\u0153urs qu&rsquo;elle surnomme \u00ab\u00a0les sauvages\u00a0\u00bb.<\/strong> Sido est donc avant tout <strong>un bel hommage \u00e0 sa famille<\/strong>, qu&rsquo;elle aime et qui le lui rend bien. Sido est une <strong>femme au caract\u00e8re bien tremp\u00e9, <\/strong>qui sait ce qu&rsquo;elle veut. Elle est passionn\u00e9e par la nature et <strong>d\u00e9bordante d&rsquo;amour maternel<\/strong>, m\u00eame si elle para\u00eet parfois bien mordante avec ses enfants. Le p\u00e8re et les fr\u00e8res et s\u0153urs sont pr\u00e9sent\u00e9s mais toujours sous l&rsquo;\u0153il attentif de Sido, qui demeure pr\u00e9sente (alors que les autres personnages semblent absents lorsque Colette pr\u00e9sente sa m\u00e8re). <\/p>\n\n\n\n<p class=\"has-medium-font-size wp-block-paragraph\">C&rsquo;est un <strong>beau r\u00e9cit po\u00e9tique et \u00e9mouvant<\/strong>. Colette aimait sa famille, aussi diff\u00e9rents soient-ils les uns des autres. Et on le ressent pleinement au travers des mots qu&rsquo;elle trace. Le jardin de Sido pourrait \u00eatre un personnage \u00e0 lui tout seul. <strong>Les descriptions champ\u00eatres nous embarquent et nous font voyager au c\u0153ur de m\u00e8re nature.<\/strong><\/p>\n\n\n\n<p class=\"has-medium-font-size wp-block-paragraph\">Si j&rsquo;ai appr\u00e9ci\u00e9 l&rsquo;\u00e9criture de Colette, je pense que <strong>ce livre n&rsquo;est pas adapt\u00e9 \u00e0 la lecture audio<\/strong>. J&rsquo;ai vraiment eu besoin de me concentrer pour rester attentive et bien souvent mon esprit partait vagabonder ailleurs et je devais alors reprendre ma lecture au d\u00e9but du chapitre.<strong> Je pense que le caract\u00e8re assez descriptif et contemplatif y est pour quelque chose.<\/strong> Il n&rsquo;y a que peu de dialogues et je dois bien reconna\u00eetre que <strong>je n&rsquo;ai gu\u00e8re appr\u00e9ci\u00e9 la mani\u00e8re dont la lectrice les interpr\u00e9tait. <\/strong>Par contre, <strong>elle a parfaitement su transmettre les \u00e9motions et les images \u00e0 travers les passages de r\u00e9cit pur. <\/strong><\/p>\n\n\n<div class=\"wp-block-image\">\n<figure class=\"aligncenter size-large\"><img loading=\"lazy\" decoding=\"async\" width=\"1024\" height=\"1024\" src=\"https:\/\/serialectrice.com\/wp-content\/uploads\/2023\/09\/Sans-titre-Publication-Instagram-Carre-72-1024x1024.png\" alt=\"\" class=\"wp-image-4920\" srcset=\"https:\/\/serialectrice.com\/wp-content\/uploads\/2023\/09\/Sans-titre-Publication-Instagram-Carre-72-1024x1024.png 1024w, https:\/\/serialectrice.com\/wp-content\/uploads\/2023\/09\/Sans-titre-Publication-Instagram-Carre-72-300x300.png 300w, https:\/\/serialectrice.com\/wp-content\/uploads\/2023\/09\/Sans-titre-Publication-Instagram-Carre-72-150x150.png 150w, https:\/\/serialectrice.com\/wp-content\/uploads\/2023\/09\/Sans-titre-Publication-Instagram-Carre-72-768x768.png 768w, https:\/\/serialectrice.com\/wp-content\/uploads\/2023\/09\/Sans-titre-Publication-Instagram-Carre-72-100x100.png 100w, https:\/\/serialectrice.com\/wp-content\/uploads\/2023\/09\/Sans-titre-Publication-Instagram-Carre-72.png 1080w\" sizes=\"auto, (max-width: 1024px) 100vw, 1024px\" \/><\/figure>\n<\/div>\n\n\n<p class=\"has-text-align-center has-medium-font-size wp-block-paragraph\"><em>Je suis donc plut\u00f4t <strong>mitig\u00e9e pour la partie audio<\/strong>. Mais <strong>tr\u00e8s satisfaite du roman en lui-m\u00eame<\/strong> qui n&rsquo;a, de toute fa\u00e7on, plus besoin de faire ses preuves.<\/em><\/p>\n\n\n<div class=\"wp-block-jetpack-rating-star\" style=\"text-align:center\" itemprop=\"reviewRating\" itemscope itemtype=\"http:\/\/schema.org\/Rating\"><p><span aria-hidden=\"true\">\u2b50<\/span><span aria-hidden=\"true\">\u2b50<\/span><span aria-hidden=\"true\">\u2b50<\/span><span aria-hidden=\"true\">\u2b50<\/span><\/p><span style=\"display: none;\" itemprop=\"worstRating\" content=\"0.5\"><span>\n<svg xmlns=\"http:\/\/www.w3.org\/2000\/svg\" width=\"24\" height=\"24\" viewBox=\"0 0 24 24\">\n\t<path class=\"\" fill=\"currentColor\" stroke=\"currentColor\" d=\"M12,17.3l6.2,3.7l-1.6-7L22,9.2l-7.2-0.6L12,2L9.2,8.6L2,9.2L7.5,14l-1.6,7L12,17.3z\" \/>\n<\/svg>\n<\/span>\n<span>\n<svg xmlns=\"http:\/\/www.w3.org\/2000\/svg\" width=\"24\" height=\"24\" viewBox=\"0 0 24 24\">\n\t<path class=\"\" fill=\"currentColor\" stroke=\"currentColor\" d=\"M12,17.3l6.2,3.7l-1.6-7L22,9.2l-7.2-0.6L12,2L9.2,8.6L2,9.2L7.5,14l-1.6,7L12,17.3z\" \/>\n<\/svg>\n<\/span><\/span><span style=\"display: none;\" ><span>\n<svg xmlns=\"http:\/\/www.w3.org\/2000\/svg\" width=\"24\" height=\"24\" viewBox=\"0 0 24 24\">\n\t<path class=\"\" fill=\"currentColor\" stroke=\"currentColor\" d=\"M12,17.3l6.2,3.7l-1.6-7L22,9.2l-7.2-0.6L12,2L9.2,8.6L2,9.2L7.5,14l-1.6,7L12,17.3z\" \/>\n<\/svg>\n<\/span>\n<span>\n<svg xmlns=\"http:\/\/www.w3.org\/2000\/svg\" width=\"24\" height=\"24\" viewBox=\"0 0 24 24\">\n\t<path class=\"\" fill=\"currentColor\" stroke=\"currentColor\" d=\"M12,17.3l6.2,3.7l-1.6-7L22,9.2l-7.2-0.6L12,2L9.2,8.6L2,9.2L7.5,14l-1.6,7L12,17.3z\" \/>\n<\/svg>\n<\/span><\/span><span style=\"display: none;\" ><span>\n<svg xmlns=\"http:\/\/www.w3.org\/2000\/svg\" width=\"24\" height=\"24\" viewBox=\"0 0 24 24\">\n\t<path class=\"\" fill=\"currentColor\" stroke=\"currentColor\" d=\"M12,17.3l6.2,3.7l-1.6-7L22,9.2l-7.2-0.6L12,2L9.2,8.6L2,9.2L7.5,14l-1.6,7L12,17.3z\" \/>\n<\/svg>\n<\/span>\n<span>\n<svg xmlns=\"http:\/\/www.w3.org\/2000\/svg\" width=\"24\" height=\"24\" viewBox=\"0 0 24 24\">\n\t<path class=\"\" fill=\"currentColor\" stroke=\"currentColor\" d=\"M12,17.3l6.2,3.7l-1.6-7L22,9.2l-7.2-0.6L12,2L9.2,8.6L2,9.2L7.5,14l-1.6,7L12,17.3z\" \/>\n<\/svg>\n<\/span><\/span><span style=\"display: none;\" ><span>\n<svg xmlns=\"http:\/\/www.w3.org\/2000\/svg\" width=\"24\" height=\"24\" viewBox=\"0 0 24 24\">\n\t<path class=\"\" fill=\"currentColor\" stroke=\"currentColor\" d=\"M12,17.3l6.2,3.7l-1.6-7L22,9.2l-7.2-0.6L12,2L9.2,8.6L2,9.2L7.5,14l-1.6,7L12,17.3z\" \/>\n<\/svg>\n<\/span>\n<span>\n<svg xmlns=\"http:\/\/www.w3.org\/2000\/svg\" width=\"24\" height=\"24\" viewBox=\"0 0 24 24\">\n\t<path class=\"\" fill=\"currentColor\" stroke=\"currentColor\" d=\"M12,17.3l6.2,3.7l-1.6-7L22,9.2l-7.2-0.6L12,2L9.2,8.6L2,9.2L7.5,14l-1.6,7L12,17.3z\" \/>\n<\/svg>\n<\/span><\/span><span style=\"display: none;\" itemprop=\"bestRating\" content=\"5\"><span>\n<svg xmlns=\"http:\/\/www.w3.org\/2000\/svg\" width=\"24\" height=\"24\" viewBox=\"0 0 24 24\">\n\t<path class=\"is-rating-unfilled\" fill=\"currentColor\" stroke=\"currentColor\" d=\"M12,17.3l6.2,3.7l-1.6-7L22,9.2l-7.2-0.6L12,2L9.2,8.6L2,9.2L7.5,14l-1.6,7L12,17.3z\" \/>\n<\/svg>\n<\/span>\n<span>\n<svg xmlns=\"http:\/\/www.w3.org\/2000\/svg\" width=\"24\" height=\"24\" viewBox=\"0 0 24 24\">\n\t<path class=\"is-rating-unfilled\" fill=\"currentColor\" stroke=\"currentColor\" d=\"M12,17.3l6.2,3.7l-1.6-7L22,9.2l-7.2-0.6L12,2L9.2,8.6L2,9.2L7.5,14l-1.6,7L12,17.3z\" \/>\n<\/svg>\n<\/span><\/span><span itemprop=\"ratingValue\" class=\"screen-reader-text\" content=\"4\">Note\u00a0: 4\u00a0sur 5.<\/span><\/div>\n\n\n<p class=\"has-text-align-center wp-block-paragraph\">Collaboration commerciale non r\u00e9mun\u00e9r\u00e9e.<\/p>\n\n\n\n<h2 class=\"wp-block-heading has-vivid-green-cyan-color has-text-color\">Mes challenges<\/h2>\n\n\n\n<p class=\"has-medium-font-size wp-block-paragraph\">Cette lecture m&rsquo;a permis de valider la cat\u00e9gorie du <a href=\"https:\/\/serialectrice.com\/index.php\/2023\/08\/28\/challenge-litteraire-septembre-2023\/\">challenge mensuel.<\/a> <strong>Titre avec un mot qui commence par la lettre S.<\/strong><br>Elle m&rsquo;a \u00e9galement permis de valider la cat\u00e9gorie du <a href=\"https:\/\/www.facebook.com\/groups\/707636122759664\">challenge annue<\/a>l. <strong>Livre \u00e9crit entre 1900 et 1950.<\/strong><\/p>\n","protected":false},"excerpt":{"rendered":"<p>Dans cet hommage \u00e0 sa famille, Colette nous raconte sa m\u00e8re, son p\u00e8re et ses fr\u00e8res et s\u0153urs.<\/p>\n","protected":false},"author":1,"featured_media":4921,"comment_status":"open","ping_status":"open","sticky":false,"template":"","format":"standard","meta":{"_crdt_document":"","om_disable_all_campaigns":false,"_uag_custom_page_level_css":"","_monsterinsights_skip_tracking":false,"_monsterinsights_sitenote_active":false,"_monsterinsights_sitenote_note":"","_monsterinsights_sitenote_category":0,"_uf_show_specific_survey":0,"_uf_disable_surveys":false,"_jetpack_memberships_contains_paid_content":false,"footnotes":"","jetpack_publicize_message":"Sido de Colette. \n\nDans cet hommage \u00e0 sa famille, Colette nous raconte sa m\u00e8re, son p\u00e8re et ses fr\u00e8res et s\u0153urs. ","jetpack_publicize_feature_enabled":true,"jetpack_social_post_already_shared":true,"jetpack_social_options":{"image_generator_settings":{"template":"highway","default_image_id":0,"font":"","enabled":false},"version":2}},"categories":[6],"tags":[152],"class_list":["post-4918","post","type-post","status-publish","format-standard","has-post-thumbnail","hentry","category-livres-lus","tag-colette"],"aioseo_notices":[],"jetpack_publicize_connections":[],"jetpack_featured_media_url":"https:\/\/serialectrice.com\/wp-content\/uploads\/2023\/09\/Design-sans-titre-2023-09-10T090732.869.png","uagb_featured_image_src":{"full":["https:\/\/serialectrice.com\/wp-content\/uploads\/2023\/09\/Design-sans-titre-2023-09-10T090732.869.png",1788,1034,false],"thumbnail":["https:\/\/serialectrice.com\/wp-content\/uploads\/2023\/09\/Design-sans-titre-2023-09-10T090732.869-572x331.png",572,331,true],"medium":["https:\/\/serialectrice.com\/wp-content\/uploads\/2023\/09\/Design-sans-titre-2023-09-10T090732.869-300x173.png",300,173,true],"medium_large":["https:\/\/serialectrice.com\/wp-content\/uploads\/2023\/09\/Design-sans-titre-2023-09-10T090732.869-768x444.png",768,444,true],"large":["https:\/\/serialectrice.com\/wp-content\/uploads\/2023\/09\/Design-sans-titre-2023-09-10T090732.869-1024x592.png",840,486,true],"post-slider-thumb-size":["https:\/\/serialectrice.com\/wp-content\/uploads\/2023\/09\/Design-sans-titre-2023-09-10T090732.869.png",330,190,false],"post-category-slider-size":["https:\/\/serialectrice.com\/wp-content\/uploads\/2023\/09\/Design-sans-titre-2023-09-10T090732.869.png",330,191,false],"1536x1536":["https:\/\/serialectrice.com\/wp-content\/uploads\/2023\/09\/Design-sans-titre-2023-09-10T090732.869-1536x888.png",1536,888,true],"2048x2048":["https:\/\/serialectrice.com\/wp-content\/uploads\/2023\/09\/Design-sans-titre-2023-09-10T090732.869.png",1788,1034,false],"hello-fashion-slider":["https:\/\/serialectrice.com\/wp-content\/uploads\/2023\/09\/Design-sans-titre-2023-09-10T090732.869.png",480,278,false],"hello-fashion-blog-three":["https:\/\/serialectrice.com\/wp-content\/uploads\/2023\/09\/Design-sans-titre-2023-09-10T090732.869.png",420,243,false],"hello-fashion-blog-four":["https:\/\/serialectrice.com\/wp-content\/uploads\/2023\/09\/Design-sans-titre-2023-09-10T090732.869.png",573,331,false],"vilva-slider-one":["https:\/\/serialectrice.com\/wp-content\/uploads\/2023\/09\/Design-sans-titre-2023-09-10T090732.869.png",1038,600,false],"vilva-featured-four":["https:\/\/serialectrice.com\/wp-content\/uploads\/2023\/09\/Design-sans-titre-2023-09-10T090732.869.png",800,463,false],"vilva-blog":["https:\/\/serialectrice.com\/wp-content\/uploads\/2023\/09\/Design-sans-titre-2023-09-10T090732.869.png",420,243,false],"vilva-blog-one":["https:\/\/serialectrice.com\/wp-content\/uploads\/2023\/09\/Design-sans-titre-2023-09-10T090732.869.png",865,500,false],"vilva-sidebar":["https:\/\/serialectrice.com\/wp-content\/uploads\/2023\/09\/Design-sans-titre-2023-09-10T090732.869.png",818,473,false]},"uagb_author_info":{"display_name":"SeriaLectrice","author_link":"https:\/\/serialectrice.com\/index.php\/author\/cilounegmail-com\/"},"uagb_comment_info":1,"uagb_excerpt":"Dans cet hommage \u00e0 sa famille, Colette nous raconte sa m\u00e8re, son p\u00e8re et ses fr\u00e8res et s\u0153urs.","jetpack_sharing_enabled":true,"jetpack_likes_enabled":true,"_links":{"self":[{"href":"https:\/\/serialectrice.com\/index.php\/wp-json\/wp\/v2\/posts\/4918","targetHints":{"allow":["GET"]}}],"collection":[{"href":"https:\/\/serialectrice.com\/index.php\/wp-json\/wp\/v2\/posts"}],"about":[{"href":"https:\/\/serialectrice.com\/index.php\/wp-json\/wp\/v2\/types\/post"}],"author":[{"embeddable":true,"href":"https:\/\/serialectrice.com\/index.php\/wp-json\/wp\/v2\/users\/1"}],"replies":[{"embeddable":true,"href":"https:\/\/serialectrice.com\/index.php\/wp-json\/wp\/v2\/comments?post=4918"}],"version-history":[{"count":0,"href":"https:\/\/serialectrice.com\/index.php\/wp-json\/wp\/v2\/posts\/4918\/revisions"}],"wp:featuredmedia":[{"embeddable":true,"href":"https:\/\/serialectrice.com\/index.php\/wp-json\/wp\/v2\/media\/4921"}],"wp:attachment":[{"href":"https:\/\/serialectrice.com\/index.php\/wp-json\/wp\/v2\/media?parent=4918"}],"wp:term":[{"taxonomy":"category","embeddable":true,"href":"https:\/\/serialectrice.com\/index.php\/wp-json\/wp\/v2\/categories?post=4918"},{"taxonomy":"post_tag","embeddable":true,"href":"https:\/\/serialectrice.com\/index.php\/wp-json\/wp\/v2\/tags?post=4918"}],"curies":[{"name":"wp","href":"https:\/\/api.w.org\/{rel}","templated":true}]}}