{"id":4872,"date":"2023-09-04T18:00:00","date_gmt":"2023-09-04T16:00:00","guid":{"rendered":"https:\/\/serialectrice.com\/?p=4872"},"modified":"2023-09-02T18:00:16","modified_gmt":"2023-09-02T16:00:16","slug":"le-disparu-du-quartier-des-granges","status":"publish","type":"post","link":"https:\/\/serialectrice.com\/index.php\/2023\/09\/04\/le-disparu-du-quartier-des-granges\/","title":{"rendered":"Le disparu du quartier des granges _ Anne Stern"},"content":{"rendered":"\n<div class=\"wp-block-media-text alignwide is-stacked-on-mobile\"><figure class=\"wp-block-media-text__media\"><img loading=\"lazy\" decoding=\"async\" width=\"300\" height=\"451\" src=\"https:\/\/serialectrice.com\/wp-content\/uploads\/2023\/08\/le-disparu-du-quartier-des-granges.jpg\" alt=\"\" class=\"wp-image-4873 size-full\" srcset=\"https:\/\/serialectrice.com\/wp-content\/uploads\/2023\/08\/le-disparu-du-quartier-des-granges.jpg 300w, https:\/\/serialectrice.com\/wp-content\/uploads\/2023\/08\/le-disparu-du-quartier-des-granges-200x300.webp 200w, https:\/\/serialectrice.com\/wp-content\/uploads\/2023\/08\/le-disparu-du-quartier-des-granges-100x150.webp 100w\" sizes=\"auto, (max-width: 300px) 100vw, 300px\" \/><\/figure><div class=\"wp-block-media-text__content\">\n<h2 class=\"wp-block-heading has-vivid-green-cyan-color has-text-color\">R\u00e9sum\u00e9<\/h2>\n\n\n\n<p class=\"wp-block-paragraph\">Berlin, 1923. Hulda Gold est appel\u00e9e pour une naissance dans le quartier des granges. Bien que la famille juive dans laquelle elle<br>se rend vive selon ses propres r\u00e8gles, tr\u00e8s strictes, la sage-femme gagne la confiance de la jeune m\u00e8re.<br>Mais le nouveau-n\u00e9 dispara\u00eet au bout de quelques jours, et Hulda s\u2019interroge. Comment un enfant peut-il dispara\u00eetre d\u2019une communaut\u00e9 aussi soud\u00e9e ? Plus Hulda m\u00e8ne l\u2019enqu\u00eate, plus elle est confront\u00e9e \u00e0 la r\u00e9sistance des habitants du quartier, bien d\u00e9cid\u00e9s \u00e0 ce que leurs secrets le restent. Or, elle apprend que la<br>police berlinoise traque depuis quelques temps des trafiquants d\u2019enfants. L\u2019inspecteur Karl North peut-il aider \u00e0 retrouver le b\u00e9b\u00e9 ?<br>Mais lorsque la haine des juifs par les Nazis explose \u00e0 Berlin et entra\u00eene un pogrom, Hulda s\u2019aper\u00e7oit que le danger est partout\u2026 et notamment tr\u00e8s proche d\u2019elle.<\/p>\n<\/div><\/div>\n\n\n\n<h2 class=\"wp-block-heading has-vivid-green-cyan-color has-text-color\">Mon ressenti<\/h2>\n\n\n\n<p class=\"has-medium-font-size wp-block-paragraph\">Ann\u00e9e 1923. <strong>Dans un contexte dans lequel le nazisme monte peu \u00e0 peu et l&rsquo;antis\u00e9mitisme se ressent de plus en plus, Hulda Gold doit se rendre dans un quartier juif pour aider Tamar, une jeune femme dans sa grossesse.<\/strong> Tamar n&rsquo;est pas juive mais son mari l&rsquo;est. Et sa famille, notamment sa belle-m\u00e8re tient aux traditions. Elle supporte mal que son fils ait pu \u00e9pouser une non-juive. Un enfant issu d&rsquo;un mariage mixte ne fait donc pas vraiment partie de la famille pour elle. <strong>Quelques jours apr\u00e8s l&rsquo;accouchement, alors que Hulda vient voir la jeune m\u00e8re, elle d\u00e9couvre que le b\u00e9b\u00e9 a disparu et que personne ne semble s&rsquo;en inqui\u00e9ter. Mais un b\u00e9b\u00e9 de quelques jours ne dispara\u00eet subitement !<\/strong><\/p>\n\n\n\n<p class=\"has-medium-font-size wp-block-paragraph\"><strong>J&rsquo;ai beaucoup aim\u00e9 le contexte historique de l&rsquo;entre deux guerres \u00e0 Berlin<\/strong>. Hulda, elle-m\u00eame juive, doit affronter la mont\u00e9e du nazisme et de la haine envers son peuple. Lorsqu&rsquo;on parcourt le quartier des granges au moment du pogrom, on pense \u00eatre en plein cauchemar. Boutiques pill\u00e9es, juifs tu\u00e9s. Les habitants voient leur quartier vandalis\u00e9s et n&rsquo;ont plus le droit de sortir de chez eux.<strong> M\u00eame si Anne Stern pointe du doigt et critique le nationalisme montant, elle n&rsquo;h\u00e9site pas non plus \u00e0 d\u00e9noncer l&rsquo;extr\u00e9misme du juda\u00efsme dans certaines familles tr\u00e8s \u00e0 cheval sur les r\u00e8gles de leur religion. <\/strong><\/p>\n\n\n\n<p class=\"has-medium-font-size wp-block-paragraph\">C&rsquo;est donc dans <strong>un contexte social tendu<\/strong> qu&rsquo;Hulda ve chercher \u00e0 savoir ce qu&rsquo;il est advenu de ce b\u00e9b\u00e9 disparu quelques jours apr\u00e8s sa naissance. Quelques uns de ses amis vont l&rsquo;aider. Notamment Karl, l&rsquo;enqu\u00eateur qu&rsquo;elle fr\u00e9quente. M\u00eame si ce dernier pr\u00e9f\u00e9rerait s\u00e9parer travail et vie personnelle, il lui confie qu&rsquo;il enqu\u00eate sur des meurtres d&rsquo;enfants. Et qu&rsquo;un trafic d&rsquo;enfants pourrait bien en \u00eatre \u00e0 l&rsquo;origine.<\/p>\n\n\n\n<p class=\"has-medium-font-size wp-block-paragraph\"><strong>M\u00eame si j&rsquo;ai appr\u00e9ci\u00e9 l&rsquo;enqu\u00eate et le contexte historique, j&rsquo;ai moins appr\u00e9ci\u00e9 la relation entre Hulda et Karl. <\/strong>J&rsquo;ai trouv\u00e9 qu&rsquo;on tournait trop autour de la vie personnelle d&rsquo;Hulda alors qu&rsquo;elle ne sait pas o\u00f9 elle en est, ni ce qu&rsquo;elle veut. Elle fait tourner Karl en bourrique, se f\u00e2che pour un rien et le pauvre se retrouve d\u00e9muni et ne sait qu&rsquo;en penser. <strong>La fin annonce des jours meilleurs, bien heureusement. <\/strong><\/p>\n\n\n\n<p class=\"has-medium-font-size wp-block-paragraph\">Enfin, <strong>j&rsquo;ai appr\u00e9ci\u00e9 la remise en question d&rsquo;Hulda sur son m\u00e9tier de sage-femme \u00e0 domicile<\/strong> lorsqu&rsquo;elle est confront\u00e9e \u00e0 la mort d&rsquo;un de ses nourrissons \u00e0 la naissance et \u00e0 un accouchement par le si\u00e8ge qui aurait pu finir tragiquement. Le d\u00e9ploiement des maternit\u00e9s est en plein essort et l&rsquo;on r\u00e9serve le mat\u00e9riel m\u00e9dical aux m\u00e9decins qui travaillent en clinique ou en h\u00f4pital.<strong> Hulda travaillera-t-elle en clinique ou pr\u00e9f\u00e9rera-t-elle la proximit\u00e9 avec ses patientes ?<\/strong> Un troisi\u00e8me tome devrait s\u00fbrement nous apporter la r\u00e9ponse !<\/p>\n\n\n<div class=\"wp-block-image\">\n<figure class=\"aligncenter size-large\"><img loading=\"lazy\" decoding=\"async\" width=\"1024\" height=\"1024\" src=\"https:\/\/serialectrice.com\/wp-content\/uploads\/2023\/09\/Sans-titre-Publication-Instagram-Carre-68-1024x1024.png\" alt=\"\" class=\"wp-image-4886\" srcset=\"https:\/\/serialectrice.com\/wp-content\/uploads\/2023\/09\/Sans-titre-Publication-Instagram-Carre-68-1024x1024.png 1024w, https:\/\/serialectrice.com\/wp-content\/uploads\/2023\/09\/Sans-titre-Publication-Instagram-Carre-68-300x300.png 300w, https:\/\/serialectrice.com\/wp-content\/uploads\/2023\/09\/Sans-titre-Publication-Instagram-Carre-68-150x150.png 150w, https:\/\/serialectrice.com\/wp-content\/uploads\/2023\/09\/Sans-titre-Publication-Instagram-Carre-68-768x768.png 768w, https:\/\/serialectrice.com\/wp-content\/uploads\/2023\/09\/Sans-titre-Publication-Instagram-Carre-68-100x100.png 100w, https:\/\/serialectrice.com\/wp-content\/uploads\/2023\/09\/Sans-titre-Publication-Instagram-Carre-68.png 1080w\" sizes=\"auto, (max-width: 1024px) 100vw, 1024px\" \/><\/figure>\n<\/div>\n\n\n<p class=\"has-text-align-center has-medium-font-size wp-block-paragraph\"><em>C&rsquo;est donc un deuxi\u00e8me tome que j&rsquo;ai pris plaisir \u00e0 lire m\u00eame si la relation entre Hulda et Karl m&rsquo;a quelque peu agac\u00e9e. Je lirai sans h\u00e9siter le troisi\u00e8me tome !<\/em><\/p>\n\n\n<div class=\"wp-block-jetpack-rating-star\" style=\"text-align:center\" itemprop=\"reviewRating\" itemscope itemtype=\"http:\/\/schema.org\/Rating\"><p><span aria-hidden=\"true\">\u2b50<\/span><span aria-hidden=\"true\">\u2b50<\/span><span aria-hidden=\"true\">\u2b50<\/span><span aria-hidden=\"true\">\u2b50<\/span><\/p><span style=\"display: none;\" itemprop=\"worstRating\" content=\"0.5\"><span>\n<svg xmlns=\"http:\/\/www.w3.org\/2000\/svg\" width=\"24\" height=\"24\" viewBox=\"0 0 24 24\">\n\t<path class=\"\" fill=\"currentColor\" stroke=\"currentColor\" d=\"M12,17.3l6.2,3.7l-1.6-7L22,9.2l-7.2-0.6L12,2L9.2,8.6L2,9.2L7.5,14l-1.6,7L12,17.3z\" \/>\n<\/svg>\n<\/span>\n<span>\n<svg xmlns=\"http:\/\/www.w3.org\/2000\/svg\" width=\"24\" height=\"24\" viewBox=\"0 0 24 24\">\n\t<path class=\"\" fill=\"currentColor\" stroke=\"currentColor\" d=\"M12,17.3l6.2,3.7l-1.6-7L22,9.2l-7.2-0.6L12,2L9.2,8.6L2,9.2L7.5,14l-1.6,7L12,17.3z\" \/>\n<\/svg>\n<\/span><\/span><span style=\"display: none;\" ><span>\n<svg xmlns=\"http:\/\/www.w3.org\/2000\/svg\" width=\"24\" height=\"24\" viewBox=\"0 0 24 24\">\n\t<path class=\"\" fill=\"currentColor\" stroke=\"currentColor\" d=\"M12,17.3l6.2,3.7l-1.6-7L22,9.2l-7.2-0.6L12,2L9.2,8.6L2,9.2L7.5,14l-1.6,7L12,17.3z\" \/>\n<\/svg>\n<\/span>\n<span>\n<svg xmlns=\"http:\/\/www.w3.org\/2000\/svg\" width=\"24\" height=\"24\" viewBox=\"0 0 24 24\">\n\t<path class=\"\" fill=\"currentColor\" stroke=\"currentColor\" d=\"M12,17.3l6.2,3.7l-1.6-7L22,9.2l-7.2-0.6L12,2L9.2,8.6L2,9.2L7.5,14l-1.6,7L12,17.3z\" \/>\n<\/svg>\n<\/span><\/span><span style=\"display: none;\" ><span>\n<svg xmlns=\"http:\/\/www.w3.org\/2000\/svg\" width=\"24\" height=\"24\" viewBox=\"0 0 24 24\">\n\t<path class=\"\" fill=\"currentColor\" stroke=\"currentColor\" d=\"M12,17.3l6.2,3.7l-1.6-7L22,9.2l-7.2-0.6L12,2L9.2,8.6L2,9.2L7.5,14l-1.6,7L12,17.3z\" \/>\n<\/svg>\n<\/span>\n<span>\n<svg xmlns=\"http:\/\/www.w3.org\/2000\/svg\" width=\"24\" height=\"24\" viewBox=\"0 0 24 24\">\n\t<path class=\"\" fill=\"currentColor\" stroke=\"currentColor\" d=\"M12,17.3l6.2,3.7l-1.6-7L22,9.2l-7.2-0.6L12,2L9.2,8.6L2,9.2L7.5,14l-1.6,7L12,17.3z\" \/>\n<\/svg>\n<\/span><\/span><span style=\"display: none;\" ><span>\n<svg xmlns=\"http:\/\/www.w3.org\/2000\/svg\" width=\"24\" height=\"24\" viewBox=\"0 0 24 24\">\n\t<path class=\"\" fill=\"currentColor\" stroke=\"currentColor\" d=\"M12,17.3l6.2,3.7l-1.6-7L22,9.2l-7.2-0.6L12,2L9.2,8.6L2,9.2L7.5,14l-1.6,7L12,17.3z\" \/>\n<\/svg>\n<\/span>\n<span>\n<svg xmlns=\"http:\/\/www.w3.org\/2000\/svg\" width=\"24\" height=\"24\" viewBox=\"0 0 24 24\">\n\t<path class=\"\" fill=\"currentColor\" stroke=\"currentColor\" d=\"M12,17.3l6.2,3.7l-1.6-7L22,9.2l-7.2-0.6L12,2L9.2,8.6L2,9.2L7.5,14l-1.6,7L12,17.3z\" \/>\n<\/svg>\n<\/span><\/span><span style=\"display: none;\" itemprop=\"bestRating\" content=\"5\"><span>\n<svg xmlns=\"http:\/\/www.w3.org\/2000\/svg\" width=\"24\" height=\"24\" viewBox=\"0 0 24 24\">\n\t<path class=\"is-rating-unfilled\" fill=\"currentColor\" stroke=\"currentColor\" d=\"M12,17.3l6.2,3.7l-1.6-7L22,9.2l-7.2-0.6L12,2L9.2,8.6L2,9.2L7.5,14l-1.6,7L12,17.3z\" \/>\n<\/svg>\n<\/span>\n<span>\n<svg xmlns=\"http:\/\/www.w3.org\/2000\/svg\" width=\"24\" height=\"24\" viewBox=\"0 0 24 24\">\n\t<path class=\"is-rating-unfilled\" fill=\"currentColor\" stroke=\"currentColor\" d=\"M12,17.3l6.2,3.7l-1.6-7L22,9.2l-7.2-0.6L12,2L9.2,8.6L2,9.2L7.5,14l-1.6,7L12,17.3z\" \/>\n<\/svg>\n<\/span><\/span><span itemprop=\"ratingValue\" class=\"screen-reader-text\" content=\"4\">Note\u00a0: 4\u00a0sur 5.<\/span><\/div>\n\n\n<p class=\"has-text-align-center has-small-font-size wp-block-paragraph\">Merci \u00e0 la maison d&rsquo;\u00e9dition Moissons Noires pour l&rsquo;envoi de ce Service de Presse.<\/p>\n\n\n\n<h2 class=\"wp-block-heading has-vivid-green-cyan-color has-text-color\">Mes challenges<\/h2>\n\n\n\n<p class=\"has-medium-font-size wp-block-paragraph\">Cette lecture m&rsquo;a permis de valider la cat\u00e9gorie du <a href=\"https:\/\/serialectrice.com\/index.php\/2023\/07\/26\/challenge-litteraire-_-aout-2023\/\">challenge mensuel<\/a>. <strong>Quatri\u00e8me avec un mot de la famille de Dispara\u00eetre.<\/strong><\/p>\n\n\n\n<p class=\"has-medium-font-size wp-block-paragraph\">Elle m&rsquo;a \u00e9galement permis de valider la derni\u00e8re cat\u00e9gorie du <a href=\"https:\/\/www.facebook.com\/groups\/707636122759664\">challenge annuel<\/a>.<\/p>\n","protected":false},"excerpt":{"rendered":"<p>Un b\u00e9b\u00e9 dispara\u00eet quelques jours apr\u00e8s sa naissance. Etrange.<\/p>\n","protected":false},"author":1,"featured_media":4885,"comment_status":"open","ping_status":"open","sticky":false,"template":"","format":"standard","meta":{"_crdt_document":"","om_disable_all_campaigns":false,"_uag_custom_page_level_css":"","_monsterinsights_skip_tracking":false,"_monsterinsights_sitenote_active":false,"_monsterinsights_sitenote_note":"","_monsterinsights_sitenote_category":0,"_uf_show_specific_survey":0,"_uf_disable_surveys":false,"_jetpack_memberships_contains_paid_content":false,"footnotes":"","jetpack_publicize_message":"Le disparu du quartier des granges d'Anne Stern. \n\nUn b\u00e9b\u00e9 dispara\u00eet quelques jours apr\u00e8s sa naissance. Etrange.","jetpack_publicize_feature_enabled":true,"jetpack_social_post_already_shared":true,"jetpack_social_options":{"image_generator_settings":{"template":"highway","default_image_id":0,"font":"","enabled":false},"version":2}},"categories":[6,14],"tags":[],"class_list":["post-4872","post","type-post","status-publish","format-standard","has-post-thumbnail","hentry","category-livres-lus","category-service-presse"],"aioseo_notices":[],"jetpack_publicize_connections":[],"jetpack_featured_media_url":"https:\/\/serialectrice.com\/wp-content\/uploads\/2023\/09\/Design-sans-titre-2023-09-02T175832.863.png","uagb_featured_image_src":{"full":["https:\/\/serialectrice.com\/wp-content\/uploads\/2023\/09\/Design-sans-titre-2023-09-02T175832.863.png",1788,1034,false],"thumbnail":["https:\/\/serialectrice.com\/wp-content\/uploads\/2023\/09\/Design-sans-titre-2023-09-02T175832.863-572x331.png",572,331,true],"medium":["https:\/\/serialectrice.com\/wp-content\/uploads\/2023\/09\/Design-sans-titre-2023-09-02T175832.863-300x173.png",300,173,true],"medium_large":["https:\/\/serialectrice.com\/wp-content\/uploads\/2023\/09\/Design-sans-titre-2023-09-02T175832.863-768x444.png",768,444,true],"large":["https:\/\/serialectrice.com\/wp-content\/uploads\/2023\/09\/Design-sans-titre-2023-09-02T175832.863-1024x592.png",840,486,true],"post-slider-thumb-size":["https:\/\/serialectrice.com\/wp-content\/uploads\/2023\/09\/Design-sans-titre-2023-09-02T175832.863.png",330,190,false],"post-category-slider-size":["https:\/\/serialectrice.com\/wp-content\/uploads\/2023\/09\/Design-sans-titre-2023-09-02T175832.863.png",330,191,false],"1536x1536":["https:\/\/serialectrice.com\/wp-content\/uploads\/2023\/09\/Design-sans-titre-2023-09-02T175832.863-1536x888.png",1536,888,true],"2048x2048":["https:\/\/serialectrice.com\/wp-content\/uploads\/2023\/09\/Design-sans-titre-2023-09-02T175832.863.png",1788,1034,false],"hello-fashion-slider":["https:\/\/serialectrice.com\/wp-content\/uploads\/2023\/09\/Design-sans-titre-2023-09-02T175832.863.png",480,278,false],"hello-fashion-blog-three":["https:\/\/serialectrice.com\/wp-content\/uploads\/2023\/09\/Design-sans-titre-2023-09-02T175832.863.png",420,243,false],"hello-fashion-blog-four":["https:\/\/serialectrice.com\/wp-content\/uploads\/2023\/09\/Design-sans-titre-2023-09-02T175832.863.png",573,331,false],"vilva-slider-one":["https:\/\/serialectrice.com\/wp-content\/uploads\/2023\/09\/Design-sans-titre-2023-09-02T175832.863.png",1038,600,false],"vilva-featured-four":["https:\/\/serialectrice.com\/wp-content\/uploads\/2023\/09\/Design-sans-titre-2023-09-02T175832.863.png",800,463,false],"vilva-blog":["https:\/\/serialectrice.com\/wp-content\/uploads\/2023\/09\/Design-sans-titre-2023-09-02T175832.863.png",420,243,false],"vilva-blog-one":["https:\/\/serialectrice.com\/wp-content\/uploads\/2023\/09\/Design-sans-titre-2023-09-02T175832.863.png",865,500,false],"vilva-sidebar":["https:\/\/serialectrice.com\/wp-content\/uploads\/2023\/09\/Design-sans-titre-2023-09-02T175832.863.png",818,473,false]},"uagb_author_info":{"display_name":"SeriaLectrice","author_link":"https:\/\/serialectrice.com\/index.php\/author\/cilounegmail-com\/"},"uagb_comment_info":1,"uagb_excerpt":"Un b\u00e9b\u00e9 dispara\u00eet quelques jours apr\u00e8s sa naissance. Etrange.","jetpack_sharing_enabled":true,"jetpack_likes_enabled":true,"_links":{"self":[{"href":"https:\/\/serialectrice.com\/index.php\/wp-json\/wp\/v2\/posts\/4872","targetHints":{"allow":["GET"]}}],"collection":[{"href":"https:\/\/serialectrice.com\/index.php\/wp-json\/wp\/v2\/posts"}],"about":[{"href":"https:\/\/serialectrice.com\/index.php\/wp-json\/wp\/v2\/types\/post"}],"author":[{"embeddable":true,"href":"https:\/\/serialectrice.com\/index.php\/wp-json\/wp\/v2\/users\/1"}],"replies":[{"embeddable":true,"href":"https:\/\/serialectrice.com\/index.php\/wp-json\/wp\/v2\/comments?post=4872"}],"version-history":[{"count":0,"href":"https:\/\/serialectrice.com\/index.php\/wp-json\/wp\/v2\/posts\/4872\/revisions"}],"wp:featuredmedia":[{"embeddable":true,"href":"https:\/\/serialectrice.com\/index.php\/wp-json\/wp\/v2\/media\/4885"}],"wp:attachment":[{"href":"https:\/\/serialectrice.com\/index.php\/wp-json\/wp\/v2\/media?parent=4872"}],"wp:term":[{"taxonomy":"category","embeddable":true,"href":"https:\/\/serialectrice.com\/index.php\/wp-json\/wp\/v2\/categories?post=4872"},{"taxonomy":"post_tag","embeddable":true,"href":"https:\/\/serialectrice.com\/index.php\/wp-json\/wp\/v2\/tags?post=4872"}],"curies":[{"name":"wp","href":"https:\/\/api.w.org\/{rel}","templated":true}]}}