{"id":4858,"date":"2023-09-20T18:00:00","date_gmt":"2023-09-20T16:00:00","guid":{"rendered":"https:\/\/serialectrice.com\/?p=4858"},"modified":"2023-09-13T11:18:45","modified_gmt":"2023-09-13T09:18:45","slug":"la-fille-a-la-robe-rayee","status":"publish","type":"post","link":"https:\/\/serialectrice.com\/index.php\/2023\/09\/20\/la-fille-a-la-robe-rayee\/","title":{"rendered":"La fille \u00e0 la robe ray\u00e9e"},"content":{"rendered":"\n<div class=\"wp-block-media-text alignwide is-stacked-on-mobile\"><figure class=\"wp-block-media-text__media\"><img loading=\"lazy\" decoding=\"async\" width=\"400\" height=\"601\" src=\"https:\/\/serialectrice.com\/wp-content\/uploads\/2023\/08\/La-fille-a-la-robe-rayee-jpg.webp\" alt=\"\" class=\"wp-image-4859 size-full\" srcset=\"https:\/\/serialectrice.com\/wp-content\/uploads\/2023\/08\/La-fille-a-la-robe-rayee-jpg.webp 400w, https:\/\/serialectrice.com\/wp-content\/uploads\/2023\/08\/La-fille-a-la-robe-rayee-jpg-200x300.webp 200w\" sizes=\"auto, (max-width: 400px) 100vw, 400px\" \/><\/figure><div class=\"wp-block-media-text__content\">\n<h2 class=\"wp-block-heading has-vivid-green-cyan-color has-text-color\">R\u00e9sum\u00e9<\/h2>\n\n\n\n<p class=\"wp-block-paragraph\" style=\"font-size:19px\">Allemagne, 1947. Les tribunaux de d\u00e9nazification ont commenc\u00e9 \u00e0 traiter les premiers proc\u00e8s. Un dossier particulier retient l\u2019attention du Dr Hoffman, un psychiatre am\u00e9ricain actuellement en poste en Allemagne. Un ancien gardien d\u2019Auschwitz, Franz Dahler, doit compara\u00eetre devant le tribunal, et a demand\u00e9 \u00e0 faire t\u00e9moigner un t\u00e9moin inattendu pour sa d\u00e9fense : l\u2019une de ses anciennes d\u00e9tenues et \u00e9pouse actuelle, Helena. Silencieuse, sur la retenue et apparemment d\u00e9pendante de chaque mot de son mari, Helena semble \u00eatre une victime classique d\u2019abus. Alors qu\u2019elle commence \u00e0 donner son t\u00e9moignage, le Dr Hoffman se retrouve de plus en plus confus devant l\u2019image qui \u00e9merge progressivement devant ses yeux : le criminel semble devenir le sauveur et l\u2019accusateur, un \u00ab chasseur \u00bb de nazis nomm\u00e9 Andrej Nov\u00e1k, le criminel.<\/p>\n<\/div><\/div>\n\n\n\n<h2 class=\"wp-block-heading has-vivid-green-cyan-color has-text-color\">Mon ressenti<\/h2>\n\n\n\n<p class=\"has-medium-font-size wp-block-paragraph\">Lors d&rsquo;un proc\u00e8s de d\u00e9nazification, un psychiatre essaie de comprendre <strong>comment Helena, prisonni\u00e8re a Auschwitz, a pu accepter d&rsquo;\u00e9pouser son bourreau, Franz<\/strong>. Nous plongeons alors dans le quotidien de cette femme lorsqu&rsquo;elle \u00e9tait emprisonn\u00e9e. Helena, juive, a \u00e9chapp\u00e9 de justesse \u00e0 la chambre \u00e0 gaz. Elle travaille au Kanada, o\u00f9 elle trie les affaires personnelles des malheureux qui n&rsquo;ont pu y \u00e9chapper. <strong>C&rsquo;est Franz qui l&rsquo;a sauv\u00e9e.<\/strong> Il se serait \u00e9pris d&rsquo;elle lorsqu&rsquo;il l&rsquo;a rencontr\u00e9e. Dans cet enfer, Helena et Franz se c\u00f4toient au quotidien.<\/p>\n\n\n\n<blockquote class=\"wp-block-quote is-layout-flow wp-block-quote-is-layout-flow\">\n<p class=\"wp-block-paragraph\">Si je suis tout \u00e0 fait honn\u00eate avec toi, j&rsquo;ai le sentiment qu&rsquo;apr\u00e8s avoir acquitt\u00e9 ou amnisti\u00e9 tellement de criminels, jeter en prison le seul qui a exprim\u00e9 des remords serait le comble de l&rsquo;hypocrisie. Il reste coupable \u00e0 mes yeux. N&rsquo;importe qui ayant port\u00e9 cet uniforme ou mis un pied dans les camps l&rsquo;est, qu&rsquo;importe qu&rsquo;ils aient tu\u00e9 ou non. Mais je suis convaincu qu&rsquo;il passera sa vie \u00e0 tenter de racheter ses p\u00each\u00e9s, ne serait-ce qu&rsquo;en restant aupr\u00e8s de sa femme jusqu&rsquo;\u00e0 la fin.<\/p>\n<\/blockquote>\n\n\n\n<p class=\"has-medium-font-size wp-block-paragraph\">L&rsquo;autrice aborde la vie \u00e0 Auschwitz de mani\u00e8re originale. <strong>Le lecteur plonge alors dans l&rsquo;histoire au travers d&rsquo;un proc\u00e8s de d\u00e9nazification<\/strong>. Les s\u00e9quences au tribunal, pr\u00e9sent\u00e9es avec le regard d&rsquo;un psychiatre, apportent une dimension rationnelle \u00e0 une histoire charg\u00e9e d&rsquo;\u00e9motions. <strong>Elles ancrent ainsi le r\u00e9cit dans une r\u00e9alit\u00e9 psychologique fascinante.<\/strong> Le roman offre donc une perspective unique et captivante sur cette p\u00e9riode sombre. Ellie Midwood a minutieusement \u00e9tudi\u00e9 les faits historiques. <strong>Le r\u00e9cit, bien que romanc\u00e9, s&rsquo;ancre solidement dans la r\u00e9alit\u00e9.<\/strong> L&rsquo;exemple d&rsquo;une victime \u00e9pousant un SS apr\u00e8s la lib\u00e9ration est bien r\u00e9el. Cela am\u00e8ne donc le lecteur \u00e0 s&rsquo;interroger sur la psychologie humaine. Le lien complexe entre les victimes et leurs bourreaux est explor\u00e9 avec audace. <strong>Que ce soit \u00e0 travers le syndrome de Stockholm ou un amour ambigu, le r\u00e9cit gagne alors en profondeur \u00e9motionnelle et intrigue le lecteur.<\/strong><\/p>\n\n\n\n<p class=\"has-medium-font-size wp-block-paragraph\">Malgr\u00e9 la pl\u00e9thore de livres sur le sujet, <strong>ce roman r\u00e9v\u00e8le des aspects peu connus <\/strong>comme la vie dans le Kanada, o\u00f9 les prisonniers triaient les effets personnels des victimes partant au gazage. C\u00f4toyant les SS au quotidien, ces derniers ne voulaient pas subir les mauvaises odeurs. Les prisonniers avaient alors droit \u00e0 quelques avantages : douche quotidienne, repas un peu plus fournis, et parfois m\u00eame un matelas.<\/p>\n\n\n\n<p class=\"has-medium-font-size wp-block-paragraph\"><strong>La fluidit\u00e9 de l&rsquo;\u00e9criture et le rythme entra\u00eenant<\/strong> permettent <strong>une lecture immersive<\/strong>, le lecteur est ainsi rapidement captiv\u00e9. L&rsquo;intrigue maintient un suspense intense tout au long du roman. L&rsquo;autrice adopte principalement le point de vue d&rsquo;Helena, la victime, tout en incorporant des passages du point de vue de Franz, le SS. <strong>M\u00eame si les passages concernant Franz sont peu nombreux en comparaison \u00e0 ceux d&rsquo;Helena, cela permet au lecteur de d\u00e9cider s&rsquo;il comprend ou non le choix d&rsquo;Helena.<\/strong> Mais le plus important, l&rsquo;autrice n&rsquo;essaie pas d&rsquo;influencer le lecteur. A aucun moment elle ne minimise les actes que Franz a pu commettre lors de son passage \u00e0 Auschwitz-Birkenau.<\/p>\n\n\n<div class=\"wp-block-image\">\n<figure class=\"aligncenter size-large\"><img loading=\"lazy\" decoding=\"async\" width=\"1024\" height=\"1024\" src=\"https:\/\/serialectrice.com\/wp-content\/uploads\/2023\/09\/Sans-titre-Publication-Instagram-Carre-76-1024x1024.png\" alt=\"\" class=\"wp-image-4932\" srcset=\"https:\/\/serialectrice.com\/wp-content\/uploads\/2023\/09\/Sans-titre-Publication-Instagram-Carre-76-1024x1024.png 1024w, https:\/\/serialectrice.com\/wp-content\/uploads\/2023\/09\/Sans-titre-Publication-Instagram-Carre-76-300x300.png 300w, https:\/\/serialectrice.com\/wp-content\/uploads\/2023\/09\/Sans-titre-Publication-Instagram-Carre-76-150x150.png 150w, https:\/\/serialectrice.com\/wp-content\/uploads\/2023\/09\/Sans-titre-Publication-Instagram-Carre-76-768x768.png 768w, https:\/\/serialectrice.com\/wp-content\/uploads\/2023\/09\/Sans-titre-Publication-Instagram-Carre-76-100x100.png 100w, https:\/\/serialectrice.com\/wp-content\/uploads\/2023\/09\/Sans-titre-Publication-Instagram-Carre-76.png 1080w\" sizes=\"auto, (max-width: 1024px) 100vw, 1024px\" \/><\/figure>\n<\/div>\n\n\n<p class=\"has-text-align-center has-medium-font-size wp-block-paragraph\"><em>J&rsquo;ai eu <strong>un vrai coup de coeur<\/strong> pour ce roman historique. Cette p\u00e9riode de l&rsquo;histoire m&rsquo;a toujours fascin\u00e9e et l&rsquo;aspect psychologique du roman m&rsquo;a vraiment plu.<\/em><\/p>\n\n\n<div class=\"wp-block-jetpack-rating-star\" style=\"text-align:center\" itemprop=\"reviewRating\" itemscope itemtype=\"http:\/\/schema.org\/Rating\"><p><span aria-hidden=\"true\">\u2b50<\/span><span aria-hidden=\"true\">\u2b50<\/span><span aria-hidden=\"true\">\u2b50<\/span><span aria-hidden=\"true\">\u2b50<\/span><span aria-hidden=\"true\">\u2b50<\/span><\/p><span style=\"display: none;\" itemprop=\"worstRating\" content=\"0.5\"><span>\n<svg xmlns=\"http:\/\/www.w3.org\/2000\/svg\" width=\"24\" height=\"24\" viewBox=\"0 0 24 24\">\n\t<path class=\"\" fill=\"currentColor\" stroke=\"currentColor\" d=\"M12,17.3l6.2,3.7l-1.6-7L22,9.2l-7.2-0.6L12,2L9.2,8.6L2,9.2L7.5,14l-1.6,7L12,17.3z\" \/>\n<\/svg>\n<\/span>\n<span>\n<svg xmlns=\"http:\/\/www.w3.org\/2000\/svg\" width=\"24\" height=\"24\" viewBox=\"0 0 24 24\">\n\t<path class=\"\" fill=\"currentColor\" stroke=\"currentColor\" d=\"M12,17.3l6.2,3.7l-1.6-7L22,9.2l-7.2-0.6L12,2L9.2,8.6L2,9.2L7.5,14l-1.6,7L12,17.3z\" \/>\n<\/svg>\n<\/span><\/span><span style=\"display: none;\" ><span>\n<svg xmlns=\"http:\/\/www.w3.org\/2000\/svg\" width=\"24\" height=\"24\" viewBox=\"0 0 24 24\">\n\t<path class=\"\" fill=\"currentColor\" stroke=\"currentColor\" d=\"M12,17.3l6.2,3.7l-1.6-7L22,9.2l-7.2-0.6L12,2L9.2,8.6L2,9.2L7.5,14l-1.6,7L12,17.3z\" \/>\n<\/svg>\n<\/span>\n<span>\n<svg xmlns=\"http:\/\/www.w3.org\/2000\/svg\" width=\"24\" height=\"24\" viewBox=\"0 0 24 24\">\n\t<path class=\"\" fill=\"currentColor\" stroke=\"currentColor\" d=\"M12,17.3l6.2,3.7l-1.6-7L22,9.2l-7.2-0.6L12,2L9.2,8.6L2,9.2L7.5,14l-1.6,7L12,17.3z\" \/>\n<\/svg>\n<\/span><\/span><span style=\"display: none;\" ><span>\n<svg xmlns=\"http:\/\/www.w3.org\/2000\/svg\" width=\"24\" height=\"24\" viewBox=\"0 0 24 24\">\n\t<path class=\"\" fill=\"currentColor\" stroke=\"currentColor\" d=\"M12,17.3l6.2,3.7l-1.6-7L22,9.2l-7.2-0.6L12,2L9.2,8.6L2,9.2L7.5,14l-1.6,7L12,17.3z\" \/>\n<\/svg>\n<\/span>\n<span>\n<svg xmlns=\"http:\/\/www.w3.org\/2000\/svg\" width=\"24\" height=\"24\" viewBox=\"0 0 24 24\">\n\t<path class=\"\" fill=\"currentColor\" stroke=\"currentColor\" d=\"M12,17.3l6.2,3.7l-1.6-7L22,9.2l-7.2-0.6L12,2L9.2,8.6L2,9.2L7.5,14l-1.6,7L12,17.3z\" \/>\n<\/svg>\n<\/span><\/span><span style=\"display: none;\" ><span>\n<svg xmlns=\"http:\/\/www.w3.org\/2000\/svg\" width=\"24\" height=\"24\" viewBox=\"0 0 24 24\">\n\t<path class=\"\" fill=\"currentColor\" stroke=\"currentColor\" d=\"M12,17.3l6.2,3.7l-1.6-7L22,9.2l-7.2-0.6L12,2L9.2,8.6L2,9.2L7.5,14l-1.6,7L12,17.3z\" \/>\n<\/svg>\n<\/span>\n<span>\n<svg xmlns=\"http:\/\/www.w3.org\/2000\/svg\" width=\"24\" height=\"24\" viewBox=\"0 0 24 24\">\n\t<path class=\"\" fill=\"currentColor\" stroke=\"currentColor\" d=\"M12,17.3l6.2,3.7l-1.6-7L22,9.2l-7.2-0.6L12,2L9.2,8.6L2,9.2L7.5,14l-1.6,7L12,17.3z\" \/>\n<\/svg>\n<\/span><\/span><span style=\"display: none;\" itemprop=\"bestRating\" content=\"5\"><span>\n<svg xmlns=\"http:\/\/www.w3.org\/2000\/svg\" width=\"24\" height=\"24\" viewBox=\"0 0 24 24\">\n\t<path class=\"\" fill=\"currentColor\" stroke=\"currentColor\" d=\"M12,17.3l6.2,3.7l-1.6-7L22,9.2l-7.2-0.6L12,2L9.2,8.6L2,9.2L7.5,14l-1.6,7L12,17.3z\" \/>\n<\/svg>\n<\/span>\n<span>\n<svg xmlns=\"http:\/\/www.w3.org\/2000\/svg\" width=\"24\" height=\"24\" viewBox=\"0 0 24 24\">\n\t<path class=\"\" fill=\"currentColor\" stroke=\"currentColor\" d=\"M12,17.3l6.2,3.7l-1.6-7L22,9.2l-7.2-0.6L12,2L9.2,8.6L2,9.2L7.5,14l-1.6,7L12,17.3z\" \/>\n<\/svg>\n<\/span><\/span><span itemprop=\"ratingValue\" class=\"screen-reader-text\" content=\"5\">Note\u00a0: 5\u00a0sur 5.<\/span><\/div>\n\n\n<p class=\"has-text-align-center has-small-font-size wp-block-paragraph\">Collaboration Commerciale NON r\u00e9mun\u00e9r\u00e9e<\/p>\n\n\n\n<h2 class=\"wp-block-heading has-vivid-green-cyan-color has-text-color\">Mes challenges<\/h2>\n\n\n\n<p class=\"has-medium-font-size wp-block-paragraph\">Cette lecture m&rsquo;a permis de valider la cat\u00e9gorie du <a href=\"https:\/\/serialectrice.com\/index.php\/2023\/07\/26\/challenge-litteraire-_-aout-2023\/\">challenge mensuel.<\/a> <strong>Roman dans lequel on retrouve des soeurs<\/strong><br>Elle m&rsquo;a \u00e9galement permis de valider la cat\u00e9gorie du challenge annuel <a href=\"https:\/\/www.facebook.com\/groups\/588204369834342\">Vivre Livres<\/a>. <strong>Quatri\u00e8me de couverture qui comporte un lieu. <\/strong><\/p>\n","protected":false},"excerpt":{"rendered":"<p>Comment Helena, prisonni\u00e8re a Auschwitz, a pu accepter d&rsquo;\u00e9pouser son bourreau, Franz. <\/p>\n","protected":false},"author":1,"featured_media":4859,"comment_status":"open","ping_status":"open","sticky":false,"template":"","format":"standard","meta":{"_crdt_document":"","om_disable_all_campaigns":false,"_uag_custom_page_level_css":"","_monsterinsights_skip_tracking":false,"_monsterinsights_sitenote_active":false,"_monsterinsights_sitenote_note":"","_monsterinsights_sitenote_category":0,"_uf_show_specific_survey":0,"_uf_disable_surveys":false,"_jetpack_memberships_contains_paid_content":false,"footnotes":"","jetpack_publicize_message":"","jetpack_publicize_feature_enabled":true,"jetpack_social_post_already_shared":true,"jetpack_social_options":{"image_generator_settings":{"template":"highway","default_image_id":0,"font":"","enabled":false},"version":2}},"categories":[6,14],"tags":[577,446,575],"class_list":["post-4858","post","type-post","status-publish","format-standard","has-post-thumbnail","hentry","category-livres-lus","category-service-presse","tag-auschwitz","tag-deuxiemeguerremondiale-2","tag-ellie-midwood"],"aioseo_notices":[],"jetpack_publicize_connections":[],"jetpack_featured_media_url":"https:\/\/serialectrice.com\/wp-content\/uploads\/2023\/08\/La-fille-a-la-robe-rayee-jpg.webp","uagb_featured_image_src":{"full":["https:\/\/serialectrice.com\/wp-content\/uploads\/2023\/08\/La-fille-a-la-robe-rayee-jpg.webp",400,601,false],"thumbnail":["https:\/\/serialectrice.com\/wp-content\/uploads\/2023\/08\/La-fille-a-la-robe-rayee-jpg-400x331.webp",400,331,true],"medium":["https:\/\/serialectrice.com\/wp-content\/uploads\/2023\/08\/La-fille-a-la-robe-rayee-jpg-200x300.webp",200,300,true],"medium_large":["https:\/\/serialectrice.com\/wp-content\/uploads\/2023\/08\/La-fille-a-la-robe-rayee-jpg.webp",400,601,false],"large":["https:\/\/serialectrice.com\/wp-content\/uploads\/2023\/08\/La-fille-a-la-robe-rayee-jpg.webp",400,601,false],"post-slider-thumb-size":["https:\/\/serialectrice.com\/wp-content\/uploads\/2023\/08\/La-fille-a-la-robe-rayee-jpg.webp",126,190,false],"post-category-slider-size":["https:\/\/serialectrice.com\/wp-content\/uploads\/2023\/08\/La-fille-a-la-robe-rayee-jpg.webp",233,350,false],"1536x1536":["https:\/\/serialectrice.com\/wp-content\/uploads\/2023\/08\/La-fille-a-la-robe-rayee-jpg.webp",400,601,false],"2048x2048":["https:\/\/serialectrice.com\/wp-content\/uploads\/2023\/08\/La-fille-a-la-robe-rayee-jpg.webp",400,601,false],"hello-fashion-slider":["https:\/\/serialectrice.com\/wp-content\/uploads\/2023\/08\/La-fille-a-la-robe-rayee-jpg.webp",399,600,false],"hello-fashion-blog-three":["https:\/\/serialectrice.com\/wp-content\/uploads\/2023\/08\/La-fille-a-la-robe-rayee-jpg.webp",334,502,false],"hello-fashion-blog-four":["https:\/\/serialectrice.com\/wp-content\/uploads\/2023\/08\/La-fille-a-la-robe-rayee-jpg.webp",400,601,false],"vilva-slider-one":["https:\/\/serialectrice.com\/wp-content\/uploads\/2023\/08\/La-fille-a-la-robe-rayee-jpg.webp",399,600,false],"vilva-featured-four":["https:\/\/serialectrice.com\/wp-content\/uploads\/2023\/08\/La-fille-a-la-robe-rayee-jpg.webp",353,530,false],"vilva-blog":["https:\/\/serialectrice.com\/wp-content\/uploads\/2023\/08\/La-fille-a-la-robe-rayee-jpg.webp",186,280,false],"vilva-blog-one":["https:\/\/serialectrice.com\/wp-content\/uploads\/2023\/08\/La-fille-a-la-robe-rayee-jpg.webp",333,500,false],"vilva-sidebar":["https:\/\/serialectrice.com\/wp-content\/uploads\/2023\/08\/La-fille-a-la-robe-rayee-jpg.webp",315,473,false]},"uagb_author_info":{"display_name":"SeriaLectrice","author_link":"https:\/\/serialectrice.com\/index.php\/author\/cilounegmail-com\/"},"uagb_comment_info":1,"uagb_excerpt":"Comment Helena, prisonni\u00e8re a Auschwitz, a pu accepter d'\u00e9pouser son bourreau, Franz.","jetpack_sharing_enabled":true,"jetpack_likes_enabled":true,"_links":{"self":[{"href":"https:\/\/serialectrice.com\/index.php\/wp-json\/wp\/v2\/posts\/4858","targetHints":{"allow":["GET"]}}],"collection":[{"href":"https:\/\/serialectrice.com\/index.php\/wp-json\/wp\/v2\/posts"}],"about":[{"href":"https:\/\/serialectrice.com\/index.php\/wp-json\/wp\/v2\/types\/post"}],"author":[{"embeddable":true,"href":"https:\/\/serialectrice.com\/index.php\/wp-json\/wp\/v2\/users\/1"}],"replies":[{"embeddable":true,"href":"https:\/\/serialectrice.com\/index.php\/wp-json\/wp\/v2\/comments?post=4858"}],"version-history":[{"count":0,"href":"https:\/\/serialectrice.com\/index.php\/wp-json\/wp\/v2\/posts\/4858\/revisions"}],"wp:featuredmedia":[{"embeddable":true,"href":"https:\/\/serialectrice.com\/index.php\/wp-json\/wp\/v2\/media\/4859"}],"wp:attachment":[{"href":"https:\/\/serialectrice.com\/index.php\/wp-json\/wp\/v2\/media?parent=4858"}],"wp:term":[{"taxonomy":"category","embeddable":true,"href":"https:\/\/serialectrice.com\/index.php\/wp-json\/wp\/v2\/categories?post=4858"},{"taxonomy":"post_tag","embeddable":true,"href":"https:\/\/serialectrice.com\/index.php\/wp-json\/wp\/v2\/tags?post=4858"}],"curies":[{"name":"wp","href":"https:\/\/api.w.org\/{rel}","templated":true}]}}