{"id":4845,"date":"2023-08-28T18:00:00","date_gmt":"2023-08-28T16:00:00","guid":{"rendered":"https:\/\/serialectrice.com\/?p=4845"},"modified":"2023-08-26T22:46:24","modified_gmt":"2023-08-26T20:46:24","slug":"challenge-litteraire-septembre-2023","status":"publish","type":"post","link":"https:\/\/serialectrice.com\/index.php\/2023\/08\/28\/challenge-litteraire-septembre-2023\/","title":{"rendered":"Challenge Litt\u00e9raire _ Septembre 2023"},"content":{"rendered":"\n<p class=\"has-medium-font-size wp-block-paragraph\">Et voil\u00e0, le mois d&rsquo;ao\u00fbt tire sa r\u00e9v\u00e9rence et <strong>laisse place au mois de septembre<\/strong>, qui annonce doucement l&rsquo;arriv\u00e9e de l&rsquo;automne. Durant le <a href=\"https:\/\/serialectrice.com\/index.php\/2023\/07\/26\/challenge-litteraire-_-aout-2023\/\">mois d&rsquo;ao\u00fbt<\/a>, j&rsquo;ai r\u00e9ussi \u00e0 valider <strong>6 cat\u00e9gories<\/strong>. Et vous, quel est votre bilan ? Et sans plus attendre, voici le <strong>Challenge Litt\u00e9raire de Septembre<\/strong> 2023 !<br><\/p>\n\n\n\n<p class=\"has-medium-font-size wp-block-paragraph\"><strong>Rappel des quelques r\u00e8gles :<\/strong><\/p>\n\n\n\n<ul class=\"wp-block-list\">\n<li class=\"has-medium-font-size\">Vous avez du <strong>1er au 30 septembre<\/strong><\/li>\n\n\n\n<li class=\"has-medium-font-size\">Un livre peut valider jusqu\u2019\u00e0 <strong>2 cat\u00e9gories<\/strong><\/li>\n\n\n\n<li class=\"has-medium-font-size\">BDs et mangas sont accept\u00e9s<\/li>\n\n\n\n<li class=\"has-medium-font-size\">On se fait <strong>plaisir<\/strong> avant tout !<\/li>\n<\/ul>\n\n\n\n<p class=\"has-medium-font-size wp-block-paragraph\">Pour partager avec nous, utilisez le&nbsp;<strong>#serialectricechallenge<\/strong>&nbsp;(un seul L entre serial et lectrice) dans vos publications et stories.<\/p>\n\n\n\n<p class=\"has-medium-font-size wp-block-paragraph\">Je vais \u00e9galement publier le challenge litt\u00e9raire sur<a href=\"https:\/\/booknode.com\/challenges\/challenge\/\">\u00a0booknode<\/a>\u00a0et mon compte\u00a0<a href=\"https:\/\/www.instagram.com\/serialectrice_\/\">instagram<\/a>.<\/p>\n\n\n\n<h2 class=\"wp-block-heading\">1. Auteur dont le NOM est compos\u00e9 de 9 lettres<\/h2>\n\n\n\n<div class=\"wp-block-media-text alignwide is-stacked-on-mobile\" style=\"grid-template-columns:15% auto\"><figure class=\"wp-block-media-text__media\"><img loading=\"lazy\" decoding=\"async\" width=\"626\" height=\"1024\" src=\"https:\/\/serialectrice.com\/wp-content\/uploads\/2023\/08\/pantelleria-626x1024.webp\" alt=\"\" class=\"wp-image-4846 size-full\" srcset=\"https:\/\/serialectrice.com\/wp-content\/uploads\/2023\/08\/pantelleria-626x1024.webp 626w, https:\/\/serialectrice.com\/wp-content\/uploads\/2023\/08\/pantelleria-183x300.webp 183w, https:\/\/serialectrice.com\/wp-content\/uploads\/2023\/08\/pantelleria-92x150.webp 92w, https:\/\/serialectrice.com\/wp-content\/uploads\/2023\/08\/pantelleria-768x1257.webp 768w, https:\/\/serialectrice.com\/wp-content\/uploads\/2023\/08\/pantelleria-938x1536.webp 938w, https:\/\/serialectrice.com\/wp-content\/uploads\/2023\/08\/pantelleria-jpg.webp 1200w\" sizes=\"auto, (max-width: 626px) 100vw, 626px\" \/><\/figure><div class=\"wp-block-media-text__content\">\n<p class=\"has-medium-font-size wp-block-paragraph\">Neuf lettres, neuvi\u00e8me mois de l&rsquo;ann\u00e9e. Septembre est sous le signe du 9 ! <strong>Nous cherchons et lirons un roman dont le NOM de l&rsquo;auteur est compos\u00e9 de 9 lettres<\/strong>. Je vais essayer de lire <strong>Pantelleria<\/strong> que j&rsquo;ai gracieusement re\u00e7u de la part de la maison d&rsquo;\u00e9dition.<\/p>\n<\/div><\/div>\n\n\n\n<h2 class=\"wp-block-heading\">2. Auteur dont les noms et pr\u00e9noms contiennent 3 fois la lettre E<\/h2>\n\n\n\n<div class=\"wp-block-media-text alignwide is-stacked-on-mobile\" style=\"grid-template-columns:15% auto\"><figure class=\"wp-block-media-text__media\"><img loading=\"lazy\" decoding=\"async\" width=\"370\" height=\"540\" src=\"https:\/\/serialectrice.com\/wp-content\/uploads\/2023\/08\/9782812620744-jpg.webp\" alt=\"\" class=\"wp-image-4855 size-full\" srcset=\"https:\/\/serialectrice.com\/wp-content\/uploads\/2023\/08\/9782812620744-jpg.webp 370w, https:\/\/serialectrice.com\/wp-content\/uploads\/2023\/08\/9782812620744-206x300.webp 206w, https:\/\/serialectrice.com\/wp-content\/uploads\/2023\/08\/9782812620744-103x150.webp 103w\" sizes=\"auto, (max-width: 370px) 100vw, 370px\" \/><\/figure><div class=\"wp-block-media-text__content\">\n<p class=\"has-medium-font-size wp-block-paragraph\">Le mois de sEptEmbrE contient 3 fois la lettre E. <strong>C&rsquo;est pour cette raison que nous lirons un auteur dont les noms et pr\u00e9noms contiennent 3 fois la lettre E<\/strong>. Pas 4, pas 5, mais seulement 3 fois, ni plus, ni moins. Je lirai <strong>Loin-Confins<\/strong> de Marie-Sabine Roger, que je dois lire dans le cadre du jury Bab&rsquo;elles organis\u00e9 par la librairie <a href=\"https:\/\/desgensquilisent.fr\/fr\/index.php\">Des gens qui lisent.<\/a><\/p>\n<\/div><\/div>\n\n\n\n<h2 class=\"wp-block-heading\">3. Titre dont 1 des mots commence par la lettre S<\/h2>\n\n\n\n<div class=\"wp-block-media-text alignwide is-stacked-on-mobile\" style=\"grid-template-columns:15% auto\"><figure class=\"wp-block-media-text__media\"><img loading=\"lazy\" decoding=\"async\" width=\"468\" height=\"749\" src=\"https:\/\/serialectrice.com\/wp-content\/uploads\/2023\/08\/9782330165369-jpg.webp\" alt=\"\" class=\"wp-image-4848 size-full\" srcset=\"https:\/\/serialectrice.com\/wp-content\/uploads\/2023\/08\/9782330165369-jpg.webp 468w, https:\/\/serialectrice.com\/wp-content\/uploads\/2023\/08\/9782330165369-187x300.webp 187w, https:\/\/serialectrice.com\/wp-content\/uploads\/2023\/08\/9782330165369-94x150.webp 94w\" sizes=\"auto, (max-width: 468px) 100vw, 468px\" \/><\/figure><div class=\"wp-block-media-text__content\">\n<p class=\"has-medium-font-size wp-block-paragraph\">On se concentre toujours sur la composition du mot Septembre et chercherons <strong>un roman dont 1 des mots du titre commence par la lettre S. <\/strong>Je lirai <strong>Une rose seule<\/strong> de Muriel Barbery que j&rsquo;ai eu la chance de croiser lors d&rsquo;une rencontre litt\u00e9raire. Toujours dans le cadre du jury Bab&rsquo;elles.<\/p>\n<\/div><\/div>\n\n\n\n<h2 class=\"wp-block-heading\">4. Titre dont 1 des mots est compos\u00e9 de 9 lettres<\/h2>\n\n\n\n<div class=\"wp-block-media-text alignwide is-stacked-on-mobile\" style=\"grid-template-columns:15% auto\"><figure class=\"wp-block-media-text__media\"><img loading=\"lazy\" decoding=\"async\" width=\"400\" height=\"640\" src=\"https:\/\/serialectrice.com\/wp-content\/uploads\/2023\/08\/La-Conversation-amoureuse-jpg.webp\" alt=\"\" class=\"wp-image-4847 size-full\" srcset=\"https:\/\/serialectrice.com\/wp-content\/uploads\/2023\/08\/La-Conversation-amoureuse-jpg.webp 400w, https:\/\/serialectrice.com\/wp-content\/uploads\/2023\/08\/La-Conversation-amoureuse-188x300.webp 188w, https:\/\/serialectrice.com\/wp-content\/uploads\/2023\/08\/La-Conversation-amoureuse-94x150.webp 94w\" sizes=\"auto, (max-width: 400px) 100vw, 400px\" \/><\/figure><div class=\"wp-block-media-text__content\">\n<p class=\"has-medium-font-size wp-block-paragraph\">Les raisons de cette cat\u00e9gories sont les m\u00eames que la premi\u00e8re. Je lirai <strong>La conversation amoureuse<\/strong> d&rsquo;Alice Ferney, que je dois \u00e9galement lire dans le cadre du jury Bab&rsquo;elles.<\/p>\n<\/div><\/div>\n\n\n\n<h2 class=\"wp-block-heading\">5. Couverture sur laquelle on retrouve au moins 2 couleurs d&rsquo;automne<\/h2>\n\n\n\n<div class=\"wp-block-media-text alignwide is-stacked-on-mobile\" style=\"grid-template-columns:15% auto\"><figure class=\"wp-block-media-text__media\"><img loading=\"lazy\" decoding=\"async\" width=\"468\" height=\"749\" src=\"https:\/\/serialectrice.com\/wp-content\/uploads\/2023\/08\/ce-qui-reste-des-hommes-jpg.webp\" alt=\"\" class=\"wp-image-4849 size-full\" srcset=\"https:\/\/serialectrice.com\/wp-content\/uploads\/2023\/08\/ce-qui-reste-des-hommes-jpg.webp 468w, https:\/\/serialectrice.com\/wp-content\/uploads\/2023\/08\/ce-qui-reste-des-hommes-187x300.webp 187w, https:\/\/serialectrice.com\/wp-content\/uploads\/2023\/08\/ce-qui-reste-des-hommes-94x150.webp 94w\" sizes=\"auto, (max-width: 468px) 100vw, 468px\" \/><\/figure><div class=\"wp-block-media-text__content\">\n<p class=\"has-medium-font-size wp-block-paragraph\">Qui dit Septembre dit \u00e9galement d\u00e9but de l&rsquo;automne. Et qui dit automne dit changement de couleur. <strong>Les couleurs de l&rsquo;automne on les conna\u00eet bien, et on cherchera<\/strong> <strong>une couverture sur laquelle on en retrouve au moins 2. <\/strong>Je lirai <strong>Ce qui reste des hommes<\/strong> que je n&rsquo;ai pas pu lire en ao\u00fbt, pour le jury Bab&rsquo;elles.<\/p>\n<\/div><\/div>\n\n\n\n<h2 class=\"wp-block-heading\">6. Couverture avec personne qui dort<\/h2>\n\n\n\n<div class=\"wp-block-media-text alignwide is-stacked-on-mobile\" style=\"grid-template-columns:15% auto\"><figure class=\"wp-block-media-text__media\"><img loading=\"lazy\" decoding=\"async\" width=\"468\" height=\"749\" src=\"https:\/\/serialectrice.com\/wp-content\/uploads\/2023\/08\/ce-qui-reste-des-hommes-1-jpg.webp\" alt=\"\" class=\"wp-image-4850 size-full\" srcset=\"https:\/\/serialectrice.com\/wp-content\/uploads\/2023\/08\/ce-qui-reste-des-hommes-1-jpg.webp 468w, https:\/\/serialectrice.com\/wp-content\/uploads\/2023\/08\/ce-qui-reste-des-hommes-1-187x300.webp 187w, https:\/\/serialectrice.com\/wp-content\/uploads\/2023\/08\/ce-qui-reste-des-hommes-1-94x150.webp 94w\" sizes=\"auto, (max-width: 468px) 100vw, 468px\" \/><\/figure><div class=\"wp-block-media-text__content\">\n<p class=\"has-medium-font-size wp-block-paragraph\">Le 25 septembre aura lieu la<strong> Journ\u00e9e du R\u00eave<\/strong>. C&rsquo;est l&rsquo;occasion r\u00eav\u00e9e (c&rsquo;est le cas de le dire) pour chercher <strong>une couverture sur laquelle on voir une personne dormir. <\/strong>Cette personne doit soit \u00eatre allong\u00e9e soit avoir les yeux ferm\u00e9s. <strong>Ce qui reste des hommes <\/strong>devrait me permettre de valider cette deuxi\u00e8me cat\u00e9gorie.<\/p>\n<\/div><\/div>\n\n\n\n<h2 class=\"wp-block-heading\">7. Quatri\u00e8me dans laquelle on retrouve le nom d&rsquo;un v\u00e9hicule de transport<\/h2>\n\n\n\n<div class=\"wp-block-media-text alignwide is-stacked-on-mobile\" style=\"grid-template-columns:15% auto\"><figure class=\"wp-block-media-text__media\"><img loading=\"lazy\" decoding=\"async\" width=\"468\" height=\"749\" src=\"https:\/\/serialectrice.com\/wp-content\/uploads\/2023\/08\/larrachee-belle-jpg.webp\" alt=\"\" class=\"wp-image-4851 size-full\" srcset=\"https:\/\/serialectrice.com\/wp-content\/uploads\/2023\/08\/larrachee-belle-jpg.webp 468w, https:\/\/serialectrice.com\/wp-content\/uploads\/2023\/08\/larrachee-belle-187x300.webp 187w, https:\/\/serialectrice.com\/wp-content\/uploads\/2023\/08\/larrachee-belle-94x150.webp 94w\" sizes=\"auto, (max-width: 468px) 100vw, 468px\" \/><\/figure><div class=\"wp-block-media-text__content\">\n<p class=\"has-medium-font-size wp-block-paragraph\">Le 16 septembre a lieu la <strong>Journ\u00e9e des Transports Publics<\/strong>. C&rsquo;est la raison pour laquelle on lira un livre dans lequel <strong>on retrouve le nom d&rsquo;un v\u00e9hicule de transport sur la quatri\u00e8me. <\/strong>Vous pouvez corser les choses en vous interdisant le mot Voiture \u00e9tant donn\u00e9 que le <strong>22 septembre a lieu la Journ\u00e9e sans voiture.<\/strong> Je lirai encore un roman pour le Prix Bab&rsquo;elles : <strong>L&rsquo;arrach\u00e9e Belle<\/strong> de Lou Darsan.<\/p>\n<\/div><\/div>\n\n\n\n<h2 class=\"wp-block-heading\">8. Quatri\u00e8me avec un mot de la famille de JOURNAL<\/h2>\n\n\n\n<div class=\"wp-block-media-text alignwide is-stacked-on-mobile\" style=\"grid-template-columns:15% auto\"><figure class=\"wp-block-media-text__media\"><img loading=\"lazy\" decoding=\"async\" width=\"641\" height=\"771\" src=\"https:\/\/serialectrice.com\/wp-content\/uploads\/2023\/08\/79da04_7fd52ad6ced143c183591bb567cb5f37mv2-jpg.webp\" alt=\"\" class=\"wp-image-4852 size-full\" srcset=\"https:\/\/serialectrice.com\/wp-content\/uploads\/2023\/08\/79da04_7fd52ad6ced143c183591bb567cb5f37mv2-jpg.webp 641w, https:\/\/serialectrice.com\/wp-content\/uploads\/2023\/08\/79da04_7fd52ad6ced143c183591bb567cb5f37mv2-249x300.webp 249w, https:\/\/serialectrice.com\/wp-content\/uploads\/2023\/08\/79da04_7fd52ad6ced143c183591bb567cb5f37mv2-125x150.webp 125w, https:\/\/serialectrice.com\/wp-content\/uploads\/2023\/08\/79da04_7fd52ad6ced143c183591bb567cb5f37mv2-180x217.webp 180w, https:\/\/serialectrice.com\/wp-content\/uploads\/2023\/08\/79da04_7fd52ad6ced143c183591bb567cb5f37mv2-267x322.webp 267w\" sizes=\"auto, (max-width: 641px) 100vw, 641px\" \/><\/figure><div class=\"wp-block-media-text__content\">\n<p class=\"has-medium-font-size wp-block-paragraph\">Le 22 septembre c&rsquo;est \u00e9galement <strong>la Journ\u00e9e du Journal Intime<\/strong>. Nous chercherons donc <strong>un mot de la famille de JOURNAL sur la quatri\u00e8me de couverture.<\/strong> Ca peut donc \u00eatre Journaliste, Journalisme, journaux, journalier &#8230; J&rsquo;aimerais bien lire <strong>Le jour de l&rsquo;ombre<\/strong> qui m&rsquo;a \u00e9t\u00e9 offert par les Editions <a href=\"https:\/\/www.editionslatrace.com\/\">La Trace<\/a>.<\/p>\n<\/div><\/div>\n\n\n\n<h2 class=\"wp-block-heading\">9. Livre dans lequel on retrouve un passage dans un lieu culturel<\/h2>\n\n\n\n<div class=\"wp-block-media-text alignwide is-stacked-on-mobile\" style=\"grid-template-columns:15% auto\"><figure class=\"wp-block-media-text__media\"><img loading=\"lazy\" decoding=\"async\" width=\"445\" height=\"645\" src=\"https:\/\/serialectrice.com\/wp-content\/uploads\/2023\/08\/le-portrait-dhumphrey-back-jpg.webp\" alt=\"\" class=\"wp-image-4853 size-full\" srcset=\"https:\/\/serialectrice.com\/wp-content\/uploads\/2023\/08\/le-portrait-dhumphrey-back-jpg.webp 445w, https:\/\/serialectrice.com\/wp-content\/uploads\/2023\/08\/le-portrait-dhumphrey-back-207x300.webp 207w, https:\/\/serialectrice.com\/wp-content\/uploads\/2023\/08\/le-portrait-dhumphrey-back-103x150.webp 103w\" sizes=\"auto, (max-width: 445px) 100vw, 445px\" \/><\/figure><div class=\"wp-block-media-text__content\">\n<p class=\"has-medium-font-size wp-block-paragraph\">Les 16 et 17 septembre auront lieu <strong>les Journ\u00e9es du Patrimoine<\/strong>. C&rsquo;est l&rsquo;occasion parfaite pour chercher et <strong>lire un livre dans lequel on retrouve un passage qui se situe dans un lieu culturel<\/strong> (mus\u00e9e, cin\u00e9ma, th\u00e9\u00e2tre &#8230;). J&rsquo;aimerais beaucoup lire <strong>Le portrait d&rsquo;Humphrey Back<\/strong> qui m&rsquo;a \u00e9galement \u00e9t\u00e9 offert par les Editions La Trace.<\/p>\n<\/div><\/div>\n\n\n\n<h2 class=\"wp-block-heading\">10. Roman dans lequel  un personnage est sourd et\/ou muet<\/h2>\n\n\n\n<div class=\"wp-block-media-text alignwide is-stacked-on-mobile\" style=\"grid-template-columns:15% auto\"><figure class=\"wp-block-media-text__media\"><img loading=\"lazy\" decoding=\"async\" width=\"264\" height=\"432\" src=\"https:\/\/serialectrice.com\/wp-content\/uploads\/2023\/08\/les_sombres_affaires_de_rosita_marcadet_tome_1_celui_qui_se_brule_les_fesses_doit_sasseoir_sur_les_ampoules-5132277-264-432-jpg.webp\" alt=\"\" class=\"wp-image-4854 size-full\" srcset=\"https:\/\/serialectrice.com\/wp-content\/uploads\/2023\/08\/les_sombres_affaires_de_rosita_marcadet_tome_1_celui_qui_se_brule_les_fesses_doit_sasseoir_sur_les_ampoules-5132277-264-432-jpg.webp 264w, https:\/\/serialectrice.com\/wp-content\/uploads\/2023\/08\/les_sombres_affaires_de_rosita_marcadet_tome_1_celui_qui_se_brule_les_fesses_doit_sasseoir_sur_les_ampoules-5132277-264-432-183x300.webp 183w, https:\/\/serialectrice.com\/wp-content\/uploads\/2023\/08\/les_sombres_affaires_de_rosita_marcadet_tome_1_celui_qui_se_brule_les_fesses_doit_sasseoir_sur_les_ampoules-5132277-264-432-92x150.webp 92w\" sizes=\"auto, (max-width: 264px) 100vw, 264px\" \/><\/figure><div class=\"wp-block-media-text__content\">\n<p class=\"has-medium-font-size wp-block-paragraph\">Enfin, le 30 septembre a lieu <strong>la Journ\u00e9e des Sourds. <\/strong>Trouvons et lisons un roman dans lequel <strong>un des personnages (principaux ou secondaires) est sourd et\/ou muet.<\/strong> Je voudrais lire <strong>Les sombres affaires de Rosta Marcadet <\/strong>\u00e0 cette occasion. Ce roman m&rsquo;a \u00e9t\u00e9 offert par les \u00e9ditions <a href=\"http:\/\/www.gesteditions.com\/moissons-noires\/\">Moissons Noires.<\/a><\/p>\n<\/div><\/div>\n\n\n\n<h2 class=\"wp-block-heading has-text-align-center\"><em>Alors, savez-vous d\u00e9j\u00e0 quels livres vous allez lire pour ce Challenge Litt\u00e9raire ?<\/em><\/h2>\n","protected":false},"excerpt":{"rendered":"<p>Retrouvez les 10 cat\u00e9gories et quelques id\u00e9es de lecture pour l&rsquo;occasion.<\/p>\n","protected":false},"author":1,"featured_media":4856,"comment_status":"open","ping_status":"open","sticky":false,"template":"","format":"standard","meta":{"_crdt_document":"","om_disable_all_campaigns":false,"_uag_custom_page_level_css":"","_monsterinsights_skip_tracking":false,"_monsterinsights_sitenote_active":false,"_monsterinsights_sitenote_note":"","_monsterinsights_sitenote_category":0,"_uf_show_specific_survey":0,"_uf_disable_surveys":false,"_jetpack_memberships_contains_paid_content":false,"footnotes":"","jetpack_publicize_message":"","jetpack_publicize_feature_enabled":true,"jetpack_social_post_already_shared":true,"jetpack_social_options":{"image_generator_settings":{"template":"highway","default_image_id":0,"font":"","enabled":false},"version":2}},"categories":[6],"tags":[],"class_list":["post-4845","post","type-post","status-publish","format-standard","has-post-thumbnail","hentry","category-livres-lus"],"aioseo_notices":[],"jetpack_publicize_connections":[],"jetpack_featured_media_url":"https:\/\/serialectrice.com\/wp-content\/uploads\/2023\/08\/AOuT-2023-2.png","uagb_featured_image_src":{"full":["https:\/\/serialectrice.com\/wp-content\/uploads\/2023\/08\/AOuT-2023-2.png",1788,1034,false],"thumbnail":["https:\/\/serialectrice.com\/wp-content\/uploads\/2023\/08\/AOuT-2023-2-572x331.png",572,331,true],"medium":["https:\/\/serialectrice.com\/wp-content\/uploads\/2023\/08\/AOuT-2023-2-300x173.png",300,173,true],"medium_large":["https:\/\/serialectrice.com\/wp-content\/uploads\/2023\/08\/AOuT-2023-2-768x444.png",768,444,true],"large":["https:\/\/serialectrice.com\/wp-content\/uploads\/2023\/08\/AOuT-2023-2-1024x592.png",840,486,true],"post-slider-thumb-size":["https:\/\/serialectrice.com\/wp-content\/uploads\/2023\/08\/AOuT-2023-2.png",330,190,false],"post-category-slider-size":["https:\/\/serialectrice.com\/wp-content\/uploads\/2023\/08\/AOuT-2023-2.png",330,191,false],"1536x1536":["https:\/\/serialectrice.com\/wp-content\/uploads\/2023\/08\/AOuT-2023-2-1536x888.png",1536,888,true],"2048x2048":["https:\/\/serialectrice.com\/wp-content\/uploads\/2023\/08\/AOuT-2023-2.png",1788,1034,false],"hello-fashion-slider":["https:\/\/serialectrice.com\/wp-content\/uploads\/2023\/08\/AOuT-2023-2.png",480,278,false],"hello-fashion-blog-three":["https:\/\/serialectrice.com\/wp-content\/uploads\/2023\/08\/AOuT-2023-2.png",420,243,false],"hello-fashion-blog-four":["https:\/\/serialectrice.com\/wp-content\/uploads\/2023\/08\/AOuT-2023-2.png",573,331,false],"vilva-slider-one":["https:\/\/serialectrice.com\/wp-content\/uploads\/2023\/08\/AOuT-2023-2.png",1038,600,false],"vilva-featured-four":["https:\/\/serialectrice.com\/wp-content\/uploads\/2023\/08\/AOuT-2023-2.png",800,463,false],"vilva-blog":["https:\/\/serialectrice.com\/wp-content\/uploads\/2023\/08\/AOuT-2023-2.png",420,243,false],"vilva-blog-one":["https:\/\/serialectrice.com\/wp-content\/uploads\/2023\/08\/AOuT-2023-2.png",865,500,false],"vilva-sidebar":["https:\/\/serialectrice.com\/wp-content\/uploads\/2023\/08\/AOuT-2023-2.png",818,473,false]},"uagb_author_info":{"display_name":"SeriaLectrice","author_link":"https:\/\/serialectrice.com\/index.php\/author\/cilounegmail-com\/"},"uagb_comment_info":11,"uagb_excerpt":"Retrouvez les 10 cat\u00e9gories et quelques id\u00e9es de lecture pour l'occasion.","jetpack_sharing_enabled":true,"jetpack_likes_enabled":true,"_links":{"self":[{"href":"https:\/\/serialectrice.com\/index.php\/wp-json\/wp\/v2\/posts\/4845","targetHints":{"allow":["GET"]}}],"collection":[{"href":"https:\/\/serialectrice.com\/index.php\/wp-json\/wp\/v2\/posts"}],"about":[{"href":"https:\/\/serialectrice.com\/index.php\/wp-json\/wp\/v2\/types\/post"}],"author":[{"embeddable":true,"href":"https:\/\/serialectrice.com\/index.php\/wp-json\/wp\/v2\/users\/1"}],"replies":[{"embeddable":true,"href":"https:\/\/serialectrice.com\/index.php\/wp-json\/wp\/v2\/comments?post=4845"}],"version-history":[{"count":0,"href":"https:\/\/serialectrice.com\/index.php\/wp-json\/wp\/v2\/posts\/4845\/revisions"}],"wp:featuredmedia":[{"embeddable":true,"href":"https:\/\/serialectrice.com\/index.php\/wp-json\/wp\/v2\/media\/4856"}],"wp:attachment":[{"href":"https:\/\/serialectrice.com\/index.php\/wp-json\/wp\/v2\/media?parent=4845"}],"wp:term":[{"taxonomy":"category","embeddable":true,"href":"https:\/\/serialectrice.com\/index.php\/wp-json\/wp\/v2\/categories?post=4845"},{"taxonomy":"post_tag","embeddable":true,"href":"https:\/\/serialectrice.com\/index.php\/wp-json\/wp\/v2\/tags?post=4845"}],"curies":[{"name":"wp","href":"https:\/\/api.w.org\/{rel}","templated":true}]}}