{"id":4837,"date":"2023-08-27T18:00:00","date_gmt":"2023-08-27T16:00:00","guid":{"rendered":"https:\/\/serialectrice.com\/?p=4837"},"modified":"2023-08-26T21:28:48","modified_gmt":"2023-08-26T19:28:48","slug":"kaiken-_-jean-christophe-grange","status":"publish","type":"post","link":"https:\/\/serialectrice.com\/index.php\/2023\/08\/27\/kaiken-_-jean-christophe-grange\/","title":{"rendered":"Kaiken _ Jean-Christophe Grang\u00e9"},"content":{"rendered":"\n<div class=\"wp-block-media-text alignwide is-stacked-on-mobile\"><figure class=\"wp-block-media-text__media\"><img loading=\"lazy\" decoding=\"async\" width=\"269\" height=\"435\" src=\"https:\/\/serialectrice.com\/wp-content\/uploads\/2023\/08\/9782253179160-001-T-1-jpeg.webp\" alt=\"\" class=\"wp-image-4838 size-full\" srcset=\"https:\/\/serialectrice.com\/wp-content\/uploads\/2023\/08\/9782253179160-001-T-1-jpeg.webp 269w, https:\/\/serialectrice.com\/wp-content\/uploads\/2023\/08\/9782253179160-001-T-1-186x300.webp 186w, https:\/\/serialectrice.com\/wp-content\/uploads\/2023\/08\/9782253179160-001-T-1-93x150.webp 93w\" sizes=\"auto, (max-width: 269px) 100vw, 269px\" \/><\/figure><div class=\"wp-block-media-text__content\">\n<h2 class=\"wp-block-heading has-vivid-green-cyan-color has-text-color\">R\u00e9sum\u00e9<\/h2>\n\n\n\n<p class=\"wp-block-paragraph\"><span style=\"text-decoration: underline;\">Ka\u00efken<\/span><\/p>\n\n\n\n<p class=\"wp-block-paragraph\" style=\"font-size:19px\">Olivier Passan, de la Criminelle, est lanc\u00e9 dans la traque d&rsquo;un insaisissable meurtrier, l\u2019Accoucheur, qui \u00e9ventre des femmes au terme de leur grossesse pour tuer leur b\u00e9b\u00e9. Dans le m\u00eame temps, ce flic tourment\u00e9 cherche \u00e0 comprendre les raisons du naufrage de son couple : Naoko, sa femme japonaise, a demand\u00e9 le divorce. L&rsquo;histoire personnelle de Passan trouve des similitudes dans celle du serial killer, sorte de double monstrueux. Passan devra aller jusqu&rsquo;\u00e0 Tokyo chercher la cl\u00e9 de l&rsquo;\u00e9nigme&#8230;<\/p>\n<\/div><\/div>\n\n\n\n<h2 class=\"wp-block-heading has-vivid-green-cyan-color has-text-color\">Mon ressenti<\/h2>\n\n\n\n<p class=\"has-medium-font-size wp-block-paragraph\"><strong>Un tueur en s\u00e9rie, surnomm\u00e9 l&rsquo;Accoucheur, est vivement recherch\u00e9 par l&rsquo;\u00e9quipe d&rsquo;Olivier Passan.<\/strong> Il conna\u00eet son identit\u00e9, il en est certain. Mais aucune preuve. <strong>Passan passe donc outre et harc\u00e8le le tueur qui porte plainte. <\/strong>Passan est alors sur la sellette. <strong>Il se pourrait bien qu&rsquo;on lui retire l&rsquo;enqu\u00eate. Mais c&rsquo;est bien mal le conna\u00eetre.<\/strong><\/p>\n\n\n\n<p class=\"has-medium-font-size wp-block-paragraph\">L&rsquo;histoire que nous propose ici Jean-Christophe Grang\u00e9 <strong>manque totalement de cr\u00e9dibilit\u00e9 et part dans tous les sens. <\/strong>L&rsquo;ensemble de l&rsquo;intrigue semble tellement<strong> farfelue et incoh\u00e9rente<\/strong> que j&rsquo;ai eu du mal \u00e0 rester concentr\u00e9e. <strong>L&rsquo;auteur a voulu trop en faire<\/strong>, je pense. Car nous ne suivons pas seulement l&rsquo;enqu\u00eate autour de l&rsquo;accoucheur. Nous nous focalisons bien plus sur l&rsquo;histoire personnelle de Passan et son mariage. Et comme par hasard, sa famille se retrouve menac\u00e9e par une personne qui s&rsquo;introduit chez elle. <strong>C&rsquo;est vraiment lorsque les masques tombent et que l&rsquo;on connait son identit\u00e9 que j&rsquo;ai r\u00e9alis\u00e9 \u00e0 quel point l&rsquo;histoire n&rsquo;avait ni queue ni t\u00eate. Ce manque total de cr\u00e9dibilit\u00e9 m&rsquo;a fait sortir compl\u00e8tement de l&rsquo;histoire \u00e0 plusieurs reprises.<\/strong><\/p>\n\n\n\n<p class=\"has-medium-font-size wp-block-paragraph\">De plus, <strong>les personnages sont beaucoup trop nombreux.<\/strong> En ce qui concerne Passan et Naoko, sa future ex-femme, <strong>ils sont tout simplement ex\u00e9crables<\/strong>. Passan continue \u00e0 donner des ordres \u00e0 ses coll\u00e8gues m\u00eame si on lui a retir\u00e9 l&rsquo;affaire, et cela sans la moindre r\u00e9action de leur part. Son comportement<strong> arrogant <\/strong>est insupportable. Quant \u00e0 Naoko, elle passe son temps \u00e0 jurer et \u00e0 critiquer \u00e0 la fois la France, le pays qui l&rsquo;accueille, et le Japon, son pays d&rsquo;origine. Cette attitude constamment n\u00e9gative devient rapidement aga\u00e7ante et ne contribue en rien \u00e0 la profondeur de son personnage.<strong> Je n&rsquo;ai vraiment pas su m&rsquo;attacher aux deux personnages principaux.<\/strong><\/p>\n\n\n\n<p class=\"has-medium-font-size wp-block-paragraph\">Le seul point positif que je retire de cette lecture est <strong>la connaissance que l&rsquo;auteur semble avoir du Japon.<\/strong> Les descriptions d\u00e9taill\u00e9es des traditions, des coutumes, de la mentalit\u00e9 et des sports sont en effet les <strong>rares moments o\u00f9 l&rsquo;histoire a de l&rsquo;int\u00e9r\u00eat<\/strong>. Cependant, ce n&rsquo;est pas suffisant. Le manque de cr\u00e9dibilit\u00e9 et des personnages d\u00e9testables prennent finalement le dessus sur cet unique aspect positif.<\/p>\n\n\n<div class=\"wp-block-image\">\n<figure class=\"aligncenter size-large\"><img loading=\"lazy\" decoding=\"async\" width=\"1024\" height=\"1024\" src=\"https:\/\/serialectrice.com\/wp-content\/uploads\/2023\/08\/Sans-titre-Publication-Instagram-Carre-65-1024x1024.png\" alt=\"\" class=\"wp-image-4842\" srcset=\"https:\/\/serialectrice.com\/wp-content\/uploads\/2023\/08\/Sans-titre-Publication-Instagram-Carre-65-1024x1024.png 1024w, https:\/\/serialectrice.com\/wp-content\/uploads\/2023\/08\/Sans-titre-Publication-Instagram-Carre-65-300x300.png 300w, https:\/\/serialectrice.com\/wp-content\/uploads\/2023\/08\/Sans-titre-Publication-Instagram-Carre-65-150x150.png 150w, https:\/\/serialectrice.com\/wp-content\/uploads\/2023\/08\/Sans-titre-Publication-Instagram-Carre-65-768x768.png 768w, https:\/\/serialectrice.com\/wp-content\/uploads\/2023\/08\/Sans-titre-Publication-Instagram-Carre-65-100x100.png 100w, https:\/\/serialectrice.com\/wp-content\/uploads\/2023\/08\/Sans-titre-Publication-Instagram-Carre-65.png 1080w\" sizes=\"auto, (max-width: 1024px) 100vw, 1024px\" \/><\/figure>\n<\/div>\n\n\n<p class=\"has-text-align-center has-medium-font-size wp-block-paragraph\"><em>Vous l&rsquo;aurez compris, <strong>je n&rsquo;ai pas du tout \u00e9t\u00e9 charm\u00e9e par cette lecture<\/strong>. Je l&rsquo;aurais bien abandonn\u00e9e si je n&rsquo;avais pas tenu \u00e0 tout prix \u00e0 clore le <strong>Challenge annuel <\/strong>propos\u00e9 par le groupe <a href=\"https:\/\/www.facebook.com\/groups\/707636122759664\">La t\u00eate dans les livres<\/a>. <\/em><\/p>\n\n\n<div class=\"wp-block-jetpack-rating-star\" style=\"text-align:center\" itemprop=\"reviewRating\" itemscope itemtype=\"http:\/\/schema.org\/Rating\"><p><span aria-hidden=\"true\">\u2b50<\/span><span aria-hidden=\"true\">\u2b50<\/span><\/p><span style=\"display: none;\" itemprop=\"worstRating\" content=\"0.5\"><span>\n<svg xmlns=\"http:\/\/www.w3.org\/2000\/svg\" width=\"24\" height=\"24\" viewBox=\"0 0 24 24\">\n\t<path class=\"\" fill=\"currentColor\" stroke=\"currentColor\" d=\"M12,17.3l6.2,3.7l-1.6-7L22,9.2l-7.2-0.6L12,2L9.2,8.6L2,9.2L7.5,14l-1.6,7L12,17.3z\" \/>\n<\/svg>\n<\/span>\n<span>\n<svg xmlns=\"http:\/\/www.w3.org\/2000\/svg\" width=\"24\" height=\"24\" viewBox=\"0 0 24 24\">\n\t<path class=\"\" fill=\"currentColor\" stroke=\"currentColor\" d=\"M12,17.3l6.2,3.7l-1.6-7L22,9.2l-7.2-0.6L12,2L9.2,8.6L2,9.2L7.5,14l-1.6,7L12,17.3z\" \/>\n<\/svg>\n<\/span><\/span><span style=\"display: none;\" ><span>\n<svg xmlns=\"http:\/\/www.w3.org\/2000\/svg\" width=\"24\" height=\"24\" viewBox=\"0 0 24 24\">\n\t<path class=\"\" fill=\"currentColor\" stroke=\"currentColor\" d=\"M12,17.3l6.2,3.7l-1.6-7L22,9.2l-7.2-0.6L12,2L9.2,8.6L2,9.2L7.5,14l-1.6,7L12,17.3z\" \/>\n<\/svg>\n<\/span>\n<span>\n<svg xmlns=\"http:\/\/www.w3.org\/2000\/svg\" width=\"24\" height=\"24\" viewBox=\"0 0 24 24\">\n\t<path class=\"\" fill=\"currentColor\" stroke=\"currentColor\" d=\"M12,17.3l6.2,3.7l-1.6-7L22,9.2l-7.2-0.6L12,2L9.2,8.6L2,9.2L7.5,14l-1.6,7L12,17.3z\" \/>\n<\/svg>\n<\/span><\/span><span style=\"display: none;\" ><span>\n<svg xmlns=\"http:\/\/www.w3.org\/2000\/svg\" width=\"24\" height=\"24\" viewBox=\"0 0 24 24\">\n\t<path class=\"is-rating-unfilled\" fill=\"currentColor\" stroke=\"currentColor\" d=\"M12,17.3l6.2,3.7l-1.6-7L22,9.2l-7.2-0.6L12,2L9.2,8.6L2,9.2L7.5,14l-1.6,7L12,17.3z\" \/>\n<\/svg>\n<\/span>\n<span>\n<svg xmlns=\"http:\/\/www.w3.org\/2000\/svg\" width=\"24\" height=\"24\" viewBox=\"0 0 24 24\">\n\t<path class=\"is-rating-unfilled\" fill=\"currentColor\" stroke=\"currentColor\" d=\"M12,17.3l6.2,3.7l-1.6-7L22,9.2l-7.2-0.6L12,2L9.2,8.6L2,9.2L7.5,14l-1.6,7L12,17.3z\" \/>\n<\/svg>\n<\/span><\/span><span style=\"display: none;\" ><span>\n<svg xmlns=\"http:\/\/www.w3.org\/2000\/svg\" width=\"24\" height=\"24\" viewBox=\"0 0 24 24\">\n\t<path class=\"is-rating-unfilled\" fill=\"currentColor\" stroke=\"currentColor\" d=\"M12,17.3l6.2,3.7l-1.6-7L22,9.2l-7.2-0.6L12,2L9.2,8.6L2,9.2L7.5,14l-1.6,7L12,17.3z\" \/>\n<\/svg>\n<\/span>\n<span>\n<svg xmlns=\"http:\/\/www.w3.org\/2000\/svg\" width=\"24\" height=\"24\" viewBox=\"0 0 24 24\">\n\t<path class=\"is-rating-unfilled\" fill=\"currentColor\" stroke=\"currentColor\" d=\"M12,17.3l6.2,3.7l-1.6-7L22,9.2l-7.2-0.6L12,2L9.2,8.6L2,9.2L7.5,14l-1.6,7L12,17.3z\" \/>\n<\/svg>\n<\/span><\/span><span style=\"display: none;\" itemprop=\"bestRating\" content=\"5\"><span>\n<svg xmlns=\"http:\/\/www.w3.org\/2000\/svg\" width=\"24\" height=\"24\" viewBox=\"0 0 24 24\">\n\t<path class=\"is-rating-unfilled\" fill=\"currentColor\" stroke=\"currentColor\" d=\"M12,17.3l6.2,3.7l-1.6-7L22,9.2l-7.2-0.6L12,2L9.2,8.6L2,9.2L7.5,14l-1.6,7L12,17.3z\" \/>\n<\/svg>\n<\/span>\n<span>\n<svg xmlns=\"http:\/\/www.w3.org\/2000\/svg\" width=\"24\" height=\"24\" viewBox=\"0 0 24 24\">\n\t<path class=\"is-rating-unfilled\" fill=\"currentColor\" stroke=\"currentColor\" d=\"M12,17.3l6.2,3.7l-1.6-7L22,9.2l-7.2-0.6L12,2L9.2,8.6L2,9.2L7.5,14l-1.6,7L12,17.3z\" \/>\n<\/svg>\n<\/span><\/span><span itemprop=\"ratingValue\" class=\"screen-reader-text\" content=\"2\">Note\u00a0: 2\u00a0sur 5.<\/span><\/div>\n\n\n<h2 class=\"wp-block-heading has-text-align-center\" style=\"font-size:25px\"><strong><em>N&rsquo;aimant pas rester sur un \u00ab\u00a0\u00e9chec\u00a0\u00bb, quel autre titre de cet auteur me conseilleriez-vous ?<\/em><\/strong><\/h2>\n\n\n\n<h2 class=\"wp-block-heading has-vivid-green-cyan-color has-text-color\">Mes challenges<\/h2>\n\n\n\n<p class=\"has-medium-font-size wp-block-paragraph\">Cette lecture m&rsquo;a donc permis de valider la cat\u00e9gorie du <a href=\"https:\/\/serialectrice.com\/index.php\/mes-challenges-litteraires\/\">challenge annuel.<\/a> <strong>Livre que Linda (cr\u00e9atrice du groupe) n&rsquo;a pas aim\u00e9.<\/strong><\/p>\n","protected":false},"excerpt":{"rendered":"<p>Qui s&rsquo;en prend \u00e0 la famille de Passan qui enqu\u00eate sur un tueur en s\u00e9rie surnomm\u00e9 l&rsquo;accoucheur ?<\/p>\n","protected":false},"author":1,"featured_media":4843,"comment_status":"open","ping_status":"open","sticky":false,"template":"","format":"standard","meta":{"_crdt_document":"","om_disable_all_campaigns":false,"_uag_custom_page_level_css":"","_monsterinsights_skip_tracking":false,"_monsterinsights_sitenote_active":false,"_monsterinsights_sitenote_note":"","_monsterinsights_sitenote_category":0,"_uf_show_specific_survey":0,"_uf_disable_surveys":false,"_jetpack_memberships_contains_paid_content":false,"footnotes":"","jetpack_publicize_message":"Kaiken de Jean-Christophe Grang\u00e9. \n\nQui s'en prend \u00e0 la famille de Passan qui enqu\u00eate sur un tueur en s\u00e9rie surnomm\u00e9 l'accoucheur ?","jetpack_publicize_feature_enabled":true,"jetpack_social_post_already_shared":true,"jetpack_social_options":{"image_generator_settings":{"template":"highway","default_image_id":0,"font":"","enabled":false},"version":2}},"categories":[6],"tags":[60,562,129,25,388],"class_list":["post-4837","post","type-post","status-publish","format-standard","has-post-thumbnail","hentry","category-livres-lus","tag-japon","tag-jean-christophe-grange","tag-roman-policier","tag-thriller","tag-tueur-en-serie"],"aioseo_notices":[],"jetpack_publicize_connections":[],"jetpack_featured_media_url":"https:\/\/serialectrice.com\/wp-content\/uploads\/2023\/08\/Design-sans-titre-2023-08-26T212151.977.png","uagb_featured_image_src":{"full":["https:\/\/serialectrice.com\/wp-content\/uploads\/2023\/08\/Design-sans-titre-2023-08-26T212151.977.png",1788,1034,false],"thumbnail":["https:\/\/serialectrice.com\/wp-content\/uploads\/2023\/08\/Design-sans-titre-2023-08-26T212151.977-572x331.png",572,331,true],"medium":["https:\/\/serialectrice.com\/wp-content\/uploads\/2023\/08\/Design-sans-titre-2023-08-26T212151.977-300x173.png",300,173,true],"medium_large":["https:\/\/serialectrice.com\/wp-content\/uploads\/2023\/08\/Design-sans-titre-2023-08-26T212151.977-768x444.png",768,444,true],"large":["https:\/\/serialectrice.com\/wp-content\/uploads\/2023\/08\/Design-sans-titre-2023-08-26T212151.977-1024x592.png",840,486,true],"post-slider-thumb-size":["https:\/\/serialectrice.com\/wp-content\/uploads\/2023\/08\/Design-sans-titre-2023-08-26T212151.977.png",330,190,false],"post-category-slider-size":["https:\/\/serialectrice.com\/wp-content\/uploads\/2023\/08\/Design-sans-titre-2023-08-26T212151.977.png",330,191,false],"1536x1536":["https:\/\/serialectrice.com\/wp-content\/uploads\/2023\/08\/Design-sans-titre-2023-08-26T212151.977-1536x888.png",1536,888,true],"2048x2048":["https:\/\/serialectrice.com\/wp-content\/uploads\/2023\/08\/Design-sans-titre-2023-08-26T212151.977.png",1788,1034,false],"hello-fashion-slider":["https:\/\/serialectrice.com\/wp-content\/uploads\/2023\/08\/Design-sans-titre-2023-08-26T212151.977.png",480,278,false],"hello-fashion-blog-three":["https:\/\/serialectrice.com\/wp-content\/uploads\/2023\/08\/Design-sans-titre-2023-08-26T212151.977.png",420,243,false],"hello-fashion-blog-four":["https:\/\/serialectrice.com\/wp-content\/uploads\/2023\/08\/Design-sans-titre-2023-08-26T212151.977.png",573,331,false],"vilva-slider-one":["https:\/\/serialectrice.com\/wp-content\/uploads\/2023\/08\/Design-sans-titre-2023-08-26T212151.977.png",1038,600,false],"vilva-featured-four":["https:\/\/serialectrice.com\/wp-content\/uploads\/2023\/08\/Design-sans-titre-2023-08-26T212151.977.png",800,463,false],"vilva-blog":["https:\/\/serialectrice.com\/wp-content\/uploads\/2023\/08\/Design-sans-titre-2023-08-26T212151.977.png",420,243,false],"vilva-blog-one":["https:\/\/serialectrice.com\/wp-content\/uploads\/2023\/08\/Design-sans-titre-2023-08-26T212151.977.png",865,500,false],"vilva-sidebar":["https:\/\/serialectrice.com\/wp-content\/uploads\/2023\/08\/Design-sans-titre-2023-08-26T212151.977.png",818,473,false]},"uagb_author_info":{"display_name":"SeriaLectrice","author_link":"https:\/\/serialectrice.com\/index.php\/author\/cilounegmail-com\/"},"uagb_comment_info":1,"uagb_excerpt":"Qui s'en prend \u00e0 la famille de Passan qui enqu\u00eate sur un tueur en s\u00e9rie surnomm\u00e9 l'accoucheur ?","jetpack_sharing_enabled":true,"jetpack_likes_enabled":true,"_links":{"self":[{"href":"https:\/\/serialectrice.com\/index.php\/wp-json\/wp\/v2\/posts\/4837","targetHints":{"allow":["GET"]}}],"collection":[{"href":"https:\/\/serialectrice.com\/index.php\/wp-json\/wp\/v2\/posts"}],"about":[{"href":"https:\/\/serialectrice.com\/index.php\/wp-json\/wp\/v2\/types\/post"}],"author":[{"embeddable":true,"href":"https:\/\/serialectrice.com\/index.php\/wp-json\/wp\/v2\/users\/1"}],"replies":[{"embeddable":true,"href":"https:\/\/serialectrice.com\/index.php\/wp-json\/wp\/v2\/comments?post=4837"}],"version-history":[{"count":0,"href":"https:\/\/serialectrice.com\/index.php\/wp-json\/wp\/v2\/posts\/4837\/revisions"}],"wp:featuredmedia":[{"embeddable":true,"href":"https:\/\/serialectrice.com\/index.php\/wp-json\/wp\/v2\/media\/4843"}],"wp:attachment":[{"href":"https:\/\/serialectrice.com\/index.php\/wp-json\/wp\/v2\/media?parent=4837"}],"wp:term":[{"taxonomy":"category","embeddable":true,"href":"https:\/\/serialectrice.com\/index.php\/wp-json\/wp\/v2\/categories?post=4837"},{"taxonomy":"post_tag","embeddable":true,"href":"https:\/\/serialectrice.com\/index.php\/wp-json\/wp\/v2\/tags?post=4837"}],"curies":[{"name":"wp","href":"https:\/\/api.w.org\/{rel}","templated":true}]}}