{"id":4767,"date":"2023-08-05T18:00:00","date_gmt":"2023-08-05T16:00:00","guid":{"rendered":"https:\/\/serialectrice.com\/?p=4767"},"modified":"2023-08-03T08:11:04","modified_gmt":"2023-08-03T06:11:04","slug":"manderley-for-ever","status":"publish","type":"post","link":"https:\/\/serialectrice.com\/index.php\/2023\/08\/05\/manderley-for-ever\/","title":{"rendered":"Manderley for ever _ Tatiana de Rosnay"},"content":{"rendered":"\n<div class=\"wp-block-media-text alignwide is-stacked-on-mobile\"><figure class=\"wp-block-media-text__media\"><img loading=\"lazy\" decoding=\"async\" width=\"269\" height=\"435\" src=\"https:\/\/serialectrice.com\/wp-content\/uploads\/2023\/08\/manderley.jpeg\" alt=\"\" class=\"wp-image-4768 size-full\" srcset=\"https:\/\/serialectrice.com\/wp-content\/uploads\/2023\/08\/manderley.jpeg 269w, https:\/\/serialectrice.com\/wp-content\/uploads\/2023\/08\/manderley-186x300.jpeg 186w, https:\/\/serialectrice.com\/wp-content\/uploads\/2023\/08\/manderley-93x150.jpeg 93w\" sizes=\"auto, (max-width: 269px) 100vw, 269px\" \/><\/figure><div class=\"wp-block-media-text__content\">\n<h2 class=\"wp-block-heading has-vivid-green-cyan-color has-text-color\">R\u00e9sum\u00e9<\/h2>\n\n\n\n<p class=\"wp-block-paragraph\"><span style=\"text-decoration: underline;\">Manderley for ever<\/span><\/p>\n\n\n\n<p class=\"wp-block-paragraph\" style=\"font-size:19px\">Je l&rsquo;ai d\u00e9crite comme si je la filmais, cam\u00e9ra \u00e0 l&rsquo;\u00e9paule, afin que mes lecteurs comprennent d&#8217;embl\u00e9e qui elle \u00e9tait. J&rsquo;ai d\u00e9crypt\u00e9 ses livres, sa voix, son regard, sa fa\u00e7on de marcher, son rire.<br>J&rsquo;ai \u00e9cout\u00e9 ses enfants, ses petits-enfants.<br>Autour des maisons qu&rsquo;elle aimait avec passion, j&rsquo;ai dress\u00e9 le portrait d&rsquo;une \u00e9crivaine atypique et envo\u00fbtante, m\u00e9pris\u00e9e des critiques parce qu&rsquo;elle vendait des millions de livres. Son univers macabre et fascinant a engendr\u00e9 une \u0153uvre complexe, \u00e9tonnamment noire, \u00e0 l&rsquo;oppos\u00e9 de l&rsquo;\u00e9tiquette \u00ab eau de rose \u00bb qui lui fut si injustement attribu\u00e9e.<br>Ce livre se lit comme un roman, mais je n&rsquo;ai rien invent\u00e9. Tout y est vrai. C&rsquo;est le roman d&rsquo;une vie.<\/p>\n<\/div><\/div>\n\n\n\n<h2 class=\"wp-block-heading has-vivid-green-cyan-color has-text-color\">Mon ressenti<\/h2>\n\n\n\n<p class=\"has-medium-font-size wp-block-paragraph\">Ce livre, consacr\u00e9 \u00e0 <strong>la vie de Daphn\u00e9 du Maurier<\/strong>, est une exploration au c\u0153ur de <strong>l&rsquo;univers de cette autrice l\u00e9gendaire<\/strong>. Mais malheureusement, je n&rsquo;ai pas \u00e9t\u00e9 totalement emball\u00e9e par la mani\u00e8re dont l&rsquo;autrice a abord\u00e9 le r\u00e9cit. Pourtant, la vie de Daphn\u00e9 du Maurier est incroyablement int\u00e9ressante, <strong>mais certains passages ont \u00e9t\u00e9 soit trop survol\u00e9s, soit trop \u00e9tir\u00e9s.<\/strong><\/p>\n\n\n\n<p class=\"has-medium-font-size wp-block-paragraph\">Malgr\u00e9 cela, j&rsquo;ai pu percevoir <strong>l&rsquo;\u00e2me complexe de Daphn\u00e9<\/strong>, partag\u00e9e entre sa famille et son besoin de solitude pour \u00e9crire.<strong> L&rsquo;incompr\u00e9hension de la presse face \u00e0 sa plume unique<\/strong> et le message qu&rsquo;elle souhaite transmettre \u00e9taient tr\u00e8s palpables. J&rsquo;ai \u00e9t\u00e9 touch\u00e9e par sa qu\u00eate d&rsquo;identit\u00e9 sexuelle, sa difficult\u00e9 \u00e0 la d\u00e9finir. Son amour pour son mari, mais aussi ses attachements pour certaines femmes, ont d\u00e9peint <strong>une personne passionnante mais certainement pas facile \u00e0 vivre au quotidien.<\/strong><\/p>\n\n\n\n<p class=\"has-medium-font-size wp-block-paragraph\">Elle avait un talent ind\u00e9niable, mais je n&rsquo;ai pas r\u00e9ussi \u00e0 m&rsquo;attacher \u00e0 la personnalit\u00e9 de Daphn\u00e9 elle-m\u00eame.  <strong>Son univers d&rsquo;enfant privil\u00e9gi\u00e9e et g\u00e2t\u00e9e, ainsi que sa qu\u00eate identitaire, m&rsquo;ont parfois ennuy\u00e9e.<\/strong> Peut-\u00eatre que l&rsquo;autrice du livre a trop mis l&rsquo;accent sur les aspects amoureux de Daphn\u00e9 du Maurier, ce qui a terni mon int\u00e9r\u00eat. En revanche,<strong> j&rsquo;ai aim\u00e9 plonger dans l&rsquo;inspiration de son chef-d&rsquo;\u0153uvre \u00ab\u00a0Rebecca\u00a0\u00bb<\/strong> et d\u00e9couvrir ses autres \u0153uvres dans leur chronologie. Les passages consacr\u00e9s \u00e0 son rapport aux lieux, aux maisons o\u00f9 elle a v\u00e9cu, et \u00e0 la nature \u00e9taient particuli\u00e8rement plaisants.<\/p>\n\n\n<div class=\"wp-block-image\">\n<figure class=\"aligncenter size-large\"><img loading=\"lazy\" decoding=\"async\" width=\"1024\" height=\"1024\" src=\"https:\/\/serialectrice.com\/wp-content\/uploads\/2023\/08\/Sans-titre-Publication-Instagram-Carre-55-1024x1024.png\" alt=\"\" class=\"wp-image-4770\" srcset=\"https:\/\/serialectrice.com\/wp-content\/uploads\/2023\/08\/Sans-titre-Publication-Instagram-Carre-55-1024x1024.png 1024w, https:\/\/serialectrice.com\/wp-content\/uploads\/2023\/08\/Sans-titre-Publication-Instagram-Carre-55-300x300.png 300w, https:\/\/serialectrice.com\/wp-content\/uploads\/2023\/08\/Sans-titre-Publication-Instagram-Carre-55-150x150.png 150w, https:\/\/serialectrice.com\/wp-content\/uploads\/2023\/08\/Sans-titre-Publication-Instagram-Carre-55-768x768.png 768w, https:\/\/serialectrice.com\/wp-content\/uploads\/2023\/08\/Sans-titre-Publication-Instagram-Carre-55-100x100.png 100w, https:\/\/serialectrice.com\/wp-content\/uploads\/2023\/08\/Sans-titre-Publication-Instagram-Carre-55.png 1080w\" sizes=\"auto, (max-width: 1024px) 100vw, 1024px\" \/><\/figure>\n<\/div>\n\n\n<p class=\"has-text-align-center has-medium-font-size wp-block-paragraph\"><em>Cette biographie offre <strong>une vision int\u00e9ressante de la vie de Daphn\u00e9 du Maurier<\/strong>, une \u00e9crivaine \u00e0 la plume envo\u00fbtante. Malgr\u00e9 cela, <strong>je n&rsquo;ai pas \u00e9t\u00e9 convaincue par ce r\u00e9cit<\/strong> que j&rsquo;ai trouv\u00e9 bien trop long \u00e0 mon go\u00fbt.<\/em><\/p>\n\n\n<div class=\"wp-block-jetpack-rating-star\" style=\"text-align:center\" itemprop=\"reviewRating\" itemscope itemtype=\"http:\/\/schema.org\/Rating\"><p><span aria-hidden=\"true\">\u2b50<\/span><span aria-hidden=\"true\">\u2b50<\/span><span aria-hidden=\"true\">\u2b50<\/span><\/p><span style=\"display: none;\" itemprop=\"worstRating\" content=\"0.5\"><span>\n<svg xmlns=\"http:\/\/www.w3.org\/2000\/svg\" width=\"24\" height=\"24\" viewBox=\"0 0 24 24\">\n\t<path class=\"\" fill=\"currentColor\" stroke=\"currentColor\" d=\"M12,17.3l6.2,3.7l-1.6-7L22,9.2l-7.2-0.6L12,2L9.2,8.6L2,9.2L7.5,14l-1.6,7L12,17.3z\" \/>\n<\/svg>\n<\/span>\n<span>\n<svg xmlns=\"http:\/\/www.w3.org\/2000\/svg\" width=\"24\" height=\"24\" viewBox=\"0 0 24 24\">\n\t<path class=\"\" fill=\"currentColor\" stroke=\"currentColor\" d=\"M12,17.3l6.2,3.7l-1.6-7L22,9.2l-7.2-0.6L12,2L9.2,8.6L2,9.2L7.5,14l-1.6,7L12,17.3z\" \/>\n<\/svg>\n<\/span><\/span><span style=\"display: none;\" ><span>\n<svg xmlns=\"http:\/\/www.w3.org\/2000\/svg\" width=\"24\" height=\"24\" viewBox=\"0 0 24 24\">\n\t<path class=\"\" fill=\"currentColor\" stroke=\"currentColor\" d=\"M12,17.3l6.2,3.7l-1.6-7L22,9.2l-7.2-0.6L12,2L9.2,8.6L2,9.2L7.5,14l-1.6,7L12,17.3z\" \/>\n<\/svg>\n<\/span>\n<span>\n<svg xmlns=\"http:\/\/www.w3.org\/2000\/svg\" width=\"24\" height=\"24\" viewBox=\"0 0 24 24\">\n\t<path class=\"\" fill=\"currentColor\" stroke=\"currentColor\" d=\"M12,17.3l6.2,3.7l-1.6-7L22,9.2l-7.2-0.6L12,2L9.2,8.6L2,9.2L7.5,14l-1.6,7L12,17.3z\" \/>\n<\/svg>\n<\/span><\/span><span style=\"display: none;\" ><span>\n<svg xmlns=\"http:\/\/www.w3.org\/2000\/svg\" width=\"24\" height=\"24\" viewBox=\"0 0 24 24\">\n\t<path class=\"\" fill=\"currentColor\" stroke=\"currentColor\" d=\"M12,17.3l6.2,3.7l-1.6-7L22,9.2l-7.2-0.6L12,2L9.2,8.6L2,9.2L7.5,14l-1.6,7L12,17.3z\" \/>\n<\/svg>\n<\/span>\n<span>\n<svg xmlns=\"http:\/\/www.w3.org\/2000\/svg\" width=\"24\" height=\"24\" viewBox=\"0 0 24 24\">\n\t<path class=\"is-rating-unfilled\" fill=\"currentColor\" stroke=\"currentColor\" d=\"M12,17.3l6.2,3.7l-1.6-7L22,9.2l-7.2-0.6L12,2L9.2,8.6L2,9.2L7.5,14l-1.6,7L12,17.3z\" \/>\n<\/svg>\n<\/span><\/span><span style=\"display: none;\" ><span>\n<svg xmlns=\"http:\/\/www.w3.org\/2000\/svg\" width=\"24\" height=\"24\" viewBox=\"0 0 24 24\">\n\t<path class=\"is-rating-unfilled\" fill=\"currentColor\" stroke=\"currentColor\" d=\"M12,17.3l6.2,3.7l-1.6-7L22,9.2l-7.2-0.6L12,2L9.2,8.6L2,9.2L7.5,14l-1.6,7L12,17.3z\" \/>\n<\/svg>\n<\/span>\n<span>\n<svg xmlns=\"http:\/\/www.w3.org\/2000\/svg\" width=\"24\" height=\"24\" viewBox=\"0 0 24 24\">\n\t<path class=\"is-rating-unfilled\" fill=\"currentColor\" stroke=\"currentColor\" d=\"M12,17.3l6.2,3.7l-1.6-7L22,9.2l-7.2-0.6L12,2L9.2,8.6L2,9.2L7.5,14l-1.6,7L12,17.3z\" \/>\n<\/svg>\n<\/span><\/span><span style=\"display: none;\" itemprop=\"bestRating\" content=\"5\"><span>\n<svg xmlns=\"http:\/\/www.w3.org\/2000\/svg\" width=\"24\" height=\"24\" viewBox=\"0 0 24 24\">\n\t<path class=\"is-rating-unfilled\" fill=\"currentColor\" stroke=\"currentColor\" d=\"M12,17.3l6.2,3.7l-1.6-7L22,9.2l-7.2-0.6L12,2L9.2,8.6L2,9.2L7.5,14l-1.6,7L12,17.3z\" \/>\n<\/svg>\n<\/span>\n<span>\n<svg xmlns=\"http:\/\/www.w3.org\/2000\/svg\" width=\"24\" height=\"24\" viewBox=\"0 0 24 24\">\n\t<path class=\"is-rating-unfilled\" fill=\"currentColor\" stroke=\"currentColor\" d=\"M12,17.3l6.2,3.7l-1.6-7L22,9.2l-7.2-0.6L12,2L9.2,8.6L2,9.2L7.5,14l-1.6,7L12,17.3z\" \/>\n<\/svg>\n<\/span><\/span><span itemprop=\"ratingValue\" class=\"screen-reader-text\" content=\"2.5\">Note\u00a0: 2.5\u00a0sur 5.<\/span><\/div>\n\n\n<h2 class=\"wp-block-heading has-vivid-green-cyan-color has-text-color\">Mes challenges<\/h2>\n\n\n\n<p class=\"has-medium-font-size wp-block-paragraph\">Cette lecture m&rsquo;a permis de valider la cat\u00e9gorie du <a href=\"https:\/\/serialectrice.com\/index.php\/mes-challenges-litteraires\/\">challenge annuel<\/a>. <strong>Lire un titre propos\u00e9 dans les challenges mensuels du groupe <a href=\"https:\/\/www.facebook.com\/groups\/707636122759664\">La t\u00eate dans les livres<\/a>.<\/strong><\/p>\n","protected":false},"excerpt":{"rendered":"<p>Embarquez dans cette biographie de la c\u00e9l\u00e8bre romanci\u00e8re Daphn\u00e9 du Maurier.<\/p>\n","protected":false},"author":1,"featured_media":4771,"comment_status":"open","ping_status":"open","sticky":false,"template":"","format":"standard","meta":{"_crdt_document":"","om_disable_all_campaigns":false,"_uag_custom_page_level_css":"","_monsterinsights_skip_tracking":false,"_monsterinsights_sitenote_active":false,"_monsterinsights_sitenote_note":"","_monsterinsights_sitenote_category":0,"_uf_show_specific_survey":0,"_uf_disable_surveys":false,"_jetpack_memberships_contains_paid_content":false,"footnotes":"","jetpack_publicize_message":"Manderley for ever de Tatiana de Rosnay. Embarquez dans cette biographie de la c\u00e9l\u00e8bre romanci\u00e8re Daphn\u00e9 du Maurier.","jetpack_publicize_feature_enabled":true,"jetpack_social_post_already_shared":true,"jetpack_social_options":{"image_generator_settings":{"template":"highway","default_image_id":0,"font":"","enabled":false},"version":2}},"categories":[6],"tags":[542,544,543],"class_list":["post-4767","post","type-post","status-publish","format-standard","has-post-thumbnail","hentry","category-livres-lus","tag-biogrpahie","tag-daphne-du-maurier","tag-tatiana-de-rosnay"],"aioseo_notices":[],"jetpack_publicize_connections":[],"jetpack_featured_media_url":"https:\/\/serialectrice.com\/wp-content\/uploads\/2023\/08\/Design-sans-titre-2023-08-02T112831.745.png","uagb_featured_image_src":{"full":["https:\/\/serialectrice.com\/wp-content\/uploads\/2023\/08\/Design-sans-titre-2023-08-02T112831.745.png",1788,1034,false],"thumbnail":["https:\/\/serialectrice.com\/wp-content\/uploads\/2023\/08\/Design-sans-titre-2023-08-02T112831.745-572x331.png",572,331,true],"medium":["https:\/\/serialectrice.com\/wp-content\/uploads\/2023\/08\/Design-sans-titre-2023-08-02T112831.745-300x173.png",300,173,true],"medium_large":["https:\/\/serialectrice.com\/wp-content\/uploads\/2023\/08\/Design-sans-titre-2023-08-02T112831.745-768x444.png",768,444,true],"large":["https:\/\/serialectrice.com\/wp-content\/uploads\/2023\/08\/Design-sans-titre-2023-08-02T112831.745-1024x592.png",840,486,true],"post-slider-thumb-size":["https:\/\/serialectrice.com\/wp-content\/uploads\/2023\/08\/Design-sans-titre-2023-08-02T112831.745.png",330,190,false],"post-category-slider-size":["https:\/\/serialectrice.com\/wp-content\/uploads\/2023\/08\/Design-sans-titre-2023-08-02T112831.745.png",330,191,false],"1536x1536":["https:\/\/serialectrice.com\/wp-content\/uploads\/2023\/08\/Design-sans-titre-2023-08-02T112831.745-1536x888.png",1536,888,true],"2048x2048":["https:\/\/serialectrice.com\/wp-content\/uploads\/2023\/08\/Design-sans-titre-2023-08-02T112831.745.png",1788,1034,false],"hello-fashion-slider":["https:\/\/serialectrice.com\/wp-content\/uploads\/2023\/08\/Design-sans-titre-2023-08-02T112831.745.png",480,278,false],"hello-fashion-blog-three":["https:\/\/serialectrice.com\/wp-content\/uploads\/2023\/08\/Design-sans-titre-2023-08-02T112831.745.png",420,243,false],"hello-fashion-blog-four":["https:\/\/serialectrice.com\/wp-content\/uploads\/2023\/08\/Design-sans-titre-2023-08-02T112831.745.png",573,331,false],"vilva-slider-one":["https:\/\/serialectrice.com\/wp-content\/uploads\/2023\/08\/Design-sans-titre-2023-08-02T112831.745.png",1038,600,false],"vilva-featured-four":["https:\/\/serialectrice.com\/wp-content\/uploads\/2023\/08\/Design-sans-titre-2023-08-02T112831.745.png",800,463,false],"vilva-blog":["https:\/\/serialectrice.com\/wp-content\/uploads\/2023\/08\/Design-sans-titre-2023-08-02T112831.745.png",420,243,false],"vilva-blog-one":["https:\/\/serialectrice.com\/wp-content\/uploads\/2023\/08\/Design-sans-titre-2023-08-02T112831.745.png",865,500,false],"vilva-sidebar":["https:\/\/serialectrice.com\/wp-content\/uploads\/2023\/08\/Design-sans-titre-2023-08-02T112831.745.png",818,473,false]},"uagb_author_info":{"display_name":"SeriaLectrice","author_link":"https:\/\/serialectrice.com\/index.php\/author\/cilounegmail-com\/"},"uagb_comment_info":1,"uagb_excerpt":"Embarquez dans cette biographie de la c\u00e9l\u00e8bre romanci\u00e8re Daphn\u00e9 du Maurier.","jetpack_sharing_enabled":true,"jetpack_likes_enabled":true,"_links":{"self":[{"href":"https:\/\/serialectrice.com\/index.php\/wp-json\/wp\/v2\/posts\/4767","targetHints":{"allow":["GET"]}}],"collection":[{"href":"https:\/\/serialectrice.com\/index.php\/wp-json\/wp\/v2\/posts"}],"about":[{"href":"https:\/\/serialectrice.com\/index.php\/wp-json\/wp\/v2\/types\/post"}],"author":[{"embeddable":true,"href":"https:\/\/serialectrice.com\/index.php\/wp-json\/wp\/v2\/users\/1"}],"replies":[{"embeddable":true,"href":"https:\/\/serialectrice.com\/index.php\/wp-json\/wp\/v2\/comments?post=4767"}],"version-history":[{"count":0,"href":"https:\/\/serialectrice.com\/index.php\/wp-json\/wp\/v2\/posts\/4767\/revisions"}],"wp:featuredmedia":[{"embeddable":true,"href":"https:\/\/serialectrice.com\/index.php\/wp-json\/wp\/v2\/media\/4771"}],"wp:attachment":[{"href":"https:\/\/serialectrice.com\/index.php\/wp-json\/wp\/v2\/media?parent=4767"}],"wp:term":[{"taxonomy":"category","embeddable":true,"href":"https:\/\/serialectrice.com\/index.php\/wp-json\/wp\/v2\/categories?post=4767"},{"taxonomy":"post_tag","embeddable":true,"href":"https:\/\/serialectrice.com\/index.php\/wp-json\/wp\/v2\/tags?post=4767"}],"curies":[{"name":"wp","href":"https:\/\/api.w.org\/{rel}","templated":true}]}}