{"id":4753,"date":"2023-07-31T00:19:15","date_gmt":"2023-07-30T22:19:15","guid":{"rendered":"https:\/\/serialectrice.com\/?p=4753"},"modified":"2023-07-30T11:34:06","modified_gmt":"2023-07-30T09:34:06","slug":"linsurrection-imperiale-_-christophe-leon","status":"publish","type":"post","link":"https:\/\/serialectrice.com\/index.php\/2023\/07\/31\/linsurrection-imperiale-_-christophe-leon\/","title":{"rendered":"L&rsquo;insurrection imp\u00e9riale _ Christophe L\u00e9on"},"content":{"rendered":"\n<div class=\"wp-block-media-text alignwide is-stacked-on-mobile\"><figure class=\"wp-block-media-text__media\"><img loading=\"lazy\" decoding=\"async\" width=\"400\" height=\"599\" src=\"https:\/\/serialectrice.com\/wp-content\/uploads\/2023\/07\/L-insurrection-imperiale.jpg\" alt=\"insurrection imp\u00e9riale\" class=\"wp-image-4754 size-full\" srcset=\"https:\/\/serialectrice.com\/wp-content\/uploads\/2023\/07\/L-insurrection-imperiale.jpg 400w, https:\/\/serialectrice.com\/wp-content\/uploads\/2023\/07\/L-insurrection-imperiale-200x300.jpg 200w, https:\/\/serialectrice.com\/wp-content\/uploads\/2023\/07\/L-insurrection-imperiale-100x150.jpg 100w\" sizes=\"auto, (max-width: 400px) 100vw, 400px\" \/><\/figure><div class=\"wp-block-media-text__content\">\n<h2 class=\"wp-block-heading has-vivid-green-cyan-color has-text-color\">R\u00e9sum\u00e9<\/h2>\n\n\n\n<p class=\"wp-block-paragraph\" style=\"font-size:19px\"><span style=\"text-decoration: underline;\">L&rsquo;insurrection imp\u00e9riale.<\/span><\/p>\n\n\n\n<p class=\"wp-block-paragraph\" style=\"font-size:19px\"><strong>Consternation dans les hautes sph\u00e8res&nbsp;:<\/strong><br>le patron des patrons vient d\u2019\u00eatre assassin\u00e9<br>dans des circonstances sanglantes,<br>suivi de pr\u00e8s par une personnalit\u00e9 people tr\u00e8s en vue.<br>Crimes isol\u00e9s ou d\u00e9but d\u2019un massacre organis\u00e9&nbsp;?<\/p>\n\n\n\n<p class=\"wp-block-paragraph\" style=\"font-size:19px\">Fleur Viam, commissaire de 31&nbsp;ans<br>atteinte d\u2019un syndrome d\u2019Asperger,<br>aussi brillante que bourrue aux yeux de ses coll\u00e8gues,<br>et Olivier Lacelle, commandant exp\u00e9riment\u00e9<br>\u00e0 neuf mois de la retraite, m\u00e8nent l\u2019enqu\u00eate.<\/p>\n<\/div><\/div>\n\n\n\n<h2 class=\"wp-block-heading has-vivid-green-cyan-color has-text-color\">Mon ressenti<\/h2>\n\n\n\n<p class=\"has-medium-font-size wp-block-paragraph\">Ce roman noir est une v\u00e9ritable p\u00e9pite, une <strong>d\u00e9couverte captivante et mordante<\/strong>. L&rsquo;intrigue d\u00e9marre d\u00e8s les premi\u00e8res pages, avec une commissaire Asperger et un commandant \u00e0 la veille de la retraite. Ils enqu\u00eatent sur <strong>le meurtre brutal d&rsquo;une personnalit\u00e9<\/strong>, perp\u00e9tr\u00e9 par un tueur maniant un hachoir. <strong>Le duo atypique se lance alors dans une enqu\u00eate complexe<\/strong>, \u00e0 laquelle d&rsquo;autres meurtres viendront s&rsquo;ajouter et faire trembler nos hauts dirigeants. <\/p>\n\n\n\n<p class=\"has-medium-font-size wp-block-paragraph\">D&#8217;embl\u00e9e, l&rsquo;auteur <strong>d\u00e9nonce un monde politique corrompu<\/strong> et les d\u00e9rives des grands dirigeants. Ces derniers profitant des injustices sociales exacerb\u00e9es par une crise sanitaire. Les personnages principaux, y compris le tueur, sont finement analys\u00e9s, devenant familiers au lecteur au fil des pages. <strong>Le roman d\u00e9peint donc avec r\u00e9alisme et lucidit\u00e9 les facettes sombres de la soci\u00e9t\u00e9 fran\u00e7aise. <\/strong>L&rsquo;auteur expose les puissants et les hommes politiques sous leur jour le plus sinistre. Ainsi, il ne m\u00e9nage pas ses critiques en exprimant ouvertement tout le mal qu&rsquo;il pense d&rsquo;eux au travers d&rsquo;une<strong> plume ac\u00e9r\u00e9e, percutante et humoristique<\/strong>.<\/p>\n\n\n\n<p class=\"has-medium-font-size wp-block-paragraph\">L&rsquo;auteur s&rsquo;est d&rsquo;ailleurs amus\u00e9 \u00e0 cacher de v\u00e9ritables personnalit\u00e9s de la politique fran\u00e7aise derri\u00e8re ses personnages fictifs. J<strong>&lsquo;ai alors pris plaisir \u00e0 essayer de deviner qui se cachait derri\u00e8re chacun d&rsquo;entre eux.<\/strong> Qu&rsquo;il s&rsquo;agisse de Jeffrey Poux de Maisieux, Benjamin Sussac, Fr\u00e9d\u00e9ric Sauce-Canne ou encore Henri F\u00e9val de Largad\u00e8re. <strong>Ces personnages imbus d&rsquo;eux-m\u00eames, vicieux, machiav\u00e9liques et menteurs<\/strong>, viennent ainsi \u00e9toffer cette toile sombre et complexe, renfor\u00e7ant l&rsquo;int\u00e9r\u00eat et l&rsquo;addiction du lecteur pour l&rsquo;intrigue.<\/p>\n\n\n\n<p class=\"has-medium-font-size wp-block-paragraph\">L&rsquo;enqu\u00eate polici\u00e8re suit <strong>une trame classique<\/strong>, mais se d\u00e9marque gr\u00e2ce \u00e0 l&rsquo;ajout habile de manipulations, chantages et espionnages, qui donne une dimension suppl\u00e9mentaire \u00e0 l&rsquo;histoire. Christophe L\u00e9on nous immerge dans un univers d\u00e9l\u00e9t\u00e8re, o\u00f9 le harc\u00e8lement et le mensonge d&rsquo;\u00c9tat se r\u00e9v\u00e8lent omnipr\u00e9sents. Au fur et \u00e0 mesure que l&rsquo;auteur d\u00e9voile les fondements de l&rsquo;affaire, il nous entra\u00eene dans <strong>un tourbillon \u00e9motionnel, oscillant entre violence physique et psychologique.<\/strong><\/p>\n\n\n\n<p class=\"has-medium-font-size wp-block-paragraph\">Heureusement, la relation qui s&rsquo;instaure entre le vieux flic passionn\u00e9 par son travail et la jeune commissaire Asperger, malgr\u00e9 elle, apporte une touche humaine, un souffle de d\u00e9licatesse \u00e0 cette enqu\u00eate sombre et impitoyable.<\/p>\n\n\n<div class=\"wp-block-image\">\n<figure class=\"aligncenter size-large\"><img loading=\"lazy\" decoding=\"async\" width=\"1024\" height=\"1024\" src=\"https:\/\/serialectrice.com\/wp-content\/uploads\/2023\/07\/Sans-titre-Publication-Instagram-Carre-53-1024x1024.png\" alt=\"\" class=\"wp-image-4757\" srcset=\"https:\/\/serialectrice.com\/wp-content\/uploads\/2023\/07\/Sans-titre-Publication-Instagram-Carre-53-1024x1024.png 1024w, https:\/\/serialectrice.com\/wp-content\/uploads\/2023\/07\/Sans-titre-Publication-Instagram-Carre-53-300x300.png 300w, https:\/\/serialectrice.com\/wp-content\/uploads\/2023\/07\/Sans-titre-Publication-Instagram-Carre-53-150x150.png 150w, https:\/\/serialectrice.com\/wp-content\/uploads\/2023\/07\/Sans-titre-Publication-Instagram-Carre-53-768x768.png 768w, https:\/\/serialectrice.com\/wp-content\/uploads\/2023\/07\/Sans-titre-Publication-Instagram-Carre-53-100x100.png 100w, https:\/\/serialectrice.com\/wp-content\/uploads\/2023\/07\/Sans-titre-Publication-Instagram-Carre-53.png 1080w\" sizes=\"auto, (max-width: 1024px) 100vw, 1024px\" \/><\/figure>\n<\/div>\n\n\n<p class=\"has-text-align-center has-medium-font-size wp-block-paragraph\"><em>En somme, ce roman noir <strong>est un r\u00e9cit subtil, profond et engag\u00e9<\/strong> qui ne laisse pas le lecteur indiff\u00e9rent. Si vous recherchez <strong>un polar captivant, au regard critique sur les d\u00e9rives du pouvoir<\/strong> et de la soci\u00e9t\u00e9, alors foncez<\/em> !<em> <\/em><\/p>\n\n\n<div class=\"wp-block-jetpack-rating-star\" style=\"text-align:center\" itemprop=\"reviewRating\" itemscope itemtype=\"http:\/\/schema.org\/Rating\"><p><span aria-hidden=\"true\">\u2b50<\/span><span aria-hidden=\"true\">\u2b50<\/span><span aria-hidden=\"true\">\u2b50<\/span><span aria-hidden=\"true\">\u2b50<\/span><span aria-hidden=\"true\">\u2b50<\/span><\/p><span style=\"display: none;\" itemprop=\"worstRating\" content=\"0.5\"><span>\n<svg xmlns=\"http:\/\/www.w3.org\/2000\/svg\" width=\"24\" height=\"24\" viewBox=\"0 0 24 24\">\n\t<path class=\"\" fill=\"currentColor\" stroke=\"currentColor\" d=\"M12,17.3l6.2,3.7l-1.6-7L22,9.2l-7.2-0.6L12,2L9.2,8.6L2,9.2L7.5,14l-1.6,7L12,17.3z\" \/>\n<\/svg>\n<\/span>\n<span>\n<svg xmlns=\"http:\/\/www.w3.org\/2000\/svg\" width=\"24\" height=\"24\" viewBox=\"0 0 24 24\">\n\t<path class=\"\" fill=\"currentColor\" stroke=\"currentColor\" d=\"M12,17.3l6.2,3.7l-1.6-7L22,9.2l-7.2-0.6L12,2L9.2,8.6L2,9.2L7.5,14l-1.6,7L12,17.3z\" \/>\n<\/svg>\n<\/span><\/span><span style=\"display: none;\" ><span>\n<svg xmlns=\"http:\/\/www.w3.org\/2000\/svg\" width=\"24\" height=\"24\" viewBox=\"0 0 24 24\">\n\t<path class=\"\" fill=\"currentColor\" stroke=\"currentColor\" d=\"M12,17.3l6.2,3.7l-1.6-7L22,9.2l-7.2-0.6L12,2L9.2,8.6L2,9.2L7.5,14l-1.6,7L12,17.3z\" \/>\n<\/svg>\n<\/span>\n<span>\n<svg xmlns=\"http:\/\/www.w3.org\/2000\/svg\" width=\"24\" height=\"24\" viewBox=\"0 0 24 24\">\n\t<path class=\"\" fill=\"currentColor\" stroke=\"currentColor\" d=\"M12,17.3l6.2,3.7l-1.6-7L22,9.2l-7.2-0.6L12,2L9.2,8.6L2,9.2L7.5,14l-1.6,7L12,17.3z\" \/>\n<\/svg>\n<\/span><\/span><span style=\"display: none;\" ><span>\n<svg xmlns=\"http:\/\/www.w3.org\/2000\/svg\" width=\"24\" height=\"24\" viewBox=\"0 0 24 24\">\n\t<path class=\"\" fill=\"currentColor\" stroke=\"currentColor\" d=\"M12,17.3l6.2,3.7l-1.6-7L22,9.2l-7.2-0.6L12,2L9.2,8.6L2,9.2L7.5,14l-1.6,7L12,17.3z\" \/>\n<\/svg>\n<\/span>\n<span>\n<svg xmlns=\"http:\/\/www.w3.org\/2000\/svg\" width=\"24\" height=\"24\" viewBox=\"0 0 24 24\">\n\t<path class=\"\" fill=\"currentColor\" stroke=\"currentColor\" d=\"M12,17.3l6.2,3.7l-1.6-7L22,9.2l-7.2-0.6L12,2L9.2,8.6L2,9.2L7.5,14l-1.6,7L12,17.3z\" \/>\n<\/svg>\n<\/span><\/span><span style=\"display: none;\" ><span>\n<svg xmlns=\"http:\/\/www.w3.org\/2000\/svg\" width=\"24\" height=\"24\" viewBox=\"0 0 24 24\">\n\t<path class=\"\" fill=\"currentColor\" stroke=\"currentColor\" d=\"M12,17.3l6.2,3.7l-1.6-7L22,9.2l-7.2-0.6L12,2L9.2,8.6L2,9.2L7.5,14l-1.6,7L12,17.3z\" \/>\n<\/svg>\n<\/span>\n<span>\n<svg xmlns=\"http:\/\/www.w3.org\/2000\/svg\" width=\"24\" height=\"24\" viewBox=\"0 0 24 24\">\n\t<path class=\"\" fill=\"currentColor\" stroke=\"currentColor\" d=\"M12,17.3l6.2,3.7l-1.6-7L22,9.2l-7.2-0.6L12,2L9.2,8.6L2,9.2L7.5,14l-1.6,7L12,17.3z\" \/>\n<\/svg>\n<\/span><\/span><span style=\"display: none;\" itemprop=\"bestRating\" content=\"5\"><span>\n<svg xmlns=\"http:\/\/www.w3.org\/2000\/svg\" width=\"24\" height=\"24\" viewBox=\"0 0 24 24\">\n\t<path class=\"\" fill=\"currentColor\" stroke=\"currentColor\" d=\"M12,17.3l6.2,3.7l-1.6-7L22,9.2l-7.2-0.6L12,2L9.2,8.6L2,9.2L7.5,14l-1.6,7L12,17.3z\" \/>\n<\/svg>\n<\/span>\n<span>\n<svg xmlns=\"http:\/\/www.w3.org\/2000\/svg\" width=\"24\" height=\"24\" viewBox=\"0 0 24 24\">\n\t<path class=\"\" fill=\"currentColor\" stroke=\"currentColor\" d=\"M12,17.3l6.2,3.7l-1.6-7L22,9.2l-7.2-0.6L12,2L9.2,8.6L2,9.2L7.5,14l-1.6,7L12,17.3z\" \/>\n<\/svg>\n<\/span><\/span><span itemprop=\"ratingValue\" class=\"screen-reader-text\" content=\"5\">Note\u00a0: 5\u00a0sur 5.<\/span><\/div>\n\n\n<h2 class=\"wp-block-heading has-vivid-green-cyan-color has-text-color\">Mes challenges<\/h2>\n\n\n\n<p class=\"has-medium-font-size wp-block-paragraph\">Cette lecture m&rsquo;a permis de valider la cat\u00e9gorie du <a href=\"https:\/\/www.facebook.com\/groups\/707636122759664\">challenge annuel<\/a>. <strong>Couverture sur laquelle on retrouve une arme.<\/strong><\/p>\n\n\n\n<p class=\"has-medium-font-size wp-block-paragraph\">Elle m&rsquo;a \u00e9galement permis de valider la cat\u00e9gorie du <a href=\"https:\/\/serialectrice.com\/index.php\/mes-challenges-litteraires\/\">challenge saisonnier<\/a>. <strong>Histoire dans laquelle on retrouve le nom d&rsquo;un religion.<\/strong><\/p>\n","protected":false},"excerpt":{"rendered":"<p>R\u00e9cit subtil, profond et engag\u00e9 qui ne laisse pas le lecteur indiff\u00e9rent.<\/p>\n","protected":false},"author":1,"featured_media":4759,"comment_status":"open","ping_status":"open","sticky":false,"template":"","format":"standard","meta":{"_crdt_document":"","om_disable_all_campaigns":false,"_uag_custom_page_level_css":"","_monsterinsights_skip_tracking":false,"_monsterinsights_sitenote_active":false,"_monsterinsights_sitenote_note":"","_monsterinsights_sitenote_category":0,"_uf_show_specific_survey":0,"_uf_disable_surveys":false,"_jetpack_memberships_contains_paid_content":false,"footnotes":"","jetpack_publicize_message":"L'insurrection imp\u00e9riale de Christophe L\u00e9on. \n\nR\u00e9cit subtil, profond et engag\u00e9 qui ne laisse pas le lecteur indiff\u00e9rent.","jetpack_publicize_feature_enabled":true,"jetpack_social_post_already_shared":true,"jetpack_social_options":{"image_generator_settings":{"template":"highway","default_image_id":0,"font":"","enabled":false},"version":2}},"categories":[83,6],"tags":[539,538,30,129],"class_list":["post-4753","post","type-post","status-publish","format-standard","has-post-thumbnail","hentry","category-coup-de-coeur","category-livres-lus","tag-christophe-leon","tag-roman-engage","tag-roman-noir","tag-roman-policier"],"aioseo_notices":[],"jetpack_publicize_connections":[],"jetpack_featured_media_url":"https:\/\/serialectrice.com\/wp-content\/uploads\/2023\/07\/Design-sans-titre-96.png","uagb_featured_image_src":{"full":["https:\/\/serialectrice.com\/wp-content\/uploads\/2023\/07\/Design-sans-titre-96.png",1788,1034,false],"thumbnail":["https:\/\/serialectrice.com\/wp-content\/uploads\/2023\/07\/Design-sans-titre-96-572x331.png",572,331,true],"medium":["https:\/\/serialectrice.com\/wp-content\/uploads\/2023\/07\/Design-sans-titre-96-300x173.png",300,173,true],"medium_large":["https:\/\/serialectrice.com\/wp-content\/uploads\/2023\/07\/Design-sans-titre-96-768x444.png",768,444,true],"large":["https:\/\/serialectrice.com\/wp-content\/uploads\/2023\/07\/Design-sans-titre-96-1024x592.png",840,486,true],"post-slider-thumb-size":["https:\/\/serialectrice.com\/wp-content\/uploads\/2023\/07\/Design-sans-titre-96.png",330,190,false],"post-category-slider-size":["https:\/\/serialectrice.com\/wp-content\/uploads\/2023\/07\/Design-sans-titre-96.png",330,191,false],"1536x1536":["https:\/\/serialectrice.com\/wp-content\/uploads\/2023\/07\/Design-sans-titre-96-1536x888.png",1536,888,true],"2048x2048":["https:\/\/serialectrice.com\/wp-content\/uploads\/2023\/07\/Design-sans-titre-96.png",1788,1034,false],"hello-fashion-slider":["https:\/\/serialectrice.com\/wp-content\/uploads\/2023\/07\/Design-sans-titre-96.png",480,278,false],"hello-fashion-blog-three":["https:\/\/serialectrice.com\/wp-content\/uploads\/2023\/07\/Design-sans-titre-96.png",420,243,false],"hello-fashion-blog-four":["https:\/\/serialectrice.com\/wp-content\/uploads\/2023\/07\/Design-sans-titre-96.png",573,331,false],"vilva-slider-one":["https:\/\/serialectrice.com\/wp-content\/uploads\/2023\/07\/Design-sans-titre-96.png",1038,600,false],"vilva-featured-four":["https:\/\/serialectrice.com\/wp-content\/uploads\/2023\/07\/Design-sans-titre-96.png",800,463,false],"vilva-blog":["https:\/\/serialectrice.com\/wp-content\/uploads\/2023\/07\/Design-sans-titre-96.png",420,243,false],"vilva-blog-one":["https:\/\/serialectrice.com\/wp-content\/uploads\/2023\/07\/Design-sans-titre-96.png",865,500,false],"vilva-sidebar":["https:\/\/serialectrice.com\/wp-content\/uploads\/2023\/07\/Design-sans-titre-96.png",818,473,false]},"uagb_author_info":{"display_name":"SeriaLectrice","author_link":"https:\/\/serialectrice.com\/index.php\/author\/cilounegmail-com\/"},"uagb_comment_info":1,"uagb_excerpt":"R\u00e9cit subtil, profond et engag\u00e9 qui ne laisse pas le lecteur indiff\u00e9rent.","jetpack_sharing_enabled":true,"jetpack_likes_enabled":true,"_links":{"self":[{"href":"https:\/\/serialectrice.com\/index.php\/wp-json\/wp\/v2\/posts\/4753","targetHints":{"allow":["GET"]}}],"collection":[{"href":"https:\/\/serialectrice.com\/index.php\/wp-json\/wp\/v2\/posts"}],"about":[{"href":"https:\/\/serialectrice.com\/index.php\/wp-json\/wp\/v2\/types\/post"}],"author":[{"embeddable":true,"href":"https:\/\/serialectrice.com\/index.php\/wp-json\/wp\/v2\/users\/1"}],"replies":[{"embeddable":true,"href":"https:\/\/serialectrice.com\/index.php\/wp-json\/wp\/v2\/comments?post=4753"}],"version-history":[{"count":0,"href":"https:\/\/serialectrice.com\/index.php\/wp-json\/wp\/v2\/posts\/4753\/revisions"}],"wp:featuredmedia":[{"embeddable":true,"href":"https:\/\/serialectrice.com\/index.php\/wp-json\/wp\/v2\/media\/4759"}],"wp:attachment":[{"href":"https:\/\/serialectrice.com\/index.php\/wp-json\/wp\/v2\/media?parent=4753"}],"wp:term":[{"taxonomy":"category","embeddable":true,"href":"https:\/\/serialectrice.com\/index.php\/wp-json\/wp\/v2\/categories?post=4753"},{"taxonomy":"post_tag","embeddable":true,"href":"https:\/\/serialectrice.com\/index.php\/wp-json\/wp\/v2\/tags?post=4753"}],"curies":[{"name":"wp","href":"https:\/\/api.w.org\/{rel}","templated":true}]}}