{"id":4733,"date":"2023-07-26T21:25:28","date_gmt":"2023-07-26T19:25:28","guid":{"rendered":"https:\/\/serialectrice.com\/?p=4733"},"modified":"2023-07-26T21:30:12","modified_gmt":"2023-07-26T19:30:12","slug":"challenge-litteraire-_-aout-2023","status":"publish","type":"post","link":"https:\/\/serialectrice.com\/index.php\/2023\/07\/26\/challenge-litteraire-_-aout-2023\/","title":{"rendered":"Challenge Litt\u00e9raire _ Ao\u00fbt 2023"},"content":{"rendered":"\n<p class=\"has-medium-font-size wp-block-paragraph\">Le mois dernier, je n&rsquo;ai pas trouv\u00e9 le temps de publier le challenge litt\u00e9raire mensuel qui \u00e9tait cependant disponible sur ma page Instagram et Booknode. Ce fut d&rsquo;ailleurs un challenge compliqu\u00e9 car je n&rsquo;ai r\u00e9ussi \u00e0 valider que 3 cat\u00e9gories au total. Mais le mois d&rsquo;ao\u00fbt pointe le bout de son nez, il est donc grand temps de d\u00e9voiler le challenge mensuel.<\/p>\n\n\n\n<p class=\"has-medium-font-size wp-block-paragraph\"><strong>Rappel des quelques r\u00e8gles :<\/strong><\/p>\n\n\n\n<ul class=\"wp-block-list\">\n<li>Vous avez du 1er au 31 juillet<\/li>\n\n\n\n<li>Un livre peut valider jusqu&rsquo;\u00e0 2 cat\u00e9gories<\/li>\n\n\n\n<li>BDs et mangas sont accept\u00e9s<\/li>\n\n\n\n<li>On se fait plaisir avant tout !<\/li>\n<\/ul>\n\n\n\n<p class=\"has-medium-font-size wp-block-paragraph\">Pour partager avec nous, utilisez le <strong>#serialectricechallenge<\/strong> (un seul L entre serial et lectrice) dans vos publications et stories.<\/p>\n\n\n\n<p class=\"has-medium-font-size wp-block-paragraph\">Je vais \u00e9galement publier le challenge sur<a href=\"https:\/\/booknode.com\/challenges\/challenge\/\"> booknode<\/a> et mon compte <a href=\"https:\/\/www.instagram.com\/serialectrice_\/\">instagram<\/a>.<\/p>\n\n\n\n<h2 class=\"wp-block-heading\">1. Auteur dont le nom ou pr\u00e9nom contient un accent circonflexe<\/h2>\n\n\n\n<div class=\"wp-block-media-text alignwide is-stacked-on-mobile\" style=\"grid-template-columns:15% auto\"><figure class=\"wp-block-media-text__media\"><img loading=\"lazy\" decoding=\"async\" width=\"768\" height=\"1024\" src=\"https:\/\/serialectrice.com\/wp-content\/uploads\/2023\/07\/357029049_939904900411837_1752423480298534073_n-768x1024.jpg\" alt=\"\" class=\"wp-image-4734 size-full\" srcset=\"https:\/\/serialectrice.com\/wp-content\/uploads\/2023\/07\/357029049_939904900411837_1752423480298534073_n-768x1024.jpg 768w, https:\/\/serialectrice.com\/wp-content\/uploads\/2023\/07\/357029049_939904900411837_1752423480298534073_n-225x300.jpg 225w, https:\/\/serialectrice.com\/wp-content\/uploads\/2023\/07\/357029049_939904900411837_1752423480298534073_n-113x150.jpg 113w, https:\/\/serialectrice.com\/wp-content\/uploads\/2023\/07\/357029049_939904900411837_1752423480298534073_n-1152x1536.jpg 1152w, https:\/\/serialectrice.com\/wp-content\/uploads\/2023\/07\/357029049_939904900411837_1752423480298534073_n.jpg 1536w\" sizes=\"auto, (max-width: 768px) 100vw, 768px\" \/><\/figure><div class=\"wp-block-media-text__content\">\n<p class=\"has-medium-font-size wp-block-paragraph\">Tout comme le mois d&rsquo;<strong>ao\u00fbt a un accent circonflexe<\/strong>, nous cherchons un.e auteur.e dont le nom ou pr\u00e9nom contient ce m\u00eame accent. Je voudrais lire pour l&rsquo;occasion ce roman d&rsquo;un ami badiste, qui n&rsquo;est pas disponible \u00e0 la vente.<strong> Paris a tout pris<\/strong>.<\/p>\n<\/div><\/div>\n\n\n\n<h2 class=\"wp-block-heading\">2. Auteur en 8 lettres<\/h2>\n\n\n\n<div class=\"wp-block-media-text alignwide is-stacked-on-mobile\" style=\"grid-template-columns:15% auto\"><figure class=\"wp-block-media-text__media\"><img loading=\"lazy\" decoding=\"async\" width=\"610\" height=\"1000\" src=\"https:\/\/serialectrice.com\/wp-content\/uploads\/2023\/07\/il-etait-deux-fois.jpg\" alt=\"challenge litt\u00e9raire aout\" class=\"wp-image-4735 size-full\" srcset=\"https:\/\/serialectrice.com\/wp-content\/uploads\/2023\/07\/il-etait-deux-fois.jpg 610w, https:\/\/serialectrice.com\/wp-content\/uploads\/2023\/07\/il-etait-deux-fois-183x300.jpg 183w, https:\/\/serialectrice.com\/wp-content\/uploads\/2023\/07\/il-etait-deux-fois-92x150.jpg 92w\" sizes=\"auto, (max-width: 610px) 100vw, 610px\" \/><\/figure><div class=\"wp-block-media-text__content\">\n<p class=\"has-medium-font-size wp-block-paragraph\">Le mois d&rsquo;ao\u00fbt \u00e9tant le <strong>huiti\u00e8me mois de l&rsquo;ann\u00e9e<\/strong>, je vous propose de chercher un auteur dont le nom de famille est compos\u00e9 de 8 lettres. Je lirai <strong>Il \u00e9tait deux fois<\/strong> de Franck Thilliez dont j&rsquo;ai re\u00e7u la suite en Service-Presse.<\/p>\n<\/div><\/div>\n\n\n\n<h2 class=\"wp-block-heading\">3. Titre en 4 mots<\/h2>\n\n\n\n<div class=\"wp-block-media-text alignwide is-stacked-on-mobile\" style=\"grid-template-columns:15% auto\"><figure class=\"wp-block-media-text__media\"><img loading=\"lazy\" decoding=\"async\" width=\"642\" height=\"1000\" src=\"https:\/\/serialectrice.com\/wp-content\/uploads\/2023\/07\/ils-ont-tue-oppenheimer.jpg\" alt=\"\" class=\"wp-image-4736 size-full\" srcset=\"https:\/\/serialectrice.com\/wp-content\/uploads\/2023\/07\/ils-ont-tue-oppenheimer.jpg 642w, https:\/\/serialectrice.com\/wp-content\/uploads\/2023\/07\/ils-ont-tue-oppenheimer-193x300.jpg 193w, https:\/\/serialectrice.com\/wp-content\/uploads\/2023\/07\/ils-ont-tue-oppenheimer-96x150.jpg 96w\" sizes=\"auto, (max-width: 642px) 100vw, 642px\" \/><\/figure><div class=\"wp-block-media-text__content\">\n<p class=\"has-medium-font-size wp-block-paragraph\">Une fois n&rsquo;est pas coutume, nous nous concentrons toujours sur le mot \u00ab\u00a0ao\u00fbt\u00a0\u00bb qui est <strong>compos\u00e9 de 4 lettres<\/strong>. Nous lirons donc un roman dont le titre est compos\u00e9, lui, de 4 mots. Je dois lire <strong>Ils ont tu\u00e9 Oppenheimer<\/strong> de Virginie Ollagnier, que j&rsquo;ai re\u00e7u (en juin, oups) dans le cadre de mon partenariat avec les \u00e9ditions Folio.<\/p>\n<\/div><\/div>\n\n\n\n<h2 class=\"wp-block-heading\">4. Titre qui commence par la lettre A<\/h2>\n\n\n\n<div class=\"wp-block-media-text alignwide is-stacked-on-mobile\" style=\"grid-template-columns:15% auto\"><figure class=\"wp-block-media-text__media\"><img loading=\"lazy\" decoding=\"async\" width=\"587\" height=\"828\" src=\"https:\/\/serialectrice.com\/wp-content\/uploads\/2023\/07\/a-toutes-les-ames-dechues.jpg\" alt=\"challenge litt\u00e9raire aout\" class=\"wp-image-4737 size-full\" srcset=\"https:\/\/serialectrice.com\/wp-content\/uploads\/2023\/07\/a-toutes-les-ames-dechues.jpg 587w, https:\/\/serialectrice.com\/wp-content\/uploads\/2023\/07\/a-toutes-les-ames-dechues-213x300.jpg 213w, https:\/\/serialectrice.com\/wp-content\/uploads\/2023\/07\/a-toutes-les-ames-dechues-106x150.jpg 106w\" sizes=\"auto, (max-width: 587px) 100vw, 587px\" \/><\/figure><div class=\"wp-block-media-text__content\">\n<p class=\"has-medium-font-size wp-block-paragraph\"><strong>Le mot Ao\u00fbt commen\u00e7ant par la lettre A<\/strong>, nous cherchons un livre dont le titre commence par la m\u00eame lettre. Je lirai <strong>A toutes les \u00e2mes d\u00e9chues<\/strong> de Marie Thomas qui m&rsquo;a \u00e9t\u00e9 envoy\u00e9e par l&rsquo;autrice elle-m\u00eame.<\/p>\n<\/div><\/div>\n\n\n\n<h2 class=\"wp-block-heading\">5. Couverture avec du jaune et du bleu<\/h2>\n\n\n\n<div class=\"wp-block-media-text alignwide is-stacked-on-mobile\" style=\"grid-template-columns:15% auto\"><figure class=\"wp-block-media-text__media\"><img loading=\"lazy\" decoding=\"async\" width=\"468\" height=\"749\" src=\"https:\/\/serialectrice.com\/wp-content\/uploads\/2023\/07\/ce-qui-reste-des-hommes.jpg\" alt=\"\" class=\"wp-image-4738 size-full\" srcset=\"https:\/\/serialectrice.com\/wp-content\/uploads\/2023\/07\/ce-qui-reste-des-hommes.jpg 468w, https:\/\/serialectrice.com\/wp-content\/uploads\/2023\/07\/ce-qui-reste-des-hommes-187x300.jpg 187w, https:\/\/serialectrice.com\/wp-content\/uploads\/2023\/07\/ce-qui-reste-des-hommes-94x150.jpg 94w\" sizes=\"auto, (max-width: 468px) 100vw, 468px\" \/><\/figure><div class=\"wp-block-media-text__content\">\n<p class=\"has-medium-font-size wp-block-paragraph\">Le mois d&rsquo;ao\u00fbt est un mois d&rsquo;\u00e9t\u00e9, et <strong>l&rsquo;\u00e9t\u00e9 me fait penser \u00e0 deux couleurs<\/strong> en particulier : <strong>le jaune<\/strong>, la couleur du soleil et de la lumi\u00e8re, et <strong>le bleu<\/strong>, couleur de la mer, du ciel et de l&rsquo;oc\u00e9an. Je lirai <strong>Ce qui reste des hommes<\/strong> que je dois lire dans le cadre du Prix Bab&rsquo;elles organis\u00e9 par la librairie Des gens qui lisent.<\/p>\n<\/div><\/div>\n\n\n\n<h2 class=\"wp-block-heading\">6. Couverture sur laquelle il y a un papillon<\/h2>\n\n\n\n<div class=\"wp-block-media-text alignwide is-stacked-on-mobile\" style=\"grid-template-columns:15% auto\"><figure class=\"wp-block-media-text__media\"><img loading=\"lazy\" decoding=\"async\" width=\"667\" height=\"1000\" src=\"https:\/\/serialectrice.com\/wp-content\/uploads\/2023\/07\/la-petite-boutique-aux-poisons.jpg\" alt=\"challenge litt\u00e9raire aout\" class=\"wp-image-4739 size-full\" srcset=\"https:\/\/serialectrice.com\/wp-content\/uploads\/2023\/07\/la-petite-boutique-aux-poisons.jpg 667w, https:\/\/serialectrice.com\/wp-content\/uploads\/2023\/07\/la-petite-boutique-aux-poisons-200x300.jpg 200w, https:\/\/serialectrice.com\/wp-content\/uploads\/2023\/07\/la-petite-boutique-aux-poisons-100x150.jpg 100w\" sizes=\"auto, (max-width: 667px) 100vw, 667px\" \/><\/figure><div class=\"wp-block-media-text__content\">\n<p class=\"has-medium-font-size wp-block-paragraph\">Le mois d&rsquo;ao\u00fbt (avec le mois de septembre) voit dispara\u00eetre peu \u00e0 peu <strong>les papillons<\/strong> qui ne peuvent survivre lorsque les temp\u00e9ratures sont trop basses. Nous cherchons donc un livre sur lequel on peut voir un papillon sur la couverture. J&rsquo;aimerais beaucoup lire <strong>La petite boutique aux poisons<\/strong> qui me tente depuis un moment.<\/p>\n<\/div><\/div>\n\n\n\n<h2 class=\"wp-block-heading\">7. Quatri\u00e8me de couverture avec un mot de la famille de dispara\u00eetre<\/h2>\n\n\n\n<div class=\"wp-block-media-text alignwide is-stacked-on-mobile\" style=\"grid-template-columns:15% auto\"><figure class=\"wp-block-media-text__media\"><img loading=\"lazy\" decoding=\"async\" width=\"300\" height=\"451\" src=\"https:\/\/serialectrice.com\/wp-content\/uploads\/2023\/07\/le-disparu-du-quartier-des-granges.jpg\" alt=\"\" class=\"wp-image-4740 size-full\" srcset=\"https:\/\/serialectrice.com\/wp-content\/uploads\/2023\/07\/le-disparu-du-quartier-des-granges.jpg 300w, https:\/\/serialectrice.com\/wp-content\/uploads\/2023\/07\/le-disparu-du-quartier-des-granges-200x300.jpg 200w, https:\/\/serialectrice.com\/wp-content\/uploads\/2023\/07\/le-disparu-du-quartier-des-granges-100x150.jpg 100w\" sizes=\"auto, (max-width: 300px) 100vw, 300px\" \/><\/figure><div class=\"wp-block-media-text__content\">\n<p class=\"has-medium-font-size wp-block-paragraph\">Le 30 ao\u00fbt a lieu la <a href=\"https:\/\/www.un.org\/fr\/observances\/victims-enforced-disappearance\">Journ\u00e9e internationale des victimes de disparition forc\u00e9e<\/a>. Nous chercherons donc un livre dans lequel on retrouve un <strong>mot de la famille de dispara\u00eetre<\/strong> (disparu, disparition &#8230;) sur la quatri\u00e8me de couverture. Je lirai le tome 2 des <strong>enqu\u00eates de <a href=\"https:\/\/serialectrice.com\/index.php\/2022\/10\/28\/la-noyee-de-berlin\/\">Fr\u00e4ulein Gold<\/a><\/strong> d&rsquo;Anne Stern.<\/p>\n<\/div><\/div>\n\n\n\n<h2 class=\"wp-block-heading\">8. Quatri\u00e8me avec l&rsquo;avis d&rsquo;un blogueur (ou blogueuse)<\/h2>\n\n\n\n<div class=\"wp-block-media-text alignwide is-stacked-on-mobile\" style=\"grid-template-columns:15% auto\"><figure class=\"wp-block-media-text__media\"><img loading=\"lazy\" decoding=\"async\" width=\"639\" height=\"1000\" src=\"https:\/\/serialectrice.com\/wp-content\/uploads\/2023\/07\/la-belle-de-venise.jpg\" alt=\"challenge litt\u00e9raire ao\u00fbt\" class=\"wp-image-4744 size-full\" srcset=\"https:\/\/serialectrice.com\/wp-content\/uploads\/2023\/07\/la-belle-de-venise.jpg 639w, https:\/\/serialectrice.com\/wp-content\/uploads\/2023\/07\/la-belle-de-venise-192x300.jpg 192w, https:\/\/serialectrice.com\/wp-content\/uploads\/2023\/07\/la-belle-de-venise-96x150.jpg 96w\" sizes=\"auto, (max-width: 639px) 100vw, 639px\" \/><\/figure><div class=\"wp-block-media-text__content\">\n<p class=\"has-medium-font-size wp-block-paragraph\">Le 31 ao\u00fbt a lieu la <strong>Journ\u00e9e du blog<\/strong>. C&rsquo;est la raison pour laquelle nous allons lire un roman dans lequel on retrouve l&rsquo;avis d&rsquo;un blogueur sur la quatri\u00e8me de couverture. J&rsquo;aimerais lire <strong>La belle de Venise<\/strong> d&rsquo;Emma Mars.<\/p>\n<\/div><\/div>\n\n\n\n<h2 class=\"wp-block-heading\">9. Lire une biographie<\/h2>\n\n\n\n<div class=\"wp-block-media-text alignwide is-stacked-on-mobile\" style=\"grid-template-columns:15% auto\"><figure class=\"wp-block-media-text__media\"><img loading=\"lazy\" decoding=\"async\" width=\"500\" height=\"950\" src=\"https:\/\/serialectrice.com\/wp-content\/uploads\/2023\/07\/platine.jpg\" alt=\"\" class=\"wp-image-4741 size-full\" srcset=\"https:\/\/serialectrice.com\/wp-content\/uploads\/2023\/07\/platine.jpg 500w, https:\/\/serialectrice.com\/wp-content\/uploads\/2023\/07\/platine-158x300.jpg 158w, https:\/\/serialectrice.com\/wp-content\/uploads\/2023\/07\/platine-79x150.jpg 79w\" sizes=\"auto, (max-width: 500px) 100vw, 500px\" \/><\/figure><div class=\"wp-block-media-text__content\">\n<p class=\"has-medium-font-size wp-block-paragraph\">Le 10 ao\u00fbt a lieu <strong>la Journ\u00e9e de la Mise \u00e0 jour de Votre Bio<\/strong> sur les r\u00e9seaux sociaux. Passons sur le caract\u00e8re tr\u00e8\u00e8\u00e8\u00e8\u00e8s important de cette journ\u00e9e et cherchons donc \u00e0 lire une biographie (elle peut \u00eatre romanc\u00e9e). Je lirai donc <strong>Platine<\/strong> de R\u00e9gine D\u00e9tambel dans le cadre du Prix Bab&rsquo;elles.<\/p>\n<\/div><\/div>\n\n\n\n<h2 class=\"wp-block-heading\">10. Roman dans lequel on retrouve des s\u0153urs<\/h2>\n\n\n\n<div class=\"wp-block-media-text alignwide is-stacked-on-mobile\" style=\"grid-template-columns:15% auto\"><figure class=\"wp-block-media-text__media\"><img loading=\"lazy\" decoding=\"async\" width=\"400\" height=\"641\" src=\"https:\/\/serialectrice.com\/wp-content\/uploads\/2023\/07\/Les-sombres-affaires-de-Rosita-Marcadet-Tome-1.jpg\" alt=\"challenge litt\u00e9raire ao\u00fbt\" class=\"wp-image-4742 size-full\" srcset=\"https:\/\/serialectrice.com\/wp-content\/uploads\/2023\/07\/Les-sombres-affaires-de-Rosita-Marcadet-Tome-1.jpg 400w, https:\/\/serialectrice.com\/wp-content\/uploads\/2023\/07\/Les-sombres-affaires-de-Rosita-Marcadet-Tome-1-187x300.jpg 187w, https:\/\/serialectrice.com\/wp-content\/uploads\/2023\/07\/Les-sombres-affaires-de-Rosita-Marcadet-Tome-1-94x150.jpg 94w\" sizes=\"auto, (max-width: 400px) 100vw, 400px\" \/><\/figure><div class=\"wp-block-media-text__content\">\n<p class=\"has-medium-font-size wp-block-paragraph\">Enfin, durant le mois d&rsquo;ao\u00fbt, <strong>nous c\u00e9l\u00e9brerons les s\u0153urs<\/strong> (le 6). C&rsquo;est la raison pour laquelle nous cherchons un roman dans lequel on retrouve des s\u0153urs (elles peuvent \u00eatre des personnages secondaires). J&rsquo;aimerais beaucoup lire<strong> Les sombres affaires de Rosita Marcadet<\/strong> \u00e0 cette occasion.<\/p>\n<\/div><\/div>\n","protected":false},"excerpt":{"rendered":"<p>D\u00e9couvrez les dix nouvelles cat\u00e9gories. Allez-vous participer ?<\/p>\n","protected":false},"author":1,"featured_media":4747,"comment_status":"open","ping_status":"open","sticky":false,"template":"","format":"standard","meta":{"_crdt_document":"","om_disable_all_campaigns":false,"_uag_custom_page_level_css":"","_monsterinsights_skip_tracking":false,"_monsterinsights_sitenote_active":false,"_monsterinsights_sitenote_note":"","_monsterinsights_sitenote_category":0,"_uf_show_specific_survey":0,"_uf_disable_surveys":false,"_jetpack_memberships_contains_paid_content":false,"footnotes":"","jetpack_publicize_message":"D\u00e9couvrez les dix nouvelles cat\u00e9gories. Allez-vous participer ?","jetpack_publicize_feature_enabled":true,"jetpack_social_post_already_shared":false,"jetpack_social_options":{"image_generator_settings":{"template":"highway","default_image_id":0,"font":"","enabled":false},"version":2}},"categories":[4],"tags":[8,267],"class_list":["post-4733","post","type-post","status-publish","format-standard","has-post-thumbnail","hentry","category-challenge","tag-challenge","tag-challenge-mensuel"],"aioseo_notices":[],"jetpack_publicize_connections":[],"jetpack_featured_media_url":"https:\/\/serialectrice.com\/wp-content\/uploads\/2023\/07\/AOuT-2023-1.png","uagb_featured_image_src":{"full":["https:\/\/serialectrice.com\/wp-content\/uploads\/2023\/07\/AOuT-2023-1.png",1788,1034,false],"thumbnail":["https:\/\/serialectrice.com\/wp-content\/uploads\/2023\/07\/AOuT-2023-1-572x331.png",572,331,true],"medium":["https:\/\/serialectrice.com\/wp-content\/uploads\/2023\/07\/AOuT-2023-1-300x173.png",300,173,true],"medium_large":["https:\/\/serialectrice.com\/wp-content\/uploads\/2023\/07\/AOuT-2023-1-768x444.png",768,444,true],"large":["https:\/\/serialectrice.com\/wp-content\/uploads\/2023\/07\/AOuT-2023-1-1024x592.png",840,486,true],"post-slider-thumb-size":["https:\/\/serialectrice.com\/wp-content\/uploads\/2023\/07\/AOuT-2023-1.png",330,190,false],"post-category-slider-size":["https:\/\/serialectrice.com\/wp-content\/uploads\/2023\/07\/AOuT-2023-1.png",330,191,false],"1536x1536":["https:\/\/serialectrice.com\/wp-content\/uploads\/2023\/07\/AOuT-2023-1-1536x888.png",1536,888,true],"2048x2048":["https:\/\/serialectrice.com\/wp-content\/uploads\/2023\/07\/AOuT-2023-1.png",1788,1034,false],"hello-fashion-slider":["https:\/\/serialectrice.com\/wp-content\/uploads\/2023\/07\/AOuT-2023-1.png",480,278,false],"hello-fashion-blog-three":["https:\/\/serialectrice.com\/wp-content\/uploads\/2023\/07\/AOuT-2023-1.png",420,243,false],"hello-fashion-blog-four":["https:\/\/serialectrice.com\/wp-content\/uploads\/2023\/07\/AOuT-2023-1.png",573,331,false],"vilva-slider-one":["https:\/\/serialectrice.com\/wp-content\/uploads\/2023\/07\/AOuT-2023-1.png",1038,600,false],"vilva-featured-four":["https:\/\/serialectrice.com\/wp-content\/uploads\/2023\/07\/AOuT-2023-1.png",800,463,false],"vilva-blog":["https:\/\/serialectrice.com\/wp-content\/uploads\/2023\/07\/AOuT-2023-1.png",420,243,false],"vilva-blog-one":["https:\/\/serialectrice.com\/wp-content\/uploads\/2023\/07\/AOuT-2023-1.png",865,500,false],"vilva-sidebar":["https:\/\/serialectrice.com\/wp-content\/uploads\/2023\/07\/AOuT-2023-1.png",818,473,false]},"uagb_author_info":{"display_name":"SeriaLectrice","author_link":"https:\/\/serialectrice.com\/index.php\/author\/cilounegmail-com\/"},"uagb_comment_info":6,"uagb_excerpt":"D\u00e9couvrez les dix nouvelles cat\u00e9gories. Allez-vous participer ?","jetpack_sharing_enabled":true,"jetpack_likes_enabled":true,"_links":{"self":[{"href":"https:\/\/serialectrice.com\/index.php\/wp-json\/wp\/v2\/posts\/4733","targetHints":{"allow":["GET"]}}],"collection":[{"href":"https:\/\/serialectrice.com\/index.php\/wp-json\/wp\/v2\/posts"}],"about":[{"href":"https:\/\/serialectrice.com\/index.php\/wp-json\/wp\/v2\/types\/post"}],"author":[{"embeddable":true,"href":"https:\/\/serialectrice.com\/index.php\/wp-json\/wp\/v2\/users\/1"}],"replies":[{"embeddable":true,"href":"https:\/\/serialectrice.com\/index.php\/wp-json\/wp\/v2\/comments?post=4733"}],"version-history":[{"count":0,"href":"https:\/\/serialectrice.com\/index.php\/wp-json\/wp\/v2\/posts\/4733\/revisions"}],"wp:featuredmedia":[{"embeddable":true,"href":"https:\/\/serialectrice.com\/index.php\/wp-json\/wp\/v2\/media\/4747"}],"wp:attachment":[{"href":"https:\/\/serialectrice.com\/index.php\/wp-json\/wp\/v2\/media?parent=4733"}],"wp:term":[{"taxonomy":"category","embeddable":true,"href":"https:\/\/serialectrice.com\/index.php\/wp-json\/wp\/v2\/categories?post=4733"},{"taxonomy":"post_tag","embeddable":true,"href":"https:\/\/serialectrice.com\/index.php\/wp-json\/wp\/v2\/tags?post=4733"}],"curies":[{"name":"wp","href":"https:\/\/api.w.org\/{rel}","templated":true}]}}