{"id":4335,"date":"2023-03-19T18:00:00","date_gmt":"2023-03-19T16:00:00","guid":{"rendered":"https:\/\/serialectrice.com\/?p=4335"},"modified":"2023-03-19T16:01:56","modified_gmt":"2023-03-19T14:01:56","slug":"la-ou-sont-tes-racines","status":"publish","type":"post","link":"https:\/\/serialectrice.com\/index.php\/2023\/03\/19\/la-ou-sont-tes-racines\/","title":{"rendered":"L\u00e0 o\u00f9 sont tes racines _ Ellen Marie Wiseman"},"content":{"rendered":"\n<div class=\"wp-block-media-text alignwide is-stacked-on-mobile\"><figure class=\"wp-block-media-text__media\"><img loading=\"lazy\" decoding=\"async\" width=\"400\" height=\"602\" src=\"https:\/\/serialectrice.com\/wp-content\/uploads\/2023\/03\/La-ou-sont-tes-racines.jpg\" alt=\"\" class=\"wp-image-4336 size-full\" srcset=\"https:\/\/serialectrice.com\/wp-content\/uploads\/2023\/03\/La-ou-sont-tes-racines.jpg 400w, https:\/\/serialectrice.com\/wp-content\/uploads\/2023\/03\/La-ou-sont-tes-racines-199x300.jpg 199w, https:\/\/serialectrice.com\/wp-content\/uploads\/2023\/03\/La-ou-sont-tes-racines-100x150.jpg 100w\" sizes=\"auto, (max-width: 400px) 100vw, 400px\" \/><\/figure><div class=\"wp-block-media-text__content\">\n<h2 class=\"has-vivid-green-cyan-color has-text-color wp-block-heading\">R\u00e9sum\u00e9<\/h2>\n\n\n\n<p class=\"wp-block-paragraph\" style=\"font-size:19px\">Christine, 17 ans, domestique, sait que le monde entier l\u2019attend au-del\u00e0 de son petit village allemand. Un monde qu\u2019elle a commenc\u00e9 \u00e0 apercevoir gr\u00e2ce \u00e0 la musique, aux livres et \u00e0 Isaac Bauerman, le fils de la riche famille juive pour laquelle elle travaille. Pourtant, l\u2019avenir qu\u2019elle et Isaac r\u00eavent de partager fait face \u00e0 de grands d\u00e9fis. D\u00e8s l\u2019automne 1938, l\u2019Allemagne se transforme rapidement sous le r\u00e9gime hitl\u00e9rien. Des affiches anti-juives pullulent, les r\u00e9bellions sont r\u00e9duites au silence et une nouvelle loi interdit quiconque d&rsquo;entretenir une relation avec un juif. Durant les mois et les ann\u00e9es qui vont suivre, Christine va affronter la col\u00e8re de la Gestapo et les horreurs de Dachau, d\u00e9sesp\u00e9r\u00e9e d\u2019\u00eatre avec l\u2019homme qu\u2019elle aime, de survivre et de s\u2019exprimer.<\/p>\n<\/div><\/div>\n\n\n\n<h2 class=\"has-vivid-green-cyan-color has-text-color wp-block-heading\">Mon ressenti<\/h2>\n\n\n\n<p class=\"has-medium-font-size wp-block-paragraph\"><strong>L\u00e0 o\u00f9 sont tes racines<\/strong> est le tout premier roman d&rsquo;Ellen Marie Wiseman dont ont d\u00e9j\u00e0 \u00e9t\u00e9 publi\u00e9s deux autres romans aux \u00e9ditions Faubourg-Marigny. Inspir\u00e9 par la vie de sa grand-m\u00e8re, ce roman se d\u00e9roule en <strong>Allemagne pendant la seconde guerre mondiale<\/strong>. Il tenait \u00e0 c\u0153ur \u00e0 l&rsquo;autrice de montrer qu&rsquo;une grande partie <strong>des allemands ont autant subi la guerre que les alli\u00e9s<\/strong>. Que les allemands aussi \u00e9taient prisonniers de guerre s&rsquo;ils osaient venir en aide \u00e0 un juif et que ceux qui se battaient sous les drapeaux allemands <strong>ne juraient pas forc\u00e9ment all\u00e9geance \u00e0 Hitler<\/strong>. <\/p>\n\n\n\n<p class=\"has-medium-font-size wp-block-paragraph\">Certains pourraient se dire \u00ab\u00a0encore un roman sur la seconde guerre mondiale, que va nous apporter de plus celui-ci ?\u00a0\u00bb. Alors qu&rsquo;en France, en Histoire, on ne nous montre que la vision des alli\u00e9s, <strong>ce roman nous propose de passer de l&rsquo;autre c\u00f4t\u00e9 du miroir<\/strong>. C&rsquo;est vraiment l\u00e0 son point fort, selon moi. Nous nous mettons \u00e0 la place d&rsquo;une jeune fille allemande, amoureuse d&rsquo;un juif qui plus est. <strong>Des allemands pour qui les alli\u00e9s sont les ennemis m\u00eame s&rsquo;ils ne soutiennent pas Hitler.<\/strong> Ils souhaitent avant tout d\u00e9fendre leur pays, et qui pourrait les en bl\u00e2mer ? D&rsquo;ailleurs, comme le dit si bien Goldman dans une de ses chansons, \u00ab\u00a0Aurais-je&nbsp;<em>\u00e9t\u00e9<\/em>&nbsp;meilleur ou&nbsp;<em>pire<\/em>&nbsp;que&nbsp;<em>ces gens<\/em>.&nbsp;<em>Si<\/em>&nbsp;j&rsquo;avais&nbsp;<em>\u00e9t\u00e9<\/em>&nbsp;allemand ?\u00a0\u00bb. <strong>Rien n&rsquo;est jamais blanc ou noir<\/strong>, bien \u00e9videmment. <strong>Et finalement, dans une guerre, malgr\u00e9 les apparences il n&rsquo;y a jamais de gagnant.<\/strong><\/p>\n\n\n\n<p class=\"has-medium-font-size wp-block-paragraph\">Au del\u00e0 de \u00e7a,<strong> l&rsquo;histoire que nous propose ici l&rsquo;autrice est passionnante<\/strong>. Christine fera tout pour venir en aide \u00e0 son amour Isaac. Tortur\u00e9e entre le besoin de le sauver et celui de ne pas mettre sa propre famille en danger. <strong>Marie Ellen Wiseman, par son \u00e9criture, a r\u00e9ussi \u00e0 retranscrire le climat lourd et pesant de la guerre qui monte en puissance. <\/strong>Et le rythme du r\u00e9cit va crescendo au fur et \u00e0 mesure que cette guerre s&rsquo;intensifie. Et Christine se d\u00e9voile. Derri\u00e8re le masque de la jeune fille pos\u00e9e se cache une h\u00e9ro\u00efne. Qui prendra des risques pour Isaac, mais pas seulement. <strong>Un roman bouleversant !<\/strong><\/p>\n\n\n\n<h2 class=\"wp-block-heading\"><\/h2>\n\n\n<div class=\"wp-block-image\">\n<figure class=\"aligncenter size-large\"><img loading=\"lazy\" decoding=\"async\" width=\"1024\" height=\"1024\" src=\"https:\/\/serialectrice.com\/wp-content\/uploads\/2023\/03\/Sans-titre-Publication-Instagram-Carre-4-1024x1024.png\" alt=\"\" class=\"wp-image-4352\" srcset=\"https:\/\/serialectrice.com\/wp-content\/uploads\/2023\/03\/Sans-titre-Publication-Instagram-Carre-4-1024x1024.png 1024w, https:\/\/serialectrice.com\/wp-content\/uploads\/2023\/03\/Sans-titre-Publication-Instagram-Carre-4-300x300.png 300w, https:\/\/serialectrice.com\/wp-content\/uploads\/2023\/03\/Sans-titre-Publication-Instagram-Carre-4-150x150.png 150w, https:\/\/serialectrice.com\/wp-content\/uploads\/2023\/03\/Sans-titre-Publication-Instagram-Carre-4-768x768.png 768w, https:\/\/serialectrice.com\/wp-content\/uploads\/2023\/03\/Sans-titre-Publication-Instagram-Carre-4-100x100.png 100w, https:\/\/serialectrice.com\/wp-content\/uploads\/2023\/03\/Sans-titre-Publication-Instagram-Carre-4.png 1080w\" sizes=\"auto, (max-width: 1024px) 100vw, 1024px\" \/><\/figure>\n<\/div>\n\n\n<p class=\"has-text-align-center has-medium-font-size wp-block-paragraph\"><em><strong>On ne ressort jamais indemne apr\u00e8s la lecture d&rsquo;un roman sur cette guerre<\/strong>. Malgr\u00e9 toutes ces lectures, tous les t\u00e9moignages, jamais nous ne pourrons imaginer ce que les civils et soldats ont pu vivre. <strong>Jamais nous ne pourrons comprendre ce qu&rsquo;ils ont endur\u00e9.<\/strong> Et qu&rsquo;on nous \u00e9pargne le plus longtemps possible d&rsquo;avoir \u00e0 vivre un tel drame. <strong>Une tr\u00e8s belle lecture<\/strong> que je vous conseille fortement.<\/em><\/p>\n\n\n<div class=\"wp-block-jetpack-rating-star\" style=\"text-align:center\" itemprop=\"reviewRating\" itemscope itemtype=\"http:\/\/schema.org\/Rating\"><p><span aria-hidden=\"true\">\u2b50<\/span><span aria-hidden=\"true\">\u2b50<\/span><span aria-hidden=\"true\">\u2b50<\/span><span aria-hidden=\"true\">\u2b50<\/span><span aria-hidden=\"true\">\u2b50<\/span><\/p><span style=\"display: none;\" itemprop=\"worstRating\" content=\"0.5\"><span>\n<svg xmlns=\"http:\/\/www.w3.org\/2000\/svg\" width=\"24\" height=\"24\" viewBox=\"0 0 24 24\">\n\t<path class=\"\" fill=\"currentColor\" stroke=\"currentColor\" d=\"M12,17.3l6.2,3.7l-1.6-7L22,9.2l-7.2-0.6L12,2L9.2,8.6L2,9.2L7.5,14l-1.6,7L12,17.3z\" \/>\n<\/svg>\n<\/span>\n<span>\n<svg xmlns=\"http:\/\/www.w3.org\/2000\/svg\" width=\"24\" height=\"24\" viewBox=\"0 0 24 24\">\n\t<path class=\"\" fill=\"currentColor\" stroke=\"currentColor\" d=\"M12,17.3l6.2,3.7l-1.6-7L22,9.2l-7.2-0.6L12,2L9.2,8.6L2,9.2L7.5,14l-1.6,7L12,17.3z\" \/>\n<\/svg>\n<\/span><\/span><span style=\"display: none;\" ><span>\n<svg xmlns=\"http:\/\/www.w3.org\/2000\/svg\" width=\"24\" height=\"24\" viewBox=\"0 0 24 24\">\n\t<path class=\"\" fill=\"currentColor\" stroke=\"currentColor\" d=\"M12,17.3l6.2,3.7l-1.6-7L22,9.2l-7.2-0.6L12,2L9.2,8.6L2,9.2L7.5,14l-1.6,7L12,17.3z\" \/>\n<\/svg>\n<\/span>\n<span>\n<svg xmlns=\"http:\/\/www.w3.org\/2000\/svg\" width=\"24\" height=\"24\" viewBox=\"0 0 24 24\">\n\t<path class=\"\" fill=\"currentColor\" stroke=\"currentColor\" d=\"M12,17.3l6.2,3.7l-1.6-7L22,9.2l-7.2-0.6L12,2L9.2,8.6L2,9.2L7.5,14l-1.6,7L12,17.3z\" \/>\n<\/svg>\n<\/span><\/span><span style=\"display: none;\" ><span>\n<svg xmlns=\"http:\/\/www.w3.org\/2000\/svg\" width=\"24\" height=\"24\" viewBox=\"0 0 24 24\">\n\t<path class=\"\" fill=\"currentColor\" stroke=\"currentColor\" d=\"M12,17.3l6.2,3.7l-1.6-7L22,9.2l-7.2-0.6L12,2L9.2,8.6L2,9.2L7.5,14l-1.6,7L12,17.3z\" \/>\n<\/svg>\n<\/span>\n<span>\n<svg xmlns=\"http:\/\/www.w3.org\/2000\/svg\" width=\"24\" height=\"24\" viewBox=\"0 0 24 24\">\n\t<path class=\"\" fill=\"currentColor\" stroke=\"currentColor\" d=\"M12,17.3l6.2,3.7l-1.6-7L22,9.2l-7.2-0.6L12,2L9.2,8.6L2,9.2L7.5,14l-1.6,7L12,17.3z\" \/>\n<\/svg>\n<\/span><\/span><span style=\"display: none;\" ><span>\n<svg xmlns=\"http:\/\/www.w3.org\/2000\/svg\" width=\"24\" height=\"24\" viewBox=\"0 0 24 24\">\n\t<path class=\"\" fill=\"currentColor\" stroke=\"currentColor\" d=\"M12,17.3l6.2,3.7l-1.6-7L22,9.2l-7.2-0.6L12,2L9.2,8.6L2,9.2L7.5,14l-1.6,7L12,17.3z\" \/>\n<\/svg>\n<\/span>\n<span>\n<svg xmlns=\"http:\/\/www.w3.org\/2000\/svg\" width=\"24\" height=\"24\" viewBox=\"0 0 24 24\">\n\t<path class=\"\" fill=\"currentColor\" stroke=\"currentColor\" d=\"M12,17.3l6.2,3.7l-1.6-7L22,9.2l-7.2-0.6L12,2L9.2,8.6L2,9.2L7.5,14l-1.6,7L12,17.3z\" \/>\n<\/svg>\n<\/span><\/span><span style=\"display: none;\" itemprop=\"bestRating\" content=\"5\"><span>\n<svg xmlns=\"http:\/\/www.w3.org\/2000\/svg\" width=\"24\" height=\"24\" viewBox=\"0 0 24 24\">\n\t<path class=\"\" fill=\"currentColor\" stroke=\"currentColor\" d=\"M12,17.3l6.2,3.7l-1.6-7L22,9.2l-7.2-0.6L12,2L9.2,8.6L2,9.2L7.5,14l-1.6,7L12,17.3z\" \/>\n<\/svg>\n<\/span>\n<span>\n<svg xmlns=\"http:\/\/www.w3.org\/2000\/svg\" width=\"24\" height=\"24\" viewBox=\"0 0 24 24\">\n\t<path class=\"is-rating-unfilled\" fill=\"currentColor\" stroke=\"currentColor\" d=\"M12,17.3l6.2,3.7l-1.6-7L22,9.2l-7.2-0.6L12,2L9.2,8.6L2,9.2L7.5,14l-1.6,7L12,17.3z\" \/>\n<\/svg>\n<\/span><\/span><span itemprop=\"ratingValue\" class=\"screen-reader-text\" content=\"4.5\">Note\u00a0: 4.5\u00a0sur 5.<\/span><\/div>\n\n\n<p class=\"has-text-align-center wp-block-paragraph\">Merci aux \u00e9ditions <a href=\"http:\/\/www.gesteditions.com\/faubourg-marigny\/\">Faubourg-Marigny<\/a> pour cette lecture.<\/p>\n\n\n\n<h2 class=\"has-vivid-green-cyan-color has-text-color wp-block-heading\">Mes challenges<\/h2>\n\n\n\n<p class=\"has-medium-font-size wp-block-paragraph\">Cette lecture m&rsquo;a permis de valider la cat\u00e9gorie 90 du <a href=\"https:\/\/www.facebook.com\/groups\/707636122759664\">challenge annuel<\/a>. <strong>Quatri\u00e8me avec l&rsquo;\u00e2ge du personnage.<\/strong><\/p>\n\n\n\n<p class=\"has-medium-font-size wp-block-paragraph\">Elle m&rsquo;a \u00e9galement permis de valider la cat\u00e9gorie du <a href=\"https:\/\/serialectrice.com\/index.php\/2023\/02\/26\/challenge-litteraire-mars-2023\/\">challenge mensuel<\/a>. <strong>Titre avec un mot autour du champ lexical de fleurs.<\/strong><\/p>\n","protected":false},"excerpt":{"rendered":"<p>Christine est allemande. Elle est amoureuse d&rsquo;Isaac, juif. La guerre mondiale va les s\u00e9parer.<\/p>\n","protected":false},"author":1,"featured_media":4353,"comment_status":"open","ping_status":"open","sticky":false,"template":"","format":"standard","meta":{"_crdt_document":"","om_disable_all_campaigns":false,"_uag_custom_page_level_css":"","_monsterinsights_skip_tracking":false,"_monsterinsights_sitenote_active":false,"_monsterinsights_sitenote_note":"","_monsterinsights_sitenote_category":0,"_uf_show_specific_survey":0,"_uf_disable_surveys":false,"_jetpack_memberships_contains_paid_content":false,"footnotes":"","jetpack_publicize_message":"L\u00e0 o\u00f9 sont tes racines d'Ellen Marie Wiseman\n\nChristine est allemande. Elle est amoureuse d'Isaac, juif. La guerre mondiale va les s\u00e9parer.","jetpack_publicize_feature_enabled":true,"jetpack_social_post_already_shared":true,"jetpack_social_options":{"image_generator_settings":{"template":"highway","default_image_id":0,"font":"","enabled":false},"version":2}},"categories":[6,14],"tags":[446,471,459,59],"class_list":["post-4335","post","type-post","status-publish","format-standard","has-post-thumbnail","hentry","category-livres-lus","category-service-presse","tag-deuxiemeguerremondiale-2","tag-ellen-marie-wiseman","tag-faubourg-marigny","tag-roman-historique"],"aioseo_notices":[],"jetpack_publicize_connections":[],"jetpack_featured_media_url":"https:\/\/serialectrice.com\/wp-content\/uploads\/2023\/03\/Sans-titre-9-1.png","uagb_featured_image_src":{"full":["https:\/\/serialectrice.com\/wp-content\/uploads\/2023\/03\/Sans-titre-9-1.png",1786,1034,false],"thumbnail":["https:\/\/serialectrice.com\/wp-content\/uploads\/2023\/03\/Sans-titre-9-1-572x331.png",572,331,true],"medium":["https:\/\/serialectrice.com\/wp-content\/uploads\/2023\/03\/Sans-titre-9-1-300x174.png",300,174,true],"medium_large":["https:\/\/serialectrice.com\/wp-content\/uploads\/2023\/03\/Sans-titre-9-1-768x445.png",768,445,true],"large":["https:\/\/serialectrice.com\/wp-content\/uploads\/2023\/03\/Sans-titre-9-1-1024x593.png",840,486,true],"post-slider-thumb-size":["https:\/\/serialectrice.com\/wp-content\/uploads\/2023\/03\/Sans-titre-9-1.png",328,190,false],"post-category-slider-size":["https:\/\/serialectrice.com\/wp-content\/uploads\/2023\/03\/Sans-titre-9-1.png",330,191,false],"1536x1536":["https:\/\/serialectrice.com\/wp-content\/uploads\/2023\/03\/Sans-titre-9-1-1536x889.png",1536,889,true],"2048x2048":["https:\/\/serialectrice.com\/wp-content\/uploads\/2023\/03\/Sans-titre-9-1.png",1786,1034,false],"hello-fashion-slider":["https:\/\/serialectrice.com\/wp-content\/uploads\/2023\/03\/Sans-titre-9-1.png",480,278,false],"hello-fashion-blog-three":["https:\/\/serialectrice.com\/wp-content\/uploads\/2023\/03\/Sans-titre-9-1.png",420,243,false],"hello-fashion-blog-four":["https:\/\/serialectrice.com\/wp-content\/uploads\/2023\/03\/Sans-titre-9-1.png",573,332,false],"vilva-slider-one":["https:\/\/serialectrice.com\/wp-content\/uploads\/2023\/03\/Sans-titre-9-1.png",1036,600,false],"vilva-featured-four":["https:\/\/serialectrice.com\/wp-content\/uploads\/2023\/03\/Sans-titre-9-1.png",800,463,false],"vilva-blog":["https:\/\/serialectrice.com\/wp-content\/uploads\/2023\/03\/Sans-titre-9-1.png",420,243,false],"vilva-blog-one":["https:\/\/serialectrice.com\/wp-content\/uploads\/2023\/03\/Sans-titre-9-1.png",864,500,false],"vilva-sidebar":["https:\/\/serialectrice.com\/wp-content\/uploads\/2023\/03\/Sans-titre-9-1.png",817,473,false]},"uagb_author_info":{"display_name":"SeriaLectrice","author_link":"https:\/\/serialectrice.com\/index.php\/author\/cilounegmail-com\/"},"uagb_comment_info":2,"uagb_excerpt":"Christine est allemande. Elle est amoureuse d'Isaac, juif. La guerre mondiale va les s\u00e9parer.","jetpack_sharing_enabled":true,"jetpack_likes_enabled":true,"_links":{"self":[{"href":"https:\/\/serialectrice.com\/index.php\/wp-json\/wp\/v2\/posts\/4335","targetHints":{"allow":["GET"]}}],"collection":[{"href":"https:\/\/serialectrice.com\/index.php\/wp-json\/wp\/v2\/posts"}],"about":[{"href":"https:\/\/serialectrice.com\/index.php\/wp-json\/wp\/v2\/types\/post"}],"author":[{"embeddable":true,"href":"https:\/\/serialectrice.com\/index.php\/wp-json\/wp\/v2\/users\/1"}],"replies":[{"embeddable":true,"href":"https:\/\/serialectrice.com\/index.php\/wp-json\/wp\/v2\/comments?post=4335"}],"version-history":[{"count":0,"href":"https:\/\/serialectrice.com\/index.php\/wp-json\/wp\/v2\/posts\/4335\/revisions"}],"wp:featuredmedia":[{"embeddable":true,"href":"https:\/\/serialectrice.com\/index.php\/wp-json\/wp\/v2\/media\/4353"}],"wp:attachment":[{"href":"https:\/\/serialectrice.com\/index.php\/wp-json\/wp\/v2\/media?parent=4335"}],"wp:term":[{"taxonomy":"category","embeddable":true,"href":"https:\/\/serialectrice.com\/index.php\/wp-json\/wp\/v2\/categories?post=4335"},{"taxonomy":"post_tag","embeddable":true,"href":"https:\/\/serialectrice.com\/index.php\/wp-json\/wp\/v2\/tags?post=4335"}],"curies":[{"name":"wp","href":"https:\/\/api.w.org\/{rel}","templated":true}]}}