{"id":4264,"date":"2023-03-01T18:00:00","date_gmt":"2023-03-01T16:00:00","guid":{"rendered":"https:\/\/serialectrice.com\/?p=4264"},"modified":"2023-02-26T14:47:45","modified_gmt":"2023-02-26T12:47:45","slug":"zazie-dans-le-metro-_-raymond-queneau","status":"publish","type":"post","link":"https:\/\/serialectrice.com\/index.php\/2023\/03\/01\/zazie-dans-le-metro-_-raymond-queneau\/","title":{"rendered":"Zazie dans le m\u00e9tro _ Raymond Queneau"},"content":{"rendered":"\n<div class=\"wp-block-media-text alignwide is-stacked-on-mobile\"><figure class=\"wp-block-media-text__media\"><img loading=\"lazy\" decoding=\"async\" width=\"400\" height=\"658\" src=\"https:\/\/serialectrice.com\/wp-content\/uploads\/2023\/02\/Zazie-dans-le-metro.jpg\" alt=\"\" class=\"wp-image-4265 size-full\" srcset=\"https:\/\/serialectrice.com\/wp-content\/uploads\/2023\/02\/Zazie-dans-le-metro.jpg 400w, https:\/\/serialectrice.com\/wp-content\/uploads\/2023\/02\/Zazie-dans-le-metro-182x300.jpg 182w, https:\/\/serialectrice.com\/wp-content\/uploads\/2023\/02\/Zazie-dans-le-metro-91x150.jpg 91w\" sizes=\"auto, (max-width: 400px) 100vw, 400px\" \/><\/figure><div class=\"wp-block-media-text__content\">\n<h2 class=\"has-vivid-green-cyan-color has-text-color wp-block-heading\">R\u00e9sum\u00e9<\/h2>\n\n\n\n<p class=\"wp-block-paragraph\" style=\"font-size:19px\">Zazie dans le m\u00e9tro\u00a0\u00bb est un roman de l&rsquo;\u00e9crivain fran\u00e7ais Raymond Queneau, publi\u00e9 en 1959. Il raconte l&rsquo;histoire de Zazie, une jeune fille de 12 ans, qui arrive \u00e0 Paris pour passer un week-end chez son oncle Gabriel. Zazie est une enfant impertinente, espi\u00e8gle et effront\u00e9e qui est d\u00e9termin\u00e9e \u00e0 d\u00e9couvrir la ville et son m\u00e9tro parisien.<\/p>\n<\/div><\/div>\n\n\n\n<h2 class=\"has-vivid-green-cyan-color has-text-color wp-block-heading\">Mon ressenti<\/h2>\n\n\n\n<p class=\"has-medium-font-size wp-block-paragraph\">Zazie dans le m\u00e9tro est un roman dont <strong>le style est unique, avec des jeux de mots, des calembours et des expressions populaires <\/strong>qui refl\u00e8tent l&rsquo;argot parisien des ann\u00e9es 1950. Le livre , plein d&rsquo;humour et de situations absurdes, <strong>refl\u00e8te la nature chaotique de la ville et de ses habitants. <\/strong>Rien de surprenant si on conna\u00eet un peu Raymond Queneau que j&rsquo;ai d\u00e9couvert lors de mon bac de lettres, en lisant Les Fleurs bleues et dont je garde un souvenir m\u00e9morable. J&rsquo;ai ensuite lu Le vol d&rsquo;Icare dans lequel l&rsquo;auteur a une imagination d\u00e9bordante. Le dernier livre de Queneau que j&rsquo;ai lu, <a href=\"https:\/\/serialectrice.com\/index.php\/2022\/01\/17\/pierrot-mon-ami\/\">Pierrot mon ami<\/a>, m&rsquo;avait moins emport\u00e9e que les pr\u00e9c\u00e9dents.<\/p>\n\n\n\n<p class=\"has-medium-font-size wp-block-paragraph\">En lisant Zazie dans le m\u00e9tro, <strong>on est rapidement emport\u00e9 par l&rsquo;histoire<\/strong> et l&rsquo;univers de Queneau. Les personnages sont tr\u00e8s bien construits, avec des personnalit\u00e9s distinctes et originales. Zazie elle-m\u00eame est <strong>un personnage complexe<\/strong>, \u00e0 la fois attachant et exasp\u00e9rant, et ses aventures dans la ville laissent le lecteur \u00e0 la fois amus\u00e9 et \u00e9merveill\u00e9. <strong>Son langage plus que fleuri pour une jeune fille fera forc\u00e9ment rire le lecteur<\/strong>, d&rsquo;autant qu&rsquo;il est vraiment spontan\u00e9. Rien de plus naturel pour cette jeune fille que de ponctuer chacune de ses phrases par des \u00ab\u00a0mon cul\u00a0\u00bb. Cependant, le livre est parfois difficile \u00e0 suivre, \u00e0 cause de sa structure narrative et de son style d&rsquo;\u00e9criture inhabituel. <strong>Les nombreux n\u00e9ologismes dont \u00e9tait friand Queneau<\/strong> freinent parfois la lecture car le lecteur cherche \u00e0 comprendre le sens de ses mots qui ne veulent rien dire.<\/p>\n\n\n\n<p class=\"has-medium-font-size wp-block-paragraph\">Dans Zazie dans le m\u00e9tro, Queneau aborde des <strong>th\u00e9matiques assez originales pour son \u00e9poque. <\/strong>Ainsi Gabriel est \u00ab\u00a0hormosessuel\u00a0\u00bb, danseur de revue dans un cabaret. Les diff\u00e9rents personnages seront soit tr\u00e8s tol\u00e9rants vis \u00e0 vis de cet homme soit compl\u00e8tement r\u00e9fractaires. <strong>La mani\u00e8re dont l&rsquo;auteur aborde l&rsquo;homosexualit\u00e9 dans ce roman est assez stigmatisante<\/strong>. Cela refl\u00e8te les attitudes sociales de l&rsquo;\u00e9poque, mais peut \u00eatre probl\u00e9matique si on ne prend pas le recul n\u00e9cessaire. <strong>Il est donc important de lire et de comprendre cette repr\u00e9sentation dans son contexte historique et culturel.<\/strong><\/p>\n\n\n<div class=\"wp-block-image\">\n<figure class=\"aligncenter size-large\"><img loading=\"lazy\" decoding=\"async\" width=\"1024\" height=\"1024\" src=\"https:\/\/serialectrice.com\/wp-content\/uploads\/2023\/02\/Sans-titre-Publication-Instagram-Carre-1024x1024.png\" alt=\"\" class=\"wp-image-4272\" srcset=\"https:\/\/serialectrice.com\/wp-content\/uploads\/2023\/02\/Sans-titre-Publication-Instagram-Carre-1024x1024.png 1024w, https:\/\/serialectrice.com\/wp-content\/uploads\/2023\/02\/Sans-titre-Publication-Instagram-Carre-300x300.png 300w, https:\/\/serialectrice.com\/wp-content\/uploads\/2023\/02\/Sans-titre-Publication-Instagram-Carre-150x150.png 150w, https:\/\/serialectrice.com\/wp-content\/uploads\/2023\/02\/Sans-titre-Publication-Instagram-Carre-768x768.png 768w, https:\/\/serialectrice.com\/wp-content\/uploads\/2023\/02\/Sans-titre-Publication-Instagram-Carre-100x100.png 100w, https:\/\/serialectrice.com\/wp-content\/uploads\/2023\/02\/Sans-titre-Publication-Instagram-Carre.png 1080w\" sizes=\"auto, (max-width: 1024px) 100vw, 1024px\" \/><\/figure>\n<\/div>\n\n\n<p class=\"has-text-align-center has-medium-font-size wp-block-paragraph\"><em>Dans l&rsquo;ensemble, Zazie dans le m\u00e9tro est un roman <strong>plut\u00f4t divertissant et origina<\/strong><\/em> , <em>tandis que l&rsquo;histoire elle-m\u00eame est pleine d&rsquo;aventures et de surprises. <\/em><\/p>\n\n\n<div class=\"wp-block-jetpack-rating-star\" style=\"text-align:center\" itemprop=\"reviewRating\" itemscope itemtype=\"http:\/\/schema.org\/Rating\"><p><span aria-hidden=\"true\">\u2b50<\/span><span aria-hidden=\"true\">\u2b50<\/span><span aria-hidden=\"true\">\u2b50<\/span><span aria-hidden=\"true\">\u2b50<\/span><\/p><span style=\"display: none;\" itemprop=\"worstRating\" content=\"0.5\"><span>\n<svg xmlns=\"http:\/\/www.w3.org\/2000\/svg\" width=\"24\" height=\"24\" viewBox=\"0 0 24 24\">\n\t<path class=\"\" fill=\"currentColor\" stroke=\"currentColor\" d=\"M12,17.3l6.2,3.7l-1.6-7L22,9.2l-7.2-0.6L12,2L9.2,8.6L2,9.2L7.5,14l-1.6,7L12,17.3z\" \/>\n<\/svg>\n<\/span>\n<span>\n<svg xmlns=\"http:\/\/www.w3.org\/2000\/svg\" width=\"24\" height=\"24\" viewBox=\"0 0 24 24\">\n\t<path class=\"\" fill=\"currentColor\" stroke=\"currentColor\" d=\"M12,17.3l6.2,3.7l-1.6-7L22,9.2l-7.2-0.6L12,2L9.2,8.6L2,9.2L7.5,14l-1.6,7L12,17.3z\" \/>\n<\/svg>\n<\/span><\/span><span style=\"display: none;\" ><span>\n<svg xmlns=\"http:\/\/www.w3.org\/2000\/svg\" width=\"24\" height=\"24\" viewBox=\"0 0 24 24\">\n\t<path class=\"\" fill=\"currentColor\" stroke=\"currentColor\" d=\"M12,17.3l6.2,3.7l-1.6-7L22,9.2l-7.2-0.6L12,2L9.2,8.6L2,9.2L7.5,14l-1.6,7L12,17.3z\" \/>\n<\/svg>\n<\/span>\n<span>\n<svg xmlns=\"http:\/\/www.w3.org\/2000\/svg\" width=\"24\" height=\"24\" viewBox=\"0 0 24 24\">\n\t<path class=\"\" fill=\"currentColor\" stroke=\"currentColor\" d=\"M12,17.3l6.2,3.7l-1.6-7L22,9.2l-7.2-0.6L12,2L9.2,8.6L2,9.2L7.5,14l-1.6,7L12,17.3z\" \/>\n<\/svg>\n<\/span><\/span><span style=\"display: none;\" ><span>\n<svg xmlns=\"http:\/\/www.w3.org\/2000\/svg\" width=\"24\" height=\"24\" viewBox=\"0 0 24 24\">\n\t<path class=\"\" fill=\"currentColor\" stroke=\"currentColor\" d=\"M12,17.3l6.2,3.7l-1.6-7L22,9.2l-7.2-0.6L12,2L9.2,8.6L2,9.2L7.5,14l-1.6,7L12,17.3z\" \/>\n<\/svg>\n<\/span>\n<span>\n<svg xmlns=\"http:\/\/www.w3.org\/2000\/svg\" width=\"24\" height=\"24\" viewBox=\"0 0 24 24\">\n\t<path class=\"\" fill=\"currentColor\" stroke=\"currentColor\" d=\"M12,17.3l6.2,3.7l-1.6-7L22,9.2l-7.2-0.6L12,2L9.2,8.6L2,9.2L7.5,14l-1.6,7L12,17.3z\" \/>\n<\/svg>\n<\/span><\/span><span style=\"display: none;\" ><span>\n<svg xmlns=\"http:\/\/www.w3.org\/2000\/svg\" width=\"24\" height=\"24\" viewBox=\"0 0 24 24\">\n\t<path class=\"\" fill=\"currentColor\" stroke=\"currentColor\" d=\"M12,17.3l6.2,3.7l-1.6-7L22,9.2l-7.2-0.6L12,2L9.2,8.6L2,9.2L7.5,14l-1.6,7L12,17.3z\" \/>\n<\/svg>\n<\/span>\n<span>\n<svg xmlns=\"http:\/\/www.w3.org\/2000\/svg\" width=\"24\" height=\"24\" viewBox=\"0 0 24 24\">\n\t<path class=\"\" fill=\"currentColor\" stroke=\"currentColor\" d=\"M12,17.3l6.2,3.7l-1.6-7L22,9.2l-7.2-0.6L12,2L9.2,8.6L2,9.2L7.5,14l-1.6,7L12,17.3z\" \/>\n<\/svg>\n<\/span><\/span><span style=\"display: none;\" itemprop=\"bestRating\" content=\"5\"><span>\n<svg xmlns=\"http:\/\/www.w3.org\/2000\/svg\" width=\"24\" height=\"24\" viewBox=\"0 0 24 24\">\n\t<path class=\"is-rating-unfilled\" fill=\"currentColor\" stroke=\"currentColor\" d=\"M12,17.3l6.2,3.7l-1.6-7L22,9.2l-7.2-0.6L12,2L9.2,8.6L2,9.2L7.5,14l-1.6,7L12,17.3z\" \/>\n<\/svg>\n<\/span>\n<span>\n<svg xmlns=\"http:\/\/www.w3.org\/2000\/svg\" width=\"24\" height=\"24\" viewBox=\"0 0 24 24\">\n\t<path class=\"is-rating-unfilled\" fill=\"currentColor\" stroke=\"currentColor\" d=\"M12,17.3l6.2,3.7l-1.6-7L22,9.2l-7.2-0.6L12,2L9.2,8.6L2,9.2L7.5,14l-1.6,7L12,17.3z\" \/>\n<\/svg>\n<\/span><\/span><span itemprop=\"ratingValue\" class=\"screen-reader-text\" content=\"4\">Note\u00a0: 4\u00a0sur 5.<\/span><\/div>\n\n\n<h2 class=\"has-vivid-green-cyan-color has-text-color wp-block-heading\">Mes challenges<\/h2>\n\n\n\n<p class=\"has-medium-font-size wp-block-paragraph\">Cette lecture m&rsquo;a permis de valider la cat\u00e9gorie du <a href=\"https:\/\/www.facebook.com\/groups\/707636122759664\">challenge annuel<\/a>. <strong>Lire un livre de plus de 108 pages <\/strong>(nombre de livres dans ma PAL divis\u00e9 par mon \u00e2ge).<\/p>\n\n\n\n<p class=\"has-medium-font-size wp-block-paragraph\">J&rsquo;ai \u00e9galement valid\u00e9 la cat\u00e9gorie du <a href=\"https:\/\/serialectrice.com\/index.php\/2023\/01\/27\/challenge-litteraire-fevrier-2023\/\">challenge mensuel<\/a>. <strong>Lire un auteur n\u00e9 en f\u00e9vrier.<\/strong><\/p>\n","protected":false},"excerpt":{"rendered":"<p>Zazie, une jeune fille de 12 ans,arrive \u00e0 Paris pour passer un week-end chez son oncle Gabriel.<\/p>\n","protected":false},"author":1,"featured_media":4273,"comment_status":"open","ping_status":"open","sticky":false,"template":"","format":"standard","meta":{"_crdt_document":"","om_disable_all_campaigns":false,"_uag_custom_page_level_css":"","_monsterinsights_skip_tracking":false,"_monsterinsights_sitenote_active":false,"_monsterinsights_sitenote_note":"","_monsterinsights_sitenote_category":0,"_uf_show_specific_survey":0,"_uf_disable_surveys":false,"_jetpack_memberships_contains_paid_content":false,"footnotes":"","jetpack_publicize_message":"Zazie, une jeune fille de 12 ans, arrive \u00e0 Paris pour passer un week-end chez son oncle Gabriel.","jetpack_publicize_feature_enabled":true,"jetpack_social_post_already_shared":true,"jetpack_social_options":{"image_generator_settings":{"template":"highway","default_image_id":0,"font":"","enabled":false},"version":2}},"categories":[6],"tags":[219],"class_list":["post-4264","post","type-post","status-publish","format-standard","has-post-thumbnail","hentry","category-livres-lus","tag-raymond-queneau"],"aioseo_notices":[],"jetpack_publicize_connections":[],"jetpack_featured_media_url":"https:\/\/serialectrice.com\/wp-content\/uploads\/2023\/03\/Sans-titre-4.png","uagb_featured_image_src":{"full":["https:\/\/serialectrice.com\/wp-content\/uploads\/2023\/03\/Sans-titre-4.png",1788,1034,false],"thumbnail":["https:\/\/serialectrice.com\/wp-content\/uploads\/2023\/03\/Sans-titre-4-572x331.png",572,331,true],"medium":["https:\/\/serialectrice.com\/wp-content\/uploads\/2023\/03\/Sans-titre-4-300x173.png",300,173,true],"medium_large":["https:\/\/serialectrice.com\/wp-content\/uploads\/2023\/03\/Sans-titre-4-768x444.png",768,444,true],"large":["https:\/\/serialectrice.com\/wp-content\/uploads\/2023\/03\/Sans-titre-4-1024x592.png",840,486,true],"post-slider-thumb-size":["https:\/\/serialectrice.com\/wp-content\/uploads\/2023\/03\/Sans-titre-4.png",330,190,false],"post-category-slider-size":["https:\/\/serialectrice.com\/wp-content\/uploads\/2023\/03\/Sans-titre-4.png",330,191,false],"1536x1536":["https:\/\/serialectrice.com\/wp-content\/uploads\/2023\/03\/Sans-titre-4-1536x888.png",1536,888,true],"2048x2048":["https:\/\/serialectrice.com\/wp-content\/uploads\/2023\/03\/Sans-titre-4.png",1788,1034,false],"hello-fashion-slider":["https:\/\/serialectrice.com\/wp-content\/uploads\/2023\/03\/Sans-titre-4.png",480,278,false],"hello-fashion-blog-three":["https:\/\/serialectrice.com\/wp-content\/uploads\/2023\/03\/Sans-titre-4.png",420,243,false],"hello-fashion-blog-four":["https:\/\/serialectrice.com\/wp-content\/uploads\/2023\/03\/Sans-titre-4.png",573,331,false],"vilva-slider-one":["https:\/\/serialectrice.com\/wp-content\/uploads\/2023\/03\/Sans-titre-4.png",1038,600,false],"vilva-featured-four":["https:\/\/serialectrice.com\/wp-content\/uploads\/2023\/03\/Sans-titre-4.png",800,463,false],"vilva-blog":["https:\/\/serialectrice.com\/wp-content\/uploads\/2023\/03\/Sans-titre-4.png",420,243,false],"vilva-blog-one":["https:\/\/serialectrice.com\/wp-content\/uploads\/2023\/03\/Sans-titre-4.png",865,500,false],"vilva-sidebar":["https:\/\/serialectrice.com\/wp-content\/uploads\/2023\/03\/Sans-titre-4.png",818,473,false]},"uagb_author_info":{"display_name":"SeriaLectrice","author_link":"https:\/\/serialectrice.com\/index.php\/author\/cilounegmail-com\/"},"uagb_comment_info":1,"uagb_excerpt":"Zazie, une jeune fille de 12 ans,arrive \u00e0 Paris pour passer un week-end chez son oncle Gabriel.","jetpack_sharing_enabled":true,"jetpack_likes_enabled":true,"_links":{"self":[{"href":"https:\/\/serialectrice.com\/index.php\/wp-json\/wp\/v2\/posts\/4264","targetHints":{"allow":["GET"]}}],"collection":[{"href":"https:\/\/serialectrice.com\/index.php\/wp-json\/wp\/v2\/posts"}],"about":[{"href":"https:\/\/serialectrice.com\/index.php\/wp-json\/wp\/v2\/types\/post"}],"author":[{"embeddable":true,"href":"https:\/\/serialectrice.com\/index.php\/wp-json\/wp\/v2\/users\/1"}],"replies":[{"embeddable":true,"href":"https:\/\/serialectrice.com\/index.php\/wp-json\/wp\/v2\/comments?post=4264"}],"version-history":[{"count":0,"href":"https:\/\/serialectrice.com\/index.php\/wp-json\/wp\/v2\/posts\/4264\/revisions"}],"wp:featuredmedia":[{"embeddable":true,"href":"https:\/\/serialectrice.com\/index.php\/wp-json\/wp\/v2\/media\/4273"}],"wp:attachment":[{"href":"https:\/\/serialectrice.com\/index.php\/wp-json\/wp\/v2\/media?parent=4264"}],"wp:term":[{"taxonomy":"category","embeddable":true,"href":"https:\/\/serialectrice.com\/index.php\/wp-json\/wp\/v2\/categories?post=4264"},{"taxonomy":"post_tag","embeddable":true,"href":"https:\/\/serialectrice.com\/index.php\/wp-json\/wp\/v2\/tags?post=4264"}],"curies":[{"name":"wp","href":"https:\/\/api.w.org\/{rel}","templated":true}]}}