{"id":4150,"date":"2023-01-17T18:00:00","date_gmt":"2023-01-17T16:00:00","guid":{"rendered":"https:\/\/serialectrice.com\/?p=4150"},"modified":"2023-01-17T11:54:46","modified_gmt":"2023-01-17T09:54:46","slug":"n-oublie-pas-les-fleurs","status":"publish","type":"post","link":"https:\/\/serialectrice.com\/index.php\/2023\/01\/17\/n-oublie-pas-les-fleurs\/","title":{"rendered":"N&rsquo;oublie pas les fleurs _ Genki Kawamura"},"content":{"rendered":"\n<div class=\"wp-block-media-text alignwide is-stacked-on-mobile\"><figure class=\"wp-block-media-text__media\"><img loading=\"lazy\" decoding=\"async\" width=\"400\" height=\"655\" src=\"https:\/\/serialectrice.com\/wp-content\/uploads\/2022\/12\/N-oublie-pas-les-fleurs.jpg\" alt=\"N'oublie pas les fleurs\" class=\"wp-image-4096 size-full\" srcset=\"https:\/\/serialectrice.com\/wp-content\/uploads\/2022\/12\/N-oublie-pas-les-fleurs.jpg 400w, https:\/\/serialectrice.com\/wp-content\/uploads\/2022\/12\/N-oublie-pas-les-fleurs-183x300.jpg 183w, https:\/\/serialectrice.com\/wp-content\/uploads\/2022\/12\/N-oublie-pas-les-fleurs-92x150.jpg 92w\" sizes=\"auto, (max-width: 400px) 100vw, 400px\" \/><\/figure><div class=\"wp-block-media-text__content\">\n<h2 class=\"has-vivid-green-cyan-color has-text-color wp-block-heading\">R\u00e9sum\u00e9<\/h2>\n\n\n\n<p class=\"wp-block-paragraph\" style=\"font-size:19px\">Le soir du 31 d\u00e9cembre, Izumi rend visite \u00e0 sa m\u00e8re Yuriko pour les f\u00eates de fin d\u2019ann\u00e9e, mais cette derni\u00e8re est absente. Il la retrouve finalement perch\u00e9e sur la balan\u00e7oire d\u2019un parc voisin, o\u00f9 elle semble perdue. Cet \u00e9v\u00e9nement n\u2019est que le premier signe de la maladie qui la ronge : quelques mois plus tard, il apprend qu\u2019elle est atteinte d\u2019Alzheimer.<br>\u00c0 mesure que les souvenirs de Yuriko s\u2019estompent, ceux de l\u2019enfance d\u2019Izumi ressurgissent. En prenant soin de sa m\u00e8re \u2013 au moment o\u00f9 lui-m\u00eame s\u2019appr\u00eate \u00e0 devenir p\u00e8re \u2013 Izumi tente de comprendre ce qui l\u2019a \u00e9loign\u00e9 d\u2019elle au fil du temps, s\u2019interroge sur le sens de leur relation. Pour retrouver l\u2019essentiel de ce qui leur reste \u00e0 pr\u00e9sent.<\/p>\n<\/div><\/div>\n\n\n\n<h2 class=\"has-vivid-green-cyan-color has-text-color wp-block-heading\">Mon ressenti<\/h2>\n\n\n\n<p class=\"has-medium-font-size wp-block-paragraph\">Lu dans le cadre du <a href=\"https:\/\/grandprixdeslecteurs-pocket.lisez.com\/\">Grand Prix des lecteurs Pocket<\/a>, N&rsquo;oublie pas les fleurs est le premier que j&rsquo;ai voulu lire car <strong>le titre et la couverture me plaisaient<\/strong> beaucoup. Ce roman aborde la probl\u00e9matique de la maladie d&rsquo;<strong>Alzheimer<\/strong>. On s&rsquo;int\u00e9resse aux premiers symptomes de cette maladie et aux <strong>r\u00e9percussions sur le quotidien du souffrant<\/strong>. Mais aussi aux <strong>cons\u00e9quences que cela a aupr\u00e8s des proches des malades. <\/strong><\/p>\n\n\n\n<p class=\"has-medium-font-size wp-block-paragraph\">C&rsquo;est Izumi qui voit peu \u00e0 peu sa m\u00e8re, Yuriko, perdre ses souvenirs. Mais bien avant de perdre la m\u00e9moire, cette derni\u00e8re commence d&rsquo;abord par oublier ce qu&rsquo;elle voulait faire, o\u00f9 elle voulait aller. C&rsquo;est ainsi qu&rsquo;<strong>Izumi la retrouve, au tout d\u00e9but du livre, assise sur une balan\u00e7oire. <\/strong>Partie chercher son fils, elle avait oubli\u00e9 que celui-ci devait venir chez elle. Parfois, c&rsquo;est aussi<strong> le pass\u00e9 qui ressurgit et la m\u00e9moire de Yuriko fait un \u00e9norme bond en arri\u00e8re.<\/strong> Elle se retrouve alors \u00e0 5 ans et a tout oubli\u00e9 des ann\u00e9es qui suivent. Mais c&rsquo;est surtout <strong>le fils qui souffre de cette situation.<\/strong> L&rsquo;attachement qu&rsquo;il a pour sa m\u00e8re est intense. Mais Yuriko, m\u00eame si elle a conscience de sa maladie, semble plut\u00f4t bien l&rsquo;accepter. Elle ne semble pas \u00eatre celle qui en souffre le plus.<\/p>\n\n\n\n<p class=\"has-medium-font-size wp-block-paragraph\"><strong>La plume de Genki Kawamura est tr\u00e8s douce, fluide et po\u00e9tique.<\/strong> N&rsquo;oublie pas les fleurs se laisse lire <strong>comme un oiseau se laisse porter par le vent.<\/strong> Mais certains passages du livre m&rsquo;ont semble de trop. Notamment toute <strong>la partie professionnelle d&rsquo;Izumi qui n&rsquo;apporte rien de particulier \u00e0 l&rsquo;histoire. <\/strong>Ainsi, nous passons un ou deux chapitres \u00e0 suivre la quotidien d&rsquo;Izumi au travail, avec ses coll\u00e8gues (et leurs coucheries) et ses clients. Ce n&rsquo;\u00e9tait vraiment pas n\u00e9cessaire selon moi.<strong> Ce sont d&rsquo;ailleurs les passages durant lesquels je me suis le plus ennuy\u00e9e. <\/strong>Par contre, un passage a particuli\u00e8rement retenu mon attention : <strong>le journal intime de Yuriko dans lequel Izumi comprend une p\u00e9riode de son pass\u00e9 qu&rsquo;il a longtemps occult\u00e9. <\/strong>Les \u00e9motions ressenties par nos deux personnages sont parfaitement retranscrites et pourtant, <strong>\u00e0 aucun moment, nous ne tombons dans le m\u00e9lodramatique.<\/strong><\/p>\n\n\n\n<figure class=\"wp-block-image size-large\"><img loading=\"lazy\" decoding=\"async\" width=\"1024\" height=\"1024\" src=\"https:\/\/serialectrice.com\/wp-content\/uploads\/2023\/01\/Sans-titre-Publication-Instagram-Carre8-1024x1024.png\" alt=\"\" class=\"wp-image-4153\" srcset=\"https:\/\/serialectrice.com\/wp-content\/uploads\/2023\/01\/Sans-titre-Publication-Instagram-Carre8-1024x1024.png 1024w, https:\/\/serialectrice.com\/wp-content\/uploads\/2023\/01\/Sans-titre-Publication-Instagram-Carre8-300x300.png 300w, https:\/\/serialectrice.com\/wp-content\/uploads\/2023\/01\/Sans-titre-Publication-Instagram-Carre8-150x150.png 150w, https:\/\/serialectrice.com\/wp-content\/uploads\/2023\/01\/Sans-titre-Publication-Instagram-Carre8-768x768.png 768w, https:\/\/serialectrice.com\/wp-content\/uploads\/2023\/01\/Sans-titre-Publication-Instagram-Carre8-100x100.png 100w, https:\/\/serialectrice.com\/wp-content\/uploads\/2023\/01\/Sans-titre-Publication-Instagram-Carre8.png 1080w\" sizes=\"auto, (max-width: 1024px) 100vw, 1024px\" \/><\/figure>\n\n\n\n<p class=\"has-text-align-center has-medium-font-size wp-block-paragraph\"><em>Ce livre fut pour moi une <strong>lecture plut\u00f4t agr\u00e9able<\/strong>. Une \u00e9criture<strong> pudique<\/strong>, comme beaucoup de <a href=\"https:\/\/serialectrice.com\/index.php\/2021\/09\/19\/la-papeterie-tsubaki\/\">romans japonais<\/a>, avec quelques<strong> longueurs et passages inutiles.<\/strong><\/em><\/p>\n\n\n<div class=\"wp-block-jetpack-rating-star\" style=\"text-align:center\" itemprop=\"reviewRating\" itemscope itemtype=\"http:\/\/schema.org\/Rating\"><p><span aria-hidden=\"true\">\u2b50<\/span><span aria-hidden=\"true\">\u2b50<\/span><span aria-hidden=\"true\">\u2b50<\/span><span aria-hidden=\"true\">\u2b50<\/span><\/p><span style=\"display: none;\" itemprop=\"worstRating\" content=\"0.5\"><span>\n<svg xmlns=\"http:\/\/www.w3.org\/2000\/svg\" width=\"24\" height=\"24\" viewBox=\"0 0 24 24\">\n\t<path class=\"\" fill=\"currentColor\" stroke=\"currentColor\" d=\"M12,17.3l6.2,3.7l-1.6-7L22,9.2l-7.2-0.6L12,2L9.2,8.6L2,9.2L7.5,14l-1.6,7L12,17.3z\" \/>\n<\/svg>\n<\/span>\n<span>\n<svg xmlns=\"http:\/\/www.w3.org\/2000\/svg\" width=\"24\" height=\"24\" viewBox=\"0 0 24 24\">\n\t<path class=\"\" fill=\"currentColor\" stroke=\"currentColor\" d=\"M12,17.3l6.2,3.7l-1.6-7L22,9.2l-7.2-0.6L12,2L9.2,8.6L2,9.2L7.5,14l-1.6,7L12,17.3z\" \/>\n<\/svg>\n<\/span><\/span><span style=\"display: none;\" ><span>\n<svg xmlns=\"http:\/\/www.w3.org\/2000\/svg\" width=\"24\" height=\"24\" viewBox=\"0 0 24 24\">\n\t<path class=\"\" fill=\"currentColor\" stroke=\"currentColor\" d=\"M12,17.3l6.2,3.7l-1.6-7L22,9.2l-7.2-0.6L12,2L9.2,8.6L2,9.2L7.5,14l-1.6,7L12,17.3z\" \/>\n<\/svg>\n<\/span>\n<span>\n<svg xmlns=\"http:\/\/www.w3.org\/2000\/svg\" width=\"24\" height=\"24\" viewBox=\"0 0 24 24\">\n\t<path class=\"\" fill=\"currentColor\" stroke=\"currentColor\" d=\"M12,17.3l6.2,3.7l-1.6-7L22,9.2l-7.2-0.6L12,2L9.2,8.6L2,9.2L7.5,14l-1.6,7L12,17.3z\" \/>\n<\/svg>\n<\/span><\/span><span style=\"display: none;\" ><span>\n<svg xmlns=\"http:\/\/www.w3.org\/2000\/svg\" width=\"24\" height=\"24\" viewBox=\"0 0 24 24\">\n\t<path class=\"\" fill=\"currentColor\" stroke=\"currentColor\" d=\"M12,17.3l6.2,3.7l-1.6-7L22,9.2l-7.2-0.6L12,2L9.2,8.6L2,9.2L7.5,14l-1.6,7L12,17.3z\" \/>\n<\/svg>\n<\/span>\n<span>\n<svg xmlns=\"http:\/\/www.w3.org\/2000\/svg\" width=\"24\" height=\"24\" viewBox=\"0 0 24 24\">\n\t<path class=\"\" fill=\"currentColor\" stroke=\"currentColor\" d=\"M12,17.3l6.2,3.7l-1.6-7L22,9.2l-7.2-0.6L12,2L9.2,8.6L2,9.2L7.5,14l-1.6,7L12,17.3z\" \/>\n<\/svg>\n<\/span><\/span><span style=\"display: none;\" ><span>\n<svg xmlns=\"http:\/\/www.w3.org\/2000\/svg\" width=\"24\" height=\"24\" viewBox=\"0 0 24 24\">\n\t<path class=\"\" fill=\"currentColor\" stroke=\"currentColor\" d=\"M12,17.3l6.2,3.7l-1.6-7L22,9.2l-7.2-0.6L12,2L9.2,8.6L2,9.2L7.5,14l-1.6,7L12,17.3z\" \/>\n<\/svg>\n<\/span>\n<span>\n<svg xmlns=\"http:\/\/www.w3.org\/2000\/svg\" width=\"24\" height=\"24\" viewBox=\"0 0 24 24\">\n\t<path class=\"is-rating-unfilled\" fill=\"currentColor\" stroke=\"currentColor\" d=\"M12,17.3l6.2,3.7l-1.6-7L22,9.2l-7.2-0.6L12,2L9.2,8.6L2,9.2L7.5,14l-1.6,7L12,17.3z\" \/>\n<\/svg>\n<\/span><\/span><span style=\"display: none;\" itemprop=\"bestRating\" content=\"5\"><span>\n<svg xmlns=\"http:\/\/www.w3.org\/2000\/svg\" width=\"24\" height=\"24\" viewBox=\"0 0 24 24\">\n\t<path class=\"is-rating-unfilled\" fill=\"currentColor\" stroke=\"currentColor\" d=\"M12,17.3l6.2,3.7l-1.6-7L22,9.2l-7.2-0.6L12,2L9.2,8.6L2,9.2L7.5,14l-1.6,7L12,17.3z\" \/>\n<\/svg>\n<\/span>\n<span>\n<svg xmlns=\"http:\/\/www.w3.org\/2000\/svg\" width=\"24\" height=\"24\" viewBox=\"0 0 24 24\">\n\t<path class=\"is-rating-unfilled\" fill=\"currentColor\" stroke=\"currentColor\" d=\"M12,17.3l6.2,3.7l-1.6-7L22,9.2l-7.2-0.6L12,2L9.2,8.6L2,9.2L7.5,14l-1.6,7L12,17.3z\" \/>\n<\/svg>\n<\/span><\/span><span itemprop=\"ratingValue\" class=\"screen-reader-text\" content=\"3.5\">Note\u00a0: 3.5\u00a0sur 5.<\/span><\/div>\n\n\n<h2 class=\"has-vivid-green-cyan-color has-text-color wp-block-heading\">Mes challenges<\/h2>\n\n\n\n<p class=\"has-medium-font-size wp-block-paragraph\">Cette lecture m&rsquo;a permis de valider la cat\u00e9gorie du <a href=\"https:\/\/www.facebook.com\/groups\/707636122759664\">challenge annuel<\/a>. <strong>Titre en N.<\/strong><\/p>\n","protected":false},"excerpt":{"rendered":"<p>Roman qui aborde la probl\u00e9matique de la maladie d&rsquo;Alzheimer.<\/p>\n","protected":false},"author":1,"featured_media":4154,"comment_status":"open","ping_status":"open","sticky":false,"template":"","format":"standard","meta":{"_crdt_document":"","om_disable_all_campaigns":false,"_uag_custom_page_level_css":"","_monsterinsights_skip_tracking":false,"_monsterinsights_sitenote_active":false,"_monsterinsights_sitenote_note":"","_monsterinsights_sitenote_category":0,"_uf_show_specific_survey":0,"_uf_disable_surveys":false,"_jetpack_memberships_contains_paid_content":false,"footnotes":"","jetpack_publicize_message":"N'oublie pas les fleurs de Genki Kawamura\n\nAlzheimer s'est invit\u00e9e dans la vie de Yuriko ...","jetpack_publicize_feature_enabled":true,"jetpack_social_post_already_shared":true,"jetpack_social_options":{"image_generator_settings":{"template":"highway","default_image_id":0,"font":"","enabled":false},"version":2}},"categories":[35,6,14],"tags":[445,444,154,443],"class_list":["post-4150","post","type-post","status-publish","format-standard","has-post-thumbnail","hentry","category-jury","category-livres-lus","category-service-presse","tag-alzheimer","tag-genki-kawamura","tag-maladie","tag-roman-japonais"],"aioseo_notices":[],"jetpack_publicize_connections":[],"jetpack_featured_media_url":"https:\/\/serialectrice.com\/wp-content\/uploads\/2023\/01\/Sans-titre701.png","uagb_featured_image_src":{"full":["https:\/\/serialectrice.com\/wp-content\/uploads\/2023\/01\/Sans-titre701.png",1788,1034,false],"thumbnail":["https:\/\/serialectrice.com\/wp-content\/uploads\/2023\/01\/Sans-titre701-572x331.png",572,331,true],"medium":["https:\/\/serialectrice.com\/wp-content\/uploads\/2023\/01\/Sans-titre701-300x173.png",300,173,true],"medium_large":["https:\/\/serialectrice.com\/wp-content\/uploads\/2023\/01\/Sans-titre701-768x444.png",768,444,true],"large":["https:\/\/serialectrice.com\/wp-content\/uploads\/2023\/01\/Sans-titre701-1024x592.png",840,486,true],"post-slider-thumb-size":["https:\/\/serialectrice.com\/wp-content\/uploads\/2023\/01\/Sans-titre701.png",330,190,false],"post-category-slider-size":["https:\/\/serialectrice.com\/wp-content\/uploads\/2023\/01\/Sans-titre701.png",330,191,false],"1536x1536":["https:\/\/serialectrice.com\/wp-content\/uploads\/2023\/01\/Sans-titre701-1536x888.png",1536,888,true],"2048x2048":["https:\/\/serialectrice.com\/wp-content\/uploads\/2023\/01\/Sans-titre701.png",1788,1034,false],"hello-fashion-slider":["https:\/\/serialectrice.com\/wp-content\/uploads\/2023\/01\/Sans-titre701.png",480,278,false],"hello-fashion-blog-three":["https:\/\/serialectrice.com\/wp-content\/uploads\/2023\/01\/Sans-titre701.png",420,243,false],"hello-fashion-blog-four":["https:\/\/serialectrice.com\/wp-content\/uploads\/2023\/01\/Sans-titre701.png",573,331,false],"vilva-slider-one":["https:\/\/serialectrice.com\/wp-content\/uploads\/2023\/01\/Sans-titre701.png",1038,600,false],"vilva-featured-four":["https:\/\/serialectrice.com\/wp-content\/uploads\/2023\/01\/Sans-titre701.png",800,463,false],"vilva-blog":["https:\/\/serialectrice.com\/wp-content\/uploads\/2023\/01\/Sans-titre701.png",420,243,false],"vilva-blog-one":["https:\/\/serialectrice.com\/wp-content\/uploads\/2023\/01\/Sans-titre701.png",865,500,false],"vilva-sidebar":["https:\/\/serialectrice.com\/wp-content\/uploads\/2023\/01\/Sans-titre701.png",818,473,false]},"uagb_author_info":{"display_name":"SeriaLectrice","author_link":"https:\/\/serialectrice.com\/index.php\/author\/cilounegmail-com\/"},"uagb_comment_info":2,"uagb_excerpt":"Roman qui aborde la probl\u00e9matique de la maladie d'Alzheimer.","jetpack_sharing_enabled":true,"jetpack_likes_enabled":true,"_links":{"self":[{"href":"https:\/\/serialectrice.com\/index.php\/wp-json\/wp\/v2\/posts\/4150","targetHints":{"allow":["GET"]}}],"collection":[{"href":"https:\/\/serialectrice.com\/index.php\/wp-json\/wp\/v2\/posts"}],"about":[{"href":"https:\/\/serialectrice.com\/index.php\/wp-json\/wp\/v2\/types\/post"}],"author":[{"embeddable":true,"href":"https:\/\/serialectrice.com\/index.php\/wp-json\/wp\/v2\/users\/1"}],"replies":[{"embeddable":true,"href":"https:\/\/serialectrice.com\/index.php\/wp-json\/wp\/v2\/comments?post=4150"}],"version-history":[{"count":0,"href":"https:\/\/serialectrice.com\/index.php\/wp-json\/wp\/v2\/posts\/4150\/revisions"}],"wp:featuredmedia":[{"embeddable":true,"href":"https:\/\/serialectrice.com\/index.php\/wp-json\/wp\/v2\/media\/4154"}],"wp:attachment":[{"href":"https:\/\/serialectrice.com\/index.php\/wp-json\/wp\/v2\/media?parent=4150"}],"wp:term":[{"taxonomy":"category","embeddable":true,"href":"https:\/\/serialectrice.com\/index.php\/wp-json\/wp\/v2\/categories?post=4150"},{"taxonomy":"post_tag","embeddable":true,"href":"https:\/\/serialectrice.com\/index.php\/wp-json\/wp\/v2\/tags?post=4150"}],"curies":[{"name":"wp","href":"https:\/\/api.w.org\/{rel}","templated":true}]}}