{"id":4094,"date":"2022-12-28T18:00:00","date_gmt":"2022-12-28T16:00:00","guid":{"rendered":"https:\/\/serialectrice.com\/?p=4094"},"modified":"2022-12-28T15:41:05","modified_gmt":"2022-12-28T13:41:05","slug":"challenge-litteraire-janvier-2023","status":"publish","type":"post","link":"https:\/\/serialectrice.com\/index.php\/2022\/12\/28\/challenge-litteraire-janvier-2023\/","title":{"rendered":"Challenge Litt\u00e9raire Janvier 2023"},"content":{"rendered":"\n<p class=\"has-medium-font-size wp-block-paragraph\">La nouvelle ann\u00e9e arrive \u00e0 grands pas. Il est donc temps que je vous propose le <strong>nouveau challenge litt\u00e9raire pour le mois de janvier.<\/strong> <\/p>\n\n\n\n<p class=\"has-medium-font-size wp-block-paragraph\">Je vous rappelle les conditions pour <strong>participer au challenge <\/strong>:<\/p>\n\n\n\n<ul class=\"has-medium-font-size wp-block-list\">\n<li>Lire les livres entre le <strong>1er et le 31 janvier 2023<\/strong><\/li>\n\n\n\n<li>Un livre peut valider jusqu\u2019\u00e0 <strong>2 cat\u00e9gories<\/strong><\/li>\n\n\n\n<li>Aucune obligation de valider toutes les cat\u00e9gories, <strong>on se fait plaisir avant tout <\/strong>!<\/li>\n<\/ul>\n\n\n\n<p class=\"has-medium-font-size wp-block-paragraph\">Vous pouvez me pr\u00e9venir de votre participation soit en commentaire en bas de cette page, soit sur la page <a href=\"https:\/\/booknode.com\/challenges\/challenge\/2593\">Booknode<\/a> ou sur mon compte <a href=\"https:\/\/www.instagram.com\/serialectrice_\/\">instagram<\/a> en taguant @serialectrice_ avec le #serialectricechallenge .<\/p>\n\n\n\n<p class=\"has-medium-font-size wp-block-paragraph\">Amusez-vous bien !<\/p>\n\n\n\n<h2 class=\"wp-block-heading\">1. Auteur belge<\/h2>\n\n\n\n<div class=\"wp-block-media-text alignwide is-stacked-on-mobile\" style=\"grid-template-columns:15% auto\"><figure class=\"wp-block-media-text__media\"><img loading=\"lazy\" decoding=\"async\" width=\"269\" height=\"435\" src=\"https:\/\/serialectrice.com\/wp-content\/uploads\/2022\/12\/la-metaphysique.jpeg\" alt=\"challenge litt\u00e9raire janvier\" class=\"wp-image-4097 size-full\" srcset=\"https:\/\/serialectrice.com\/wp-content\/uploads\/2022\/12\/la-metaphysique.jpeg 269w, https:\/\/serialectrice.com\/wp-content\/uploads\/2022\/12\/la-metaphysique-186x300.jpeg 186w, https:\/\/serialectrice.com\/wp-content\/uploads\/2022\/12\/la-metaphysique-93x150.jpeg 93w\" sizes=\"auto, (max-width: 269px) 100vw, 269px\" \/><\/figure><div class=\"wp-block-media-text__content\">\n<p class=\"has-medium-font-size wp-block-paragraph\">Le 10 janvier a lieu la journ\u00e9e de <strong>Tintin, le c\u00e9l\u00e8bre reporter belge.<\/strong> Nous ne mettons pas assez en avant les auteurs belges (qui sont pourtant assez nombreux), aussi je vous propose d&rsquo;en lire un durant le mois de janvier. Je lirai donc <strong>La m\u00e9taphysique des tubes<\/strong> d&rsquo;Am\u00e9lie Nothomb pour l&rsquo;occasion.<\/p>\n<\/div><\/div>\n\n\n\n<h2 class=\"wp-block-heading\">2. Auteur australien<\/h2>\n\n\n\n<div class=\"wp-block-media-text alignwide is-stacked-on-mobile\" style=\"grid-template-columns:15% auto\"><figure class=\"wp-block-media-text__media\"><img loading=\"lazy\" decoding=\"async\" width=\"600\" height=\"971\" src=\"https:\/\/serialectrice.com\/wp-content\/uploads\/2022\/12\/le-secret-du-mari.jpeg\" alt=\"challenge litt\u00e9raire janvier\" class=\"wp-image-4095 size-full\" srcset=\"https:\/\/serialectrice.com\/wp-content\/uploads\/2022\/12\/le-secret-du-mari.jpeg 600w, https:\/\/serialectrice.com\/wp-content\/uploads\/2022\/12\/le-secret-du-mari-185x300.jpeg 185w, https:\/\/serialectrice.com\/wp-content\/uploads\/2022\/12\/le-secret-du-mari-93x150.jpeg 93w\" sizes=\"auto, (max-width: 600px) 100vw, 600px\" \/><\/figure><div class=\"wp-block-media-text__content\">\n<p class=\"has-medium-font-size wp-block-paragraph\">Le 26 janvier a lieu la journ\u00e9e de l&rsquo;<strong>Australie<\/strong>. Quelle bonne occasion pour nous de chercher \u00e0 lire un auteur ou une autrice australien.ne. Pour ma part, je voudrais lire le roman qui a fait le succ\u00e8s de <strong>Liane Moriarty<\/strong> (dont je n&rsquo;ai pas aim\u00e9 tous les romans) : <strong>Le secret du mari<\/strong>.<\/p>\n<\/div><\/div>\n\n\n\n<h2 class=\"wp-block-heading\">3. Titre avec les lettres J N V R<\/h2>\n\n\n\n<div class=\"wp-block-media-text alignwide is-stacked-on-mobile\" style=\"grid-template-columns:15% auto\"><figure class=\"wp-block-media-text__media\"><img loading=\"lazy\" decoding=\"async\" width=\"685\" height=\"1000\" src=\"https:\/\/serialectrice.com\/wp-content\/uploads\/2022\/11\/un-jour-viendra.jpg\" alt=\"challenge litt\u00e9raire janvier\" class=\"wp-image-3990 size-full\" srcset=\"https:\/\/serialectrice.com\/wp-content\/uploads\/2022\/11\/un-jour-viendra.jpg 685w, https:\/\/serialectrice.com\/wp-content\/uploads\/2022\/11\/un-jour-viendra-206x300.jpg 206w, https:\/\/serialectrice.com\/wp-content\/uploads\/2022\/11\/un-jour-viendra-103x150.jpg 103w\" sizes=\"auto, (max-width: 685px) 100vw, 685px\" \/><\/figure><div class=\"wp-block-media-text__content\">\n<p class=\"has-medium-font-size wp-block-paragraph\">Nous cherchons ce mois-ci un titre qui contient toutes les voyelles du mois de janvier : <strong>JNVR<\/strong>. J&rsquo;avais pr\u00e9vu de lire le roman <strong>Un jour viendra<\/strong> au mois de d\u00e9cembre mais je n&rsquo;aurai clairement pas le temps de m&rsquo;y atteler. <strong>J&rsquo;esp\u00e8re donc que ce sera pour janvier !<\/strong><\/p>\n<\/div><\/div>\n\n\n\n<h2 class=\"wp-block-heading\">4. Un titre en 7 lettres<\/h2>\n\n\n\n<div class=\"wp-block-media-text alignwide is-stacked-on-mobile\" style=\"grid-template-columns:15% auto\"><figure class=\"wp-block-media-text__media\"><img decoding=\"async\" src=\"blob:https:\/\/serialectrice.com\/bb90621b-3667-4e26-87db-c743d7de07f4\"\/><\/figure><div class=\"wp-block-media-text__content\">\n<p class=\"has-medium-font-size wp-block-paragraph\">Le mot janvier contient 7 lettres, donc <strong>nous cherchons un titre qui contient lui aussi 7 lettre<\/strong>s. Je dois lire un auteur en G pour l&rsquo;auteur mensuel du groupe La t\u00eate dans les livres, celui-ci tombe donc \u00e0 pic !<\/p>\n<\/div><\/div>\n\n\n\n<h2 class=\"wp-block-heading\">5. Couverture avec du rouge ou du orange<\/h2>\n\n\n\n<div class=\"wp-block-media-text alignwide is-stacked-on-mobile\" style=\"grid-template-columns:15% auto\"><figure class=\"wp-block-media-text__media\"><img loading=\"lazy\" decoding=\"async\" width=\"400\" height=\"634\" src=\"https:\/\/serialectrice.com\/wp-content\/uploads\/2022\/12\/Memphis.jpg\" alt=\"challenge litt\u00e9raire janvier\" class=\"wp-image-4056 size-full\" srcset=\"https:\/\/serialectrice.com\/wp-content\/uploads\/2022\/12\/Memphis.jpg 400w, https:\/\/serialectrice.com\/wp-content\/uploads\/2022\/12\/Memphis-189x300.jpg 189w, https:\/\/serialectrice.com\/wp-content\/uploads\/2022\/12\/Memphis-95x150.jpg 95w\" sizes=\"auto, (max-width: 400px) 100vw, 400px\" \/><\/figure><div class=\"wp-block-media-text__content\">\n<p class=\"has-medium-font-size wp-block-paragraph\">Le 12 janvier a lieu<strong> la journ\u00e9e des roux<\/strong> (Kiss a ginger day). Je vous propose donc de chercher une <strong>couverture avec du rouge ou du orange<\/strong>. J&rsquo;aimerais lire Memphis (que j&rsquo;ai re\u00e7u en Service-presse) que j&rsquo;ai \u00e9galement cas\u00e9 dans le challenge hivernal.<\/p>\n<\/div><\/div>\n\n\n\n<h2 class=\"wp-block-heading\">6. Couverture sur laquelle se trouve un chapeau<\/h2>\n\n\n\n<div class=\"wp-block-media-text alignwide is-stacked-on-mobile\" style=\"grid-template-columns:15% auto\"><figure class=\"wp-block-media-text__media\"><img loading=\"lazy\" decoding=\"async\" width=\"637\" height=\"1024\" src=\"https:\/\/serialectrice.com\/wp-content\/uploads\/2022\/12\/la-lettre-damour-interdite-637x1024.jpg\" alt=\"challenge litt\u00e9raire janvier\" class=\"wp-image-4063 size-full\" srcset=\"https:\/\/serialectrice.com\/wp-content\/uploads\/2022\/12\/la-lettre-damour-interdite-637x1024.jpg 637w, https:\/\/serialectrice.com\/wp-content\/uploads\/2022\/12\/la-lettre-damour-interdite-187x300.jpg 187w, https:\/\/serialectrice.com\/wp-content\/uploads\/2022\/12\/la-lettre-damour-interdite-93x150.jpg 93w, https:\/\/serialectrice.com\/wp-content\/uploads\/2022\/12\/la-lettre-damour-interdite-768x1234.jpg 768w, https:\/\/serialectrice.com\/wp-content\/uploads\/2022\/12\/la-lettre-damour-interdite-956x1536.jpg 956w, https:\/\/serialectrice.com\/wp-content\/uploads\/2022\/12\/la-lettre-damour-interdite-1274x2048.jpg 1274w, https:\/\/serialectrice.com\/wp-content\/uploads\/2022\/12\/la-lettre-damour-interdite.jpg 1593w\" sizes=\"auto, (max-width: 637px) 100vw, 637px\" \/><\/figure><div class=\"wp-block-media-text__content\">\n<p class=\"has-medium-font-size wp-block-paragraph\">Le 15 janvier a lieu <strong>la journ\u00e9e du chapeau<\/strong>. Nous allons donc chercher un livre dont la couverture contient un chapeau. J&rsquo;aimerais lire<strong> La lettre d&rsquo;amour interdite<\/strong> que j&rsquo;ai \u00e9galement mis dans le challenge hivernal.<\/p>\n<\/div><\/div>\n\n\n\n<h2 class=\"wp-block-heading\">7. Quatri\u00e8me avec un mot de la famille de \u00ab\u00a0an\u00a0\u00bb<\/h2>\n\n\n\n<div class=\"wp-block-media-text alignwide is-stacked-on-mobile\" style=\"grid-template-columns:15% auto\"><figure class=\"wp-block-media-text__media\"><img loading=\"lazy\" decoding=\"async\" width=\"683\" height=\"1024\" src=\"https:\/\/serialectrice.com\/wp-content\/uploads\/2022\/12\/dix-ans-noces-de-sang-683x1024.jpg\" alt=\"\" class=\"wp-image-4054 size-full\" srcset=\"https:\/\/serialectrice.com\/wp-content\/uploads\/2022\/12\/dix-ans-noces-de-sang-683x1024.jpg 683w, https:\/\/serialectrice.com\/wp-content\/uploads\/2022\/12\/dix-ans-noces-de-sang-200x300.jpg 200w, https:\/\/serialectrice.com\/wp-content\/uploads\/2022\/12\/dix-ans-noces-de-sang-100x150.jpg 100w, https:\/\/serialectrice.com\/wp-content\/uploads\/2022\/12\/dix-ans-noces-de-sang-768x1151.jpg 768w, https:\/\/serialectrice.com\/wp-content\/uploads\/2022\/12\/dix-ans-noces-de-sang-1025x1536.jpg 1025w, https:\/\/serialectrice.com\/wp-content\/uploads\/2022\/12\/dix-ans-noces-de-sang-1367x2048.jpg 1367w, https:\/\/serialectrice.com\/wp-content\/uploads\/2022\/12\/dix-ans-noces-de-sang.jpg 1400w\" sizes=\"auto, (max-width: 683px) 100vw, 683px\" \/><\/figure><div class=\"wp-block-media-text__content\">\n<p class=\"has-medium-font-size wp-block-paragraph\">Etant donn\u00e9 qu&rsquo;en janvier nous f\u00eatons <strong>le nouvel an<\/strong>, je vous invite \u00e0 chercher un livre dont la quatri\u00e8me de couverture contient un<strong> mot de la famille de \u00ab\u00a0an\u00a0\u00bb<\/strong> (ann\u00e9e, anniversaire, annuel &#8230;). Encore une fois, je dois lire <strong>Dix ans, noces de sang<\/strong> en janvier, donc \u00e7a tombe parfaitement !<\/p>\n<\/div><\/div>\n\n\n\n<h2 class=\"wp-block-heading\">8. Quatri\u00e8me avec un mot de la famille de \u00ab\u00a0nuit\u00a0\u00bb<\/h2>\n\n\n\n<div class=\"wp-block-media-text alignwide is-stacked-on-mobile\" style=\"grid-template-columns:15% auto\"><figure class=\"wp-block-media-text__media\"><img loading=\"lazy\" decoding=\"async\" width=\"502\" height=\"800\" src=\"https:\/\/serialectrice.com\/wp-content\/uploads\/2022\/11\/croc-fendu.jpg\" alt=\"\" class=\"wp-image-3987 size-full\" srcset=\"https:\/\/serialectrice.com\/wp-content\/uploads\/2022\/11\/croc-fendu.jpg 502w, https:\/\/serialectrice.com\/wp-content\/uploads\/2022\/11\/croc-fendu-188x300.jpg 188w, https:\/\/serialectrice.com\/wp-content\/uploads\/2022\/11\/croc-fendu-94x150.jpg 94w\" sizes=\"auto, (max-width: 502px) 100vw, 502px\" \/><\/figure><div class=\"wp-block-media-text__content\">\n<p class=\"has-medium-font-size wp-block-paragraph\">Du 19 au 22 janvier ont lieu <strong>les nuits de la lecture<\/strong>. L&rsquo;occasion parfaite pour chercher le mot \u00ab\u00a0nuit\u00a0\u00bb ou un d\u00e9riv\u00e9 dans une quatri\u00e8me de couverture. J&rsquo;aimerais lire <strong>Croc fendu<\/strong> que j&rsquo;avais pr\u00e9vu pour d\u00e9cembre mais que je n&rsquo;ai pas eu le temps de lire.<\/p>\n<\/div><\/div>\n\n\n\n<h2 class=\"wp-block-heading\">9. Lire un livre qui se d\u00e9roule pendant une des guerres mondiales<\/h2>\n\n\n\n<div class=\"wp-block-media-text alignwide is-stacked-on-mobile\" style=\"grid-template-columns:15% auto\"><figure class=\"wp-block-media-text__media\"><img loading=\"lazy\" decoding=\"async\" width=\"685\" height=\"1000\" src=\"https:\/\/serialectrice.com\/wp-content\/uploads\/2022\/11\/un-jour-viendra.jpg\" alt=\"\" class=\"wp-image-3990 size-full\" srcset=\"https:\/\/serialectrice.com\/wp-content\/uploads\/2022\/11\/un-jour-viendra.jpg 685w, https:\/\/serialectrice.com\/wp-content\/uploads\/2022\/11\/un-jour-viendra-206x300.jpg 206w, https:\/\/serialectrice.com\/wp-content\/uploads\/2022\/11\/un-jour-viendra-103x150.jpg 103w\" sizes=\"auto, (max-width: 685px) 100vw, 685px\" \/><\/figure><div class=\"wp-block-media-text__content\">\n<p class=\"has-medium-font-size wp-block-paragraph\">Le 22 janvier a lieu<strong> la journ\u00e9e Franco-Allemande<\/strong>. En 2023, nous f\u00eaterons les 60 ans du trait\u00e9<strong> <\/strong>de l\u2019\u00c9lys\u00e9e dont <strong>l\u2019ambition \u00e9tait la r\u00e9conciliation franco-allemande au sein de la soci\u00e9t\u00e9<\/strong>. Nous n&rsquo;ignorons pas que la France et l&rsquo;Allemagne ont \u00e9t\u00e9 en guerre \u00e0 plusieurs reprises, notamment lors des deux derni\u00e8res guerres mondiales. C&rsquo;est la raison pour laquelle <strong>nous lirons un roman qui se d\u00e9roule pendant une de ces deux p\u00e9riodes.<\/strong><\/p>\n<\/div><\/div>\n\n\n\n<h2 class=\"wp-block-heading\">10. Roman qui se d\u00e9roule dans un pays en J<\/h2>\n\n\n\n<div class=\"wp-block-media-text alignwide is-stacked-on-mobile\" style=\"grid-template-columns:15% auto\"><figure class=\"wp-block-media-text__media\"><img loading=\"lazy\" decoding=\"async\" width=\"400\" height=\"655\" src=\"https:\/\/serialectrice.com\/wp-content\/uploads\/2022\/12\/N-oublie-pas-les-fleurs.jpg\" alt=\"\" class=\"wp-image-4096 size-full\" srcset=\"https:\/\/serialectrice.com\/wp-content\/uploads\/2022\/12\/N-oublie-pas-les-fleurs.jpg 400w, https:\/\/serialectrice.com\/wp-content\/uploads\/2022\/12\/N-oublie-pas-les-fleurs-183x300.jpg 183w, https:\/\/serialectrice.com\/wp-content\/uploads\/2022\/12\/N-oublie-pas-les-fleurs-92x150.jpg 92w\" sizes=\"auto, (max-width: 400px) 100vw, 400px\" \/><\/figure><div class=\"wp-block-media-text__content\">\n<p class=\"has-medium-font-size wp-block-paragraph\">Tout comme le mois de janvier commence par la lettre J, nous allons chercher <strong>un livre qui se d\u00e9roule majoritairement dans un pays dont la lettre commence par un J<\/strong>. Je lirai donc <strong>N&rsquo;oublie pas les fleur<\/strong>s de Genki Kawamura qui se d\u00e9roule au Japon et que je dois lire dans le cadre du <a href=\"https:\/\/grandprixdeslecteurs-pocket.lisez.com\/\">Grand Prix des lecteurs pocket.<\/a><\/p>\n<\/div><\/div>\n","protected":false},"excerpt":{"rendered":"<p>D\u00e9couvrez les dix nouvelles cat\u00e9gories du challenge litt\u00e9raire de janvier.<\/p>\n","protected":false},"author":1,"featured_media":4101,"comment_status":"open","ping_status":"open","sticky":false,"template":"","format":"standard","meta":{"_crdt_document":"","om_disable_all_campaigns":false,"_uag_custom_page_level_css":"","_monsterinsights_skip_tracking":false,"_monsterinsights_sitenote_active":false,"_monsterinsights_sitenote_note":"","_monsterinsights_sitenote_category":0,"_uf_show_specific_survey":0,"_uf_disable_surveys":false,"_jetpack_memberships_contains_paid_content":false,"footnotes":"","jetpack_publicize_message":"Le nouveau challenge litt\u00e9raire mensuel est en ligne !","jetpack_publicize_feature_enabled":true,"jetpack_social_post_already_shared":true,"jetpack_social_options":{"image_generator_settings":{"template":"highway","default_image_id":0,"font":"","enabled":false},"version":2}},"categories":[4],"tags":[267],"class_list":["post-4094","post","type-post","status-publish","format-standard","has-post-thumbnail","hentry","category-challenge","tag-challenge-mensuel"],"aioseo_notices":[],"jetpack_publicize_connections":[],"jetpack_featured_media_url":"https:\/\/serialectrice.com\/wp-content\/uploads\/2022\/12\/Challenge-Litteraire-Decembre-20232.png","uagb_featured_image_src":{"full":["https:\/\/serialectrice.com\/wp-content\/uploads\/2022\/12\/Challenge-Litteraire-Decembre-20232.png",1788,1034,false],"thumbnail":["https:\/\/serialectrice.com\/wp-content\/uploads\/2022\/12\/Challenge-Litteraire-Decembre-20232-572x331.png",572,331,true],"medium":["https:\/\/serialectrice.com\/wp-content\/uploads\/2022\/12\/Challenge-Litteraire-Decembre-20232-300x173.png",300,173,true],"medium_large":["https:\/\/serialectrice.com\/wp-content\/uploads\/2022\/12\/Challenge-Litteraire-Decembre-20232-768x444.png",768,444,true],"large":["https:\/\/serialectrice.com\/wp-content\/uploads\/2022\/12\/Challenge-Litteraire-Decembre-20232-1024x592.png",840,486,true],"post-slider-thumb-size":["https:\/\/serialectrice.com\/wp-content\/uploads\/2022\/12\/Challenge-Litteraire-Decembre-20232.png",330,190,false],"post-category-slider-size":["https:\/\/serialectrice.com\/wp-content\/uploads\/2022\/12\/Challenge-Litteraire-Decembre-20232.png",330,191,false],"1536x1536":["https:\/\/serialectrice.com\/wp-content\/uploads\/2022\/12\/Challenge-Litteraire-Decembre-20232-1536x888.png",1536,888,true],"2048x2048":["https:\/\/serialectrice.com\/wp-content\/uploads\/2022\/12\/Challenge-Litteraire-Decembre-20232.png",1788,1034,false],"hello-fashion-slider":["https:\/\/serialectrice.com\/wp-content\/uploads\/2022\/12\/Challenge-Litteraire-Decembre-20232.png",480,278,false],"hello-fashion-blog-three":["https:\/\/serialectrice.com\/wp-content\/uploads\/2022\/12\/Challenge-Litteraire-Decembre-20232.png",420,243,false],"hello-fashion-blog-four":["https:\/\/serialectrice.com\/wp-content\/uploads\/2022\/12\/Challenge-Litteraire-Decembre-20232.png",573,331,false],"vilva-slider-one":["https:\/\/serialectrice.com\/wp-content\/uploads\/2022\/12\/Challenge-Litteraire-Decembre-20232.png",1038,600,false],"vilva-featured-four":["https:\/\/serialectrice.com\/wp-content\/uploads\/2022\/12\/Challenge-Litteraire-Decembre-20232.png",800,463,false],"vilva-blog":["https:\/\/serialectrice.com\/wp-content\/uploads\/2022\/12\/Challenge-Litteraire-Decembre-20232.png",420,243,false],"vilva-blog-one":["https:\/\/serialectrice.com\/wp-content\/uploads\/2022\/12\/Challenge-Litteraire-Decembre-20232.png",865,500,false],"vilva-sidebar":["https:\/\/serialectrice.com\/wp-content\/uploads\/2022\/12\/Challenge-Litteraire-Decembre-20232.png",818,473,false]},"uagb_author_info":{"display_name":"SeriaLectrice","author_link":"https:\/\/serialectrice.com\/index.php\/author\/cilounegmail-com\/"},"uagb_comment_info":3,"uagb_excerpt":"D\u00e9couvrez les dix nouvelles cat\u00e9gories du challenge litt\u00e9raire de janvier.","jetpack_sharing_enabled":true,"jetpack_likes_enabled":true,"_links":{"self":[{"href":"https:\/\/serialectrice.com\/index.php\/wp-json\/wp\/v2\/posts\/4094","targetHints":{"allow":["GET"]}}],"collection":[{"href":"https:\/\/serialectrice.com\/index.php\/wp-json\/wp\/v2\/posts"}],"about":[{"href":"https:\/\/serialectrice.com\/index.php\/wp-json\/wp\/v2\/types\/post"}],"author":[{"embeddable":true,"href":"https:\/\/serialectrice.com\/index.php\/wp-json\/wp\/v2\/users\/1"}],"replies":[{"embeddable":true,"href":"https:\/\/serialectrice.com\/index.php\/wp-json\/wp\/v2\/comments?post=4094"}],"version-history":[{"count":0,"href":"https:\/\/serialectrice.com\/index.php\/wp-json\/wp\/v2\/posts\/4094\/revisions"}],"wp:featuredmedia":[{"embeddable":true,"href":"https:\/\/serialectrice.com\/index.php\/wp-json\/wp\/v2\/media\/4101"}],"wp:attachment":[{"href":"https:\/\/serialectrice.com\/index.php\/wp-json\/wp\/v2\/media?parent=4094"}],"wp:term":[{"taxonomy":"category","embeddable":true,"href":"https:\/\/serialectrice.com\/index.php\/wp-json\/wp\/v2\/categories?post=4094"},{"taxonomy":"post_tag","embeddable":true,"href":"https:\/\/serialectrice.com\/index.php\/wp-json\/wp\/v2\/tags?post=4094"}],"curies":[{"name":"wp","href":"https:\/\/api.w.org\/{rel}","templated":true}]}}