{"id":3981,"date":"2022-11-29T18:00:00","date_gmt":"2022-11-29T16:00:00","guid":{"rendered":"https:\/\/serialectrice.com\/?p=3981"},"modified":"2022-12-02T23:14:43","modified_gmt":"2022-12-02T21:14:43","slug":"challenge-litteraire-decembre-2022","status":"publish","type":"post","link":"https:\/\/serialectrice.com\/index.php\/2022\/11\/29\/challenge-litteraire-decembre-2022\/","title":{"rendered":"Challenge Litt\u00e9raire D\u00e9cembre 2022"},"content":{"rendered":"\n<p class=\"has-medium-font-size wp-block-paragraph\">Le mois de d\u00e9cembre arrive rapidement, accompagn\u00e9 des f\u00eates de fin d&rsquo;ann\u00e9e. Bient\u00f4t, 2023 pointera le bout de son nez. Il est donc grand temps que je vous pr\u00e9sente <strong>le challenge litt\u00e9raire du mois de d\u00e9cembre.<\/strong><\/p>\n\n\n\n<p class=\"has-medium-font-size wp-block-paragraph\">Comment s&rsquo;est pass\u00e9 <a href=\"https:\/\/serialectrice.com\/index.php\/2022\/10\/26\/challenge-litteraire-novembre-2022\/\">le mois de novembre<\/a> chez vous ? Ici, j&rsquo;ai pu valider <strong>9 cat\u00e9gories sur 10<\/strong>, ayant abandonn\u00e9 le dixi\u00e8me livre, celui avec du papier sur la couverture.<\/p>\n\n\n\n<p class=\"has-medium-font-size wp-block-paragraph\">Vous pouvez retrouver des <strong>templates<\/strong> sur ma page <a href=\"https:\/\/www.instagram.com\/serialectrice_\/\">Instagram<\/a> et il suffit d\u2019utiliser le #serialectricechallenge lorsque vous publiez une chronique. Enfin, le challenge est \u00e9galement disponible sur <a href=\"https:\/\/booknode.com\/challenges\">booknode<\/a>.<\/p>\n\n\n\n<p class=\"has-medium-font-size wp-block-paragraph\">Comme d\u2019habitude, les r\u00e8gles sont les m\u00eames :<\/p>\n\n\n\n<ul class=\"wp-block-list\">\n<li>lire le livre entre le <strong>1er et le 31 d\u00e9cembre.<\/strong><\/li>\n\n\n\n<li>un livre peut valider jusqu\u2019\u00e0 <strong>2 cat\u00e9gories<\/strong><\/li>\n\n\n\n<li>les BD et Mangas sont accept\u00e9s<\/li>\n\n\n\n<li>On se fait <strong>plaisir<\/strong> !<\/li>\n<\/ul>\n\n\n\n<h2 class=\"wp-block-heading\">1. Auteur dont le nom contient les lettres NOEL<\/h2>\n\n\n\n<div class=\"wp-block-media-text alignwide is-stacked-on-mobile\" style=\"grid-template-columns:15% auto\"><figure class=\"wp-block-media-text__media\"><img loading=\"lazy\" decoding=\"async\" width=\"200\" height=\"289\" src=\"https:\/\/serialectrice.com\/wp-content\/uploads\/2022\/11\/insignis.jpg\" alt=\"\" class=\"wp-image-3982 size-full\" srcset=\"https:\/\/serialectrice.com\/wp-content\/uploads\/2022\/11\/insignis.jpg 200w, https:\/\/serialectrice.com\/wp-content\/uploads\/2022\/11\/insignis-104x150.jpg 104w\" sizes=\"auto, (max-width: 200px) 100vw, 200px\" \/><\/figure><div class=\"wp-block-media-text__content\">\n<p class=\"has-medium-font-size wp-block-paragraph\">D\u00e8s qu&rsquo;on entend d\u00e9cembre, on pense \u00e0 No\u00ebl. <strong>Je vous propose donc de chercher un auteur dont le nom contient les lettres NOEL. <\/strong>Je lirai Insignis de Charlotte Letourneur que j&rsquo;ai re\u00e7u en service presse gr\u00e2ce \u00e0 ma participation sur le site du journal <a href=\"https:\/\/www.20minutes.fr\/arts-stars\/livres\/\">20minutes<\/a>.<\/p>\n<\/div><\/div>\n\n\n\n<h2 class=\"wp-block-heading\">2. Auteur d&rsquo;origine arabe<\/h2>\n\n\n\n<div class=\"wp-block-media-text alignwide is-stacked-on-mobile\" style=\"grid-template-columns:15% auto\"><figure class=\"wp-block-media-text__media\"><img loading=\"lazy\" decoding=\"async\" width=\"600\" height=\"897\" src=\"https:\/\/serialectrice.com\/wp-content\/uploads\/2022\/11\/linsomnie.jpg\" alt=\"\" class=\"wp-image-3983 size-full\" srcset=\"https:\/\/serialectrice.com\/wp-content\/uploads\/2022\/11\/linsomnie.jpg 600w, https:\/\/serialectrice.com\/wp-content\/uploads\/2022\/11\/linsomnie-201x300.jpg 201w, https:\/\/serialectrice.com\/wp-content\/uploads\/2022\/11\/linsomnie-100x150.jpg 100w\" sizes=\"auto, (max-width: 600px) 100vw, 600px\" \/><\/figure><div class=\"wp-block-media-text__content\">\n<p class=\"has-medium-font-size wp-block-paragraph\">Le 18 d\u00e9cembre a lieu <strong>la journ\u00e9e internationale de la langue arabe. <\/strong>Nous lirons donc un auteur d&rsquo;origine arabe pour l&rsquo;occasion. J&rsquo;aimerais d\u00e9couvrir la plume de <strong>Tahar Ben Jelloun<\/strong> en lisant L&rsquo;insomnie.<\/p>\n<\/div><\/div>\n\n\n\n<h2 class=\"wp-block-heading\">3. Titre avec un accent tr\u00e9ma<\/h2>\n\n\n\n<div class=\"wp-block-media-text alignwide is-stacked-on-mobile\" style=\"grid-template-columns:15% auto\"><figure class=\"wp-block-media-text__media\"><img loading=\"lazy\" decoding=\"async\" width=\"281\" height=\"460\" src=\"https:\/\/serialectrice.com\/wp-content\/uploads\/2022\/11\/kaiken-570499.jpg\" alt=\"\" class=\"wp-image-3984 size-full\" srcset=\"https:\/\/serialectrice.com\/wp-content\/uploads\/2022\/11\/kaiken-570499.jpg 281w, https:\/\/serialectrice.com\/wp-content\/uploads\/2022\/11\/kaiken-570499-183x300.jpg 183w, https:\/\/serialectrice.com\/wp-content\/uploads\/2022\/11\/kaiken-570499-92x150.jpg 92w\" sizes=\"auto, (max-width: 281px) 100vw, 281px\" \/><\/figure><div class=\"wp-block-media-text__content\">\n<p class=\"has-medium-font-size wp-block-paragraph\">Le mot <strong>No\u00ebl est affubl\u00e9 d&rsquo;un accent tr\u00e9ma<\/strong> sur son e. Je vous propose donc de chercher un titre qui contient lui aussi un accent tr\u00e9ma. <strong>J&rsquo;aimerais lire mon premier Jean-Christophe Grang\u00e9 avec Kaiken. <\/strong>Ca me permettra de valider la cat\u00e9gorie du challenge annuel : livre que n&rsquo;a pas termin\u00e9 Linda (l&rsquo;admin du groupe).<\/p>\n<\/div><\/div>\n\n\n\n<h2 class=\"wp-block-heading\">4. Titre en 12 lettres<\/h2>\n\n\n\n<div class=\"wp-block-media-text alignwide is-stacked-on-mobile\" style=\"grid-template-columns:15% auto\"><figure class=\"wp-block-media-text__media\"><img loading=\"lazy\" decoding=\"async\" width=\"629\" height=\"1024\" src=\"https:\/\/serialectrice.com\/wp-content\/uploads\/2022\/11\/la-tente-rouge-629x1024.jpg\" alt=\"\" class=\"wp-image-3985 size-full\" srcset=\"https:\/\/serialectrice.com\/wp-content\/uploads\/2022\/11\/la-tente-rouge-629x1024.jpg 629w, https:\/\/serialectrice.com\/wp-content\/uploads\/2022\/11\/la-tente-rouge-184x300.jpg 184w, https:\/\/serialectrice.com\/wp-content\/uploads\/2022\/11\/la-tente-rouge-92x150.jpg 92w, https:\/\/serialectrice.com\/wp-content\/uploads\/2022\/11\/la-tente-rouge-768x1250.jpg 768w, https:\/\/serialectrice.com\/wp-content\/uploads\/2022\/11\/la-tente-rouge-943x1536.jpg 943w, https:\/\/serialectrice.com\/wp-content\/uploads\/2022\/11\/la-tente-rouge-1258x2048.jpg 1258w, https:\/\/serialectrice.com\/wp-content\/uploads\/2022\/11\/la-tente-rouge.jpg 1291w\" sizes=\"auto, (max-width: 629px) 100vw, 629px\" \/><\/figure><div class=\"wp-block-media-text__content\">\n<p class=\"has-medium-font-size wp-block-paragraph\">Le mois de d\u00e9cembre est le douxi\u00e8me mois de l&rsquo;ann\u00e9e. <strong>Nous lirons donc un livre dont le titre contient exactement 12 lettres.<\/strong> J&rsquo;aimerais essayer de lire <strong>La tente rouge<\/strong> dont je repousse la lecture \u00e0 chaque fois.<\/p>\n<\/div><\/div>\n\n\n\n<h2 class=\"wp-block-heading\">5. Couverture avec un \u00e9l\u00e9ment de No\u00ebl<\/h2>\n\n\n\n<div class=\"wp-block-media-text alignwide is-stacked-on-mobile\" style=\"grid-template-columns:15% auto\"><figure class=\"wp-block-media-text__media\"><img loading=\"lazy\" decoding=\"async\" width=\"308\" height=\"500\" src=\"https:\/\/serialectrice.com\/wp-content\/uploads\/2022\/11\/la-vie-a-plus-dimagination-que-nous-1374179.jpg\" alt=\"\" class=\"wp-image-3986 size-full\" srcset=\"https:\/\/serialectrice.com\/wp-content\/uploads\/2022\/11\/la-vie-a-plus-dimagination-que-nous-1374179.jpg 308w, https:\/\/serialectrice.com\/wp-content\/uploads\/2022\/11\/la-vie-a-plus-dimagination-que-nous-1374179-185x300.jpg 185w, https:\/\/serialectrice.com\/wp-content\/uploads\/2022\/11\/la-vie-a-plus-dimagination-que-nous-1374179-92x150.jpg 92w\" sizes=\"auto, (max-width: 308px) 100vw, 308px\" \/><\/figure><div class=\"wp-block-media-text__content\">\n<p class=\"has-medium-font-size wp-block-paragraph\">No\u00ebl \u00e9tant la f\u00eate du mois de d\u00e9cembre par excellence, <strong>nous chercherons un livre dont la couverture vous \u00e9voque cette f\u00eate. <\/strong>J&rsquo;aimerais bien enfin r\u00e9ussir \u00e0 lire La vie a plus d&rsquo;imagination que nous, dont je repousse \u00e9galement la lecture depuis un bon moment.<\/p>\n<\/div><\/div>\n\n\n\n<h2 class=\"wp-block-heading\">6. Couverture en noir et blanc<\/h2>\n\n\n\n<div class=\"wp-block-media-text alignwide is-stacked-on-mobile\" style=\"grid-template-columns:15% auto\"><figure class=\"wp-block-media-text__media\"><img loading=\"lazy\" decoding=\"async\" width=\"502\" height=\"800\" src=\"https:\/\/serialectrice.com\/wp-content\/uploads\/2022\/11\/croc-fendu.jpg\" alt=\"\" class=\"wp-image-3987 size-full\" srcset=\"https:\/\/serialectrice.com\/wp-content\/uploads\/2022\/11\/croc-fendu.jpg 502w, https:\/\/serialectrice.com\/wp-content\/uploads\/2022\/11\/croc-fendu-188x300.jpg 188w, https:\/\/serialectrice.com\/wp-content\/uploads\/2022\/11\/croc-fendu-94x150.jpg 94w\" sizes=\"auto, (max-width: 502px) 100vw, 502px\" \/><\/figure><div class=\"wp-block-media-text__content\">\n<p class=\"has-medium-font-size wp-block-paragraph\">D\u00e9cembre c&rsquo;est \u00e9galement le d\u00e9but de l&rsquo;hiver. <strong>Et qui hiver, dit neige. Qui dit neige, dit blancheur. <\/strong>Le blanc contrastant avec le noir, nous lirons un livre dont <strong>la couverture est noire et blanche<\/strong>. Je lirai Croc Fendu qui m&rsquo;attire \u00e9norm\u00e9ment.<\/p>\n<\/div><\/div>\n\n\n\n<h2 class=\"wp-block-heading\">7. Quatri\u00e8me avec le mot Saint(e)<\/h2>\n\n\n\n<div class=\"wp-block-media-text alignwide is-stacked-on-mobile\" style=\"grid-template-columns:15% auto\"><figure class=\"wp-block-media-text__media\"><img loading=\"lazy\" decoding=\"async\" width=\"351\" height=\"564\" src=\"https:\/\/serialectrice.com\/wp-content\/uploads\/2022\/12\/cruels-sont-les-rivages.jpg\" alt=\"\" class=\"wp-image-4013 size-full\" srcset=\"https:\/\/serialectrice.com\/wp-content\/uploads\/2022\/12\/cruels-sont-les-rivages.jpg 351w, https:\/\/serialectrice.com\/wp-content\/uploads\/2022\/12\/cruels-sont-les-rivages-187x300.jpg 187w, https:\/\/serialectrice.com\/wp-content\/uploads\/2022\/12\/cruels-sont-les-rivages-93x150.jpg 93w\" sizes=\"auto, (max-width: 351px) 100vw, 351px\" \/><\/figure><div class=\"wp-block-media-text__content\">\n<p class=\"has-medium-font-size wp-block-paragraph\">Durant le mois de d\u00e9cembre, il n&rsquo;y a pas que No\u00ebl. Il y a aussi la <strong>Saint Nicolas et la Saint Sylvestre<\/strong>. C&rsquo;est pourquoi nous chercherons un livre sur lequel <strong>nous retrouvons le mot Saint(e) en quatri\u00e8me de couverture. <\/strong>Je voudrais lire Cruels sont les rivages (Saint-Nazaire).<\/p>\n<\/div><\/div>\n\n\n\n<h2 class=\"wp-block-heading\">8. Quatri\u00e8me avec le mot \u00ab\u00a0froid\u00a0\u00bb<\/h2>\n\n\n\n<div class=\"wp-block-media-text alignwide is-stacked-on-mobile\" style=\"grid-template-columns:15% auto\"><figure class=\"wp-block-media-text__media\"><img loading=\"lazy\" decoding=\"async\" width=\"400\" height=\"655\" src=\"https:\/\/serialectrice.com\/wp-content\/uploads\/2022\/11\/Atom-ka-1.jpg\" alt=\"\" class=\"wp-image-4000 size-full\" srcset=\"https:\/\/serialectrice.com\/wp-content\/uploads\/2022\/11\/Atom-ka-1.jpg 400w, https:\/\/serialectrice.com\/wp-content\/uploads\/2022\/11\/Atom-ka-1-183x300.jpg 183w, https:\/\/serialectrice.com\/wp-content\/uploads\/2022\/11\/Atom-ka-1-92x150.jpg 92w\" sizes=\"auto, (max-width: 400px) 100vw, 400px\" \/><\/figure><div class=\"wp-block-media-text__content\">\n<p class=\"has-medium-font-size wp-block-paragraph\">Ai-je vraiment besoin de vous expliquer cette cat\u00e9gorie ?  <strong>On retrouve le mot \u00ab\u00a0froid\u00a0\u00bb sur la quatri\u00e8me de couverture du roman Atom Ka de Franck Thilliez.<\/strong> Ca serait l&rsquo;occasion de finir la trilogie sur le th\u00e8me de la violence. <\/p>\n<\/div><\/div>\n\n\n\n<h2 class=\"wp-block-heading\">9. Personnage qui se nomme Nicolas (et d\u00e9riv\u00e9)<\/h2>\n\n\n\n<div class=\"wp-block-media-text alignwide is-stacked-on-mobile\" style=\"grid-template-columns:15% auto\"><figure class=\"wp-block-media-text__media\"><img loading=\"lazy\" decoding=\"async\" width=\"685\" height=\"1000\" src=\"https:\/\/serialectrice.com\/wp-content\/uploads\/2022\/11\/un-jour-viendra.jpg\" alt=\"\" class=\"wp-image-3990 size-full\" srcset=\"https:\/\/serialectrice.com\/wp-content\/uploads\/2022\/11\/un-jour-viendra.jpg 685w, https:\/\/serialectrice.com\/wp-content\/uploads\/2022\/11\/un-jour-viendra-206x300.jpg 206w, https:\/\/serialectrice.com\/wp-content\/uploads\/2022\/11\/un-jour-viendra-103x150.jpg 103w\" sizes=\"auto, (max-width: 685px) 100vw, 685px\" \/><\/figure><div class=\"wp-block-media-text__content\">\n<p class=\"has-medium-font-size wp-block-paragraph\">Le 6 d\u00e9cembre, nous c\u00e9l\u00e9brons la Saint Nicolas. <strong>Nous chercherons donc un livre dont un des personnages s&rsquo;appelle Nicolas<\/strong> (ou un pr\u00e9nom d\u00e9riv\u00e9 : Nicole, Nick, Nicholas &#8230;). J&rsquo;aimerais bien lire Un jour viendra de Giulia Caminito dont un des personnages se nomme Nicola.<\/p>\n<\/div><\/div>\n\n\n\n<h2 class=\"wp-block-heading\">10. Livre qui se d\u00e9roule dans un pays froid<\/h2>\n\n\n\n<div class=\"wp-block-media-text alignwide is-stacked-on-mobile\" style=\"grid-template-columns:15% auto\"><figure class=\"wp-block-media-text__media\"><img loading=\"lazy\" decoding=\"async\" width=\"493\" height=\"800\" src=\"https:\/\/serialectrice.com\/wp-content\/uploads\/2022\/11\/elma.jpg\" alt=\"\" class=\"wp-image-3991 size-full\" srcset=\"https:\/\/serialectrice.com\/wp-content\/uploads\/2022\/11\/elma.jpg 493w, https:\/\/serialectrice.com\/wp-content\/uploads\/2022\/11\/elma-185x300.jpg 185w, https:\/\/serialectrice.com\/wp-content\/uploads\/2022\/11\/elma-92x150.jpg 92w\" sizes=\"auto, (max-width: 493px) 100vw, 493px\" \/><\/figure><div class=\"wp-block-media-text__content\">\n<p class=\"has-medium-font-size wp-block-paragraph\">Enfin, d\u00e9cembre est souvent un mois froid. <strong>Je vous propose donc de chercher un livre qui se d\u00e9roule dans un pays froid.<\/strong> J&rsquo;ai choisi de lire Elma de Ev Bj\u00f6rg qui se d\u00e9roule en Islande, pr\u00e8s de Reykjavik.<\/p>\n<\/div><\/div>\n\n\n\n<h2 class=\"has-text-align-center wp-block-heading\"><em>Savez-vous ce que vous lirez pour l&rsquo;occasion ?<\/em><\/h2>\n","protected":false},"excerpt":{"rendered":"<p>Voici le nouveau challenge litt\u00e9raire mensuel.<\/p>\n","protected":false},"author":1,"featured_media":3992,"comment_status":"open","ping_status":"open","sticky":false,"template":"","format":"standard","meta":{"_crdt_document":"","om_disable_all_campaigns":false,"_uag_custom_page_level_css":"","_monsterinsights_skip_tracking":false,"_monsterinsights_sitenote_active":false,"_monsterinsights_sitenote_note":"","_monsterinsights_sitenote_category":0,"_uf_show_specific_survey":0,"_uf_disable_surveys":false,"_jetpack_memberships_contains_paid_content":false,"footnotes":"","jetpack_publicize_message":"Challenge Litt\u00e9raire du mois de d\u00e9cembre 2022.\n\n Retrouvez les dix cat\u00e9gories de ce nouveau challenge litt\u00e9raire.","jetpack_publicize_feature_enabled":true,"jetpack_social_post_already_shared":true,"jetpack_social_options":{"image_generator_settings":{"template":"highway","default_image_id":0,"font":"","enabled":false},"version":2}},"categories":[4],"tags":[8,267],"class_list":["post-3981","post","type-post","status-publish","format-standard","has-post-thumbnail","hentry","category-challenge","tag-challenge","tag-challenge-mensuel"],"aioseo_notices":[],"jetpack_publicize_connections":[],"jetpack_featured_media_url":"https:\/\/serialectrice.com\/wp-content\/uploads\/2022\/11\/Challenge-Litteraire-Decembre-2023.png","uagb_featured_image_src":{"full":["https:\/\/serialectrice.com\/wp-content\/uploads\/2022\/11\/Challenge-Litteraire-Decembre-2023.png",1716,993,false],"thumbnail":["https:\/\/serialectrice.com\/wp-content\/uploads\/2022\/11\/Challenge-Litteraire-Decembre-2023-572x331.png",572,331,true],"medium":["https:\/\/serialectrice.com\/wp-content\/uploads\/2022\/11\/Challenge-Litteraire-Decembre-2023-300x174.png",300,174,true],"medium_large":["https:\/\/serialectrice.com\/wp-content\/uploads\/2022\/11\/Challenge-Litteraire-Decembre-2023-768x444.png",768,444,true],"large":["https:\/\/serialectrice.com\/wp-content\/uploads\/2022\/11\/Challenge-Litteraire-Decembre-2023-1024x593.png",840,486,true],"post-slider-thumb-size":["https:\/\/serialectrice.com\/wp-content\/uploads\/2022\/11\/Challenge-Litteraire-Decembre-2023.png",328,190,false],"post-category-slider-size":["https:\/\/serialectrice.com\/wp-content\/uploads\/2022\/11\/Challenge-Litteraire-Decembre-2023.png",330,191,false],"1536x1536":["https:\/\/serialectrice.com\/wp-content\/uploads\/2022\/11\/Challenge-Litteraire-Decembre-2023-1536x889.png",1536,889,true],"2048x2048":["https:\/\/serialectrice.com\/wp-content\/uploads\/2022\/11\/Challenge-Litteraire-Decembre-2023.png",1716,993,false],"hello-fashion-slider":["https:\/\/serialectrice.com\/wp-content\/uploads\/2022\/11\/Challenge-Litteraire-Decembre-2023.png",480,278,false],"hello-fashion-blog-three":["https:\/\/serialectrice.com\/wp-content\/uploads\/2022\/11\/Challenge-Litteraire-Decembre-2023.png",420,243,false],"hello-fashion-blog-four":["https:\/\/serialectrice.com\/wp-content\/uploads\/2022\/11\/Challenge-Litteraire-Decembre-2023.png",573,332,false],"vilva-slider-one":["https:\/\/serialectrice.com\/wp-content\/uploads\/2022\/11\/Challenge-Litteraire-Decembre-2023.png",1037,600,false],"vilva-featured-four":["https:\/\/serialectrice.com\/wp-content\/uploads\/2022\/11\/Challenge-Litteraire-Decembre-2023.png",800,463,false],"vilva-blog":["https:\/\/serialectrice.com\/wp-content\/uploads\/2022\/11\/Challenge-Litteraire-Decembre-2023.png",420,243,false],"vilva-blog-one":["https:\/\/serialectrice.com\/wp-content\/uploads\/2022\/11\/Challenge-Litteraire-Decembre-2023.png",864,500,false],"vilva-sidebar":["https:\/\/serialectrice.com\/wp-content\/uploads\/2022\/11\/Challenge-Litteraire-Decembre-2023.png",817,473,false]},"uagb_author_info":{"display_name":"SeriaLectrice","author_link":"https:\/\/serialectrice.com\/index.php\/author\/cilounegmail-com\/"},"uagb_comment_info":4,"uagb_excerpt":"Voici le nouveau challenge litt\u00e9raire mensuel.","jetpack_sharing_enabled":true,"jetpack_likes_enabled":true,"_links":{"self":[{"href":"https:\/\/serialectrice.com\/index.php\/wp-json\/wp\/v2\/posts\/3981","targetHints":{"allow":["GET"]}}],"collection":[{"href":"https:\/\/serialectrice.com\/index.php\/wp-json\/wp\/v2\/posts"}],"about":[{"href":"https:\/\/serialectrice.com\/index.php\/wp-json\/wp\/v2\/types\/post"}],"author":[{"embeddable":true,"href":"https:\/\/serialectrice.com\/index.php\/wp-json\/wp\/v2\/users\/1"}],"replies":[{"embeddable":true,"href":"https:\/\/serialectrice.com\/index.php\/wp-json\/wp\/v2\/comments?post=3981"}],"version-history":[{"count":0,"href":"https:\/\/serialectrice.com\/index.php\/wp-json\/wp\/v2\/posts\/3981\/revisions"}],"wp:featuredmedia":[{"embeddable":true,"href":"https:\/\/serialectrice.com\/index.php\/wp-json\/wp\/v2\/media\/3992"}],"wp:attachment":[{"href":"https:\/\/serialectrice.com\/index.php\/wp-json\/wp\/v2\/media?parent=3981"}],"wp:term":[{"taxonomy":"category","embeddable":true,"href":"https:\/\/serialectrice.com\/index.php\/wp-json\/wp\/v2\/categories?post=3981"},{"taxonomy":"post_tag","embeddable":true,"href":"https:\/\/serialectrice.com\/index.php\/wp-json\/wp\/v2\/tags?post=3981"}],"curies":[{"name":"wp","href":"https:\/\/api.w.org\/{rel}","templated":true}]}}