{"id":3932,"date":"2022-11-19T18:00:00","date_gmt":"2022-11-19T16:00:00","guid":{"rendered":"https:\/\/serialectrice.com\/?p=3932"},"modified":"2022-11-19T15:37:31","modified_gmt":"2022-11-19T13:37:31","slug":"gataca","status":"publish","type":"post","link":"https:\/\/serialectrice.com\/index.php\/2022\/11\/19\/gataca\/","title":{"rendered":"[ Gataca ] _ Franck Thilliez"},"content":{"rendered":"\n<div class=\"wp-block-media-text alignwide is-stacked-on-mobile\"><figure class=\"wp-block-media-text__media\"><img loading=\"lazy\" decoding=\"async\" width=\"625\" height=\"1024\" src=\"https:\/\/serialectrice.com\/wp-content\/uploads\/2022\/11\/gataca-625x1024.jpg\" alt=\"\" class=\"wp-image-3933 size-full\" srcset=\"https:\/\/serialectrice.com\/wp-content\/uploads\/2022\/11\/gataca-625x1024.jpg 625w, https:\/\/serialectrice.com\/wp-content\/uploads\/2022\/11\/gataca-183x300.jpg 183w, https:\/\/serialectrice.com\/wp-content\/uploads\/2022\/11\/gataca-92x150.jpg 92w, https:\/\/serialectrice.com\/wp-content\/uploads\/2022\/11\/gataca-768x1259.jpg 768w, https:\/\/serialectrice.com\/wp-content\/uploads\/2022\/11\/gataca.jpg 800w\" sizes=\"auto, (max-width: 625px) 100vw, 625px\" \/><\/figure><div class=\"wp-block-media-text__content\">\n<h2 class=\"has-vivid-green-cyan-color has-text-color wp-block-heading\">R\u00e9sum\u00e9<\/h2>\n\n\n\n<p class=\"wp-block-paragraph\">Bienvenue \u00e0 Gataca \u2026<\/p>\n\n\n\n<p class=\"wp-block-paragraph\" style=\"font-size:19px\">Quel lien entre onze psychopathes gauchers et l&rsquo;homme de Cro-Magnon ?<br>Alors que Lucie Henebelle peine \u00e0 se remettre de ses traumatismes, l&rsquo;ex-commissaire Sharko se voit rel\u00e9gu\u00e9 \u00e0 des enqu\u00eates de seconde zone. Telle la d\u00e9couverte du corps de cette jeune scientifique, battue \u00e0 mort par un grand singe.<br>\u00c0 nouveau r\u00e9unis pour le pire, les deux flics plongent aux origines de la violence, l\u00e0 o\u00f9 le g\u00e9nome humain d\u00e9termine son avenir : l&rsquo;extinction.<br><\/p>\n<\/div><\/div>\n\n\n\n<h2 class=\"has-vivid-green-cyan-color has-text-color wp-block-heading\">Mon ressenti<\/h2>\n\n\n\n<p class=\"has-medium-font-size wp-block-paragraph\"><strong>Une jeune scientifique est retrouv\u00e9e morte<\/strong>, probablement attaqu\u00e9e par un singe. Pourtant, l&rsquo;anthropologue qui s&rsquo;occupe de cette guenon ne peut croire \u00e0 une telle hypoth\u00e8se. Sharko est alors intrigu\u00e9 et va commencer \u00e0 mener l&rsquo;enqu\u00eate. En suivant les derniers d\u00e9placement de la victime, il d\u00e9couvre qu&rsquo;<strong>elle a rendu visite \u00e0 plusieurs prisonniers, tous empreints d&rsquo;une violence inexpliqu\u00e9e<\/strong>. L&rsquo;un d&rsquo;entre eux s&rsquo;est donn\u00e9 la mort quelques jours apr\u00e8s. Celui qui s&rsquo;en \u00e9tait pris aux filles de Lucie Hennebelle. Lorsqu&rsquo;elle apprend la nouvelle, <strong>elle ne peut s&#8217;emp\u00eacher de venir sur Paris afin d&rsquo;enqu\u00eater \u00e0 son tour alors qu&rsquo;elle a d\u00e9missionn\u00e9 de ses fonctions polici\u00e8res.<\/strong><\/p>\n\n\n\n<p class=\"has-medium-font-size wp-block-paragraph\">Alors que j&rsquo;avais moyennement appr\u00e9ci\u00e9 le tome pr\u00e9c\u00e9dent, <a href=\"https:\/\/serialectrice.com\/index.php\/2022\/09\/20\/le-syndrome-e\/\">Syndr\u00f4me [E]<\/a>, <strong>j&rsquo;ai litt\u00e9ralement d\u00e9vor\u00e9 [Gataca]<\/strong>. Ce roman, m\u00eame si comme dans le pr\u00e9c\u00e9dent opus parle de violence, se pr\u00e9sente diff\u00e9remment. Tout d&rsquo;abord, il est \u00e0 noter que <strong>ce tome ne regorge d&rsquo;aucun d\u00e9tails macabres, sordides ou glauque<\/strong>. Il s&rsquo;agit s\u00fbrement d&rsquo;un des romans les plus softs de Thilliez. Et pour autant, c&rsquo;est s\u00fbrement <strong>un de ses meilleurs<\/strong>. Les th\u00e8mes abord\u00e9s sont d&rsquo;une richesse sans pareille.<strong> La th\u00e8se eug\u00e9niste en toile de fond, avec la s\u00e9quence du g\u00e9nome humain que tentent de reproduire des scientifiques est passionnante.<\/strong> Et alors qu&rsquo;on pourrait penser que tout ceci sort de l&rsquo;imagination du romancier, on apprend que tout ce qui tourne autour des manipulations g\u00e9n\u00e9tiques est vrai. <strong>Ca fait vraiment froid dans le dos.<\/strong><\/p>\n\n\n\n<h6 class=\"wp-block-heading\"><\/h6>\n\n\n\n<p class=\"has-medium-font-size wp-block-paragraph\">Malgr\u00e9 quelques longueurs \u00e0 la toute fin du roman, <strong>j&rsquo;ai vraiment ador\u00e9 la plume de Thilliez.<\/strong> Il sait parfaitement retranscrire des <strong>donn\u00e9es scientifiques complexes afin de les rendre un peu plus compr\u00e9hensibles<\/strong> pour le commun des mortels. Je vous avoue que m\u00eame si je comprenais globalement tout ce qui tournait autour du s\u00e9quen\u00e7age de l&rsquo;ADN, je serais bien incapable de vous l&rsquo;expliquer \u00e0 mon tour. <strong>Le titre n&rsquo;est pas anodin, un ADN est compos\u00e9 de paires canoniques :  Guanine, Ad\u00e9nine, Thymine et Cytosine<\/strong>. Il vous suffit de regarder les initiales de ces quatre \u00e9l\u00e9ments pour comprendre que tout l&rsquo;histoire va reposer sur des d\u00e9couvertes scientifiques qui tournent autour de l&rsquo;ADN.<\/p>\n\n\n\n<p class=\"has-medium-font-size wp-block-paragraph\">Franck Thilliez nous fait voyager jusque dans <strong>une grotte des Alpes<\/strong>, o\u00f9 l&rsquo;on a retrouv\u00e9 des restes de Cro-Magnon (dont la th\u00e9orie serait qu&rsquo;ils aient massacr\u00e9 l&rsquo;homme de N\u00e9andertal),. Il nous emm\u00e8ne \u00e9galement au fin fond de l&rsquo;Amazonie pour y d\u00e9couvrir <strong>une tribu violente <\/strong>compl\u00e8tement isol\u00e9e de la soci\u00e9t\u00e9. <strong>On ne s&rsquo;ennuie pas une seconde !<\/strong> Et quitte \u00e0 me r\u00e9p\u00e9ter, les th\u00e8mes scientifiques abord\u00e9s sont <strong>passionnants<\/strong> (g\u00e9n\u00e9tique, biologie \u00e9volutive, eug\u00e9nisme, s\u00e9lection naturelle et manipulation g\u00e9n\u00e9tique). <strong>Le travail de recherche est impressionnant. <\/strong><\/p>\n\n\n<div class=\"wp-block-image\">\n<figure class=\"aligncenter size-large\"><img loading=\"lazy\" decoding=\"async\" width=\"1024\" height=\"1024\" src=\"https:\/\/serialectrice.com\/wp-content\/uploads\/2022\/09\/Sans-titre-Publication-Instagram-carree18-1024x1024.png\" alt=\"\" class=\"wp-image-3638\" srcset=\"https:\/\/serialectrice.com\/wp-content\/uploads\/2022\/09\/Sans-titre-Publication-Instagram-carree18-1024x1024.png 1024w, https:\/\/serialectrice.com\/wp-content\/uploads\/2022\/09\/Sans-titre-Publication-Instagram-carree18-300x300.png 300w, https:\/\/serialectrice.com\/wp-content\/uploads\/2022\/09\/Sans-titre-Publication-Instagram-carree18-150x150.png 150w, https:\/\/serialectrice.com\/wp-content\/uploads\/2022\/09\/Sans-titre-Publication-Instagram-carree18-768x768.png 768w, https:\/\/serialectrice.com\/wp-content\/uploads\/2022\/09\/Sans-titre-Publication-Instagram-carree18-100x100.png 100w, https:\/\/serialectrice.com\/wp-content\/uploads\/2022\/09\/Sans-titre-Publication-Instagram-carree18.png 1080w\" sizes=\"auto, (max-width: 1024px) 100vw, 1024px\" \/><\/figure>\n<\/div>\n\n\n<p class=\"has-text-align-center has-medium-font-size wp-block-paragraph\"><em>A ma grande surprise, j&rsquo;ai vraiment ador\u00e9 ce deuxi\u00e8me tome sur <strong>le th\u00e8me de la violence<\/strong> et de ses origines. Il me tarde de lire le troisi\u00e8me intitul\u00e9 <a href=\"https:\/\/fr.wikipedia.org\/wiki\/Atomka\">Atom[ka]<\/a>.<\/em><\/p>\n\n\n<div class=\"wp-block-jetpack-rating-star\" style=\"text-align:center\" itemprop=\"reviewRating\" itemscope itemtype=\"http:\/\/schema.org\/Rating\"><p><span aria-hidden=\"true\">\u2b50<\/span><span aria-hidden=\"true\">\u2b50<\/span><span aria-hidden=\"true\">\u2b50<\/span><span aria-hidden=\"true\">\u2b50<\/span><span aria-hidden=\"true\">\u2b50<\/span><\/p><span style=\"display: none;\" itemprop=\"worstRating\" content=\"0.5\"><span>\n<svg xmlns=\"http:\/\/www.w3.org\/2000\/svg\" width=\"24\" height=\"24\" viewBox=\"0 0 24 24\">\n\t<path class=\"\" fill=\"currentColor\" stroke=\"currentColor\" d=\"M12,17.3l6.2,3.7l-1.6-7L22,9.2l-7.2-0.6L12,2L9.2,8.6L2,9.2L7.5,14l-1.6,7L12,17.3z\" \/>\n<\/svg>\n<\/span>\n<span>\n<svg xmlns=\"http:\/\/www.w3.org\/2000\/svg\" width=\"24\" height=\"24\" viewBox=\"0 0 24 24\">\n\t<path class=\"\" fill=\"currentColor\" stroke=\"currentColor\" d=\"M12,17.3l6.2,3.7l-1.6-7L22,9.2l-7.2-0.6L12,2L9.2,8.6L2,9.2L7.5,14l-1.6,7L12,17.3z\" \/>\n<\/svg>\n<\/span><\/span><span style=\"display: none;\" ><span>\n<svg xmlns=\"http:\/\/www.w3.org\/2000\/svg\" width=\"24\" height=\"24\" viewBox=\"0 0 24 24\">\n\t<path class=\"\" fill=\"currentColor\" stroke=\"currentColor\" d=\"M12,17.3l6.2,3.7l-1.6-7L22,9.2l-7.2-0.6L12,2L9.2,8.6L2,9.2L7.5,14l-1.6,7L12,17.3z\" \/>\n<\/svg>\n<\/span>\n<span>\n<svg xmlns=\"http:\/\/www.w3.org\/2000\/svg\" width=\"24\" height=\"24\" viewBox=\"0 0 24 24\">\n\t<path class=\"\" fill=\"currentColor\" stroke=\"currentColor\" d=\"M12,17.3l6.2,3.7l-1.6-7L22,9.2l-7.2-0.6L12,2L9.2,8.6L2,9.2L7.5,14l-1.6,7L12,17.3z\" \/>\n<\/svg>\n<\/span><\/span><span style=\"display: none;\" ><span>\n<svg xmlns=\"http:\/\/www.w3.org\/2000\/svg\" width=\"24\" height=\"24\" viewBox=\"0 0 24 24\">\n\t<path class=\"\" fill=\"currentColor\" stroke=\"currentColor\" d=\"M12,17.3l6.2,3.7l-1.6-7L22,9.2l-7.2-0.6L12,2L9.2,8.6L2,9.2L7.5,14l-1.6,7L12,17.3z\" \/>\n<\/svg>\n<\/span>\n<span>\n<svg xmlns=\"http:\/\/www.w3.org\/2000\/svg\" width=\"24\" height=\"24\" viewBox=\"0 0 24 24\">\n\t<path class=\"\" fill=\"currentColor\" stroke=\"currentColor\" d=\"M12,17.3l6.2,3.7l-1.6-7L22,9.2l-7.2-0.6L12,2L9.2,8.6L2,9.2L7.5,14l-1.6,7L12,17.3z\" \/>\n<\/svg>\n<\/span><\/span><span style=\"display: none;\" ><span>\n<svg xmlns=\"http:\/\/www.w3.org\/2000\/svg\" width=\"24\" height=\"24\" viewBox=\"0 0 24 24\">\n\t<path class=\"\" fill=\"currentColor\" stroke=\"currentColor\" d=\"M12,17.3l6.2,3.7l-1.6-7L22,9.2l-7.2-0.6L12,2L9.2,8.6L2,9.2L7.5,14l-1.6,7L12,17.3z\" \/>\n<\/svg>\n<\/span>\n<span>\n<svg xmlns=\"http:\/\/www.w3.org\/2000\/svg\" width=\"24\" height=\"24\" viewBox=\"0 0 24 24\">\n\t<path class=\"\" fill=\"currentColor\" stroke=\"currentColor\" d=\"M12,17.3l6.2,3.7l-1.6-7L22,9.2l-7.2-0.6L12,2L9.2,8.6L2,9.2L7.5,14l-1.6,7L12,17.3z\" \/>\n<\/svg>\n<\/span><\/span><span style=\"display: none;\" itemprop=\"bestRating\" content=\"5\"><span>\n<svg xmlns=\"http:\/\/www.w3.org\/2000\/svg\" width=\"24\" height=\"24\" viewBox=\"0 0 24 24\">\n\t<path class=\"\" fill=\"currentColor\" stroke=\"currentColor\" d=\"M12,17.3l6.2,3.7l-1.6-7L22,9.2l-7.2-0.6L12,2L9.2,8.6L2,9.2L7.5,14l-1.6,7L12,17.3z\" \/>\n<\/svg>\n<\/span>\n<span>\n<svg xmlns=\"http:\/\/www.w3.org\/2000\/svg\" width=\"24\" height=\"24\" viewBox=\"0 0 24 24\">\n\t<path class=\"is-rating-unfilled\" fill=\"currentColor\" stroke=\"currentColor\" d=\"M12,17.3l6.2,3.7l-1.6-7L22,9.2l-7.2-0.6L12,2L9.2,8.6L2,9.2L7.5,14l-1.6,7L12,17.3z\" \/>\n<\/svg>\n<\/span><\/span><span itemprop=\"ratingValue\" class=\"screen-reader-text\" content=\"4.5\">Note\u00a0: 4.5\u00a0sur 5.<\/span><\/div>\n\n\n<h2 class=\"has-vivid-green-cyan-color has-text-color wp-block-heading\">Mes challenges<\/h2>\n\n\n\n<p class=\"has-medium-font-size wp-block-paragraph\">Cette lecture m&rsquo;a permis de valider la cat\u00e9gorie 2 du <a href=\"https:\/\/serialectrice.com\/index.php\/2022\/10\/26\/challenge-litteraire-novembre-2022\/\">challenge mensuel.<\/a> <strong>Un auteur en T.<\/strong><\/p>\n","protected":false},"excerpt":{"rendered":"<p>Franck Thilliez se penche sur les origines de la violence.<\/p>\n","protected":false},"author":1,"featured_media":3934,"comment_status":"open","ping_status":"open","sticky":false,"template":"","format":"standard","meta":{"_crdt_document":"","om_disable_all_campaigns":false,"_uag_custom_page_level_css":"","_monsterinsights_skip_tracking":false,"_monsterinsights_sitenote_active":false,"_monsterinsights_sitenote_note":"","_monsterinsights_sitenote_category":0,"_uf_show_specific_survey":0,"_uf_disable_surveys":false,"_jetpack_memberships_contains_paid_content":false,"footnotes":"","jetpack_publicize_message":"Gataca de Franck Thilliez est le 2\u00e8me tome de sa trilogie ayant pour th\u00e8me La violence. Il se penche ici sur les origines de cette violence.","jetpack_publicize_feature_enabled":true,"jetpack_social_post_already_shared":true,"jetpack_social_options":{"image_generator_settings":{"template":"highway","default_image_id":0,"font":"","enabled":false},"version":2}},"categories":[6],"tags":[23,193,194,129,237,25],"class_list":["post-3932","post","type-post","status-publish","format-standard","has-post-thumbnail","hentry","category-livres-lus","tag-enquete","tag-franck-thilliez","tag-hennebelle","tag-roman-policier","tag-sharko","tag-thriller"],"aioseo_notices":[],"jetpack_publicize_connections":[],"jetpack_featured_media_url":"https:\/\/serialectrice.com\/wp-content\/uploads\/2022\/11\/Sans-titre623.png","uagb_featured_image_src":{"full":["https:\/\/serialectrice.com\/wp-content\/uploads\/2022\/11\/Sans-titre623.png",1716,993,false],"thumbnail":["https:\/\/serialectrice.com\/wp-content\/uploads\/2022\/11\/Sans-titre623-572x331.png",572,331,true],"medium":["https:\/\/serialectrice.com\/wp-content\/uploads\/2022\/11\/Sans-titre623-300x174.png",300,174,true],"medium_large":["https:\/\/serialectrice.com\/wp-content\/uploads\/2022\/11\/Sans-titre623-768x444.png",768,444,true],"large":["https:\/\/serialectrice.com\/wp-content\/uploads\/2022\/11\/Sans-titre623-1024x593.png",840,486,true],"post-slider-thumb-size":["https:\/\/serialectrice.com\/wp-content\/uploads\/2022\/11\/Sans-titre623.png",328,190,false],"post-category-slider-size":["https:\/\/serialectrice.com\/wp-content\/uploads\/2022\/11\/Sans-titre623.png",330,191,false],"1536x1536":["https:\/\/serialectrice.com\/wp-content\/uploads\/2022\/11\/Sans-titre623-1536x889.png",1536,889,true],"2048x2048":["https:\/\/serialectrice.com\/wp-content\/uploads\/2022\/11\/Sans-titre623.png",1716,993,false],"hello-fashion-slider":["https:\/\/serialectrice.com\/wp-content\/uploads\/2022\/11\/Sans-titre623.png",480,278,false],"hello-fashion-blog-three":["https:\/\/serialectrice.com\/wp-content\/uploads\/2022\/11\/Sans-titre623.png",420,243,false],"hello-fashion-blog-four":["https:\/\/serialectrice.com\/wp-content\/uploads\/2022\/11\/Sans-titre623.png",573,332,false],"vilva-slider-one":["https:\/\/serialectrice.com\/wp-content\/uploads\/2022\/11\/Sans-titre623.png",1037,600,false],"vilva-featured-four":["https:\/\/serialectrice.com\/wp-content\/uploads\/2022\/11\/Sans-titre623.png",800,463,false],"vilva-blog":["https:\/\/serialectrice.com\/wp-content\/uploads\/2022\/11\/Sans-titre623.png",420,243,false],"vilva-blog-one":["https:\/\/serialectrice.com\/wp-content\/uploads\/2022\/11\/Sans-titre623.png",864,500,false],"vilva-sidebar":["https:\/\/serialectrice.com\/wp-content\/uploads\/2022\/11\/Sans-titre623.png",817,473,false]},"uagb_author_info":{"display_name":"SeriaLectrice","author_link":"https:\/\/serialectrice.com\/index.php\/author\/cilounegmail-com\/"},"uagb_comment_info":1,"uagb_excerpt":"Franck Thilliez se penche sur les origines de la violence.","jetpack_sharing_enabled":true,"jetpack_likes_enabled":true,"_links":{"self":[{"href":"https:\/\/serialectrice.com\/index.php\/wp-json\/wp\/v2\/posts\/3932","targetHints":{"allow":["GET"]}}],"collection":[{"href":"https:\/\/serialectrice.com\/index.php\/wp-json\/wp\/v2\/posts"}],"about":[{"href":"https:\/\/serialectrice.com\/index.php\/wp-json\/wp\/v2\/types\/post"}],"author":[{"embeddable":true,"href":"https:\/\/serialectrice.com\/index.php\/wp-json\/wp\/v2\/users\/1"}],"replies":[{"embeddable":true,"href":"https:\/\/serialectrice.com\/index.php\/wp-json\/wp\/v2\/comments?post=3932"}],"version-history":[{"count":0,"href":"https:\/\/serialectrice.com\/index.php\/wp-json\/wp\/v2\/posts\/3932\/revisions"}],"wp:featuredmedia":[{"embeddable":true,"href":"https:\/\/serialectrice.com\/index.php\/wp-json\/wp\/v2\/media\/3934"}],"wp:attachment":[{"href":"https:\/\/serialectrice.com\/index.php\/wp-json\/wp\/v2\/media?parent=3932"}],"wp:term":[{"taxonomy":"category","embeddable":true,"href":"https:\/\/serialectrice.com\/index.php\/wp-json\/wp\/v2\/categories?post=3932"},{"taxonomy":"post_tag","embeddable":true,"href":"https:\/\/serialectrice.com\/index.php\/wp-json\/wp\/v2\/tags?post=3932"}],"curies":[{"name":"wp","href":"https:\/\/api.w.org\/{rel}","templated":true}]}}