{"id":3885,"date":"2022-11-11T18:00:00","date_gmt":"2022-11-11T16:00:00","guid":{"rendered":"https:\/\/serialectrice.com\/?p=3885"},"modified":"2022-11-05T23:29:54","modified_gmt":"2022-11-05T21:29:54","slug":"grande-guerre-5-romans","status":"publish","type":"post","link":"https:\/\/serialectrice.com\/index.php\/2022\/11\/11\/grande-guerre-5-romans\/","title":{"rendered":"La Grande Guerre :  5 romans \u00e0 lire"},"content":{"rendered":"\n<p class=\"has-medium-font-size wp-block-paragraph\">Aujourd&rsquo;hui, 11 novembre, nous c\u00e9l\u00e9brons le jour anniversaire de la signature de l&rsquo;armistice de 1918. Je vous propose 5 romans plus ou mois connus qui se d\u00e9roulent durant la grande guerre.<\/p>\n\n\n\n<h2 class=\"wp-block-heading\">1. Voyage au bout de la nuit<\/h2>\n\n\n\n<div class=\"wp-block-media-text alignwide is-stacked-on-mobile\" style=\"grid-template-columns:15% auto\"><figure class=\"wp-block-media-text__media\"><img loading=\"lazy\" decoding=\"async\" width=\"622\" height=\"1024\" src=\"https:\/\/serialectrice.com\/wp-content\/uploads\/2022\/11\/voyage-au-bout-de-la-nuit-622x1024.jpg\" alt=\"\" class=\"wp-image-3886 size-full\" srcset=\"https:\/\/serialectrice.com\/wp-content\/uploads\/2022\/11\/voyage-au-bout-de-la-nuit-622x1024.jpg 622w, https:\/\/serialectrice.com\/wp-content\/uploads\/2022\/11\/voyage-au-bout-de-la-nuit-182x300.jpg 182w, https:\/\/serialectrice.com\/wp-content\/uploads\/2022\/11\/voyage-au-bout-de-la-nuit-91x150.jpg 91w, https:\/\/serialectrice.com\/wp-content\/uploads\/2022\/11\/voyage-au-bout-de-la-nuit-768x1265.jpg 768w, https:\/\/serialectrice.com\/wp-content\/uploads\/2022\/11\/voyage-au-bout-de-la-nuit-932x1536.jpg 932w, https:\/\/serialectrice.com\/wp-content\/uploads\/2022\/11\/voyage-au-bout-de-la-nuit-1243x2048.jpg 1243w, https:\/\/serialectrice.com\/wp-content\/uploads\/2022\/11\/voyage-au-bout-de-la-nuit.jpg 1276w\" sizes=\"auto, (max-width: 622px) 100vw, 622px\" \/><\/figure><div class=\"wp-block-media-text__content\">\n<p class=\"has-medium-font-size wp-block-paragraph\"><strong>Voyage au bout de la nuit <\/strong>est un r\u00e9cit \u00e0 la premi\u00e8re personne. Le <strong>personnage principal raconte son exp\u00e9rience de la Premi\u00e8re Guerre mondiale<\/strong>. Mais aussi celle du <a href=\"https:\/\/fr.wikipedia.org\/wiki\/Colonialisme\">c<\/a>olonialisme, de l&rsquo;entre-deux guerres et de la condition sociale en g\u00e9n\u00e9ral. M\u00eame si les <strong><a href=\"https:\/\/www.radiofrance.fr\/franceinter\/podcasts\/la-marche-de-l-histoire\/celine-antisemite-1197923\">propos antis\u00e9mites de l&rsquo;auteur<\/a><\/strong> peuvent \u00eatre vivement critiqu\u00e9s, l&rsquo;auteur sait de quoi il parle puisqu&rsquo;il <strong>a lui-m\u00eame particip\u00e9 \u00e0 cette grande guerre.<\/strong><\/p>\n<\/div><\/div>\n\n\n\n<h2 class=\"wp-block-heading\">2. Le diable au corps  de Raymond Radiguet<\/h2>\n\n\n\n<div class=\"wp-block-media-text alignwide is-stacked-on-mobile\" style=\"grid-template-columns:15% auto\"><figure class=\"wp-block-media-text__media\"><img loading=\"lazy\" decoding=\"async\" width=\"622\" height=\"1024\" src=\"https:\/\/serialectrice.com\/wp-content\/uploads\/2022\/11\/le-diable-au-corps-622x1024.jpg\" alt=\"\" class=\"wp-image-3887 size-full\" srcset=\"https:\/\/serialectrice.com\/wp-content\/uploads\/2022\/11\/le-diable-au-corps-622x1024.jpg 622w, https:\/\/serialectrice.com\/wp-content\/uploads\/2022\/11\/le-diable-au-corps-182x300.jpg 182w, https:\/\/serialectrice.com\/wp-content\/uploads\/2022\/11\/le-diable-au-corps-91x150.jpg 91w, https:\/\/serialectrice.com\/wp-content\/uploads\/2022\/11\/le-diable-au-corps.jpg 638w\" sizes=\"auto, (max-width: 622px) 100vw, 622px\" \/><\/figure><div class=\"wp-block-media-text__content\">\n<p class=\"has-medium-font-size wp-block-paragraph\"><strong>Le diable au corps<\/strong>, \u00e9crit par Raymond Radiguet, est une <strong>histoire d&rsquo;amour entre un jeune gar\u00e7on et une femme alors que le mari de cette derni\u00e8re se bat sur le front durant la premi\u00e8re guerre mondiale.<\/strong> A sa sortie, il fit scandale \u00ab\u00a0car il postulait la guerre comme condition m\u00eame du bonheur des amants et <strong>portait atteinte au respect sacr\u00e9 d\u00fb au soldat.\u00a0\u00bb<\/strong><\/p>\n<\/div><\/div>\n\n\n\n<h2 class=\"wp-block-heading\">3. Au revoir l\u00e0-haut de Pierre Lema\u00eetre<\/h2>\n\n\n\n<div class=\"wp-block-media-text alignwide is-stacked-on-mobile\" style=\"grid-template-columns:15% auto\"><figure class=\"wp-block-media-text__media\"><img loading=\"lazy\" decoding=\"async\" width=\"269\" height=\"435\" src=\"https:\/\/serialectrice.com\/wp-content\/uploads\/2022\/11\/au-revoir-la-haut.jpeg\" alt=\"\" class=\"wp-image-3888 size-full\" srcset=\"https:\/\/serialectrice.com\/wp-content\/uploads\/2022\/11\/au-revoir-la-haut.jpeg 269w, https:\/\/serialectrice.com\/wp-content\/uploads\/2022\/11\/au-revoir-la-haut-186x300.jpeg 186w, https:\/\/serialectrice.com\/wp-content\/uploads\/2022\/11\/au-revoir-la-haut-93x150.jpeg 93w\" sizes=\"auto, (max-width: 269px) 100vw, 269px\" \/><\/figure><div class=\"wp-block-media-text__content\">\n<p class=\"has-medium-font-size wp-block-paragraph\">Dans <strong>Au revoir l\u00e0-haut<\/strong>, Pierre Lemaitre raconte<strong> la vie de deux poilus au sortir de la Premi\u00e8re Guerre mondiale<\/strong> qui font face \u00e0 l&rsquo;incapacit\u00e9 de la soci\u00e9t\u00e9 fran\u00e7aise de leur m\u00e9nager une place. Ils d\u00e9veloppent alors <strong>une arnaque aux faux monuments aux morts.<\/strong> Ce roman a gagn\u00e9 le prix <strong>Goncourt en 2013.<\/strong><\/p>\n<\/div><\/div>\n\n\n\n<h2 class=\"wp-block-heading\">4. Paroles de poilus<\/h2>\n\n\n\n<div class=\"wp-block-media-text alignwide is-stacked-on-mobile\" style=\"grid-template-columns:15% auto\"><figure class=\"wp-block-media-text__media\"><img loading=\"lazy\" decoding=\"async\" width=\"400\" height=\"630\" src=\"https:\/\/serialectrice.com\/wp-content\/uploads\/2022\/11\/Paroles-de-poilus.jpg\" alt=\"\" class=\"wp-image-3889 size-full\" srcset=\"https:\/\/serialectrice.com\/wp-content\/uploads\/2022\/11\/Paroles-de-poilus.jpg 400w, https:\/\/serialectrice.com\/wp-content\/uploads\/2022\/11\/Paroles-de-poilus-190x300.jpg 190w, https:\/\/serialectrice.com\/wp-content\/uploads\/2022\/11\/Paroles-de-poilus-95x150.jpg 95w\" sizes=\"auto, (max-width: 400px) 100vw, 400px\" \/><\/figure><div class=\"wp-block-media-text__content\">\n<p class=\"has-medium-font-size wp-block-paragraph\"><strong>Paroles de poilus<\/strong>, publi\u00e9 chez Librio, est un recueil de lettres \u00e9crites par des soldats, les poilus. Destin\u00e9es \u00e0 leur famille, <strong>ces lettres d\u00e9crivent le quotidien de ces hommes qui se terrent dans les tranch\u00e9es<\/strong>, \u00ab\u00a0dans l&rsquo;enfer de la boue, des rats, de l&rsquo; angoisse et de la mort.\u00a0\u00bb <\/p>\n<\/div><\/div>\n\n\n\n<h2 class=\"wp-block-heading\">5. Un parfum de rose et d&rsquo;oubli<\/h2>\n\n\n\n<div class=\"wp-block-media-text alignwide is-stacked-on-mobile\" style=\"grid-template-columns:15% auto\"><figure class=\"wp-block-media-text__media\"><img loading=\"lazy\" decoding=\"async\" width=\"400\" height=\"655\" src=\"https:\/\/serialectrice.com\/wp-content\/uploads\/2022\/11\/Un-parfum-de-rose-et-d-oubli.jpg\" alt=\"\" class=\"wp-image-3890 size-full\" srcset=\"https:\/\/serialectrice.com\/wp-content\/uploads\/2022\/11\/Un-parfum-de-rose-et-d-oubli.jpg 400w, https:\/\/serialectrice.com\/wp-content\/uploads\/2022\/11\/Un-parfum-de-rose-et-d-oubli-183x300.jpg 183w, https:\/\/serialectrice.com\/wp-content\/uploads\/2022\/11\/Un-parfum-de-rose-et-d-oubli-92x150.jpg 92w\" sizes=\"auto, (max-width: 400px) 100vw, 400px\" \/><\/figure><div class=\"wp-block-media-text__content\">\n<p class=\"has-medium-font-size wp-block-paragraph\">Apr\u00e8s avoir \u00e9crit<a href=\"https:\/\/serialectrice.com\/index.php\/2020\/10\/09\/le-lilas-ne-refleurit-quapres-un-hiver-rigoureux\/\"> Le lilas ne refleurit qu&rsquo;apr\u00e8s un hiver rigoureux<\/a>, Martha Hall Kelly a voulu offrir un <strong>pr\u00e9quel qui se d\u00e9roule \u00e0 l&rsquo;aube de la premi\u00e8re guerre mondiale.<\/strong> \u00ab\u00a0\u00c0 l\u2019\u00e9t\u00e9 1914, l\u2019Europe est au seuil de la guerre tandis que la monarchie russe vacille chaque jour un peu plus. En ces temps troubl\u00e9s o\u00f9 le destin de chacun est plus que jamais incertain,<strong> trois femmes hors du commun verront leurs vies se m\u00ealer pour le meilleur et le pire<\/strong>\u2026\u00a0\u00bb<\/p>\n<\/div><\/div>\n\n\n\n<h2 class=\"has-text-align-center wp-block-heading\"><em>Et vous ? Quel roman qui se d\u00e9roule durant cette p\u00e9riode me conseilleriez-vous ?<\/em><\/h2>\n","protected":false},"excerpt":{"rendered":"<p>D\u00e9couvrez 5 romans qui se d\u00e9roulent durant la grande guerre.<\/p>\n","protected":false},"author":1,"featured_media":3893,"comment_status":"open","ping_status":"open","sticky":false,"template":"","format":"standard","meta":{"_crdt_document":"","om_disable_all_campaigns":false,"_uag_custom_page_level_css":"","_monsterinsights_skip_tracking":false,"_monsterinsights_sitenote_active":false,"_monsterinsights_sitenote_note":"","_monsterinsights_sitenote_category":0,"_uf_show_specific_survey":0,"_uf_disable_surveys":false,"_jetpack_memberships_contains_paid_content":false,"footnotes":"","jetpack_publicize_message":"D\u00e9couvrez 5 romans qui se d\u00e9roulent durant la grande guerre.","jetpack_publicize_feature_enabled":true,"jetpack_social_post_already_shared":true,"jetpack_social_options":{"image_generator_settings":{"template":"highway","default_image_id":0,"font":"","enabled":false},"version":2}},"categories":[282],"tags":[412,411,410],"class_list":["post-3885","post","type-post","status-publish","format-standard","has-post-thumbnail","hentry","category-idee-lecture","tag-14-18","tag-la-grande-guerre","tag-premiere-guerre-mondiale"],"aioseo_notices":[],"jetpack_publicize_connections":[],"jetpack_featured_media_url":"https:\/\/serialectrice.com\/wp-content\/uploads\/2022\/11\/La-grande-guerre-5-romans1.png","uagb_featured_image_src":{"full":["https:\/\/serialectrice.com\/wp-content\/uploads\/2022\/11\/La-grande-guerre-5-romans1.png",1716,993,false],"thumbnail":["https:\/\/serialectrice.com\/wp-content\/uploads\/2022\/11\/La-grande-guerre-5-romans1-572x331.png",572,331,true],"medium":["https:\/\/serialectrice.com\/wp-content\/uploads\/2022\/11\/La-grande-guerre-5-romans1-300x174.png",300,174,true],"medium_large":["https:\/\/serialectrice.com\/wp-content\/uploads\/2022\/11\/La-grande-guerre-5-romans1-768x444.png",768,444,true],"large":["https:\/\/serialectrice.com\/wp-content\/uploads\/2022\/11\/La-grande-guerre-5-romans1-1024x593.png",840,486,true],"post-slider-thumb-size":["https:\/\/serialectrice.com\/wp-content\/uploads\/2022\/11\/La-grande-guerre-5-romans1.png",328,190,false],"post-category-slider-size":["https:\/\/serialectrice.com\/wp-content\/uploads\/2022\/11\/La-grande-guerre-5-romans1.png",330,191,false],"1536x1536":["https:\/\/serialectrice.com\/wp-content\/uploads\/2022\/11\/La-grande-guerre-5-romans1-1536x889.png",1536,889,true],"2048x2048":["https:\/\/serialectrice.com\/wp-content\/uploads\/2022\/11\/La-grande-guerre-5-romans1.png",1716,993,false],"hello-fashion-slider":["https:\/\/serialectrice.com\/wp-content\/uploads\/2022\/11\/La-grande-guerre-5-romans1.png",480,278,false],"hello-fashion-blog-three":["https:\/\/serialectrice.com\/wp-content\/uploads\/2022\/11\/La-grande-guerre-5-romans1.png",420,243,false],"hello-fashion-blog-four":["https:\/\/serialectrice.com\/wp-content\/uploads\/2022\/11\/La-grande-guerre-5-romans1.png",573,332,false],"vilva-slider-one":["https:\/\/serialectrice.com\/wp-content\/uploads\/2022\/11\/La-grande-guerre-5-romans1.png",1037,600,false],"vilva-featured-four":["https:\/\/serialectrice.com\/wp-content\/uploads\/2022\/11\/La-grande-guerre-5-romans1.png",800,463,false],"vilva-blog":["https:\/\/serialectrice.com\/wp-content\/uploads\/2022\/11\/La-grande-guerre-5-romans1.png",420,243,false],"vilva-blog-one":["https:\/\/serialectrice.com\/wp-content\/uploads\/2022\/11\/La-grande-guerre-5-romans1.png",864,500,false],"vilva-sidebar":["https:\/\/serialectrice.com\/wp-content\/uploads\/2022\/11\/La-grande-guerre-5-romans1.png",817,473,false]},"uagb_author_info":{"display_name":"SeriaLectrice","author_link":"https:\/\/serialectrice.com\/index.php\/author\/cilounegmail-com\/"},"uagb_comment_info":1,"uagb_excerpt":"D\u00e9couvrez 5 romans qui se d\u00e9roulent durant la grande guerre.","jetpack_sharing_enabled":true,"jetpack_likes_enabled":true,"_links":{"self":[{"href":"https:\/\/serialectrice.com\/index.php\/wp-json\/wp\/v2\/posts\/3885","targetHints":{"allow":["GET"]}}],"collection":[{"href":"https:\/\/serialectrice.com\/index.php\/wp-json\/wp\/v2\/posts"}],"about":[{"href":"https:\/\/serialectrice.com\/index.php\/wp-json\/wp\/v2\/types\/post"}],"author":[{"embeddable":true,"href":"https:\/\/serialectrice.com\/index.php\/wp-json\/wp\/v2\/users\/1"}],"replies":[{"embeddable":true,"href":"https:\/\/serialectrice.com\/index.php\/wp-json\/wp\/v2\/comments?post=3885"}],"version-history":[{"count":0,"href":"https:\/\/serialectrice.com\/index.php\/wp-json\/wp\/v2\/posts\/3885\/revisions"}],"wp:featuredmedia":[{"embeddable":true,"href":"https:\/\/serialectrice.com\/index.php\/wp-json\/wp\/v2\/media\/3893"}],"wp:attachment":[{"href":"https:\/\/serialectrice.com\/index.php\/wp-json\/wp\/v2\/media?parent=3885"}],"wp:term":[{"taxonomy":"category","embeddable":true,"href":"https:\/\/serialectrice.com\/index.php\/wp-json\/wp\/v2\/categories?post=3885"},{"taxonomy":"post_tag","embeddable":true,"href":"https:\/\/serialectrice.com\/index.php\/wp-json\/wp\/v2\/tags?post=3885"}],"curies":[{"name":"wp","href":"https:\/\/api.w.org\/{rel}","templated":true}]}}