{"id":3864,"date":"2022-11-04T17:30:00","date_gmt":"2022-11-04T15:30:00","guid":{"rendered":"https:\/\/serialectrice.com\/?p=3864"},"modified":"2022-11-04T16:40:57","modified_gmt":"2022-11-04T14:40:57","slug":"la-villa-aux-etoffes","status":"publish","type":"post","link":"https:\/\/serialectrice.com\/index.php\/2022\/11\/04\/la-villa-aux-etoffes\/","title":{"rendered":"La villa aux \u00e9toffes _ Anne Jacobs"},"content":{"rendered":"\n<div class=\"wp-block-media-text alignwide is-stacked-on-mobile\"><figure class=\"wp-block-media-text__media\"><img loading=\"lazy\" decoding=\"async\" width=\"400\" height=\"655\" src=\"https:\/\/serialectrice.com\/wp-content\/uploads\/2022\/11\/La-villa-aux-etoffes.jpg\" alt=\"\" class=\"wp-image-3865 size-full\" srcset=\"https:\/\/serialectrice.com\/wp-content\/uploads\/2022\/11\/La-villa-aux-etoffes.jpg 400w, https:\/\/serialectrice.com\/wp-content\/uploads\/2022\/11\/La-villa-aux-etoffes-183x300.jpg 183w, https:\/\/serialectrice.com\/wp-content\/uploads\/2022\/11\/La-villa-aux-etoffes-92x150.jpg 92w\" sizes=\"auto, (max-width: 400px) 100vw, 400px\" \/><\/figure><div class=\"wp-block-media-text__content\">\n<h2 class=\"wp-block-heading\"><span style=\"color:#00d084\" class=\"tadv-color\">R\u00e9sum\u00e9<\/span><\/h2>\n\n\n\n<p class=\"wp-block-paragraph\" style=\"font-size:19px\">\u00c0 Augsburg, pr\u00e8s de Munich, en 1913, la jeune Marie est embauch\u00e9e en cuisine \u00e0 la Villa aux \u00e9toffes, la r\u00e9sidence des Melzer, propri\u00e9taires d&rsquo;une imposante usine de textile. Alors que la jeune orpheline tente de tailler sa place parmi les serviteurs, les ma\u00eetres anticipent le d\u00e9but de la saison des bals hivernaux qui permettra \u00e0 la belle Katharina, la cadette de la famille, de briller de tous ses feux en soci\u00e9t\u00e9. Paul, l&rsquo;h\u00e9ritier principal, se tient loin de ce genre de mondanit\u00e9s, car il pr\u00e9f\u00e8re de loin sa vie d&rsquo;\u00e9tudiant \u00e0 Munich. Du moins jusqu&rsquo;\u00e0 ce qu&rsquo;il croise Marie&#8230; Lorsque la Premi\u00e8re Guerre mondiale d\u00e9chire l&rsquo;Europe et le reste du monde, la Villa et ses habitants seront aux premi\u00e8res loges du conflit et subiront des bouleversements dont les effets feront trembler toute la maisonn\u00e9e, l&rsquo;usine ainsi que ses employ\u00e9s. De quoi l&rsquo;avenir de Marie et de tous ces gens qui sont devenus sa famille sera-t-il fait ?<\/p>\n<\/div><\/div>\n\n\n\n<h2 class=\"wp-block-heading\"><span style=\"color:#00d084\" class=\"tadv-color\">Mon ressenti<\/span><\/h2>\n\n\n\n<p class=\"has-medium-font-size wp-block-paragraph\">Dans ce premier tome d&rsquo;une s\u00e9rie de 6 livres (le dernier n&rsquo;est pas encore paru en France), <strong>nous suivons Marie, une jeune orpheline de dix-huit ans. <\/strong>Elle devient l&rsquo;aide cuisini\u00e8re de la famille Malzer, qui  poss\u00e8de une usine de textile prosp\u00e8re. Elle fait son entr\u00e9e dans le monde de la bourgeoisie et de leurs mesquineries. <strong>Nous faisons \u00e9galement connaissance de la famille Malzer.<\/strong> De ses filles notamment, Elizabeth et Katharina ainsi que du fils de la famille, Paul. <strong>Marie va devoir trouver sa place parmi les employ\u00e9s de maison.<\/strong> Mais alors qu&rsquo;elle semble avoir un caract\u00e8re peu compatible avec ce travail, il se trouve qu&rsquo;elle est prot\u00e9g\u00e9e par la ma\u00eetresse de maison. <strong>Mais pour quelle raison ? Le p\u00e8re Malzer semble en savoir plus qu&rsquo;il ne veut le dire sur l&rsquo;origine de Marie, et sur ses parents plus pr\u00e9cis\u00e9ment.<\/strong><\/p>\n\n\n\n<h3 class=\"wp-block-heading\">La bourgeoisie<\/h3>\n\n\n\n<p class=\"has-medium-font-size wp-block-paragraph\">Ce roman, c&rsquo;est avant tout l&rsquo;histoire de la famille Malzer. <strong>Les histoires et querelles de petites filles g\u00e2t\u00e9es des deux soeurs prennent plus de place que l&rsquo;histoire de Marie.<\/strong> Le c\u00f4t\u00e9 bourgeois et noble de la famille Melzer m&rsquo;a clairement gonfl\u00e9e. Ca ne m&rsquo;int\u00e9resse pas de savoir que l&rsquo;argent leur permet d&rsquo;\u00eatre ingrat et hautain. <strong>M\u00eame si tous les personnages de la famille ne sont pas ainsi, heureusement.<\/strong> C&rsquo;est pourtant ce qui m&rsquo;a le plus marqu\u00e9 durant ma lecture. Elizabeth ne pense qu&rsquo;\u00e0 son futur mariage avec un homme qu&rsquo;elle conna\u00eetra \u00e0 peine. Katharina, quant \u00e0 elle, est plus sensible et semble plus mature. Mais elle passe son temps \u00e0 faire des caprices. <strong>Les personnages de cette famille \u00e9taient vraiment trop st\u00e9r\u00e9otyp\u00e9s \u00e0 mon go\u00fbt.<\/strong><\/p>\n\n\n\n<h3 class=\"wp-block-heading\">Une qu\u00eate d&rsquo;identit\u00e9<\/h3>\n\n\n\n<p class=\"has-medium-font-size wp-block-paragraph\">Si l&rsquo;histoire de cette famille ne m&rsquo;a pas passionn\u00e9e, en revanche,<strong> j&rsquo;ai beaucoup aim\u00e9 suivre Marie.<\/strong> Et j&rsquo;ai trouv\u00e9 qu&rsquo;on ne se focalisait pas assez sur elle. Bien entendu, d\u00e8s le d\u00e9but on se doute de ce qui va lui arriver.<strong> Ce qui m&rsquo;a surtout plu, c&rsquo;est le c\u00f4t\u00e9 enqu\u00eate, lorsqu&rsquo;elle cherche \u00e0 en savoir plus sur ses origines et sur sa m\u00e8re.<\/strong> Cela \u00e9tant dit, j&rsquo;ai trouv\u00e9 que cette recherche ne prenait pas assez de place. J&rsquo;ai bien aim\u00e9 aussi Paul, le fils de la famille Melzer, un peu moins guind\u00e9 que le reste, et le virage qu&rsquo;il a pris vers la fin du roman. <strong>Mais encore une fois, j&rsquo;ai trouv\u00e9 qu&rsquo;on ne s&rsquo;attardait pas assez sur ce point l\u00e0.<\/strong><\/p>\n\n\n\n<p class=\"has-medium-font-size wp-block-paragraph\"><strong>J&rsquo;ai vraiment eu l&rsquo;impression qu&rsquo;on survolait les choses.<\/strong> Par exemple, au d\u00e9but du livre, une de soeurs compromet le mariage de l&rsquo;autre de fa\u00e7on plut\u00f4t mesquine. On s&rsquo;attend alors qu&rsquo;une grosse partie de l&rsquo;intrigue tourne autour de cela, mais pas du tout. On finit m\u00eame par l&rsquo;oublier, \u00e7a revient peut-\u00eatre une ou deux fois, mais \u00e7a ne prend pas plus d&rsquo;importance que \u00e7a. <strong>Enfin, on survole \u00e9galement la vie des employ\u00e9s de maison.<\/strong> Il leur arrive \u00e0 chaque fois des aventures, mais on ne s&rsquo;attarde jamais r\u00e9ellement dessus.<strong> J&rsquo;aurais clairement pr\u00e9f\u00e9r\u00e9 qu&rsquo;on se focalise sur leur vie que sur celle de cette famille issue de la bourgeoisie.<\/strong><\/p>\n\n\n<div class=\"wp-block-image\">\n<figure class=\"aligncenter size-large\"><img loading=\"lazy\" decoding=\"async\" width=\"1024\" height=\"1024\" src=\"https:\/\/serialectrice.com\/wp-content\/uploads\/2022\/11\/Sans-titre-Publication-Instagram16-1024x1024.png\" alt=\"\" class=\"wp-image-3867\" srcset=\"https:\/\/serialectrice.com\/wp-content\/uploads\/2022\/11\/Sans-titre-Publication-Instagram16-1024x1024.png 1024w, https:\/\/serialectrice.com\/wp-content\/uploads\/2022\/11\/Sans-titre-Publication-Instagram16-300x300.png 300w, https:\/\/serialectrice.com\/wp-content\/uploads\/2022\/11\/Sans-titre-Publication-Instagram16-150x150.png 150w, https:\/\/serialectrice.com\/wp-content\/uploads\/2022\/11\/Sans-titre-Publication-Instagram16-768x768.png 768w, https:\/\/serialectrice.com\/wp-content\/uploads\/2022\/11\/Sans-titre-Publication-Instagram16-100x100.png 100w, https:\/\/serialectrice.com\/wp-content\/uploads\/2022\/11\/Sans-titre-Publication-Instagram16.png 1080w\" sizes=\"auto, (max-width: 1024px) 100vw, 1024px\" \/><\/figure>\n<\/div>\n\n\n<p class=\"has-text-align-center has-medium-font-size wp-block-paragraph\"><em>C&rsquo;est donc <strong>une premi\u00e8re lecture plut\u00f4t mitig\u00e9e<\/strong>. Je lirai le deuxi\u00e8me tome car je suis malgr\u00e9 tout curieuse de savoir si l&rsquo;histoire va continuer sur la m\u00eame voie.<strong> C&rsquo;est la lecture du deuxi\u00e8me tome qui d\u00e9terminera si je poursuis avec cette s\u00e9rie.<\/strong><\/em><\/p>\n\n\n<div class=\"wp-block-jetpack-rating-star\" style=\"text-align:center\" itemprop=\"reviewRating\" itemscope itemtype=\"http:\/\/schema.org\/Rating\"><p><span aria-hidden=\"true\">\u2b50<\/span><span aria-hidden=\"true\">\u2b50<\/span><span aria-hidden=\"true\">\u2b50<\/span><\/p><span style=\"display: none;\" itemprop=\"worstRating\" content=\"0.5\"><span>\n<svg xmlns=\"http:\/\/www.w3.org\/2000\/svg\" width=\"24\" height=\"24\" viewBox=\"0 0 24 24\">\n\t<path class=\"\" fill=\"currentColor\" stroke=\"currentColor\" d=\"M12,17.3l6.2,3.7l-1.6-7L22,9.2l-7.2-0.6L12,2L9.2,8.6L2,9.2L7.5,14l-1.6,7L12,17.3z\" \/>\n<\/svg>\n<\/span>\n<span>\n<svg xmlns=\"http:\/\/www.w3.org\/2000\/svg\" width=\"24\" height=\"24\" viewBox=\"0 0 24 24\">\n\t<path class=\"\" fill=\"currentColor\" stroke=\"currentColor\" d=\"M12,17.3l6.2,3.7l-1.6-7L22,9.2l-7.2-0.6L12,2L9.2,8.6L2,9.2L7.5,14l-1.6,7L12,17.3z\" \/>\n<\/svg>\n<\/span><\/span><span style=\"display: none;\" ><span>\n<svg xmlns=\"http:\/\/www.w3.org\/2000\/svg\" width=\"24\" height=\"24\" viewBox=\"0 0 24 24\">\n\t<path class=\"\" fill=\"currentColor\" stroke=\"currentColor\" d=\"M12,17.3l6.2,3.7l-1.6-7L22,9.2l-7.2-0.6L12,2L9.2,8.6L2,9.2L7.5,14l-1.6,7L12,17.3z\" \/>\n<\/svg>\n<\/span>\n<span>\n<svg xmlns=\"http:\/\/www.w3.org\/2000\/svg\" width=\"24\" height=\"24\" viewBox=\"0 0 24 24\">\n\t<path class=\"\" fill=\"currentColor\" stroke=\"currentColor\" d=\"M12,17.3l6.2,3.7l-1.6-7L22,9.2l-7.2-0.6L12,2L9.2,8.6L2,9.2L7.5,14l-1.6,7L12,17.3z\" \/>\n<\/svg>\n<\/span><\/span><span style=\"display: none;\" ><span>\n<svg xmlns=\"http:\/\/www.w3.org\/2000\/svg\" width=\"24\" height=\"24\" viewBox=\"0 0 24 24\">\n\t<path class=\"\" fill=\"currentColor\" stroke=\"currentColor\" d=\"M12,17.3l6.2,3.7l-1.6-7L22,9.2l-7.2-0.6L12,2L9.2,8.6L2,9.2L7.5,14l-1.6,7L12,17.3z\" \/>\n<\/svg>\n<\/span>\n<span>\n<svg xmlns=\"http:\/\/www.w3.org\/2000\/svg\" width=\"24\" height=\"24\" viewBox=\"0 0 24 24\">\n\t<path class=\"\" fill=\"currentColor\" stroke=\"currentColor\" d=\"M12,17.3l6.2,3.7l-1.6-7L22,9.2l-7.2-0.6L12,2L9.2,8.6L2,9.2L7.5,14l-1.6,7L12,17.3z\" \/>\n<\/svg>\n<\/span><\/span><span style=\"display: none;\" ><span>\n<svg xmlns=\"http:\/\/www.w3.org\/2000\/svg\" width=\"24\" height=\"24\" viewBox=\"0 0 24 24\">\n\t<path class=\"is-rating-unfilled\" fill=\"currentColor\" stroke=\"currentColor\" d=\"M12,17.3l6.2,3.7l-1.6-7L22,9.2l-7.2-0.6L12,2L9.2,8.6L2,9.2L7.5,14l-1.6,7L12,17.3z\" \/>\n<\/svg>\n<\/span>\n<span>\n<svg xmlns=\"http:\/\/www.w3.org\/2000\/svg\" width=\"24\" height=\"24\" viewBox=\"0 0 24 24\">\n\t<path class=\"is-rating-unfilled\" fill=\"currentColor\" stroke=\"currentColor\" d=\"M12,17.3l6.2,3.7l-1.6-7L22,9.2l-7.2-0.6L12,2L9.2,8.6L2,9.2L7.5,14l-1.6,7L12,17.3z\" \/>\n<\/svg>\n<\/span><\/span><span style=\"display: none;\" itemprop=\"bestRating\" content=\"5\"><span>\n<svg xmlns=\"http:\/\/www.w3.org\/2000\/svg\" width=\"24\" height=\"24\" viewBox=\"0 0 24 24\">\n\t<path class=\"is-rating-unfilled\" fill=\"currentColor\" stroke=\"currentColor\" d=\"M12,17.3l6.2,3.7l-1.6-7L22,9.2l-7.2-0.6L12,2L9.2,8.6L2,9.2L7.5,14l-1.6,7L12,17.3z\" \/>\n<\/svg>\n<\/span>\n<span>\n<svg xmlns=\"http:\/\/www.w3.org\/2000\/svg\" width=\"24\" height=\"24\" viewBox=\"0 0 24 24\">\n\t<path class=\"is-rating-unfilled\" fill=\"currentColor\" stroke=\"currentColor\" d=\"M12,17.3l6.2,3.7l-1.6-7L22,9.2l-7.2-0.6L12,2L9.2,8.6L2,9.2L7.5,14l-1.6,7L12,17.3z\" \/>\n<\/svg>\n<\/span><\/span><span itemprop=\"ratingValue\" class=\"screen-reader-text\" content=\"3\">Note\u00a0: 3\u00a0sur 5.<\/span><\/div>\n\n\n<h2 class=\"wp-block-heading\"><span style=\"color:#00d084\" class=\"tadv-color\">Mes challenges<\/span><\/h2>\n\n\n\n<p class=\"has-medium-font-size wp-block-paragraph\">Cette lecture a \u00e9t\u00e9 faite dans le cadre d&rsquo;un <a href=\"https:\/\/www.facebook.com\/groups\/707636122759664\">marathon de lecture<\/a> qui consiste \u00e0 lire un tome tous les mois. <\/p>\n\n\n\n<p class=\"has-medium-font-size wp-block-paragraph\">Elle m&rsquo;a permis de valider la cat\u00e9gorie 10 du <a href=\"https:\/\/serialectrice.com\/index.php\/2022\/10\/26\/challenge-litteraire-novembre-2022\/\">challenge mensuel.<\/a><strong> Livre dans lequel il est fait mention d&rsquo;un feu (de chemin\u00e9e).<\/strong><\/p>\n\n\n\n<p class=\"has-medium-font-size wp-block-paragraph\">Elle m&rsquo;a \u00e9galement permis de valider la cat\u00e9gorie du <a href=\"https:\/\/serialectrice.com\/index.php\/2022\/09\/30\/challenge-litteraire-d-automne-3\/\">challenge saisonnier<\/a>. <strong>Titre ou auteur avec un X.<\/strong><\/p>\n\n\n\n<p class=\"has-medium-font-size wp-block-paragraph\">Enfin, j&rsquo;ai valid\u00e9 la cat\u00e9gorie 97 du <a href=\"https:\/\/www.facebook.com\/groups\/707636122759664\">challenge annuel<\/a>. <strong>Tome d&rsquo;une s\u00e9rie de plus de 4 livres.<\/strong><\/p>\n","protected":false},"excerpt":{"rendered":"<p>Marie, orpheline, devient employ\u00e9e de maison de la villa aux \u00e9toffes.<\/p>\n","protected":false},"author":1,"featured_media":3868,"comment_status":"open","ping_status":"open","sticky":false,"template":"","format":"standard","meta":{"_crdt_document":"","om_disable_all_campaigns":false,"_uag_custom_page_level_css":"","_monsterinsights_skip_tracking":false,"_monsterinsights_sitenote_active":false,"_monsterinsights_sitenote_note":"","_monsterinsights_sitenote_category":0,"_uf_show_specific_survey":0,"_uf_disable_surveys":false,"_jetpack_memberships_contains_paid_content":false,"footnotes":"","jetpack_publicize_message":"La villa aux \u00e9toffes d'Anne Jacobs.\n\nMarie, orpheline, devient employ\u00e9e de maison de la villa aux \u00e9toffes.","jetpack_publicize_feature_enabled":true,"jetpack_social_post_already_shared":true,"jetpack_social_options":{"image_generator_settings":{"template":"highway","default_image_id":0,"font":"","enabled":false},"version":2}},"categories":[6],"tags":[401,402,404,59],"class_list":["post-3864","post","type-post","status-publish","format-standard","has-post-thumbnail","hentry","category-livres-lus","tag-anne-jacobs","tag-la-villa-aux-etoffes","tag-noblesse","tag-roman-historique"],"aioseo_notices":[],"jetpack_publicize_connections":[],"jetpack_featured_media_url":"https:\/\/serialectrice.com\/wp-content\/uploads\/2022\/11\/Sans-titre599.png","uagb_featured_image_src":{"full":["https:\/\/serialectrice.com\/wp-content\/uploads\/2022\/11\/Sans-titre599.png",1716,993,false],"thumbnail":["https:\/\/serialectrice.com\/wp-content\/uploads\/2022\/11\/Sans-titre599-572x331.png",572,331,true],"medium":["https:\/\/serialectrice.com\/wp-content\/uploads\/2022\/11\/Sans-titre599-300x174.png",300,174,true],"medium_large":["https:\/\/serialectrice.com\/wp-content\/uploads\/2022\/11\/Sans-titre599-768x444.png",768,444,true],"large":["https:\/\/serialectrice.com\/wp-content\/uploads\/2022\/11\/Sans-titre599-1024x593.png",840,486,true],"post-slider-thumb-size":["https:\/\/serialectrice.com\/wp-content\/uploads\/2022\/11\/Sans-titre599.png",328,190,false],"post-category-slider-size":["https:\/\/serialectrice.com\/wp-content\/uploads\/2022\/11\/Sans-titre599.png",330,191,false],"1536x1536":["https:\/\/serialectrice.com\/wp-content\/uploads\/2022\/11\/Sans-titre599-1536x889.png",1536,889,true],"2048x2048":["https:\/\/serialectrice.com\/wp-content\/uploads\/2022\/11\/Sans-titre599.png",1716,993,false],"hello-fashion-slider":["https:\/\/serialectrice.com\/wp-content\/uploads\/2022\/11\/Sans-titre599.png",480,278,false],"hello-fashion-blog-three":["https:\/\/serialectrice.com\/wp-content\/uploads\/2022\/11\/Sans-titre599.png",420,243,false],"hello-fashion-blog-four":["https:\/\/serialectrice.com\/wp-content\/uploads\/2022\/11\/Sans-titre599.png",573,332,false],"vilva-slider-one":["https:\/\/serialectrice.com\/wp-content\/uploads\/2022\/11\/Sans-titre599.png",1037,600,false],"vilva-featured-four":["https:\/\/serialectrice.com\/wp-content\/uploads\/2022\/11\/Sans-titre599.png",800,463,false],"vilva-blog":["https:\/\/serialectrice.com\/wp-content\/uploads\/2022\/11\/Sans-titre599.png",420,243,false],"vilva-blog-one":["https:\/\/serialectrice.com\/wp-content\/uploads\/2022\/11\/Sans-titre599.png",864,500,false],"vilva-sidebar":["https:\/\/serialectrice.com\/wp-content\/uploads\/2022\/11\/Sans-titre599.png",817,473,false]},"uagb_author_info":{"display_name":"SeriaLectrice","author_link":"https:\/\/serialectrice.com\/index.php\/author\/cilounegmail-com\/"},"uagb_comment_info":2,"uagb_excerpt":"Marie, orpheline, devient employ\u00e9e de maison de la villa aux \u00e9toffes.","jetpack_sharing_enabled":true,"jetpack_likes_enabled":true,"_links":{"self":[{"href":"https:\/\/serialectrice.com\/index.php\/wp-json\/wp\/v2\/posts\/3864","targetHints":{"allow":["GET"]}}],"collection":[{"href":"https:\/\/serialectrice.com\/index.php\/wp-json\/wp\/v2\/posts"}],"about":[{"href":"https:\/\/serialectrice.com\/index.php\/wp-json\/wp\/v2\/types\/post"}],"author":[{"embeddable":true,"href":"https:\/\/serialectrice.com\/index.php\/wp-json\/wp\/v2\/users\/1"}],"replies":[{"embeddable":true,"href":"https:\/\/serialectrice.com\/index.php\/wp-json\/wp\/v2\/comments?post=3864"}],"version-history":[{"count":0,"href":"https:\/\/serialectrice.com\/index.php\/wp-json\/wp\/v2\/posts\/3864\/revisions"}],"wp:featuredmedia":[{"embeddable":true,"href":"https:\/\/serialectrice.com\/index.php\/wp-json\/wp\/v2\/media\/3868"}],"wp:attachment":[{"href":"https:\/\/serialectrice.com\/index.php\/wp-json\/wp\/v2\/media?parent=3864"}],"wp:term":[{"taxonomy":"category","embeddable":true,"href":"https:\/\/serialectrice.com\/index.php\/wp-json\/wp\/v2\/categories?post=3864"},{"taxonomy":"post_tag","embeddable":true,"href":"https:\/\/serialectrice.com\/index.php\/wp-json\/wp\/v2\/tags?post=3864"}],"curies":[{"name":"wp","href":"https:\/\/api.w.org\/{rel}","templated":true}]}}