{"id":3661,"date":"2022-09-28T18:00:00","date_gmt":"2022-09-28T16:00:00","guid":{"rendered":"https:\/\/serialectrice.com\/?p=3661"},"modified":"2022-09-29T08:30:43","modified_gmt":"2022-09-29T06:30:43","slug":"challenge-litteraire-octobre-2022","status":"publish","type":"post","link":"https:\/\/serialectrice.com\/index.php\/2022\/09\/28\/challenge-litteraire-octobre-2022\/","title":{"rendered":"Challenge Litt\u00e9raire Octobre 2022"},"content":{"rendered":"<div class=\"wp-block-image\">\n<figure class=\"aligncenter size-large\"><img loading=\"lazy\" decoding=\"async\" width=\"1024\" height=\"272\" src=\"https:\/\/serialectrice.com\/wp-content\/uploads\/2022\/09\/Challenge-Litteraire-810-\u00d7-215-px1-1024x272.png\" alt=\"\" class=\"wp-image-3673\" srcset=\"https:\/\/serialectrice.com\/wp-content\/uploads\/2022\/09\/Challenge-Litteraire-810-\u00d7-215-px1-1024x272.png 1024w, https:\/\/serialectrice.com\/wp-content\/uploads\/2022\/09\/Challenge-Litteraire-810-\u00d7-215-px1-300x80.png 300w, https:\/\/serialectrice.com\/wp-content\/uploads\/2022\/09\/Challenge-Litteraire-810-\u00d7-215-px1-150x40.png 150w, https:\/\/serialectrice.com\/wp-content\/uploads\/2022\/09\/Challenge-Litteraire-810-\u00d7-215-px1-768x204.png 768w, https:\/\/serialectrice.com\/wp-content\/uploads\/2022\/09\/Challenge-Litteraire-810-\u00d7-215-px1-1536x408.png 1536w, https:\/\/serialectrice.com\/wp-content\/uploads\/2022\/09\/Challenge-Litteraire-810-\u00d7-215-px1-2048x544.png 2048w\" sizes=\"auto, (max-width: 1024px) 100vw, 1024px\" \/><\/figure>\n<\/div>\n\n\n<p class=\"has-medium-font-size wp-block-paragraph\">Le mois de septembre est pass\u00e9 \u00e0 une vitesse folle. J&rsquo;ai r\u00e9ussi \u00e0 valider 9 cat\u00e9gories du <a href=\"https:\/\/serialectrice.com\/index.php\/2022\/08\/29\/challenge-litteraire-septembre-2022\/\">challenge mensuel<\/a>, seule la cat\u00e9gorie Titre qui commence par un S et se termine par un E aura eu raison de moi. Et vous ? <strong>\u00cates-vous pr\u00eats pour le nouveau challenge litt\u00e9raire d&rsquo;octobre ?<\/strong><\/p>\n\n\n\n<p class=\"has-medium-font-size wp-block-paragraph\">J&rsquo;ai rencontr\u00e9 un probl\u00e8me pour publier le challenge sur la plateforme <a href=\"https:\/\/booknode.com\/challenges\">Booknode<\/a>, mais cela semble d\u00e9sormais r\u00e9solu. <strong>Donc, pour octobre, le challenge y sera publi\u00e9.<\/strong><\/p>\n\n\n\n<p class=\"has-medium-font-size wp-block-paragraph\">Vous pouvez \u00e9galement retrouver des templates sur ma page <a href=\"https:\/\/www.instagram.com\/serialectrice_\/\">Instagram<\/a> et il suffit d&rsquo;utiliser le #serialectricechallenge lorsque vous publiez une chronique.<\/p>\n\n\n\n<p class=\"has-medium-font-size wp-block-paragraph\">Comme d&rsquo;habitude, les r\u00e8gles sont les m\u00eames : <\/p>\n\n\n\n<ul class=\"has-medium-font-size wp-block-list\"><li>lire le livre entre le <strong>1er et le 31 octobre<\/strong><\/li><li>un livre peut valider jusqu\u2019\u00e0 <strong>2 cat\u00e9gories<\/strong><\/li><li>les BD et Mangas sont accept\u00e9s<\/li><li>On se fait <strong>plaisir<\/strong> !<\/li><\/ul>\n\n\n\n<h2 class=\"wp-block-heading\">1. Auteur en 7 lettres<\/h2>\n\n\n\n<div class=\"wp-block-media-text alignwide is-stacked-on-mobile\" style=\"grid-template-columns:15% auto\"><figure class=\"wp-block-media-text__media\"><img loading=\"lazy\" decoding=\"async\" width=\"663\" height=\"1024\" src=\"https:\/\/serialectrice.com\/wp-content\/uploads\/2022\/09\/le-chat-qui-venait-du-ciel-663x1024.jpg\" alt=\"\" class=\"wp-image-3662 size-full\" srcset=\"https:\/\/serialectrice.com\/wp-content\/uploads\/2022\/09\/le-chat-qui-venait-du-ciel-663x1024.jpg 663w, https:\/\/serialectrice.com\/wp-content\/uploads\/2022\/09\/le-chat-qui-venait-du-ciel-194x300.jpg 194w, https:\/\/serialectrice.com\/wp-content\/uploads\/2022\/09\/le-chat-qui-venait-du-ciel-97x150.jpg 97w, https:\/\/serialectrice.com\/wp-content\/uploads\/2022\/09\/le-chat-qui-venait-du-ciel-768x1187.jpg 768w, https:\/\/serialectrice.com\/wp-content\/uploads\/2022\/09\/le-chat-qui-venait-du-ciel.jpg 800w\" sizes=\"auto, (max-width: 663px) 100vw, 663px\" \/><\/figure><div class=\"wp-block-media-text__content\">\n<p class=\"has-medium-font-size wp-block-paragraph\">Pour commencer ce challenge, nous lirons un auteur dont le nom de famille est en 7 lettres, nombre de lettres du mois d&rsquo;octobre. J&rsquo;ai d\u00e9cid\u00e9 de lire ce court titre de Takashi Hiraide, Le chat qui venait du ciel. <\/p>\n<\/div><\/div>\n\n\n\n<h2 class=\"wp-block-heading\">2. Autrice n\u00e9e avant 1970<\/h2>\n\n\n\n<div class=\"wp-block-media-text alignwide is-stacked-on-mobile\" style=\"grid-template-columns:15% auto\"><figure class=\"wp-block-media-text__media\"><img loading=\"lazy\" decoding=\"async\" width=\"400\" height=\"600\" src=\"https:\/\/serialectrice.com\/wp-content\/uploads\/2022\/09\/Cinq-cartes-brulees.jpg\" alt=\"\" class=\"wp-image-3663 size-full\" srcset=\"https:\/\/serialectrice.com\/wp-content\/uploads\/2022\/09\/Cinq-cartes-brulees.jpg 400w, https:\/\/serialectrice.com\/wp-content\/uploads\/2022\/09\/Cinq-cartes-brulees-200x300.jpg 200w, https:\/\/serialectrice.com\/wp-content\/uploads\/2022\/09\/Cinq-cartes-brulees-100x150.jpg 100w\" sizes=\"auto, (max-width: 400px) 100vw, 400px\" \/><\/figure><div class=\"wp-block-media-text__content\">\n<p class=\"has-medium-font-size wp-block-paragraph\">Pour ce challenge, j&rsquo;ai voulu mettre en avant les auteurs de sexe f\u00e9minin et n\u00e9e avant 1970. Il faut savoir que le 18 octobre, il y a la journ\u00e9e de la m\u00e9nopause, probl\u00e8me exclusivement f\u00e9minin qui appara\u00eet autour de 50 ans, c&rsquo;est pourquoi nous lirons une autrice de plus de 50 ans ( pour faciliter les choses, j&rsquo;ai indiqu\u00e9 1970, mais pour \u00eatre exact, c&rsquo;est 1972). Je d\u00e9couvrira la plume de Sophie Loubi\u00e8re (n\u00e9e en 1966) pour l&rsquo;occasion.<\/p>\n<\/div><\/div>\n\n\n\n<h2 class=\"wp-block-heading\">3. Titre en O<\/h2>\n\n\n\n<div class=\"wp-block-media-text alignwide is-stacked-on-mobile\" style=\"grid-template-columns:15% auto\"><figure class=\"wp-block-media-text__media\"><img loading=\"lazy\" decoding=\"async\" width=\"400\" height=\"699\" src=\"https:\/\/serialectrice.com\/wp-content\/uploads\/2022\/09\/Ou-es-tu-.jpg\" alt=\"\" class=\"wp-image-3664 size-full\" srcset=\"https:\/\/serialectrice.com\/wp-content\/uploads\/2022\/09\/Ou-es-tu-.jpg 400w, https:\/\/serialectrice.com\/wp-content\/uploads\/2022\/09\/Ou-es-tu--172x300.jpg 172w, https:\/\/serialectrice.com\/wp-content\/uploads\/2022\/09\/Ou-es-tu--86x150.jpg 86w\" sizes=\"auto, (max-width: 400px) 100vw, 400px\" \/><\/figure><div class=\"wp-block-media-text__content\">\n<p class=\"has-medium-font-size wp-block-paragraph\">Rien de bien original ici. Tout comme le mois d&rsquo;octobre, nous chercherons un titre qui commence par la lettre O. Si vous \u00eates sur instagram, c&rsquo;est aussi l&rsquo;occasion de valider le challenge XYZ propos\u00e9 par <a href=\"https:\/\/www.instagram.com\/culture_kd\/\">@culture_kd<\/a> . Je lirai O\u00f9 es-tu de Marc Levy. Cette lecture sera d\u00e9terminante pour d\u00e9cider si je me d\u00e9barasse ou non de ses autres romans.<\/p>\n<\/div><\/div>\n\n\n\n<h2 class=\"wp-block-heading\">4. Titre avec le mot \u00ab\u00a0Mort\u00a0\u00bb<\/h2>\n\n\n\n<div class=\"wp-block-media-text alignwide is-stacked-on-mobile\" style=\"grid-template-columns:15% auto\"><figure class=\"wp-block-media-text__media\"><img loading=\"lazy\" decoding=\"async\" width=\"400\" height=\"642\" src=\"https:\/\/serialectrice.com\/wp-content\/uploads\/2022\/09\/Un-peu-beaucoup-jusqu-a-la-mort.jpg\" alt=\"\" class=\"wp-image-3665 size-full\" srcset=\"https:\/\/serialectrice.com\/wp-content\/uploads\/2022\/09\/Un-peu-beaucoup-jusqu-a-la-mort.jpg 400w, https:\/\/serialectrice.com\/wp-content\/uploads\/2022\/09\/Un-peu-beaucoup-jusqu-a-la-mort-187x300.jpg 187w, https:\/\/serialectrice.com\/wp-content\/uploads\/2022\/09\/Un-peu-beaucoup-jusqu-a-la-mort-93x150.jpg 93w\" sizes=\"auto, (max-width: 400px) 100vw, 400px\" \/><\/figure><div class=\"wp-block-media-text__content\">\n<p class=\"has-medium-font-size wp-block-paragraph\">La fin du mois d&rsquo;octobre signe Halloween, la f\u00eate des morts. Les celtes f\u00eataient le dieu de la mort \u00ab\u00a0Samain\u00a0\u00bb, le dernier jour du mois d&rsquo;octobre, o\u00f9 selon les croyances ces derniers rendaient visite aux vivants. Nous chercherons donc un titre avec le mot \u00ab\u00a0mort\u00a0\u00bb. Je lirai Un peu, beaucoup, jusqu&rsquo;\u00e0 la mort d&rsquo;Ang\u00e9lina Delcroix pour l&rsquo;occasion.<\/p>\n<\/div><\/div>\n\n\n\n<h2 class=\"wp-block-heading\">5. Couverture avec du orange<\/h2>\n\n\n\n<div class=\"wp-block-media-text alignwide is-stacked-on-mobile\" style=\"grid-template-columns:15% auto\"><figure class=\"wp-block-media-text__media\"><img loading=\"lazy\" decoding=\"async\" width=\"633\" height=\"1024\" src=\"https:\/\/serialectrice.com\/wp-content\/uploads\/2022\/09\/la-petite-fille-de-monsieur-linh-633x1024.jpg\" alt=\"\" class=\"wp-image-3666 size-full\" srcset=\"https:\/\/serialectrice.com\/wp-content\/uploads\/2022\/09\/la-petite-fille-de-monsieur-linh-633x1024.jpg 633w, https:\/\/serialectrice.com\/wp-content\/uploads\/2022\/09\/la-petite-fille-de-monsieur-linh-185x300.jpg 185w, https:\/\/serialectrice.com\/wp-content\/uploads\/2022\/09\/la-petite-fille-de-monsieur-linh-93x150.jpg 93w, https:\/\/serialectrice.com\/wp-content\/uploads\/2022\/09\/la-petite-fille-de-monsieur-linh-768x1243.jpg 768w, https:\/\/serialectrice.com\/wp-content\/uploads\/2022\/09\/la-petite-fille-de-monsieur-linh-949x1536.jpg 949w, https:\/\/serialectrice.com\/wp-content\/uploads\/2022\/09\/la-petite-fille-de-monsieur-linh-1266x2048.jpg 1266w, https:\/\/serialectrice.com\/wp-content\/uploads\/2022\/09\/la-petite-fille-de-monsieur-linh.jpg 1400w\" sizes=\"auto, (max-width: 633px) 100vw, 633px\" \/><\/figure><div class=\"wp-block-media-text__content\">\n<p class=\"has-medium-font-size wp-block-paragraph\">Rien d&rsquo;original ici non plus. Octobre est typiquement le mois de la couleur orange. Symbole de l&rsquo;automne mais aussi couleur de la citrouille d&rsquo;Halloween, on passe difficilement \u00e0 cot\u00e9 de cette couleur durant le mois d&rsquo;octobre. Je lirai La petite fille de Monsieur Linh de Philippe Claudel.<\/p>\n<\/div><\/div>\n\n\n\n<h2 class=\"wp-block-heading\">6. Couverture avec une tasse de caf\u00e9<\/h2>\n\n\n\n<div class=\"wp-block-media-text alignwide is-stacked-on-mobile\" style=\"grid-template-columns:15% auto\"><figure class=\"wp-block-media-text__media\"><img loading=\"lazy\" decoding=\"async\" width=\"308\" height=\"500\" src=\"https:\/\/serialectrice.com\/wp-content\/uploads\/2022\/09\/la-vie-a-plus-dimagination-que-nous-1374179.jpg\" alt=\"\" class=\"wp-image-3667 size-full\" srcset=\"https:\/\/serialectrice.com\/wp-content\/uploads\/2022\/09\/la-vie-a-plus-dimagination-que-nous-1374179.jpg 308w, https:\/\/serialectrice.com\/wp-content\/uploads\/2022\/09\/la-vie-a-plus-dimagination-que-nous-1374179-185x300.jpg 185w, https:\/\/serialectrice.com\/wp-content\/uploads\/2022\/09\/la-vie-a-plus-dimagination-que-nous-1374179-92x150.jpg 92w\" sizes=\"auto, (max-width: 308px) 100vw, 308px\" \/><\/figure><div class=\"wp-block-media-text__content\">\n<p class=\"has-medium-font-size wp-block-paragraph\">Le premier octobre, c&rsquo;est la journ\u00e9e du caf\u00e9. Octobre c&rsquo;est aussi le mois du cocooning, la m\u00e9t\u00e9o se fait plus capricieuse, on ressort les plaids et couvertures, on commence \u00e0 rallumer la chemin\u00e9e, et on se r\u00e9chauffe les mains avec une tass\u00e9 de th\u00e9 ou de caf\u00e9. Nous chercherons donc un livre avec une tasse de caf\u00e9 (th\u00e9 \u00e7a fonctionne aussi). Je vais essayer de lire La vie a plus d&rsquo;imagination que nous de Clarisse Sabard.<\/p>\n<\/div><\/div>\n\n\n\n<h2 class=\"wp-block-heading\">7. Quatri\u00e8me qui fait r\u00e9f\u00e9rence \u00e0 la pauvret\u00e9<\/h2>\n\n\n\n<div class=\"wp-block-media-text alignwide is-stacked-on-mobile\" style=\"grid-template-columns:15% auto\"><figure class=\"wp-block-media-text__media\"><img loading=\"lazy\" decoding=\"async\" width=\"400\" height=\"634\" src=\"https:\/\/serialectrice.com\/wp-content\/uploads\/2022\/09\/La-recette-secrete-des-reves.jpg\" alt=\"\" class=\"wp-image-3669 size-full\" srcset=\"https:\/\/serialectrice.com\/wp-content\/uploads\/2022\/09\/La-recette-secrete-des-reves.jpg 400w, https:\/\/serialectrice.com\/wp-content\/uploads\/2022\/09\/La-recette-secrete-des-reves-189x300.jpg 189w, https:\/\/serialectrice.com\/wp-content\/uploads\/2022\/09\/La-recette-secrete-des-reves-95x150.jpg 95w\" sizes=\"auto, (max-width: 400px) 100vw, 400px\" \/><\/figure><div class=\"wp-block-media-text__content\">\n<p class=\"has-medium-font-size wp-block-paragraph\">Le 17 octobre, c&rsquo;est la journ\u00e9e pour l&rsquo;\u00e9limination de la pauvret\u00e9. Nous allons chercher un livre dans lequel nous retrouvons une r\u00e9f\u00e9rence \u00e0 la pauvret\u00e9 en 4\u00e8me de couverture. Je lirai La recette secr\u00e8te des r\u00eaves, on y retrouve le mot \u00ab\u00a0faillite\u00a0\u00bb en quatri\u00e8me.<\/p>\n<\/div><\/div>\n\n\n\n<h2 class=\"wp-block-heading\">8. Quatri\u00e8me avec le mot Octobre ou Automne<\/h2>\n\n\n\n<div class=\"wp-block-media-text alignwide is-stacked-on-mobile\" style=\"grid-template-columns:15% auto\"><figure class=\"wp-block-media-text__media\"><img loading=\"lazy\" decoding=\"async\" width=\"400\" height=\"655\" src=\"https:\/\/serialectrice.com\/wp-content\/uploads\/2022\/09\/La-villa-aux-etoffes.jpg\" alt=\"\" class=\"wp-image-3670 size-full\" srcset=\"https:\/\/serialectrice.com\/wp-content\/uploads\/2022\/09\/La-villa-aux-etoffes.jpg 400w, https:\/\/serialectrice.com\/wp-content\/uploads\/2022\/09\/La-villa-aux-etoffes-183x300.jpg 183w, https:\/\/serialectrice.com\/wp-content\/uploads\/2022\/09\/La-villa-aux-etoffes-92x150.jpg 92w\" sizes=\"auto, (max-width: 400px) 100vw, 400px\" \/><\/figure><div class=\"wp-block-media-text__content\">\n<p class=\"has-medium-font-size wp-block-paragraph\">Bon, nul besoin d&rsquo;expliquer cette cat\u00e9gorie. Je devais d\u00e9j\u00e0 lire La villa aux \u00e9toffes le mois dernier, mais j&rsquo;ai finalement lu un autre roman \u00e0 la place. Ca tombe finalement bien car sur le groupe Facebook La t\u00eate dans les livres, nous allons commencer la saga d\u00e8s le mois d&rsquo;octobre, \u00e0 raison d&rsquo;un livre par mois. <\/p>\n<\/div><\/div>\n\n\n\n<h2 class=\"wp-block-heading\">9. Livre adapt\u00e9 en dessin anim\u00e9<\/h2>\n\n\n\n<div class=\"wp-block-media-text alignwide is-stacked-on-mobile\" style=\"grid-template-columns:15% auto\"><figure class=\"wp-block-media-text__media\"><img loading=\"lazy\" decoding=\"async\" width=\"719\" height=\"1024\" src=\"https:\/\/serialectrice.com\/wp-content\/uploads\/2022\/09\/tom-sawyer-719x1024.jpg\" alt=\"\" class=\"wp-image-3671 size-full\" srcset=\"https:\/\/serialectrice.com\/wp-content\/uploads\/2022\/09\/tom-sawyer-719x1024.jpg 719w, https:\/\/serialectrice.com\/wp-content\/uploads\/2022\/09\/tom-sawyer-211x300.jpg 211w, https:\/\/serialectrice.com\/wp-content\/uploads\/2022\/09\/tom-sawyer-105x150.jpg 105w, https:\/\/serialectrice.com\/wp-content\/uploads\/2022\/09\/tom-sawyer-768x1094.jpg 768w, https:\/\/serialectrice.com\/wp-content\/uploads\/2022\/09\/tom-sawyer-1078x1536.jpg 1078w, https:\/\/serialectrice.com\/wp-content\/uploads\/2022\/09\/tom-sawyer.jpg 1400w\" sizes=\"auto, (max-width: 719px) 100vw, 719px\" \/><\/figure><div class=\"wp-block-media-text__content\">\n<p class=\"has-medium-font-size wp-block-paragraph\">Le 27 octobre a lieu la journ\u00e9e du patrimoine audiovisuel. Histoire de changer un peu et de ne pas proposer \u00e0 chaque fois un livre adapt\u00e9 au cin\u00e9ma ou en s\u00e9rie, je vous propose cette fois un livre adapt\u00e9 en dessin anim\u00e9. Cela fait longtemps que je veux lire Tom Sawyer de Mark Twain, \u00e7a tombe bien !<\/p>\n<\/div><\/div>\n\n\n\n<h2 class=\"wp-block-heading\">10. Un des personnages est un professeur<\/h2>\n\n\n\n<div class=\"wp-block-media-text alignwide is-stacked-on-mobile\" style=\"grid-template-columns:15% auto\"><figure class=\"wp-block-media-text__media\"><img loading=\"lazy\" decoding=\"async\" width=\"600\" height=\"971\" src=\"https:\/\/serialectrice.com\/wp-content\/uploads\/2022\/09\/le-rouge-et-le-noir.jpeg\" alt=\"\" class=\"wp-image-3672 size-full\" srcset=\"https:\/\/serialectrice.com\/wp-content\/uploads\/2022\/09\/le-rouge-et-le-noir.jpeg 600w, https:\/\/serialectrice.com\/wp-content\/uploads\/2022\/09\/le-rouge-et-le-noir-185x300.jpeg 185w, https:\/\/serialectrice.com\/wp-content\/uploads\/2022\/09\/le-rouge-et-le-noir-93x150.jpeg 93w\" sizes=\"auto, (max-width: 600px) 100vw, 600px\" \/><\/figure><div class=\"wp-block-media-text__content\">\n<p class=\"has-medium-font-size wp-block-paragraph\">Le 5 octobre a lieu la journ\u00e9e des Enseignants. C&rsquo;est l&rsquo;occasion pour nous de lire un roman dans lequel un des personnages est professeur. Il peut s&rsquo;agir d&rsquo;un personnage secondaire. J&rsquo;essaierai de lire Le rouge et le noir de Stendhal dans lequel Julien Sorel est pr\u00e9cepteur.<\/p>\n<\/div><\/div>\n\n\n\n<h2 class=\"has-text-align-center wp-block-heading\"><em>Quels livres avez-vous l&rsquo;intention de lire pour ce challenge ? <\/em><\/h2>\n","protected":false},"excerpt":{"rendered":"<p>Venez d\u00e9couvrir les dix nouvelles cat\u00e9gories du nouveau challenge litt\u00e9raire mensuel.<\/p>\n","protected":false},"author":1,"featured_media":3674,"comment_status":"open","ping_status":"open","sticky":false,"template":"","format":"standard","meta":{"_crdt_document":"","om_disable_all_campaigns":false,"_uag_custom_page_level_css":"","_monsterinsights_skip_tracking":false,"_monsterinsights_sitenote_active":false,"_monsterinsights_sitenote_note":"","_monsterinsights_sitenote_category":0,"_uf_show_specific_survey":0,"_uf_disable_surveys":false,"_jetpack_memberships_contains_paid_content":false,"footnotes":"","jetpack_publicize_message":"Challenge Litt\u00e9raire Octobre 2022\n\nVenez d\u00e9couvrir les dix nouvelles cat\u00e9gories du nouveau challenge litt\u00e9raire mensuel.","jetpack_publicize_feature_enabled":true,"jetpack_social_post_already_shared":true,"jetpack_social_options":{"image_generator_settings":{"template":"highway","default_image_id":0,"font":"","enabled":false},"version":2}},"categories":[4],"tags":[8,267],"class_list":["post-3661","post","type-post","status-publish","format-standard","has-post-thumbnail","hentry","category-challenge","tag-challenge","tag-challenge-mensuel"],"aioseo_notices":[],"jetpack_publicize_connections":[],"jetpack_featured_media_url":"https:\/\/serialectrice.com\/wp-content\/uploads\/2022\/09\/Challenge-Litteraire35.png","uagb_featured_image_src":{"full":["https:\/\/serialectrice.com\/wp-content\/uploads\/2022\/09\/Challenge-Litteraire35.png",1716,993,false],"thumbnail":["https:\/\/serialectrice.com\/wp-content\/uploads\/2022\/09\/Challenge-Litteraire35-572x331.png",572,331,true],"medium":["https:\/\/serialectrice.com\/wp-content\/uploads\/2022\/09\/Challenge-Litteraire35-300x174.png",300,174,true],"medium_large":["https:\/\/serialectrice.com\/wp-content\/uploads\/2022\/09\/Challenge-Litteraire35-768x444.png",768,444,true],"large":["https:\/\/serialectrice.com\/wp-content\/uploads\/2022\/09\/Challenge-Litteraire35-1024x593.png",840,486,true],"post-slider-thumb-size":["https:\/\/serialectrice.com\/wp-content\/uploads\/2022\/09\/Challenge-Litteraire35.png",328,190,false],"post-category-slider-size":["https:\/\/serialectrice.com\/wp-content\/uploads\/2022\/09\/Challenge-Litteraire35.png",330,191,false],"1536x1536":["https:\/\/serialectrice.com\/wp-content\/uploads\/2022\/09\/Challenge-Litteraire35-1536x889.png",1536,889,true],"2048x2048":["https:\/\/serialectrice.com\/wp-content\/uploads\/2022\/09\/Challenge-Litteraire35.png",1716,993,false],"hello-fashion-slider":["https:\/\/serialectrice.com\/wp-content\/uploads\/2022\/09\/Challenge-Litteraire35.png",480,278,false],"hello-fashion-blog-three":["https:\/\/serialectrice.com\/wp-content\/uploads\/2022\/09\/Challenge-Litteraire35.png",420,243,false],"hello-fashion-blog-four":["https:\/\/serialectrice.com\/wp-content\/uploads\/2022\/09\/Challenge-Litteraire35.png",573,332,false],"vilva-slider-one":["https:\/\/serialectrice.com\/wp-content\/uploads\/2022\/09\/Challenge-Litteraire35.png",1037,600,false],"vilva-featured-four":["https:\/\/serialectrice.com\/wp-content\/uploads\/2022\/09\/Challenge-Litteraire35.png",800,463,false],"vilva-blog":["https:\/\/serialectrice.com\/wp-content\/uploads\/2022\/09\/Challenge-Litteraire35.png",420,243,false],"vilva-blog-one":["https:\/\/serialectrice.com\/wp-content\/uploads\/2022\/09\/Challenge-Litteraire35.png",864,500,false],"vilva-sidebar":["https:\/\/serialectrice.com\/wp-content\/uploads\/2022\/09\/Challenge-Litteraire35.png",817,473,false]},"uagb_author_info":{"display_name":"SeriaLectrice","author_link":"https:\/\/serialectrice.com\/index.php\/author\/cilounegmail-com\/"},"uagb_comment_info":6,"uagb_excerpt":"Venez d\u00e9couvrir les dix nouvelles cat\u00e9gories du nouveau challenge litt\u00e9raire mensuel.","jetpack_sharing_enabled":true,"jetpack_likes_enabled":true,"_links":{"self":[{"href":"https:\/\/serialectrice.com\/index.php\/wp-json\/wp\/v2\/posts\/3661","targetHints":{"allow":["GET"]}}],"collection":[{"href":"https:\/\/serialectrice.com\/index.php\/wp-json\/wp\/v2\/posts"}],"about":[{"href":"https:\/\/serialectrice.com\/index.php\/wp-json\/wp\/v2\/types\/post"}],"author":[{"embeddable":true,"href":"https:\/\/serialectrice.com\/index.php\/wp-json\/wp\/v2\/users\/1"}],"replies":[{"embeddable":true,"href":"https:\/\/serialectrice.com\/index.php\/wp-json\/wp\/v2\/comments?post=3661"}],"version-history":[{"count":0,"href":"https:\/\/serialectrice.com\/index.php\/wp-json\/wp\/v2\/posts\/3661\/revisions"}],"wp:featuredmedia":[{"embeddable":true,"href":"https:\/\/serialectrice.com\/index.php\/wp-json\/wp\/v2\/media\/3674"}],"wp:attachment":[{"href":"https:\/\/serialectrice.com\/index.php\/wp-json\/wp\/v2\/media?parent=3661"}],"wp:term":[{"taxonomy":"category","embeddable":true,"href":"https:\/\/serialectrice.com\/index.php\/wp-json\/wp\/v2\/categories?post=3661"},{"taxonomy":"post_tag","embeddable":true,"href":"https:\/\/serialectrice.com\/index.php\/wp-json\/wp\/v2\/tags?post=3661"}],"curies":[{"name":"wp","href":"https:\/\/api.w.org\/{rel}","templated":true}]}}