{"id":3646,"date":"2022-09-22T17:00:00","date_gmt":"2022-09-22T15:00:00","guid":{"rendered":"https:\/\/serialectrice.com\/?p=3646"},"modified":"2022-09-21T18:19:31","modified_gmt":"2022-09-21T16:19:31","slug":"la-plus-secrete-memoire-des-hommes","status":"publish","type":"post","link":"https:\/\/serialectrice.com\/index.php\/2022\/09\/22\/la-plus-secrete-memoire-des-hommes\/","title":{"rendered":"La plus secr\u00e8te m\u00e9moire des hommes"},"content":{"rendered":"\n<div class=\"wp-block-media-text alignwide is-stacked-on-mobile\"><figure class=\"wp-block-media-text__media\"><img loading=\"lazy\" decoding=\"async\" width=\"675\" height=\"1024\" src=\"https:\/\/serialectrice.com\/wp-content\/uploads\/2022\/09\/la-plus-secrete-675x1024.jpg\" alt=\"couverture du roman La plus secr\u00e8te m\u00e9moire des hommes\" class=\"wp-image-3647 size-full\" srcset=\"https:\/\/serialectrice.com\/wp-content\/uploads\/2022\/09\/la-plus-secrete-675x1024.jpg 675w, https:\/\/serialectrice.com\/wp-content\/uploads\/2022\/09\/la-plus-secrete-198x300.jpg 198w, https:\/\/serialectrice.com\/wp-content\/uploads\/2022\/09\/la-plus-secrete-99x150.jpg 99w, https:\/\/serialectrice.com\/wp-content\/uploads\/2022\/09\/la-plus-secrete-768x1164.jpg 768w, https:\/\/serialectrice.com\/wp-content\/uploads\/2022\/09\/la-plus-secrete.jpg 800w\" sizes=\"auto, (max-width: 675px) 100vw, 675px\" \/><\/figure><div class=\"wp-block-media-text__content\">\n<h2 class=\"wp-block-heading\"><span style=\"color:#00d084\" class=\"tadv-color\">R\u00e9sum\u00e9<\/span><\/h2>\n\n\n\n<p class=\"has-medium-font-size wp-block-paragraph\">En 2018, Di\u00e9gane Latyr Faye, jeune \u00e9crivain s\u00e9n\u00e9galais, d\u00e9couvre un livre mythique, paru en 1938 : Le labyrinthe de l\u2019inhumain. On a perdu la trace de son auteur depuis le scandale que d\u00e9clencha la parution de son texte. Di\u00e9gane s\u2019engage alors sur la piste du myst\u00e9rieux T.C. Elimane. Du S\u00e9n\u00e9gal \u00e0 la France en passant par l\u2019Argentine, quelle v\u00e9rit\u00e9 l\u2019attend au centre de ce labyrinthe ?<\/p>\n\n\n\n<p class=\"has-medium-font-size wp-block-paragraph\"><br>Sans jamais perdre le fil de cette qu\u00eate qui l\u2019accapare, Di\u00e9gane, \u00e0 Paris, fr\u00e9quente un groupe de jeunes auteurs africains : tous s\u2019observent, discutent, boivent, font beaucoup l\u2019amour, et s\u2019interrogent sur la n\u00e9cessit\u00e9 de la cr\u00e9ation \u00e0 partir de l\u2019exil. Il va surtout s\u2019attacher \u00e0 deux femmes : la sulfureuse Siga, d\u00e9tentrice de secrets, et la fugace photojournaliste A\u00efda\u2026<\/p>\n\n\n\n<p class=\"wp-block-paragraph\"><br><\/p>\n<\/div><\/div>\n\n\n\n<h2 class=\"wp-block-heading\"><span style=\"color:#00d084\" class=\"tadv-color\">Mon ressenti<\/span><\/h2>\n\n\n\n<p class=\"has-medium-font-size wp-block-paragraph\"><strong>Il m&rsquo;est difficile de savoir si j&rsquo;ai appr\u00e9ci\u00e9 cette lecture.<\/strong> Dans un premier temps, je ne peux le nier, <strong>l&rsquo;\u00e9criture de Mohamed Mbougar Sarr est extraordinaire.<\/strong> Une plume incisive et profonde. <strong>L&rsquo;histoire est passionnante !<\/strong> J&rsquo;ai ador\u00e9 suivre l&rsquo;enqu\u00eate de Di\u00e9gane, qui retrace la vie de T.C Elimane, \u00e9crivain s\u00e9n\u00e9galais au succ\u00e8s fulgurant. Tellement fulgurant qu&rsquo;il a \u00e9t\u00e9 tr\u00e8s vite oubli\u00e9. Mais pourquoi ? <strong>Pour quelles raisons, Elimane a-t-il disparu de la sc\u00e8ne des \u00e9crivains alors que son talent \u00e9tait ind\u00e9niable ?<\/strong> C&rsquo;est ce que cherche \u00e0 comprendre Di\u00e9gane. Pour cela, il va replonger dans le pass\u00e9 du d\u00e9but des ann\u00e9es 1900 aux ann\u00e9es 1950. <\/p>\n\n\n\n<p class=\"has-medium-font-size wp-block-paragraph\">Il va faire appel \u00e0 une po\u00e9tesse qui semble avoir des liens avec la famille d&rsquo;Elimane et \u00e0 A\u00efda une journaliste.<strong> J&rsquo;ai ador\u00e9 suivre cette enqu\u00eate, sans aucun doute.<\/strong> En revanche, j&rsquo;ai r\u00e9guli\u00e8rement \u00e9t\u00e9 perdue. <strong>La narration de ce roman est assez particuli\u00e8re. <\/strong>Ecrite \u00e0 la premi\u00e8re personne, le lecteur doit deviner qui est le narrateur. Car celui-ci change r\u00e9guli\u00e8rement, et parfois d&rsquo;un paragraphe \u00e0 un autre. <strong>C&rsquo;est assez perturbant.<\/strong> Par exemple, dans certains chapitres la narration alterne entre Di\u00e9gane et Siga, et passer d&rsquo;un t\u00e9moignage masculin \u00e0 un t\u00e9moignage masculin n&rsquo;est pas si simple. <strong>Une fois qu&rsquo;on a compris qui narre l&rsquo;histoire, le lecteur se plonge ais\u00e9ment dans cette grande fresque qui nous m\u00e8ne du S\u00e9n\u00e9gal en Argentine, en passant par les Pays Bas. <\/strong><\/p>\n\n\n\n<p class=\"has-medium-font-size wp-block-paragraph\">Cette narration m&rsquo;a oblig\u00e9e \u00e0 lire ce roman lorsque j&rsquo;\u00e9tais fraiche, le matin, car le soir avec la fatigue de la journ\u00e9e, je finissais par m&rsquo;y perdre et ne plus rien comprendre. <strong>C&rsquo;est dommage, m\u00eame si \u00e7a n&rsquo;enl\u00e8ve en rien \u00e0 la qualit\u00e9 d&rsquo;\u00e9criture. <\/strong>Certains passages sont un peu plus longs que d&rsquo;autres, alors que certains sont vraiment passionnants. <strong>J&rsquo;ai notamment beaucoup aim\u00e9 celui autour de Fatima Diop ou encore le t\u00e9moignage de Musimbwa<\/strong> qui m&rsquo;a fait penser au roman de Victor del Arbol,<a href=\"https:\/\/serialectrice.com\/index.php\/2021\/10\/31\/avant-les-annees-terribles-_-victor-del-arbol\/\"> Avant les ann\u00e9es terribles<\/a>. <\/p>\n\n\n<div class=\"wp-block-image\">\n<figure class=\"aligncenter size-large\"><img loading=\"lazy\" decoding=\"async\" width=\"1024\" height=\"1024\" src=\"https:\/\/serialectrice.com\/wp-content\/uploads\/2022\/09\/Sans-titre-Publication-Instagram-carree19-1024x1024.png\" alt=\"\" class=\"wp-image-3648\" srcset=\"https:\/\/serialectrice.com\/wp-content\/uploads\/2022\/09\/Sans-titre-Publication-Instagram-carree19-1024x1024.png 1024w, https:\/\/serialectrice.com\/wp-content\/uploads\/2022\/09\/Sans-titre-Publication-Instagram-carree19-300x300.png 300w, https:\/\/serialectrice.com\/wp-content\/uploads\/2022\/09\/Sans-titre-Publication-Instagram-carree19-150x150.png 150w, https:\/\/serialectrice.com\/wp-content\/uploads\/2022\/09\/Sans-titre-Publication-Instagram-carree19-768x768.png 768w, https:\/\/serialectrice.com\/wp-content\/uploads\/2022\/09\/Sans-titre-Publication-Instagram-carree19-100x100.png 100w, https:\/\/serialectrice.com\/wp-content\/uploads\/2022\/09\/Sans-titre-Publication-Instagram-carree19.png 1080w\" sizes=\"auto, (max-width: 1024px) 100vw, 1024px\" \/><\/figure>\n<\/div>\n\n\n<p class=\"has-text-align-center has-medium-font-size wp-block-paragraph\"><em>C&rsquo;est donc <strong>un avis mitig\u00e9 m\u00eame si j&rsquo;ai aim\u00e9 l&rsquo;histoire qui nous est cont\u00e9e.<\/strong> Mais la narration choisie m&rsquo;a vraiment donn\u00e9 du fil \u00e0 retordre. <strong>Je pense relire cet auteur<\/strong> en commen\u00e7ant par son premier roman, De purs hommes, r\u00e9cemment publi\u00e9 en format poche.<\/em><\/p>\n\n\n<div class=\"wp-block-jetpack-rating-star\" style=\"text-align:center\" itemprop=\"reviewRating\" itemscope itemtype=\"http:\/\/schema.org\/Rating\"><p><span aria-hidden=\"true\">\u2b50<\/span><span aria-hidden=\"true\">\u2b50<\/span><span aria-hidden=\"true\">\u2b50<\/span><span aria-hidden=\"true\">\u2b50<\/span><\/p><span style=\"display: none;\" itemprop=\"worstRating\" content=\"0.5\"><span>\n<svg xmlns=\"http:\/\/www.w3.org\/2000\/svg\" width=\"24\" height=\"24\" viewBox=\"0 0 24 24\">\n\t<path class=\"\" fill=\"currentColor\" stroke=\"currentColor\" d=\"M12,17.3l6.2,3.7l-1.6-7L22,9.2l-7.2-0.6L12,2L9.2,8.6L2,9.2L7.5,14l-1.6,7L12,17.3z\" \/>\n<\/svg>\n<\/span>\n<span>\n<svg xmlns=\"http:\/\/www.w3.org\/2000\/svg\" width=\"24\" height=\"24\" viewBox=\"0 0 24 24\">\n\t<path class=\"\" fill=\"currentColor\" stroke=\"currentColor\" d=\"M12,17.3l6.2,3.7l-1.6-7L22,9.2l-7.2-0.6L12,2L9.2,8.6L2,9.2L7.5,14l-1.6,7L12,17.3z\" \/>\n<\/svg>\n<\/span><\/span><span style=\"display: none;\" ><span>\n<svg xmlns=\"http:\/\/www.w3.org\/2000\/svg\" width=\"24\" height=\"24\" viewBox=\"0 0 24 24\">\n\t<path class=\"\" fill=\"currentColor\" stroke=\"currentColor\" d=\"M12,17.3l6.2,3.7l-1.6-7L22,9.2l-7.2-0.6L12,2L9.2,8.6L2,9.2L7.5,14l-1.6,7L12,17.3z\" \/>\n<\/svg>\n<\/span>\n<span>\n<svg xmlns=\"http:\/\/www.w3.org\/2000\/svg\" width=\"24\" height=\"24\" viewBox=\"0 0 24 24\">\n\t<path class=\"\" fill=\"currentColor\" stroke=\"currentColor\" d=\"M12,17.3l6.2,3.7l-1.6-7L22,9.2l-7.2-0.6L12,2L9.2,8.6L2,9.2L7.5,14l-1.6,7L12,17.3z\" \/>\n<\/svg>\n<\/span><\/span><span style=\"display: none;\" ><span>\n<svg xmlns=\"http:\/\/www.w3.org\/2000\/svg\" width=\"24\" height=\"24\" viewBox=\"0 0 24 24\">\n\t<path class=\"\" fill=\"currentColor\" stroke=\"currentColor\" d=\"M12,17.3l6.2,3.7l-1.6-7L22,9.2l-7.2-0.6L12,2L9.2,8.6L2,9.2L7.5,14l-1.6,7L12,17.3z\" \/>\n<\/svg>\n<\/span>\n<span>\n<svg xmlns=\"http:\/\/www.w3.org\/2000\/svg\" width=\"24\" height=\"24\" viewBox=\"0 0 24 24\">\n\t<path class=\"\" fill=\"currentColor\" stroke=\"currentColor\" d=\"M12,17.3l6.2,3.7l-1.6-7L22,9.2l-7.2-0.6L12,2L9.2,8.6L2,9.2L7.5,14l-1.6,7L12,17.3z\" \/>\n<\/svg>\n<\/span><\/span><span style=\"display: none;\" ><span>\n<svg xmlns=\"http:\/\/www.w3.org\/2000\/svg\" width=\"24\" height=\"24\" viewBox=\"0 0 24 24\">\n\t<path class=\"\" fill=\"currentColor\" stroke=\"currentColor\" d=\"M12,17.3l6.2,3.7l-1.6-7L22,9.2l-7.2-0.6L12,2L9.2,8.6L2,9.2L7.5,14l-1.6,7L12,17.3z\" \/>\n<\/svg>\n<\/span>\n<span>\n<svg xmlns=\"http:\/\/www.w3.org\/2000\/svg\" width=\"24\" height=\"24\" viewBox=\"0 0 24 24\">\n\t<path class=\"is-rating-unfilled\" fill=\"currentColor\" stroke=\"currentColor\" d=\"M12,17.3l6.2,3.7l-1.6-7L22,9.2l-7.2-0.6L12,2L9.2,8.6L2,9.2L7.5,14l-1.6,7L12,17.3z\" \/>\n<\/svg>\n<\/span><\/span><span style=\"display: none;\" itemprop=\"bestRating\" content=\"5\"><span>\n<svg xmlns=\"http:\/\/www.w3.org\/2000\/svg\" width=\"24\" height=\"24\" viewBox=\"0 0 24 24\">\n\t<path class=\"is-rating-unfilled\" fill=\"currentColor\" stroke=\"currentColor\" d=\"M12,17.3l6.2,3.7l-1.6-7L22,9.2l-7.2-0.6L12,2L9.2,8.6L2,9.2L7.5,14l-1.6,7L12,17.3z\" \/>\n<\/svg>\n<\/span>\n<span>\n<svg xmlns=\"http:\/\/www.w3.org\/2000\/svg\" width=\"24\" height=\"24\" viewBox=\"0 0 24 24\">\n\t<path class=\"is-rating-unfilled\" fill=\"currentColor\" stroke=\"currentColor\" d=\"M12,17.3l6.2,3.7l-1.6-7L22,9.2l-7.2-0.6L12,2L9.2,8.6L2,9.2L7.5,14l-1.6,7L12,17.3z\" \/>\n<\/svg>\n<\/span><\/span><span itemprop=\"ratingValue\" class=\"screen-reader-text\" content=\"3.5\">Note\u00a0: 3.5\u00a0sur 5.<\/span><\/div>\n\n\n<h2 class=\"wp-block-heading\"><span style=\"color:#00d084\" class=\"tadv-color\">Mes challenges<\/span><\/h2>\n\n\n\n<p class=\"has-medium-font-size wp-block-paragraph\">Cette lecture m&rsquo;a permis de valider la cat\u00e9gorie 72 du <a href=\"https:\/\/www.facebook.com\/groups\/707636122759664\">challenge annuel<\/a>. <strong>Livre dans lequel on retrouve un passage de journal intime.<\/strong><\/p>\n","protected":false},"excerpt":{"rendered":"<p>Di\u00e9gane part \u00e0 la recherche d&rsquo;Elimane, un \u00e9crivain s\u00e9n\u00e9galais dont on a perdu la trace.<\/p>\n","protected":false},"author":1,"featured_media":3649,"comment_status":"open","ping_status":"open","sticky":false,"template":"","format":"standard","meta":{"_crdt_document":"","om_disable_all_campaigns":false,"_uag_custom_page_level_css":"","_monsterinsights_skip_tracking":false,"_monsterinsights_sitenote_active":false,"_monsterinsights_sitenote_note":"","_monsterinsights_sitenote_category":0,"_uf_show_specific_survey":0,"_uf_disable_surveys":false,"_jetpack_memberships_contains_paid_content":false,"footnotes":"","jetpack_publicize_message":"La plus secr\u00e8te m\u00e9moire des hommes de Mohamed Mbougar Sarr\n\nDi\u00e9gane part \u00e0 la recherche d'Elimane, un \u00e9crivain s\u00e9n\u00e9galais dont on a perdu la trace.","jetpack_publicize_feature_enabled":true,"jetpack_social_post_already_shared":true,"jetpack_social_options":{"image_generator_settings":{"template":"highway","default_image_id":0,"font":"","enabled":false},"version":2}},"categories":[6],"tags":[172,94,367,368],"class_list":["post-3646","post","type-post","status-publish","format-standard","has-post-thumbnail","hentry","category-livres-lus","tag-afrique","tag-goncourt","tag-mohamed-mbougar-sarr","tag-senegal"],"aioseo_notices":[],"jetpack_publicize_connections":[],"jetpack_featured_media_url":"https:\/\/serialectrice.com\/wp-content\/uploads\/2022\/09\/Sans-titre519.png","uagb_featured_image_src":{"full":["https:\/\/serialectrice.com\/wp-content\/uploads\/2022\/09\/Sans-titre519.png",1716,993,false],"thumbnail":["https:\/\/serialectrice.com\/wp-content\/uploads\/2022\/09\/Sans-titre519-572x331.png",572,331,true],"medium":["https:\/\/serialectrice.com\/wp-content\/uploads\/2022\/09\/Sans-titre519-300x174.png",300,174,true],"medium_large":["https:\/\/serialectrice.com\/wp-content\/uploads\/2022\/09\/Sans-titre519-768x444.png",768,444,true],"large":["https:\/\/serialectrice.com\/wp-content\/uploads\/2022\/09\/Sans-titre519-1024x593.png",840,486,true],"post-slider-thumb-size":["https:\/\/serialectrice.com\/wp-content\/uploads\/2022\/09\/Sans-titre519.png",328,190,false],"post-category-slider-size":["https:\/\/serialectrice.com\/wp-content\/uploads\/2022\/09\/Sans-titre519.png",330,191,false],"1536x1536":["https:\/\/serialectrice.com\/wp-content\/uploads\/2022\/09\/Sans-titre519-1536x889.png",1536,889,true],"2048x2048":["https:\/\/serialectrice.com\/wp-content\/uploads\/2022\/09\/Sans-titre519.png",1716,993,false],"hello-fashion-slider":["https:\/\/serialectrice.com\/wp-content\/uploads\/2022\/09\/Sans-titre519.png",480,278,false],"hello-fashion-blog-three":["https:\/\/serialectrice.com\/wp-content\/uploads\/2022\/09\/Sans-titre519.png",420,243,false],"hello-fashion-blog-four":["https:\/\/serialectrice.com\/wp-content\/uploads\/2022\/09\/Sans-titre519.png",573,332,false],"vilva-slider-one":["https:\/\/serialectrice.com\/wp-content\/uploads\/2022\/09\/Sans-titre519.png",1037,600,false],"vilva-featured-four":["https:\/\/serialectrice.com\/wp-content\/uploads\/2022\/09\/Sans-titre519.png",800,463,false],"vilva-blog":["https:\/\/serialectrice.com\/wp-content\/uploads\/2022\/09\/Sans-titre519.png",420,243,false],"vilva-blog-one":["https:\/\/serialectrice.com\/wp-content\/uploads\/2022\/09\/Sans-titre519.png",864,500,false],"vilva-sidebar":["https:\/\/serialectrice.com\/wp-content\/uploads\/2022\/09\/Sans-titre519.png",817,473,false]},"uagb_author_info":{"display_name":"SeriaLectrice","author_link":"https:\/\/serialectrice.com\/index.php\/author\/cilounegmail-com\/"},"uagb_comment_info":2,"uagb_excerpt":"Di\u00e9gane part \u00e0 la recherche d'Elimane, un \u00e9crivain s\u00e9n\u00e9galais dont on a perdu la trace.","jetpack_sharing_enabled":true,"jetpack_likes_enabled":true,"_links":{"self":[{"href":"https:\/\/serialectrice.com\/index.php\/wp-json\/wp\/v2\/posts\/3646","targetHints":{"allow":["GET"]}}],"collection":[{"href":"https:\/\/serialectrice.com\/index.php\/wp-json\/wp\/v2\/posts"}],"about":[{"href":"https:\/\/serialectrice.com\/index.php\/wp-json\/wp\/v2\/types\/post"}],"author":[{"embeddable":true,"href":"https:\/\/serialectrice.com\/index.php\/wp-json\/wp\/v2\/users\/1"}],"replies":[{"embeddable":true,"href":"https:\/\/serialectrice.com\/index.php\/wp-json\/wp\/v2\/comments?post=3646"}],"version-history":[{"count":0,"href":"https:\/\/serialectrice.com\/index.php\/wp-json\/wp\/v2\/posts\/3646\/revisions"}],"wp:featuredmedia":[{"embeddable":true,"href":"https:\/\/serialectrice.com\/index.php\/wp-json\/wp\/v2\/media\/3649"}],"wp:attachment":[{"href":"https:\/\/serialectrice.com\/index.php\/wp-json\/wp\/v2\/media?parent=3646"}],"wp:term":[{"taxonomy":"category","embeddable":true,"href":"https:\/\/serialectrice.com\/index.php\/wp-json\/wp\/v2\/categories?post=3646"},{"taxonomy":"post_tag","embeddable":true,"href":"https:\/\/serialectrice.com\/index.php\/wp-json\/wp\/v2\/tags?post=3646"}],"curies":[{"name":"wp","href":"https:\/\/api.w.org\/{rel}","templated":true}]}}