{"id":3628,"date":"2022-09-18T17:00:00","date_gmt":"2022-09-18T15:00:00","guid":{"rendered":"https:\/\/serialectrice.com\/?p=3628"},"modified":"2022-09-17T22:47:13","modified_gmt":"2022-09-17T20:47:13","slug":"sadapter-_-clara-dupont-monot","status":"publish","type":"post","link":"https:\/\/serialectrice.com\/index.php\/2022\/09\/18\/sadapter-_-clara-dupont-monot\/","title":{"rendered":"S&rsquo;adapter _ Clara Dupont-Monot"},"content":{"rendered":"\n<div class=\"wp-block-media-text alignwide is-stacked-on-mobile\"><figure class=\"wp-block-media-text__media\"><img loading=\"lazy\" decoding=\"async\" width=\"400\" height=\"647\" src=\"https:\/\/serialectrice.com\/wp-content\/uploads\/2022\/09\/sadapter-5030196.jpg\" alt=\"\" class=\"wp-image-3629 size-full\" srcset=\"https:\/\/serialectrice.com\/wp-content\/uploads\/2022\/09\/sadapter-5030196.jpg 400w, https:\/\/serialectrice.com\/wp-content\/uploads\/2022\/09\/sadapter-5030196-185x300.jpg 185w, https:\/\/serialectrice.com\/wp-content\/uploads\/2022\/09\/sadapter-5030196-93x150.jpg 93w\" sizes=\"auto, (max-width: 400px) 100vw, 400px\" \/><\/figure><div class=\"wp-block-media-text__content\">\n<h2 class=\"wp-block-heading\"><span style=\"color:#00d084\" class=\"tadv-color\">R\u00e9sum\u00e9<\/span><\/h2>\n\n\n\n<p class=\"wp-block-paragraph\" style=\"font-size:19px\">C&rsquo;est l&rsquo;histoire d&rsquo;un enfant diff\u00e9rent, toujours allong\u00e9, aux yeux noirs qui flottent, un enfant inadapt\u00e9 qui trace une fronti\u00e8re invisible entre sa famille et les autres. C&rsquo;est l&rsquo;histoire de sa place dans la maison c\u00e9venole o\u00f9 il na\u00eet, au milieu de la nature puissante ; de sa place dans la fratrie et dans les enfances boulevers\u00e9es. Celle de l&rsquo;a\u00een\u00e9, qui, dans sa relation fusionnelle avec l&rsquo;enfant, s&rsquo;abandonne et se perd. Celle de la cadette, dans la col\u00e8re et le d\u00e9go\u00fbt de celui qui a d\u00e9truit l&rsquo;\u00e9quilibre. Celle du petit dernier qui a la charge de r\u00e9parer, tout en vivant escort\u00e9 d&rsquo;un fr\u00e8re fant\u00f4me. Ils doivent s&rsquo;adapter.<\/p>\n\n\n\n<p class=\"wp-block-paragraph\" style=\"font-size:19px\">Comme dans un conte, les pierres de la cour t\u00e9moignent. Comme dans les contes, la force vient des enfants, de l&rsquo;a\u00een\u00e9 qui aime follement, de la cadette r\u00e9volt\u00e9e. Du dernier qui saura r\u00e9concilier les histoires.<\/p>\n\n\n\n<p class=\"wp-block-paragraph\" style=\"font-size:19px\"><\/p>\n<\/div><\/div>\n\n\n\n<h2 class=\"wp-block-heading\"><span style=\"color:#00d084\" class=\"tadv-color\">Mon ressenti<\/span><\/h2>\n\n\n\n<p class=\"has-medium-font-size wp-block-paragraph\">Dans s&rsquo;adapter, Clara Dupont-Monot s&rsquo;attaque \u00e0 <strong>un th\u00e8me fort et difficile.<\/strong> Celui du handicap de l&rsquo;enfant et de son d\u00e9c\u00e8s \u00e0 venir, in\u00e9luctable. Nous ne suivons pas la totalit\u00e9 de la famille, mais seulement <strong>la fratrie qui voit arriver dans la famille ce fr\u00e8re si diff\u00e9rent.<\/strong> Ce fr\u00e8re qui ne bouge pas, ne parle pas. Il grandit mais ne marche pas, il ouvre les yeux mais ne voit pas. <\/p>\n\n\n\n<p class=\"has-medium-font-size wp-block-paragraph\"><strong>L&rsquo;arriv\u00e9e d&rsquo;un enfant diff\u00e9rent est toujours une \u00e9preuve et chacun sa mani\u00e8re de la surmonter.<\/strong> Nous suivons trois fr\u00e8res et soeurs. L&rsquo;a\u00een\u00e9, qui se sacrifie corps et \u00e2mes et pour ce petit fr\u00e8re qu&rsquo;il ch\u00e9rit tant. La cadette dont l&rsquo;arriv\u00e9e de ce fr\u00e8re chamboule l&rsquo;existence. Et enfin, le dernier, celui qui n&rsquo;a pas connu ce fr\u00e8re n\u00e9 avant lui, mais dont la pr\u00e9sence est toujours aussi forte malgr\u00e9 son absence. <strong>Tous trois doivent s&rsquo;adapter.<\/strong> Comme la v\u00e9g\u00e9tation semble r\u00e9ussir \u00e0 s&rsquo;adapter un milieu parfois hostile et \u00e0 pousser sur des murs de pierre.<\/p>\n\n\n\n<p class=\"has-medium-font-size wp-block-paragraph\"><strong>Ce livre aurait d\u00fb me plaire. Ou du moins il aurait d\u00fb provoquer une foule de sentiments en moi.<\/strong> J&rsquo;attendais s\u00fbrement autre chose de ce livre que j&rsquo;ai trouv\u00e9<strong> bien trop impersonnel. Bien trop fade <\/strong>face au sujet qu&rsquo;il implique. Tout d&rsquo;abord, l&rsquo;autrice a choisi de ne pas nommer ses personnages. Pourquoi pas, ainsi chaque lecteur pourrait s&rsquo;identifier \u00e0 l&rsquo;un d&rsquo;entre eux. Mais absolument pas. <strong>Et pourtant, sans rentrer dans les d\u00e9tails de ma vie personnelle, j&rsquo;aurais d\u00fb m&rsquo;identifier \u00e0 au moins l&rsquo;un d&rsquo;entre eux. <\/strong>Mais ce ne fut absolument pas le cas. Ensuite, Clara Dupont-Monot a fait le choix de choisir un narrateur assez particulier. Ce sont les pierres du jardin c\u00e9v\u00e9nol qui parlent et qui, d&rsquo;un regard ext\u00e9rieur, nous racontent comment les trois enfants ont v\u00e9cu l&rsquo;arriv\u00e9e (ou l&rsquo;absence) de ce fr\u00e8re.<strong> J&rsquo;ai trouv\u00e9 que cette narration rendait le texte encore plus impersonnel qu&rsquo;il ne l&rsquo;\u00e9tait d\u00e9j\u00e0.<\/strong><\/p>\n\n\n\n<h6 class=\"has-text-align-center wp-block-heading\"><\/h6>\n\n\n\n<p class=\"has-medium-font-size wp-block-paragraph\">Certains d\u00e9clament haut et fort que ce texte est riche et po\u00e9tique.<strong> Certes, c&rsquo;est bien \u00e9crit<\/strong>, je ne peux pas le nier. Mais est-ce suffisant si on s&rsquo;ennuie du d\u00e9but \u00e0 la fin ? Et puis, <strong>\u00e7a manque de coh\u00e9rence et de cr\u00e9dibilit\u00e9.<\/strong> Les parents semblent quasiment absents. Le p\u00e8re est d\u00e9crit comme un d\u00e9pressif et la m\u00e8re ne semble pr\u00e9sente que pour porter l&rsquo;enfant. <strong>L&rsquo;a\u00een\u00e9 serait-il donc le seul dans cette famille \u00e0 montrer tendresse et affection \u00e0 son fr\u00e8re ?<\/strong> Les parents sont tellement absents qu&rsquo;ils ne semblent pas remarquer la d\u00e9viance de leur cadette qui sombre au plus profond. J&rsquo;aurais d\u00fb me retrouver dans ce roman, dans l&rsquo;un ou l&rsquo;autre des personnages. J&rsquo;aurais d\u00fb ressentir une palette d&rsquo;\u00e9motions. <strong>C&rsquo;\u00e9tait fade, monotone, \u00e7a manquait de saveur. Je me suis ennuy\u00e9e.<\/strong><\/p>\n\n\n<div class=\"wp-block-image\">\n<figure class=\"aligncenter size-large\"><img loading=\"lazy\" decoding=\"async\" width=\"1024\" height=\"1024\" src=\"https:\/\/serialectrice.com\/wp-content\/uploads\/2022\/09\/Sans-titre-Publication-Instagram-carree17-1024x1024.png\" alt=\"Photo du roman S'adapter poser sur des pierres.\" class=\"wp-image-3631\" srcset=\"https:\/\/serialectrice.com\/wp-content\/uploads\/2022\/09\/Sans-titre-Publication-Instagram-carree17-1024x1024.png 1024w, https:\/\/serialectrice.com\/wp-content\/uploads\/2022\/09\/Sans-titre-Publication-Instagram-carree17-300x300.png 300w, https:\/\/serialectrice.com\/wp-content\/uploads\/2022\/09\/Sans-titre-Publication-Instagram-carree17-150x150.png 150w, https:\/\/serialectrice.com\/wp-content\/uploads\/2022\/09\/Sans-titre-Publication-Instagram-carree17-768x768.png 768w, https:\/\/serialectrice.com\/wp-content\/uploads\/2022\/09\/Sans-titre-Publication-Instagram-carree17-100x100.png 100w, https:\/\/serialectrice.com\/wp-content\/uploads\/2022\/09\/Sans-titre-Publication-Instagram-carree17.png 1080w\" sizes=\"auto, (max-width: 1024px) 100vw, 1024px\" \/><\/figure>\n<\/div>\n\n\n<p class=\"has-text-align-center has-medium-font-size wp-block-paragraph\"><em>Ce sentiment de platitude vient peut-\u00eatre de mon propre v\u00e9cu.<strong> J&rsquo;aurais peut-\u00eatre ador\u00e9 ce roman si je n&rsquo;avais pas eu \u00e0 le vivre<\/strong> (d&rsquo;une mani\u00e8re bien diff\u00e9rente de ces trois enfants). Je tenterai peut-\u00eatre un autre livre de cette autrice car je n&rsquo;aime pas rester sur un \u00ab\u00a0\u00e9chec\u00a0\u00bb.<\/em><\/p>\n\n\n<div class=\"wp-block-jetpack-rating-star\" style=\"text-align:center\" itemprop=\"reviewRating\" itemscope itemtype=\"http:\/\/schema.org\/Rating\"><p><span aria-hidden=\"true\">\u2b50<\/span><span aria-hidden=\"true\">\u2b50<\/span><span aria-hidden=\"true\">\u2b50<\/span><\/p><span style=\"display: none;\" itemprop=\"worstRating\" content=\"0.5\"><span>\n<svg xmlns=\"http:\/\/www.w3.org\/2000\/svg\" width=\"24\" height=\"24\" viewBox=\"0 0 24 24\">\n\t<path class=\"\" fill=\"currentColor\" stroke=\"currentColor\" d=\"M12,17.3l6.2,3.7l-1.6-7L22,9.2l-7.2-0.6L12,2L9.2,8.6L2,9.2L7.5,14l-1.6,7L12,17.3z\" \/>\n<\/svg>\n<\/span>\n<span>\n<svg xmlns=\"http:\/\/www.w3.org\/2000\/svg\" width=\"24\" height=\"24\" viewBox=\"0 0 24 24\">\n\t<path class=\"\" fill=\"currentColor\" stroke=\"currentColor\" d=\"M12,17.3l6.2,3.7l-1.6-7L22,9.2l-7.2-0.6L12,2L9.2,8.6L2,9.2L7.5,14l-1.6,7L12,17.3z\" \/>\n<\/svg>\n<\/span><\/span><span style=\"display: none;\" ><span>\n<svg xmlns=\"http:\/\/www.w3.org\/2000\/svg\" width=\"24\" height=\"24\" viewBox=\"0 0 24 24\">\n\t<path class=\"\" fill=\"currentColor\" stroke=\"currentColor\" d=\"M12,17.3l6.2,3.7l-1.6-7L22,9.2l-7.2-0.6L12,2L9.2,8.6L2,9.2L7.5,14l-1.6,7L12,17.3z\" \/>\n<\/svg>\n<\/span>\n<span>\n<svg xmlns=\"http:\/\/www.w3.org\/2000\/svg\" width=\"24\" height=\"24\" viewBox=\"0 0 24 24\">\n\t<path class=\"\" fill=\"currentColor\" stroke=\"currentColor\" d=\"M12,17.3l6.2,3.7l-1.6-7L22,9.2l-7.2-0.6L12,2L9.2,8.6L2,9.2L7.5,14l-1.6,7L12,17.3z\" \/>\n<\/svg>\n<\/span><\/span><span style=\"display: none;\" ><span>\n<svg xmlns=\"http:\/\/www.w3.org\/2000\/svg\" width=\"24\" height=\"24\" viewBox=\"0 0 24 24\">\n\t<path class=\"\" fill=\"currentColor\" stroke=\"currentColor\" d=\"M12,17.3l6.2,3.7l-1.6-7L22,9.2l-7.2-0.6L12,2L9.2,8.6L2,9.2L7.5,14l-1.6,7L12,17.3z\" \/>\n<\/svg>\n<\/span>\n<span>\n<svg xmlns=\"http:\/\/www.w3.org\/2000\/svg\" width=\"24\" height=\"24\" viewBox=\"0 0 24 24\">\n\t<path class=\"is-rating-unfilled\" fill=\"currentColor\" stroke=\"currentColor\" d=\"M12,17.3l6.2,3.7l-1.6-7L22,9.2l-7.2-0.6L12,2L9.2,8.6L2,9.2L7.5,14l-1.6,7L12,17.3z\" \/>\n<\/svg>\n<\/span><\/span><span style=\"display: none;\" ><span>\n<svg xmlns=\"http:\/\/www.w3.org\/2000\/svg\" width=\"24\" height=\"24\" viewBox=\"0 0 24 24\">\n\t<path class=\"is-rating-unfilled\" fill=\"currentColor\" stroke=\"currentColor\" d=\"M12,17.3l6.2,3.7l-1.6-7L22,9.2l-7.2-0.6L12,2L9.2,8.6L2,9.2L7.5,14l-1.6,7L12,17.3z\" \/>\n<\/svg>\n<\/span>\n<span>\n<svg xmlns=\"http:\/\/www.w3.org\/2000\/svg\" width=\"24\" height=\"24\" viewBox=\"0 0 24 24\">\n\t<path class=\"is-rating-unfilled\" fill=\"currentColor\" stroke=\"currentColor\" d=\"M12,17.3l6.2,3.7l-1.6-7L22,9.2l-7.2-0.6L12,2L9.2,8.6L2,9.2L7.5,14l-1.6,7L12,17.3z\" \/>\n<\/svg>\n<\/span><\/span><span style=\"display: none;\" itemprop=\"bestRating\" content=\"5\"><span>\n<svg xmlns=\"http:\/\/www.w3.org\/2000\/svg\" width=\"24\" height=\"24\" viewBox=\"0 0 24 24\">\n\t<path class=\"is-rating-unfilled\" fill=\"currentColor\" stroke=\"currentColor\" d=\"M12,17.3l6.2,3.7l-1.6-7L22,9.2l-7.2-0.6L12,2L9.2,8.6L2,9.2L7.5,14l-1.6,7L12,17.3z\" \/>\n<\/svg>\n<\/span>\n<span>\n<svg xmlns=\"http:\/\/www.w3.org\/2000\/svg\" width=\"24\" height=\"24\" viewBox=\"0 0 24 24\">\n\t<path class=\"is-rating-unfilled\" fill=\"currentColor\" stroke=\"currentColor\" d=\"M12,17.3l6.2,3.7l-1.6-7L22,9.2l-7.2-0.6L12,2L9.2,8.6L2,9.2L7.5,14l-1.6,7L12,17.3z\" \/>\n<\/svg>\n<\/span><\/span><span itemprop=\"ratingValue\" class=\"screen-reader-text\" content=\"2.5\">Note\u00a0: 2.5\u00a0sur 5.<\/span><\/div>\n\n\n<h2 class=\"wp-block-heading\"><span style=\"color:#00d084\" class=\"tadv-color\">Mes challenges<\/span><\/h2>\n\n\n\n<p class=\"has-medium-font-size wp-block-paragraph\">Cette lecture m&rsquo;a permis de valider la cat\u00e9gorie du <a href=\"https:\/\/www.facebook.com\/groups\/707636122759664\">challenge annuel.<\/a> <strong>Auteur dont les noms\/pr\u00e9noms sont en 3 parties.<\/strong><\/p>\n","protected":false},"excerpt":{"rendered":"<p>Lorsqu&rsquo;un enfant handicap\u00e9 arrive dans la famille, chacun a sa mani\u00e8re de vivre cette \u00e9preuve.<\/p>\n","protected":false},"author":1,"featured_media":3632,"comment_status":"open","ping_status":"open","sticky":false,"template":"","format":"standard","meta":{"_crdt_document":"","om_disable_all_campaigns":false,"_uag_custom_page_level_css":"","_monsterinsights_skip_tracking":false,"_monsterinsights_sitenote_active":false,"_monsterinsights_sitenote_note":"","_monsterinsights_sitenote_category":0,"_uf_show_specific_survey":0,"_uf_disable_surveys":false,"_jetpack_memberships_contains_paid_content":false,"footnotes":"","jetpack_publicize_message":"S'adapter de Clara Dupont-Monod.\n\nLorsqu'un enfant handicap\u00e9 arrive dans la famille, chacun a sa mani\u00e8re de vivre cette \u00e9preuve.","jetpack_publicize_feature_enabled":true,"jetpack_social_post_already_shared":true,"jetpack_social_options":{"image_generator_settings":{"template":"highway","default_image_id":0,"font":"","enabled":false},"version":2}},"categories":[6],"tags":[365,91,366,63],"class_list":["post-3628","post","type-post","status-publish","format-standard","has-post-thumbnail","hentry","category-livres-lus","tag-clara-dupont-monod","tag-famille","tag-fratrie","tag-handicap"],"aioseo_notices":[],"jetpack_publicize_connections":[],"jetpack_featured_media_url":"https:\/\/serialectrice.com\/wp-content\/uploads\/2022\/09\/Sans-titre514.png","uagb_featured_image_src":{"full":["https:\/\/serialectrice.com\/wp-content\/uploads\/2022\/09\/Sans-titre514.png",1716,993,false],"thumbnail":["https:\/\/serialectrice.com\/wp-content\/uploads\/2022\/09\/Sans-titre514-572x331.png",572,331,true],"medium":["https:\/\/serialectrice.com\/wp-content\/uploads\/2022\/09\/Sans-titre514-300x174.png",300,174,true],"medium_large":["https:\/\/serialectrice.com\/wp-content\/uploads\/2022\/09\/Sans-titre514-768x444.png",768,444,true],"large":["https:\/\/serialectrice.com\/wp-content\/uploads\/2022\/09\/Sans-titre514-1024x593.png",840,486,true],"post-slider-thumb-size":["https:\/\/serialectrice.com\/wp-content\/uploads\/2022\/09\/Sans-titre514.png",328,190,false],"post-category-slider-size":["https:\/\/serialectrice.com\/wp-content\/uploads\/2022\/09\/Sans-titre514.png",330,191,false],"1536x1536":["https:\/\/serialectrice.com\/wp-content\/uploads\/2022\/09\/Sans-titre514-1536x889.png",1536,889,true],"2048x2048":["https:\/\/serialectrice.com\/wp-content\/uploads\/2022\/09\/Sans-titre514.png",1716,993,false],"hello-fashion-slider":["https:\/\/serialectrice.com\/wp-content\/uploads\/2022\/09\/Sans-titre514.png",480,278,false],"hello-fashion-blog-three":["https:\/\/serialectrice.com\/wp-content\/uploads\/2022\/09\/Sans-titre514.png",420,243,false],"hello-fashion-blog-four":["https:\/\/serialectrice.com\/wp-content\/uploads\/2022\/09\/Sans-titre514.png",573,332,false],"vilva-slider-one":["https:\/\/serialectrice.com\/wp-content\/uploads\/2022\/09\/Sans-titre514.png",1037,600,false],"vilva-featured-four":["https:\/\/serialectrice.com\/wp-content\/uploads\/2022\/09\/Sans-titre514.png",800,463,false],"vilva-blog":["https:\/\/serialectrice.com\/wp-content\/uploads\/2022\/09\/Sans-titre514.png",420,243,false],"vilva-blog-one":["https:\/\/serialectrice.com\/wp-content\/uploads\/2022\/09\/Sans-titre514.png",864,500,false],"vilva-sidebar":["https:\/\/serialectrice.com\/wp-content\/uploads\/2022\/09\/Sans-titre514.png",817,473,false]},"uagb_author_info":{"display_name":"SeriaLectrice","author_link":"https:\/\/serialectrice.com\/index.php\/author\/cilounegmail-com\/"},"uagb_comment_info":1,"uagb_excerpt":"Lorsqu'un enfant handicap\u00e9 arrive dans la famille, chacun a sa mani\u00e8re de vivre cette \u00e9preuve.","jetpack_sharing_enabled":true,"jetpack_likes_enabled":true,"_links":{"self":[{"href":"https:\/\/serialectrice.com\/index.php\/wp-json\/wp\/v2\/posts\/3628","targetHints":{"allow":["GET"]}}],"collection":[{"href":"https:\/\/serialectrice.com\/index.php\/wp-json\/wp\/v2\/posts"}],"about":[{"href":"https:\/\/serialectrice.com\/index.php\/wp-json\/wp\/v2\/types\/post"}],"author":[{"embeddable":true,"href":"https:\/\/serialectrice.com\/index.php\/wp-json\/wp\/v2\/users\/1"}],"replies":[{"embeddable":true,"href":"https:\/\/serialectrice.com\/index.php\/wp-json\/wp\/v2\/comments?post=3628"}],"version-history":[{"count":0,"href":"https:\/\/serialectrice.com\/index.php\/wp-json\/wp\/v2\/posts\/3628\/revisions"}],"wp:featuredmedia":[{"embeddable":true,"href":"https:\/\/serialectrice.com\/index.php\/wp-json\/wp\/v2\/media\/3632"}],"wp:attachment":[{"href":"https:\/\/serialectrice.com\/index.php\/wp-json\/wp\/v2\/media?parent=3628"}],"wp:term":[{"taxonomy":"category","embeddable":true,"href":"https:\/\/serialectrice.com\/index.php\/wp-json\/wp\/v2\/categories?post=3628"},{"taxonomy":"post_tag","embeddable":true,"href":"https:\/\/serialectrice.com\/index.php\/wp-json\/wp\/v2\/tags?post=3628"}],"curies":[{"name":"wp","href":"https:\/\/api.w.org\/{rel}","templated":true}]}}