{"id":3613,"date":"2022-09-14T17:00:00","date_gmt":"2022-09-14T15:00:00","guid":{"rendered":"https:\/\/serialectrice.com\/?p=3613"},"modified":"2022-09-14T16:01:44","modified_gmt":"2022-09-14T14:01:44","slug":"sous-les-ciels-de-zeewijk","status":"publish","type":"post","link":"https:\/\/serialectrice.com\/index.php\/2022\/09\/14\/sous-les-ciels-de-zeewijk\/","title":{"rendered":"Sous les ciels de Zeewijk _ Marino Magliani"},"content":{"rendered":"\n<div class=\"wp-block-media-text alignwide is-stacked-on-mobile\" style=\"grid-template-columns:40% auto\"><figure class=\"wp-block-media-text__media\"><img loading=\"lazy\" decoding=\"async\" width=\"561\" height=\"789\" src=\"https:\/\/serialectrice.com\/wp-content\/uploads\/2022\/09\/sous-les-ciels-de-zeewijk.jpg\" alt=\"\" class=\"wp-image-3614 size-full\" srcset=\"https:\/\/serialectrice.com\/wp-content\/uploads\/2022\/09\/sous-les-ciels-de-zeewijk.jpg 561w, https:\/\/serialectrice.com\/wp-content\/uploads\/2022\/09\/sous-les-ciels-de-zeewijk-213x300.jpg 213w, https:\/\/serialectrice.com\/wp-content\/uploads\/2022\/09\/sous-les-ciels-de-zeewijk-107x150.jpg 107w\" sizes=\"auto, (max-width: 561px) 100vw, 561px\" \/><\/figure><div class=\"wp-block-media-text__content\">\n<h2 class=\"wp-block-heading\"><span style=\"color:#00d084\" class=\"tadv-color\">R\u00e9sum\u00e9<\/span><\/h2>\n\n\n\n<p class=\"wp-block-paragraph\" style=\"font-size:19px\">Si comme l\u2019affirme Pessoa, la \u00ab\u00a0saudade\u00a0\u00bb est quelque chose que seuls les Portugais poss\u00e8dent parce qu\u2019ils ont un mot pour la d\u00e9signer, alors Zeewijk et les confins de la Ligurie occidentale ont superpos\u00e9 leurs formes et leurs fronti\u00e8res pour prouver que la m\u00e9lancolie peut aussi se traduire en g\u00e9ographie. Sous les ciels de Zeewijk est une promenade le long des rues d\u2019un quartier d\u2019Ijmuiden, un petit village qui se trouve sur la c\u00f4te hollandaise, pas loin d\u2019Amsterdam. B\u00e2ti sur des dunes de sable, remod\u00e8le sa g\u00e9ographie urbaine tous les cinquante ans. C\u2019est l\u2019histoire d\u2019un paysage qui ne cesse de changer, de maisons qui, depuis la pose de leur premi\u00e8re pierre, arborent leur date de p\u00e9remption, plus courte que celle des vies de leurs habitants. C\u2019est aussi l\u2019histoire d\u2019une rencontre inattendue, joyeuse et m\u00e9lancolique \u00e0 la fois, comme d\u2019ailleurs tout ce qui est de Zeewijk.<\/p>\n\n\n\n<p class=\"wp-block-paragraph\" style=\"font-size:19px\">Un quartier o\u00f9 la vie est filante comme une \u00e9toile.<\/p>\n<\/div><\/div>\n\n\n\n<h2 class=\"wp-block-heading\"><span style=\"color:#00d084\" class=\"tadv-color\">Mon ressenti<\/span><\/h2>\n\n\n\n<p class=\"has-medium-font-size wp-block-paragraph\">Sous les ciels de Zeewijk c&rsquo;est avant tout <strong>un roman d&rsquo;amour entre l&rsquo;auteur et la Hollande<\/strong>. Dans son texte, on ressent \u00e0 quel point Marino Magliani aime <strong>le pays des moulins \u00e0 vent et des coffee shop.<\/strong> Sous les ciels de Zeewijk c&rsquo;est un roman dans lequel nous suivons l&rsquo;auteur qui se prom\u00e8ne dans les rues de Zeewijk et qui <strong>aime regarder au travers des baies vitr\u00e9es qui longent la route. <\/strong>Car les volets sont rares aux Pays Bas, tout comme dans les autres pays nordiques. Pourquoi donc ? A priori, deux explications. Ce sont des pays dans lesquels il ne fait pas tr\u00e8s chaud, le besoin de se prot\u00e9ger du soleil se fait moins ressentir. Mais surtout, ce serait d\u00fb \u00e0 leur pass\u00e9 religieux. En tant que protestants, ils se devaient d&rsquo;avoir une vie honn\u00eate et transparente. Ainsi, l&rsquo;absence de volets symbolise que les hollandais n&rsquo;ont rien \u00e0 cacher. <\/p>\n\n\n\n<p class=\"has-medium-font-size wp-block-paragraph\">Pour le plus grand bonheur de <strong>Marino Magliani, qui pouvait alors plonger le regard dans le salon d&rsquo;inconnus. <\/strong>Ce qui n&rsquo;est pas forc\u00e9ment pour plaire \u00e0 ces anonymes qui voudraient bien le rester. Il faut donc ruser pour \u00e9pier l&rsquo;int\u00e9rieur des habitations sans se faire prendre. Promener son chien, se baisser pour relacer ses chaussures, faire semblant d&rsquo;avoir le regard vide &#8230; <strong>Marino a su trouver de nombreuses parades pour regarder sans se faire prendre. <\/strong>Jusqu&rsquo;au jour o\u00f9 il croise le regard d&rsquo;une femme avec qui il va \u00e9changer au travers de sa baie vitr\u00e9e.<\/p>\n\n\n\n<p class=\"has-medium-font-size wp-block-paragraph\">Cette d\u00e9ambulation dans les rues de Zeewijk a eu comme un <strong>effet de madeleine de Proust<\/strong>. En effet, j&rsquo;ai eu la chance d&rsquo;aller visiter les Pays Bas \u00e0 plusieurs reprises avec mes parents et ma m\u00e8re avait le m\u00eame int\u00e9r\u00eat pour l&rsquo;int\u00e9rieur des hollandais que l&rsquo;auteur. <strong>Je me souviens nos promenades et nos yeux qui louchaient \u00e0 travers les baies vitr\u00e9es hollandaises. <\/strong>Mais hormis ce petit brin de nostalgie, il ne se passe pas grand chose \u00e0 Zeewijk. <strong>On aurait pu attendre quelque chose de la rencontre de Marino avec cette femme qui restera finalement un myst\u00e8re \u00e0 nos yeux. <\/strong><\/p>\n\n\n<div class=\"wp-block-image\">\n<figure class=\"aligncenter size-large\"><img loading=\"lazy\" decoding=\"async\" width=\"1024\" height=\"1024\" src=\"https:\/\/serialectrice.com\/wp-content\/uploads\/2022\/09\/Sans-titre-Publication-Instagram-carree16-1024x1024.png\" alt=\"\" class=\"wp-image-3615\" srcset=\"https:\/\/serialectrice.com\/wp-content\/uploads\/2022\/09\/Sans-titre-Publication-Instagram-carree16-1024x1024.png 1024w, https:\/\/serialectrice.com\/wp-content\/uploads\/2022\/09\/Sans-titre-Publication-Instagram-carree16-300x300.png 300w, https:\/\/serialectrice.com\/wp-content\/uploads\/2022\/09\/Sans-titre-Publication-Instagram-carree16-150x150.png 150w, https:\/\/serialectrice.com\/wp-content\/uploads\/2022\/09\/Sans-titre-Publication-Instagram-carree16-768x768.png 768w, https:\/\/serialectrice.com\/wp-content\/uploads\/2022\/09\/Sans-titre-Publication-Instagram-carree16-100x100.png 100w, https:\/\/serialectrice.com\/wp-content\/uploads\/2022\/09\/Sans-titre-Publication-Instagram-carree16.png 1080w\" sizes=\"auto, (max-width: 1024px) 100vw, 1024px\" \/><\/figure>\n<\/div>\n\n\n<p class=\"has-text-align-center has-medium-font-size wp-block-paragraph\"><em><strong>C&rsquo;est joliment \u00e9crit mais \u00e7a s&rsquo;arr\u00eate l\u00e0.<\/strong> Je n&rsquo;ai pas \u00e9t\u00e9 transport\u00e9e par l&rsquo;histoire. Lorsque je reposais le livre, je n&rsquo;avais aucune h\u00e2te de le reprendre en main. <strong>Ce n&rsquo;est pas une lecture d\u00e9sagr\u00e9able mais si vous voulez de l&rsquo;action, passez votre chemin.<\/strong><\/em><\/p>\n\n\n<div class=\"wp-block-jetpack-rating-star\" style=\"text-align:center\" itemprop=\"reviewRating\" itemscope itemtype=\"http:\/\/schema.org\/Rating\"><p><span aria-hidden=\"true\">\u2b50<\/span><span aria-hidden=\"true\">\u2b50<\/span><span aria-hidden=\"true\">\u2b50<\/span><\/p><span style=\"display: none;\" itemprop=\"worstRating\" content=\"0.5\"><span>\n<svg xmlns=\"http:\/\/www.w3.org\/2000\/svg\" width=\"24\" height=\"24\" viewBox=\"0 0 24 24\">\n\t<path class=\"\" fill=\"currentColor\" stroke=\"currentColor\" d=\"M12,17.3l6.2,3.7l-1.6-7L22,9.2l-7.2-0.6L12,2L9.2,8.6L2,9.2L7.5,14l-1.6,7L12,17.3z\" \/>\n<\/svg>\n<\/span>\n<span>\n<svg xmlns=\"http:\/\/www.w3.org\/2000\/svg\" width=\"24\" height=\"24\" viewBox=\"0 0 24 24\">\n\t<path class=\"\" fill=\"currentColor\" stroke=\"currentColor\" d=\"M12,17.3l6.2,3.7l-1.6-7L22,9.2l-7.2-0.6L12,2L9.2,8.6L2,9.2L7.5,14l-1.6,7L12,17.3z\" \/>\n<\/svg>\n<\/span><\/span><span style=\"display: none;\" ><span>\n<svg xmlns=\"http:\/\/www.w3.org\/2000\/svg\" width=\"24\" height=\"24\" viewBox=\"0 0 24 24\">\n\t<path class=\"\" fill=\"currentColor\" stroke=\"currentColor\" d=\"M12,17.3l6.2,3.7l-1.6-7L22,9.2l-7.2-0.6L12,2L9.2,8.6L2,9.2L7.5,14l-1.6,7L12,17.3z\" \/>\n<\/svg>\n<\/span>\n<span>\n<svg xmlns=\"http:\/\/www.w3.org\/2000\/svg\" width=\"24\" height=\"24\" viewBox=\"0 0 24 24\">\n\t<path class=\"\" fill=\"currentColor\" stroke=\"currentColor\" d=\"M12,17.3l6.2,3.7l-1.6-7L22,9.2l-7.2-0.6L12,2L9.2,8.6L2,9.2L7.5,14l-1.6,7L12,17.3z\" \/>\n<\/svg>\n<\/span><\/span><span style=\"display: none;\" ><span>\n<svg xmlns=\"http:\/\/www.w3.org\/2000\/svg\" width=\"24\" height=\"24\" viewBox=\"0 0 24 24\">\n\t<path class=\"\" fill=\"currentColor\" stroke=\"currentColor\" d=\"M12,17.3l6.2,3.7l-1.6-7L22,9.2l-7.2-0.6L12,2L9.2,8.6L2,9.2L7.5,14l-1.6,7L12,17.3z\" \/>\n<\/svg>\n<\/span>\n<span>\n<svg xmlns=\"http:\/\/www.w3.org\/2000\/svg\" width=\"24\" height=\"24\" viewBox=\"0 0 24 24\">\n\t<path class=\"\" fill=\"currentColor\" stroke=\"currentColor\" d=\"M12,17.3l6.2,3.7l-1.6-7L22,9.2l-7.2-0.6L12,2L9.2,8.6L2,9.2L7.5,14l-1.6,7L12,17.3z\" \/>\n<\/svg>\n<\/span><\/span><span style=\"display: none;\" ><span>\n<svg xmlns=\"http:\/\/www.w3.org\/2000\/svg\" width=\"24\" height=\"24\" viewBox=\"0 0 24 24\">\n\t<path class=\"is-rating-unfilled\" fill=\"currentColor\" stroke=\"currentColor\" d=\"M12,17.3l6.2,3.7l-1.6-7L22,9.2l-7.2-0.6L12,2L9.2,8.6L2,9.2L7.5,14l-1.6,7L12,17.3z\" \/>\n<\/svg>\n<\/span>\n<span>\n<svg xmlns=\"http:\/\/www.w3.org\/2000\/svg\" width=\"24\" height=\"24\" viewBox=\"0 0 24 24\">\n\t<path class=\"is-rating-unfilled\" fill=\"currentColor\" stroke=\"currentColor\" d=\"M12,17.3l6.2,3.7l-1.6-7L22,9.2l-7.2-0.6L12,2L9.2,8.6L2,9.2L7.5,14l-1.6,7L12,17.3z\" \/>\n<\/svg>\n<\/span><\/span><span style=\"display: none;\" itemprop=\"bestRating\" content=\"5\"><span>\n<svg xmlns=\"http:\/\/www.w3.org\/2000\/svg\" width=\"24\" height=\"24\" viewBox=\"0 0 24 24\">\n\t<path class=\"is-rating-unfilled\" fill=\"currentColor\" stroke=\"currentColor\" d=\"M12,17.3l6.2,3.7l-1.6-7L22,9.2l-7.2-0.6L12,2L9.2,8.6L2,9.2L7.5,14l-1.6,7L12,17.3z\" \/>\n<\/svg>\n<\/span>\n<span>\n<svg xmlns=\"http:\/\/www.w3.org\/2000\/svg\" width=\"24\" height=\"24\" viewBox=\"0 0 24 24\">\n\t<path class=\"is-rating-unfilled\" fill=\"currentColor\" stroke=\"currentColor\" d=\"M12,17.3l6.2,3.7l-1.6-7L22,9.2l-7.2-0.6L12,2L9.2,8.6L2,9.2L7.5,14l-1.6,7L12,17.3z\" \/>\n<\/svg>\n<\/span><\/span><span itemprop=\"ratingValue\" class=\"screen-reader-text\" content=\"3\">Note\u00a0: 3\u00a0sur 5.<\/span><\/div>\n\n\n<p class=\"has-text-align-center wp-block-paragraph\"><em>Un grand merci aux <a href=\"https:\/\/www.instagram.com\/editionsdeslacs\/\">Editions des Lacs<\/a> et au concept des <a href=\"https:\/\/www.instagram.com\/thebooktrotteuses\/\">Booktrotteuses<\/a> pour cette lecture.<\/em><\/p>\n\n\n\n<h2 class=\"wp-block-heading\"><span style=\"color:#00d084\" class=\"tadv-color\">Mes challenges<\/span><\/h2>\n\n\n\n<p class=\"has-medium-font-size wp-block-paragraph\">Cette lecture m&rsquo;a permis de valider la cat\u00e9gorie 26 du nouveau <a href=\"https:\/\/www.facebook.com\/groups\/707636122759664\">challenge annuel.<\/a> <strong>Titre avec un adverbe de lieu.<\/strong><\/p>\n\n\n\n<p class=\"has-medium-font-size wp-block-paragraph\">Elle m&rsquo;a \u00e9galement permis de valider la cat\u00e9gorie du <a href=\"https:\/\/serialectrice.com\/index.php\/2022\/08\/29\/challenge-litteraire-septembre-2022\/\">challenge mensue<\/a>l. <strong>Lire un auteur europ\u00e9en non francophone.<\/strong><\/p>\n","protected":false},"excerpt":{"rendered":"<p>Une promenade le long des rues d&rsquo;un quartier hollandais. Un quartier \u00e9toil\u00e9.<\/p>\n","protected":false},"author":1,"featured_media":3616,"comment_status":"open","ping_status":"open","sticky":false,"template":"","format":"standard","meta":{"_crdt_document":"","om_disable_all_campaigns":false,"_uag_custom_page_level_css":"","_monsterinsights_skip_tracking":false,"_monsterinsights_sitenote_active":false,"_monsterinsights_sitenote_note":"","_monsterinsights_sitenote_category":0,"_uf_show_specific_survey":0,"_uf_disable_surveys":false,"_jetpack_memberships_contains_paid_content":false,"footnotes":"","jetpack_publicize_message":"Sous les ciels de Zeewijk de Marino Magliani.\n\nUne promenade le long des rues d'un quartier hollandais. Un quartier \u00e9toil\u00e9.","jetpack_publicize_feature_enabled":true,"jetpack_social_post_already_shared":true,"jetpack_social_options":{"image_generator_settings":{"template":"highway","default_image_id":0,"font":"","enabled":false},"version":2}},"categories":[6,14],"tags":[362,361],"class_list":["post-3613","post","type-post","status-publish","format-standard","has-post-thumbnail","hentry","category-livres-lus","category-service-presse","tag-hollande","tag-marino-magliani"],"aioseo_notices":[],"jetpack_publicize_connections":[],"jetpack_featured_media_url":"https:\/\/serialectrice.com\/wp-content\/uploads\/2022\/09\/Sans-titre505.png","uagb_featured_image_src":{"full":["https:\/\/serialectrice.com\/wp-content\/uploads\/2022\/09\/Sans-titre505.png",1716,993,false],"thumbnail":["https:\/\/serialectrice.com\/wp-content\/uploads\/2022\/09\/Sans-titre505-572x331.png",572,331,true],"medium":["https:\/\/serialectrice.com\/wp-content\/uploads\/2022\/09\/Sans-titre505-300x174.png",300,174,true],"medium_large":["https:\/\/serialectrice.com\/wp-content\/uploads\/2022\/09\/Sans-titre505-768x444.png",768,444,true],"large":["https:\/\/serialectrice.com\/wp-content\/uploads\/2022\/09\/Sans-titre505-1024x593.png",840,486,true],"post-slider-thumb-size":["https:\/\/serialectrice.com\/wp-content\/uploads\/2022\/09\/Sans-titre505.png",328,190,false],"post-category-slider-size":["https:\/\/serialectrice.com\/wp-content\/uploads\/2022\/09\/Sans-titre505.png",330,191,false],"1536x1536":["https:\/\/serialectrice.com\/wp-content\/uploads\/2022\/09\/Sans-titre505-1536x889.png",1536,889,true],"2048x2048":["https:\/\/serialectrice.com\/wp-content\/uploads\/2022\/09\/Sans-titre505.png",1716,993,false],"hello-fashion-slider":["https:\/\/serialectrice.com\/wp-content\/uploads\/2022\/09\/Sans-titre505.png",480,278,false],"hello-fashion-blog-three":["https:\/\/serialectrice.com\/wp-content\/uploads\/2022\/09\/Sans-titre505.png",420,243,false],"hello-fashion-blog-four":["https:\/\/serialectrice.com\/wp-content\/uploads\/2022\/09\/Sans-titre505.png",573,332,false],"vilva-slider-one":["https:\/\/serialectrice.com\/wp-content\/uploads\/2022\/09\/Sans-titre505.png",1037,600,false],"vilva-featured-four":["https:\/\/serialectrice.com\/wp-content\/uploads\/2022\/09\/Sans-titre505.png",800,463,false],"vilva-blog":["https:\/\/serialectrice.com\/wp-content\/uploads\/2022\/09\/Sans-titre505.png",420,243,false],"vilva-blog-one":["https:\/\/serialectrice.com\/wp-content\/uploads\/2022\/09\/Sans-titre505.png",864,500,false],"vilva-sidebar":["https:\/\/serialectrice.com\/wp-content\/uploads\/2022\/09\/Sans-titre505.png",817,473,false]},"uagb_author_info":{"display_name":"SeriaLectrice","author_link":"https:\/\/serialectrice.com\/index.php\/author\/cilounegmail-com\/"},"uagb_comment_info":1,"uagb_excerpt":"Une promenade le long des rues d'un quartier hollandais. Un quartier \u00e9toil\u00e9.","jetpack_sharing_enabled":true,"jetpack_likes_enabled":true,"_links":{"self":[{"href":"https:\/\/serialectrice.com\/index.php\/wp-json\/wp\/v2\/posts\/3613","targetHints":{"allow":["GET"]}}],"collection":[{"href":"https:\/\/serialectrice.com\/index.php\/wp-json\/wp\/v2\/posts"}],"about":[{"href":"https:\/\/serialectrice.com\/index.php\/wp-json\/wp\/v2\/types\/post"}],"author":[{"embeddable":true,"href":"https:\/\/serialectrice.com\/index.php\/wp-json\/wp\/v2\/users\/1"}],"replies":[{"embeddable":true,"href":"https:\/\/serialectrice.com\/index.php\/wp-json\/wp\/v2\/comments?post=3613"}],"version-history":[{"count":0,"href":"https:\/\/serialectrice.com\/index.php\/wp-json\/wp\/v2\/posts\/3613\/revisions"}],"wp:featuredmedia":[{"embeddable":true,"href":"https:\/\/serialectrice.com\/index.php\/wp-json\/wp\/v2\/media\/3616"}],"wp:attachment":[{"href":"https:\/\/serialectrice.com\/index.php\/wp-json\/wp\/v2\/media?parent=3613"}],"wp:term":[{"taxonomy":"category","embeddable":true,"href":"https:\/\/serialectrice.com\/index.php\/wp-json\/wp\/v2\/categories?post=3613"},{"taxonomy":"post_tag","embeddable":true,"href":"https:\/\/serialectrice.com\/index.php\/wp-json\/wp\/v2\/tags?post=3613"}],"curies":[{"name":"wp","href":"https:\/\/api.w.org\/{rel}","templated":true}]}}