{"id":3553,"date":"2022-08-31T17:00:00","date_gmt":"2022-08-31T15:00:00","guid":{"rendered":"https:\/\/serialectrice.com\/?p=3553"},"modified":"2022-08-28T16:35:16","modified_gmt":"2022-08-28T14:35:16","slug":"5-livres-sur-l-ecole","status":"publish","type":"post","link":"https:\/\/serialectrice.com\/index.php\/2022\/08\/31\/5-livres-sur-l-ecole\/","title":{"rendered":"5 livres sur le th\u00e8me de l&rsquo;\u00e9cole"},"content":{"rendered":"\n<p class=\"wp-block-paragraph\">Quel meilleur moment pour vous proposer 5 livres sur le <strong>th\u00e8me de l&rsquo;\u00e9cole que le mois de septembre<\/strong>, mois de rentr\u00e9e des classes ? J&rsquo;avais quelques titres en t\u00eate mais pas suffisamment. J&rsquo;ai alors demand\u00e9 \u00e0 mes abonn\u00e9s<a href=\"https:\/\/www.instagram.com\/serialectrice_\/\"> Instagram<\/a> de me donner leurs titres. <strong>N\u00e9 sous une bonne \u00e9toile <\/strong>est<strong> LE<\/strong> titre qui est revenu le plus souvent.<\/p>\n\n\n\n<h2 class=\"wp-block-heading\">1. Chagrin d&rsquo;\u00e9cole<\/h2>\n\n\n\n<div class=\"wp-block-media-text alignwide is-stacked-on-mobile\" style=\"grid-template-columns:15% auto\"><figure class=\"wp-block-media-text__media\"><img loading=\"lazy\" decoding=\"async\" width=\"622\" height=\"1024\" src=\"https:\/\/serialectrice.com\/wp-content\/uploads\/2022\/08\/chagrin-decole-622x1024.jpg\" alt=\"\" class=\"wp-image-3537 size-full\" srcset=\"https:\/\/serialectrice.com\/wp-content\/uploads\/2022\/08\/chagrin-decole-622x1024.jpg 622w, https:\/\/serialectrice.com\/wp-content\/uploads\/2022\/08\/chagrin-decole-182x300.jpg 182w, https:\/\/serialectrice.com\/wp-content\/uploads\/2022\/08\/chagrin-decole-91x150.jpg 91w, https:\/\/serialectrice.com\/wp-content\/uploads\/2022\/08\/chagrin-decole-768x1265.jpg 768w, https:\/\/serialectrice.com\/wp-content\/uploads\/2022\/08\/chagrin-decole-932x1536.jpg 932w, https:\/\/serialectrice.com\/wp-content\/uploads\/2022\/08\/chagrin-decole-1243x2048.jpg 1243w, https:\/\/serialectrice.com\/wp-content\/uploads\/2022\/08\/chagrin-decole.jpg 1276w\" sizes=\"auto, (max-width: 622px) 100vw, 622px\" \/><\/figure><div class=\"wp-block-media-text__content\">\n<p class=\"wp-block-paragraph\">Chagrin d&rsquo;\u00e9cole est un <strong>essai autobiographique<\/strong> \u00e9crit par <a href=\"https:\/\/serialectrice.com\/index.php\/2022\/08\/23\/comme-un-roman\/\">Daniel Pennac<\/a>. Il aborde l&rsquo;\u00e9cole du point de vue du mauvais \u00e9l\u00e8ve. Entre souvenirs personnels, r\u00e9flexions p\u00e9dagogiques sur le r\u00f4le de la famille et de la t\u00e9l\u00e9vision et le dysfonctionnement de l&rsquo;institution, l&rsquo;auteur propose <strong>un essai qui d\u00e9sacralise les bons \u00e9l\u00e8ves et redore l\u00e9g\u00e8rement le blason des cancres.<\/strong><\/p>\n<\/div><\/div>\n\n\n\n<h2 class=\"wp-block-heading\">2. N\u00e9 sous une bonne \u00e9toile<\/h2>\n\n\n\n<div class=\"wp-block-media-text alignwide is-stacked-on-mobile\" style=\"grid-template-columns:15% auto\"><figure class=\"wp-block-media-text__media\"><img loading=\"lazy\" decoding=\"async\" width=\"269\" height=\"435\" src=\"https:\/\/serialectrice.com\/wp-content\/uploads\/2022\/08\/ne-sous-une-bonne-etoile.jpeg\" alt=\"\" class=\"wp-image-3554 size-full\" srcset=\"https:\/\/serialectrice.com\/wp-content\/uploads\/2022\/08\/ne-sous-une-bonne-etoile.jpeg 269w, https:\/\/serialectrice.com\/wp-content\/uploads\/2022\/08\/ne-sous-une-bonne-etoile-186x300.jpeg 186w, https:\/\/serialectrice.com\/wp-content\/uploads\/2022\/08\/ne-sous-une-bonne-etoile-93x150.jpeg 93w\" sizes=\"auto, (max-width: 269px) 100vw, 269px\" \/><\/figure><div class=\"wp-block-media-text__content\">\n<p class=\"wp-block-paragraph\">N\u00e9 sous une bonne \u00e9toile d&rsquo;Aur\u00e9lie Valogne est \u00e9galement un livre qui <strong>met en avant les \u00e9l\u00e8ves en difficult\u00e9.<\/strong> Gustave fait tout ce qu&rsquo;il peut pour rapporter des bonnes notes, mais ce sont surtout les convocations du directeur qu&rsquo;il r\u00e9colte. <strong>Sans cesse d\u00e9valoris\u00e9, rabaiss\u00e9, on le met de c\u00f4t\u00e9<\/strong> <strong>car il sort du moule dans lequel le syst\u00e8me voudrait le forger. <\/strong><\/p>\n<\/div><\/div>\n\n\n\n<h2 class=\"wp-block-heading\">3. Le petit Nicolas<\/h2>\n\n\n\n<div class=\"wp-block-media-text alignwide is-stacked-on-mobile\" style=\"grid-template-columns:15% auto\"><figure class=\"wp-block-media-text__media\"><img loading=\"lazy\" decoding=\"async\" width=\"353\" height=\"500\" src=\"https:\/\/serialectrice.com\/wp-content\/uploads\/2022\/08\/le-petit-nicolas.jpg\" alt=\"\" class=\"wp-image-3555 size-full\" srcset=\"https:\/\/serialectrice.com\/wp-content\/uploads\/2022\/08\/le-petit-nicolas.jpg 353w, https:\/\/serialectrice.com\/wp-content\/uploads\/2022\/08\/le-petit-nicolas-212x300.jpg 212w, https:\/\/serialectrice.com\/wp-content\/uploads\/2022\/08\/le-petit-nicolas-106x150.jpg 106w\" sizes=\"auto, (max-width: 353px) 100vw, 353px\" \/><\/figure><div class=\"wp-block-media-text__content\">\n<p class=\"wp-block-paragraph\">Je ne pouvais pas vous parler d&rsquo;\u00e9cole sans \u00e9voquer Le petit Nicolas de Semp\u00e9 et Goscinny. <strong>El\u00e8ve moyen, un peu perturbateur, Nicolas va en voir de toutes les couleurs \u00e0 sa ma\u00eetresse qu&rsquo;il adore pourtant.<\/strong> Sous forme de feuilletons et avec une \u00e9criture enfantine, les auteurs nous font plonger en plein coeur de l&rsquo;enfance.<\/p>\n<\/div><\/div>\n\n\n\n<h2 class=\"wp-block-heading\">4. Entre les murs<\/h2>\n\n\n\n<div class=\"wp-block-media-text alignwide is-stacked-on-mobile\" style=\"grid-template-columns:15% auto\"><figure class=\"wp-block-media-text__media\"><img loading=\"lazy\" decoding=\"async\" width=\"699\" height=\"1024\" src=\"https:\/\/serialectrice.com\/wp-content\/uploads\/2022\/08\/entre-les-murs-699x1024.jpg\" alt=\"\" class=\"wp-image-3556 size-full\" srcset=\"https:\/\/serialectrice.com\/wp-content\/uploads\/2022\/08\/entre-les-murs-699x1024.jpg 699w, https:\/\/serialectrice.com\/wp-content\/uploads\/2022\/08\/entre-les-murs-205x300.jpg 205w, https:\/\/serialectrice.com\/wp-content\/uploads\/2022\/08\/entre-les-murs-102x150.jpg 102w, https:\/\/serialectrice.com\/wp-content\/uploads\/2022\/08\/entre-les-murs-768x1125.jpg 768w, https:\/\/serialectrice.com\/wp-content\/uploads\/2022\/08\/entre-les-murs.jpg 827w\" sizes=\"auto, (max-width: 699px) 100vw, 699px\" \/><\/figure><div class=\"wp-block-media-text__content\">\n<p class=\"wp-block-paragraph\">Entre les murs de Fran\u00e7ois B\u00e9gaudeau est <strong>un roman quasi autobiographique. <\/strong>Se d\u00e9roulant dans un coll\u00e8ge r\u00e9put\u00e9 difficile, il relate l&rsquo;histoire d&rsquo;<strong>une prof de fran\u00e7ais qui essaie tant bien que mal d&rsquo;enseigner \u00e0 ses \u00e9l\u00e8ves de diff\u00e9rentes origines un fran\u00e7ais et une culture diff\u00e9rente de la leur.<\/strong> Le film \u00e9ponyme a \u00e9t\u00e9 laur\u00e9at de la palme d&rsquo;or du Festival de Cannes.<\/p>\n<\/div><\/div>\n\n\n\n<h2 class=\"wp-block-heading\">5. Merci ma\u00eetresse<\/h2>\n\n\n\n<div class=\"wp-block-media-text alignwide is-stacked-on-mobile\" style=\"grid-template-columns:15% auto\"><figure class=\"wp-block-media-text__media\"><img loading=\"lazy\" decoding=\"async\" width=\"329\" height=\"499\" src=\"https:\/\/serialectrice.com\/wp-content\/uploads\/2022\/08\/merci-maitresse.jpg\" alt=\"\" class=\"wp-image-3557 size-full\" srcset=\"https:\/\/serialectrice.com\/wp-content\/uploads\/2022\/08\/merci-maitresse.jpg 329w, https:\/\/serialectrice.com\/wp-content\/uploads\/2022\/08\/merci-maitresse-198x300.jpg 198w, https:\/\/serialectrice.com\/wp-content\/uploads\/2022\/08\/merci-maitresse-99x150.jpg 99w\" sizes=\"auto, (max-width: 329px) 100vw, 329px\" \/><\/figure><div class=\"wp-block-media-text__content\">\n<p class=\"wp-block-paragraph\">Anouk F est professeur des \u00e9coles dans une \u00e9cole \u00e9l\u00e9mentaire situ\u00e9 en REP (R\u00e9seau d&rsquo;Education Prioritaire). Dans son recueil Merci ma\u00eetresse, <strong>Anouk nous fait part des nombreuses anecdotes qu&rsquo;elle a pu noter au fil de sa carri\u00e8re.<\/strong> Etre ma\u00eetresse ce n&rsquo;est pas seulement enseigner, c&rsquo;est aussi \u00eatre au coeur des probl\u00e8mes de ses \u00e9l\u00e8ves. <strong>Une lecture agr\u00e9able, dr\u00f4le et \u00e9mouvante.<\/strong><\/p>\n<\/div><\/div>\n\n\n\n<h2 class=\"has-text-align-center wp-block-heading\"><em>Et toi, quel livre sur le th\u00e8me de l&rsquo;\u00e9cole me conseilles-tu ?<\/em><\/h2>\n","protected":false},"excerpt":{"rendered":"<p>Retrouvez une s\u00e9lection de cinq livres sur le th\u00e8me de l&rsquo;\u00e9cole.<\/p>\n","protected":false},"author":1,"featured_media":3560,"comment_status":"open","ping_status":"open","sticky":false,"template":"","format":"standard","meta":{"_crdt_document":"","om_disable_all_campaigns":false,"_uag_custom_page_level_css":"","_monsterinsights_skip_tracking":false,"_monsterinsights_sitenote_active":false,"_monsterinsights_sitenote_note":"","_monsterinsights_sitenote_category":0,"_uf_show_specific_survey":0,"_uf_disable_surveys":false,"_jetpack_memberships_contains_paid_content":false,"footnotes":"","jetpack_publicize_message":"Retrouvez une s\u00e9lection de cinq livres sur le th\u00e8me de l'\u00e9cole.","jetpack_publicize_feature_enabled":true,"jetpack_social_post_already_shared":true,"jetpack_social_options":{"image_generator_settings":{"template":"highway","default_image_id":0,"font":"","enabled":false},"version":2}},"categories":[282],"tags":[353,327],"class_list":["post-3553","post","type-post","status-publish","format-standard","has-post-thumbnail","hentry","category-idee-lecture","tag-ecole","tag-enfance"],"aioseo_notices":[],"jetpack_publicize_connections":[],"jetpack_featured_media_url":"https:\/\/serialectrice.com\/wp-content\/uploads\/2022\/08\/5-livres-sur-le-theme-de-lecole-572-\u00d7-331-px-1.png","uagb_featured_image_src":{"full":["https:\/\/serialectrice.com\/wp-content\/uploads\/2022\/08\/5-livres-sur-le-theme-de-lecole-572-\u00d7-331-px-1.png",1716,993,false],"thumbnail":["https:\/\/serialectrice.com\/wp-content\/uploads\/2022\/08\/5-livres-sur-le-theme-de-lecole-572-\u00d7-331-px-1-572x331.png",572,331,true],"medium":["https:\/\/serialectrice.com\/wp-content\/uploads\/2022\/08\/5-livres-sur-le-theme-de-lecole-572-\u00d7-331-px-1-300x174.png",300,174,true],"medium_large":["https:\/\/serialectrice.com\/wp-content\/uploads\/2022\/08\/5-livres-sur-le-theme-de-lecole-572-\u00d7-331-px-1-768x444.png",768,444,true],"large":["https:\/\/serialectrice.com\/wp-content\/uploads\/2022\/08\/5-livres-sur-le-theme-de-lecole-572-\u00d7-331-px-1-1024x593.png",840,486,true],"post-slider-thumb-size":["https:\/\/serialectrice.com\/wp-content\/uploads\/2022\/08\/5-livres-sur-le-theme-de-lecole-572-\u00d7-331-px-1.png",328,190,false],"post-category-slider-size":["https:\/\/serialectrice.com\/wp-content\/uploads\/2022\/08\/5-livres-sur-le-theme-de-lecole-572-\u00d7-331-px-1.png",330,191,false],"1536x1536":["https:\/\/serialectrice.com\/wp-content\/uploads\/2022\/08\/5-livres-sur-le-theme-de-lecole-572-\u00d7-331-px-1-1536x889.png",1536,889,true],"2048x2048":["https:\/\/serialectrice.com\/wp-content\/uploads\/2022\/08\/5-livres-sur-le-theme-de-lecole-572-\u00d7-331-px-1.png",1716,993,false],"hello-fashion-slider":["https:\/\/serialectrice.com\/wp-content\/uploads\/2022\/08\/5-livres-sur-le-theme-de-lecole-572-\u00d7-331-px-1.png",480,278,false],"hello-fashion-blog-three":["https:\/\/serialectrice.com\/wp-content\/uploads\/2022\/08\/5-livres-sur-le-theme-de-lecole-572-\u00d7-331-px-1.png",420,243,false],"hello-fashion-blog-four":["https:\/\/serialectrice.com\/wp-content\/uploads\/2022\/08\/5-livres-sur-le-theme-de-lecole-572-\u00d7-331-px-1.png",573,332,false],"vilva-slider-one":["https:\/\/serialectrice.com\/wp-content\/uploads\/2022\/08\/5-livres-sur-le-theme-de-lecole-572-\u00d7-331-px-1.png",1037,600,false],"vilva-featured-four":["https:\/\/serialectrice.com\/wp-content\/uploads\/2022\/08\/5-livres-sur-le-theme-de-lecole-572-\u00d7-331-px-1.png",800,463,false],"vilva-blog":["https:\/\/serialectrice.com\/wp-content\/uploads\/2022\/08\/5-livres-sur-le-theme-de-lecole-572-\u00d7-331-px-1.png",420,243,false],"vilva-blog-one":["https:\/\/serialectrice.com\/wp-content\/uploads\/2022\/08\/5-livres-sur-le-theme-de-lecole-572-\u00d7-331-px-1.png",864,500,false],"vilva-sidebar":["https:\/\/serialectrice.com\/wp-content\/uploads\/2022\/08\/5-livres-sur-le-theme-de-lecole-572-\u00d7-331-px-1.png",817,473,false]},"uagb_author_info":{"display_name":"SeriaLectrice","author_link":"https:\/\/serialectrice.com\/index.php\/author\/cilounegmail-com\/"},"uagb_comment_info":1,"uagb_excerpt":"Retrouvez une s\u00e9lection de cinq livres sur le th\u00e8me de l'\u00e9cole.","jetpack_sharing_enabled":true,"jetpack_likes_enabled":true,"_links":{"self":[{"href":"https:\/\/serialectrice.com\/index.php\/wp-json\/wp\/v2\/posts\/3553","targetHints":{"allow":["GET"]}}],"collection":[{"href":"https:\/\/serialectrice.com\/index.php\/wp-json\/wp\/v2\/posts"}],"about":[{"href":"https:\/\/serialectrice.com\/index.php\/wp-json\/wp\/v2\/types\/post"}],"author":[{"embeddable":true,"href":"https:\/\/serialectrice.com\/index.php\/wp-json\/wp\/v2\/users\/1"}],"replies":[{"embeddable":true,"href":"https:\/\/serialectrice.com\/index.php\/wp-json\/wp\/v2\/comments?post=3553"}],"version-history":[{"count":0,"href":"https:\/\/serialectrice.com\/index.php\/wp-json\/wp\/v2\/posts\/3553\/revisions"}],"wp:featuredmedia":[{"embeddable":true,"href":"https:\/\/serialectrice.com\/index.php\/wp-json\/wp\/v2\/media\/3560"}],"wp:attachment":[{"href":"https:\/\/serialectrice.com\/index.php\/wp-json\/wp\/v2\/media?parent=3553"}],"wp:term":[{"taxonomy":"category","embeddable":true,"href":"https:\/\/serialectrice.com\/index.php\/wp-json\/wp\/v2\/categories?post=3553"},{"taxonomy":"post_tag","embeddable":true,"href":"https:\/\/serialectrice.com\/index.php\/wp-json\/wp\/v2\/tags?post=3553"}],"curies":[{"name":"wp","href":"https:\/\/api.w.org\/{rel}","templated":true}]}}