{"id":3528,"date":"2022-08-29T17:00:00","date_gmt":"2022-08-29T15:00:00","guid":{"rendered":"https:\/\/serialectrice.com\/?p=3528"},"modified":"2022-08-26T16:26:40","modified_gmt":"2022-08-26T14:26:40","slug":"challenge-litteraire-septembre-2022","status":"publish","type":"post","link":"https:\/\/serialectrice.com\/index.php\/2022\/08\/29\/challenge-litteraire-septembre-2022\/","title":{"rendered":"Challenge Litt\u00e9raire Septembre 2022"},"content":{"rendered":"<div class=\"wp-block-image\">\n<figure class=\"aligncenter size-large\"><img loading=\"lazy\" decoding=\"async\" width=\"1024\" height=\"269\" src=\"https:\/\/serialectrice.com\/wp-content\/uploads\/2022\/08\/Challenge-Litteraire-Septembre-572-\u00d7-331-px-1140-\u00d7-300-px1-1024x269.png\" alt=\"\" class=\"wp-image-3546\" srcset=\"https:\/\/serialectrice.com\/wp-content\/uploads\/2022\/08\/Challenge-Litteraire-Septembre-572-\u00d7-331-px-1140-\u00d7-300-px1-1024x269.png 1024w, https:\/\/serialectrice.com\/wp-content\/uploads\/2022\/08\/Challenge-Litteraire-Septembre-572-\u00d7-331-px-1140-\u00d7-300-px1-300x79.png 300w, https:\/\/serialectrice.com\/wp-content\/uploads\/2022\/08\/Challenge-Litteraire-Septembre-572-\u00d7-331-px-1140-\u00d7-300-px1-150x39.png 150w, https:\/\/serialectrice.com\/wp-content\/uploads\/2022\/08\/Challenge-Litteraire-Septembre-572-\u00d7-331-px-1140-\u00d7-300-px1-768x202.png 768w, https:\/\/serialectrice.com\/wp-content\/uploads\/2022\/08\/Challenge-Litteraire-Septembre-572-\u00d7-331-px-1140-\u00d7-300-px1-1536x404.png 1536w, https:\/\/serialectrice.com\/wp-content\/uploads\/2022\/08\/Challenge-Litteraire-Septembre-572-\u00d7-331-px-1140-\u00d7-300-px1-2048x539.png 2048w\" sizes=\"auto, (max-width: 1024px) 100vw, 1024px\" \/><\/figure>\n<\/div>\n\n\n<p class=\"has-medium-font-size wp-block-paragraph\"><strong>Le mois d&rsquo;ao\u00fbt nous tire sa r\u00e9v\u00e9rence et septembre s&rsquo;approche \u00e0 grand pas<\/strong>. Il est donc grand temps de d\u00e9couvrir le nouveau challenge litt\u00e9raire mensuel. Comment s&rsquo;est pass\u00e9 celui du mois d&rsquo;ao\u00fbt ? Vous avez r\u00e9ussi \u00e0 valider beaucoup de cat\u00e9gories ?<\/p>\n\n\n\n<p class=\"has-medium-font-size wp-block-paragraph\">Les r\u00e8gles sont toujours les m\u00eames : <\/p>\n\n\n\n<ul class=\"has-medium-font-size wp-block-list\"><li>lire le livre entre le <strong>1er et le 30 septembre<\/strong><\/li><li>un livre peut valider jusqu\u2019\u00e0 <strong>2 cat\u00e9gories<\/strong><\/li><li>les BD et Mangas sont accept\u00e9s<\/li><li>On se fait <strong>plaisir<\/strong> !<\/li><\/ul>\n\n\n\n<p class=\"wp-block-paragraph\">Il est publi\u00e9 sur la page des <a href=\"https:\/\/booknode.com\/challenges\">Challenges de Booknode<\/a> et sur<em><a href=\"https:\/\/www.instagram.com\/serialectrice_\/\"> <\/a><\/em><a href=\"https:\/\/www.instagram.com\/serialectrice_\/\">mon compte instagram <\/a>(vous pouvez utiliser les templates mis \u00e0 disposition en story \u00e0 la une).<\/p>\n\n\n\n<h2 class=\"wp-block-heading\">Auteur dont le nom et le pr\u00e9nom font 9 lettres chacun<\/h2>\n\n\n\n<div class=\"wp-block-media-text alignwide is-stacked-on-mobile\" style=\"grid-template-columns:15% auto\"><figure class=\"wp-block-media-text__media\"><img loading=\"lazy\" decoding=\"async\" width=\"600\" height=\"984\" src=\"https:\/\/serialectrice.com\/wp-content\/uploads\/2022\/08\/les-pantoufles.jpg\" alt=\"\" class=\"wp-image-3535 size-full\" srcset=\"https:\/\/serialectrice.com\/wp-content\/uploads\/2022\/08\/les-pantoufles.jpg 600w, https:\/\/serialectrice.com\/wp-content\/uploads\/2022\/08\/les-pantoufles-183x300.jpg 183w, https:\/\/serialectrice.com\/wp-content\/uploads\/2022\/08\/les-pantoufles-91x150.jpg 91w\" sizes=\"auto, (max-width: 600px) 100vw, 600px\" \/><\/figure><div class=\"wp-block-media-text__content\">\n<p class=\"has-medium-font-size wp-block-paragraph\">Le mois de septembre est le neuvi\u00e8me mois de l&rsquo;ann\u00e9e et contient 9 lettres. Nous chercherons donc un auteur dont <strong>le nom et le pr\u00e9nom sont constitu\u00e9s chacun de 9 lettres<\/strong>. Je lirai les pantoufles qui me permettra de lire le plus petit livre de ma PAL pour le Quinetapalenduel de <a href=\"https:\/\/www.instagram.com\/une.page.de.plus\/\">C\u00e9cilia sur Bookstagram<\/a>.<\/p>\n<\/div><\/div>\n\n\n\n<h2 class=\"wp-block-heading\">Auteur europ\u00e9en non francophone<\/h2>\n\n\n\n<div class=\"wp-block-media-text alignwide is-stacked-on-mobile\" style=\"grid-template-columns:15% auto\"><figure class=\"wp-block-media-text__media\"><img loading=\"lazy\" decoding=\"async\" width=\"400\" height=\"655\" src=\"https:\/\/serialectrice.com\/wp-content\/uploads\/2022\/08\/La-villa-aux-etoffes.jpg\" alt=\"\" class=\"wp-image-3536 size-full\" srcset=\"https:\/\/serialectrice.com\/wp-content\/uploads\/2022\/08\/La-villa-aux-etoffes.jpg 400w, https:\/\/serialectrice.com\/wp-content\/uploads\/2022\/08\/La-villa-aux-etoffes-183x300.jpg 183w, https:\/\/serialectrice.com\/wp-content\/uploads\/2022\/08\/La-villa-aux-etoffes-92x150.jpg 92w\" sizes=\"auto, (max-width: 400px) 100vw, 400px\" \/><\/figure><div class=\"wp-block-media-text__content\">\n<p class=\"has-medium-font-size wp-block-paragraph\">Le week-end du 17-18 septembre auront lieu les<strong> Journ\u00e9es europ\u00e9ennes du Patrimoine.<\/strong> Le 26 septembre aura \u00e9galement lieu la <strong>journ\u00e9e europ\u00e9enne des langues.<\/strong> L&rsquo;Europe est donc \u00e0 l&rsquo;honneur durant le mois de septembre. C&rsquo;est la raison pour laquelle nous lirons un <strong>auteur europ\u00e9en non francophone.<\/strong> Je lirai La villa aux \u00e9toffes de Anne Jacobs qui est allemande.<\/p>\n<\/div><\/div>\n\n\n\n<h2 class=\"wp-block-heading\">Titre avec le mot \u00ab\u00a0\u00e9cole\u00a0\u00bb<\/h2>\n\n\n\n<div class=\"wp-block-media-text alignwide is-stacked-on-mobile\" style=\"grid-template-columns:15% auto\"><figure class=\"wp-block-media-text__media\"><img loading=\"lazy\" decoding=\"async\" width=\"622\" height=\"1024\" src=\"https:\/\/serialectrice.com\/wp-content\/uploads\/2022\/08\/chagrin-decole-622x1024.jpg\" alt=\"\" class=\"wp-image-3537 size-full\" srcset=\"https:\/\/serialectrice.com\/wp-content\/uploads\/2022\/08\/chagrin-decole-622x1024.jpg 622w, https:\/\/serialectrice.com\/wp-content\/uploads\/2022\/08\/chagrin-decole-182x300.jpg 182w, https:\/\/serialectrice.com\/wp-content\/uploads\/2022\/08\/chagrin-decole-91x150.jpg 91w, https:\/\/serialectrice.com\/wp-content\/uploads\/2022\/08\/chagrin-decole-768x1265.jpg 768w, https:\/\/serialectrice.com\/wp-content\/uploads\/2022\/08\/chagrin-decole-932x1536.jpg 932w, https:\/\/serialectrice.com\/wp-content\/uploads\/2022\/08\/chagrin-decole-1243x2048.jpg 1243w, https:\/\/serialectrice.com\/wp-content\/uploads\/2022\/08\/chagrin-decole.jpg 1276w\" sizes=\"auto, (max-width: 622px) 100vw, 622px\" \/><\/figure><div class=\"wp-block-media-text__content\">\n<p class=\"has-medium-font-size wp-block-paragraph\">Qui dit septembre dit <strong>rentr\u00e9e des classes. <\/strong>Nous chercherons donc un titre dans lequel il y a le mot \u00e9cole. Je pense lire Chagrin d&rsquo;\u00e9cole de Daniel Pennac pour l&rsquo;occasion. Je suis curieuse de voir s&rsquo;il fait \u00e9cho \u00e0 <a href=\"https:\/\/serialectrice.com\/index.php\/2022\/08\/23\/comme-un-roman\/\">Comme un roman<\/a> que j&rsquo;ai lu r\u00e9cemment.<\/p>\n<\/div><\/div>\n\n\n\n<h2 class=\"wp-block-heading\">Titre qui commence par la lettre S et se termine par la lettre E<\/h2>\n\n\n\n<div class=\"wp-block-media-text alignwide is-stacked-on-mobile\" style=\"grid-template-columns:15% auto\"><figure class=\"wp-block-media-text__media\"><img loading=\"lazy\" decoding=\"async\" width=\"400\" height=\"649\" src=\"https:\/\/serialectrice.com\/wp-content\/uploads\/2022\/08\/Sur-les-ailes-de-la-chance.jpg\" alt=\"\" class=\"wp-image-3538 size-full\" srcset=\"https:\/\/serialectrice.com\/wp-content\/uploads\/2022\/08\/Sur-les-ailes-de-la-chance.jpg 400w, https:\/\/serialectrice.com\/wp-content\/uploads\/2022\/08\/Sur-les-ailes-de-la-chance-185x300.jpg 185w, https:\/\/serialectrice.com\/wp-content\/uploads\/2022\/08\/Sur-les-ailes-de-la-chance-92x150.jpg 92w\" sizes=\"auto, (max-width: 400px) 100vw, 400px\" \/><\/figure><div class=\"wp-block-media-text__content\">\n<p class=\"has-medium-font-size wp-block-paragraph\">Nous lirons un livre qui commence par la lettre S et se termine par la lettre E comme le mois de SeptembrE. Je devais lire <strong>Sur les ailes de la chance<\/strong> en ao\u00fbt et c&rsquo;est finalement un autre roman qui aura pris sa place. Je retente ma chance en septembre.<\/p>\n<\/div><\/div>\n\n\n\n<h2 class=\"wp-block-heading\">Couverture avec un gratte-ciel ou immeuble<\/h2>\n\n\n\n<div class=\"wp-block-media-text alignwide is-stacked-on-mobile\" style=\"grid-template-columns:15% auto\"><figure class=\"wp-block-media-text__media\"><img loading=\"lazy\" decoding=\"async\" width=\"400\" height=\"647\" src=\"https:\/\/serialectrice.com\/wp-content\/uploads\/2022\/08\/En-attendant-le-jour.jpg\" alt=\"\" class=\"wp-image-3539 size-full\" srcset=\"https:\/\/serialectrice.com\/wp-content\/uploads\/2022\/08\/En-attendant-le-jour.jpg 400w, https:\/\/serialectrice.com\/wp-content\/uploads\/2022\/08\/En-attendant-le-jour-185x300.jpg 185w, https:\/\/serialectrice.com\/wp-content\/uploads\/2022\/08\/En-attendant-le-jour-93x150.jpg 93w\" sizes=\"auto, (max-width: 400px) 100vw, 400px\" \/><\/figure><div class=\"wp-block-media-text__content\">\n<p class=\"has-medium-font-size wp-block-paragraph\">Le 3 septembre a lieu<strong> la journ\u00e9e des gratte-ciel<\/strong>. Nous chercherons donc un livre sur lequel on peut voir un ou plusieurs gratte-ciel -ou immeuble- en couverture. Ca fait longtemps que je n&rsquo;ai pas lu un <strong>Michael Connelly<\/strong>, c&rsquo;est donc l&rsquo;occasion r\u00eav\u00e9e \ud83d\ude42<\/p>\n<\/div><\/div>\n\n\n\n<h2 class=\"wp-block-heading\">Couverture sur laquelle il y a un homme barbu<\/h2>\n\n\n\n<div class=\"wp-block-media-text alignwide is-stacked-on-mobile\" style=\"grid-template-columns:15% auto\"><figure class=\"wp-block-media-text__media\"><img loading=\"lazy\" decoding=\"async\" width=\"700\" height=\"1024\" src=\"https:\/\/serialectrice.com\/wp-content\/uploads\/2022\/08\/les-embrouillaminis-700x1024.jpg\" alt=\"\" class=\"wp-image-3540 size-full\" srcset=\"https:\/\/serialectrice.com\/wp-content\/uploads\/2022\/08\/les-embrouillaminis-700x1024.jpg 700w, https:\/\/serialectrice.com\/wp-content\/uploads\/2022\/08\/les-embrouillaminis-205x300.jpg 205w, https:\/\/serialectrice.com\/wp-content\/uploads\/2022\/08\/les-embrouillaminis-102x150.jpg 102w, https:\/\/serialectrice.com\/wp-content\/uploads\/2022\/08\/les-embrouillaminis-768x1124.jpg 768w, https:\/\/serialectrice.com\/wp-content\/uploads\/2022\/08\/les-embrouillaminis-1049x1536.jpg 1049w, https:\/\/serialectrice.com\/wp-content\/uploads\/2022\/08\/les-embrouillaminis-1399x2048.jpg 1399w, https:\/\/serialectrice.com\/wp-content\/uploads\/2022\/08\/les-embrouillaminis.jpg 1654w\" sizes=\"auto, (max-width: 700px) 100vw, 700px\" \/><\/figure><div class=\"wp-block-media-text__content\">\n<p class=\"has-medium-font-size wp-block-paragraph\">Le 4 septembre, c&rsquo;est au tour <strong>des hommes barbus<\/strong> d&rsquo;avoir leur journ\u00e9e. Nous lirons donc un livre sur lequel on retrouve un homme barbu en couverture. Cela fait aussi un moment que je n&rsquo;ai pas lu <a href=\"https:\/\/serialectrice.com\/index.php\/2020\/10\/07\/la-fractale-des-raviolis-de-pierre-raufast\/\">Pierre Raufast<\/a>, un auteur que j&rsquo;appr\u00e9cie particuli\u00e8rement. Je lirai son tout dernier,<strong> Les embrouillaminis.<\/strong><\/p>\n<\/div><\/div>\n\n\n\n<h2 class=\"wp-block-heading\">Quatri\u00e8me avec une mention \u00e9co-responsable<\/h2>\n\n\n\n<div class=\"wp-block-media-text alignwide is-stacked-on-mobile\" style=\"grid-template-columns:15% auto\"><figure class=\"wp-block-media-text__media\"><img loading=\"lazy\" decoding=\"async\" width=\"309\" height=\"499\" src=\"https:\/\/serialectrice.com\/wp-content\/uploads\/2022\/08\/ainsi-gelent-les-bulles-de-savon.jpg\" alt=\"\" class=\"wp-image-3541 size-full\" srcset=\"https:\/\/serialectrice.com\/wp-content\/uploads\/2022\/08\/ainsi-gelent-les-bulles-de-savon.jpg 309w, https:\/\/serialectrice.com\/wp-content\/uploads\/2022\/08\/ainsi-gelent-les-bulles-de-savon-186x300.jpg 186w, https:\/\/serialectrice.com\/wp-content\/uploads\/2022\/08\/ainsi-gelent-les-bulles-de-savon-93x150.jpg 93w\" sizes=\"auto, (max-width: 309px) 100vw, 309px\" \/><\/figure><div class=\"wp-block-media-text__content\">\n<p class=\"has-medium-font-size wp-block-paragraph\">En septembre, il y a de nombreuses journ\u00e9es d\u00e9di\u00e9es \u00e0 l&rsquo;environnement : <strong>Journ\u00e9e du ramassage des d\u00e9chets, Greenpeace Day, Journ\u00e9e de la protection de la couche d&rsquo;ozone, journ\u00e9e sans voiture ..<\/strong>. Nous lirons donc un livre qui d\u00e9fend un minima ces valeurs. Les mentions se trouvent en quatri\u00e8me, en tout d\u00e9but d&rsquo;ouvrage ou en fin d&rsquo;ouvrage. Je lirai un roman de <strong>Marie Vareille<\/strong> \u00e9dit\u00e9e chez les \u00e9ditions Charleston, dont tous les ouvrages sont eco-responsables.<\/p>\n<\/div><\/div>\n\n\n\n<h2 class=\"wp-block-heading\">Quatri\u00e8me avec un mot en lien avec le cin\u00e9ma<\/h2>\n\n\n\n<div class=\"wp-block-media-text alignwide is-stacked-on-mobile\" style=\"grid-template-columns:15% auto\"><figure class=\"wp-block-media-text__media\"><img loading=\"lazy\" decoding=\"async\" width=\"641\" height=\"1024\" src=\"https:\/\/serialectrice.com\/wp-content\/uploads\/2022\/08\/les-delices-de-tokyo-641x1024.jpg\" alt=\"\" class=\"wp-image-3542 size-full\" srcset=\"https:\/\/serialectrice.com\/wp-content\/uploads\/2022\/08\/les-delices-de-tokyo-641x1024.jpg 641w, https:\/\/serialectrice.com\/wp-content\/uploads\/2022\/08\/les-delices-de-tokyo-188x300.jpg 188w, https:\/\/serialectrice.com\/wp-content\/uploads\/2022\/08\/les-delices-de-tokyo-94x150.jpg 94w, https:\/\/serialectrice.com\/wp-content\/uploads\/2022\/08\/les-delices-de-tokyo-768x1227.jpg 768w, https:\/\/serialectrice.com\/wp-content\/uploads\/2022\/08\/les-delices-de-tokyo-961x1536.jpg 961w, https:\/\/serialectrice.com\/wp-content\/uploads\/2022\/08\/les-delices-de-tokyo.jpg 1000w\" sizes=\"auto, (max-width: 641px) 100vw, 641px\" \/><\/figure><div class=\"wp-block-media-text__content\">\n<p class=\"has-medium-font-size wp-block-paragraph\">Le dimanche 4 septembre se d\u00e9roulera le <strong>Festival du cin\u00e9ma am\u00e9ricain de Deauville.<\/strong> C&rsquo;est l&rsquo;occasion de chercher un livre dans lequel on retrouve un mot en lien avec <strong>le septi\u00e8me art<\/strong> sur la quatri\u00e8me de couverture. Les d\u00e9lices de Tokyo a \u00e9t\u00e9 adapt\u00e9 en film et sa quatri\u00e8me en fait mention.<\/p>\n<\/div><\/div>\n\n\n\n<h2 class=\"wp-block-heading\">Lire le dernier livre achet\u00e9<\/h2>\n\n\n\n<div class=\"wp-block-media-text alignwide is-stacked-on-mobile\" style=\"grid-template-columns:15% auto\"><figure class=\"wp-block-media-text__media\"><img loading=\"lazy\" decoding=\"async\" width=\"645\" height=\"1024\" src=\"https:\/\/serialectrice.com\/wp-content\/uploads\/2022\/08\/desenchantees-645x1024.jpg\" alt=\"\" class=\"wp-image-3543 size-full\" srcset=\"https:\/\/serialectrice.com\/wp-content\/uploads\/2022\/08\/desenchantees-645x1024.jpg 645w, https:\/\/serialectrice.com\/wp-content\/uploads\/2022\/08\/desenchantees-189x300.jpg 189w, https:\/\/serialectrice.com\/wp-content\/uploads\/2022\/08\/desenchantees-95x150.jpg 95w, https:\/\/serialectrice.com\/wp-content\/uploads\/2022\/08\/desenchantees-768x1218.jpg 768w, https:\/\/serialectrice.com\/wp-content\/uploads\/2022\/08\/desenchantees-968x1536.jpg 968w, https:\/\/serialectrice.com\/wp-content\/uploads\/2022\/08\/desenchantees-1291x2048.jpg 1291w, https:\/\/serialectrice.com\/wp-content\/uploads\/2022\/08\/desenchantees.jpg 1400w\" sizes=\"auto, (max-width: 645px) 100vw, 645px\" \/><\/figure><div class=\"wp-block-media-text__content\">\n<p class=\"has-medium-font-size wp-block-paragraph\">Le 7 septembre a lieu le <strong>Buy a Book Day<\/strong> (Journ\u00e9e \u00ab\u00a0achetez un livre\u00a0\u00bb). Nous lirons donc le tout dernier livre que nous avons achet\u00e9. <strong>D\u00e9senchant\u00e9es <\/strong>est le dernier livre que j&rsquo;ai achet\u00e9, \u00e7a fera donc un deuxi\u00e8me roman de Marie Vareille dont j&rsquo;avais ador\u00e9 <a href=\"https:\/\/serialectrice.com\/index.php\/2022\/02\/18\/la-vie-revee-des-chaussettes-orphelines\/\">La vie r\u00eav\u00e9e des chaussettes orphelines<\/a>.<\/p>\n<\/div><\/div>\n\n\n\n<h2 class=\"wp-block-heading\">Lire une BD<\/h2>\n\n\n\n<div class=\"wp-block-media-text alignwide is-stacked-on-mobile\" style=\"grid-template-columns:15% auto\"><figure class=\"wp-block-media-text__media\"><img loading=\"lazy\" decoding=\"async\" width=\"600\" height=\"800\" src=\"https:\/\/serialectrice.com\/wp-content\/uploads\/2022\/08\/la-moira.jpeg\" alt=\"\" class=\"wp-image-3544 size-full\" srcset=\"https:\/\/serialectrice.com\/wp-content\/uploads\/2022\/08\/la-moira.jpeg 600w, https:\/\/serialectrice.com\/wp-content\/uploads\/2022\/08\/la-moira-225x300.jpeg 225w, https:\/\/serialectrice.com\/wp-content\/uploads\/2022\/08\/la-moira-113x150.jpeg 113w\" sizes=\"auto, (max-width: 600px) 100vw, 600px\" \/><\/figure><div class=\"wp-block-media-text__content\">\n<p class=\"has-medium-font-size wp-block-paragraph\">Enfin, le 25 septembre a lieu<strong> la journ\u00e9e de la Bande Dessin\u00e9e<\/strong>. Nous lirons donc sp\u00e9cifiquement une BD ou un livre graphique. Moi qui n&rsquo;en lis que rarement vais en profiter pour lire le Tome 2 de <strong>La Mo\u00efra<\/strong>, adapt\u00e9 de la saga du m\u00eame nom de Henri Loevenbruck.<\/p>\n<\/div><\/div>\n\n\n\n<h2 class=\"has-text-align-center wp-block-heading\">Participerez-vous ? Que lirez-vous pour le mois de septembre ?<\/h2>\n","protected":false},"excerpt":{"rendered":"<p>Retrouvez les dix cat\u00e9gories du nouveau challenge mensuel. Quels livres lirez-vous ?<\/p>\n","protected":false},"author":1,"featured_media":3547,"comment_status":"open","ping_status":"open","sticky":false,"template":"","format":"standard","meta":{"_crdt_document":"","om_disable_all_campaigns":false,"_uag_custom_page_level_css":"","_monsterinsights_skip_tracking":false,"_monsterinsights_sitenote_active":false,"_monsterinsights_sitenote_note":"","_monsterinsights_sitenote_category":0,"_uf_show_specific_survey":0,"_uf_disable_surveys":false,"_jetpack_memberships_contains_paid_content":false,"footnotes":"","jetpack_publicize_message":"Challenge litt\u00e9raire Septembre 2022. \n\nRetrouvez les dix cat\u00e9gories du nouveau challenge mensuel. Quels livres lirez-vous ?","jetpack_publicize_feature_enabled":true,"jetpack_social_post_already_shared":true,"jetpack_social_options":{"image_generator_settings":{"template":"highway","default_image_id":0,"font":"","enabled":false},"version":2}},"categories":[4],"tags":[267],"class_list":["post-3528","post","type-post","status-publish","format-standard","has-post-thumbnail","hentry","category-challenge","tag-challenge-mensuel"],"aioseo_notices":[],"jetpack_publicize_connections":[],"jetpack_featured_media_url":"https:\/\/serialectrice.com\/wp-content\/uploads\/2022\/08\/Challenge-Litteraire-Septembre-572-\u00d7-331-px.png","uagb_featured_image_src":{"full":["https:\/\/serialectrice.com\/wp-content\/uploads\/2022\/08\/Challenge-Litteraire-Septembre-572-\u00d7-331-px.png",1716,993,false],"thumbnail":["https:\/\/serialectrice.com\/wp-content\/uploads\/2022\/08\/Challenge-Litteraire-Septembre-572-\u00d7-331-px-572x331.png",572,331,true],"medium":["https:\/\/serialectrice.com\/wp-content\/uploads\/2022\/08\/Challenge-Litteraire-Septembre-572-\u00d7-331-px-300x174.png",300,174,true],"medium_large":["https:\/\/serialectrice.com\/wp-content\/uploads\/2022\/08\/Challenge-Litteraire-Septembre-572-\u00d7-331-px-768x444.png",768,444,true],"large":["https:\/\/serialectrice.com\/wp-content\/uploads\/2022\/08\/Challenge-Litteraire-Septembre-572-\u00d7-331-px-1024x593.png",840,486,true],"post-slider-thumb-size":["https:\/\/serialectrice.com\/wp-content\/uploads\/2022\/08\/Challenge-Litteraire-Septembre-572-\u00d7-331-px.png",328,190,false],"post-category-slider-size":["https:\/\/serialectrice.com\/wp-content\/uploads\/2022\/08\/Challenge-Litteraire-Septembre-572-\u00d7-331-px.png",330,191,false],"1536x1536":["https:\/\/serialectrice.com\/wp-content\/uploads\/2022\/08\/Challenge-Litteraire-Septembre-572-\u00d7-331-px-1536x889.png",1536,889,true],"2048x2048":["https:\/\/serialectrice.com\/wp-content\/uploads\/2022\/08\/Challenge-Litteraire-Septembre-572-\u00d7-331-px.png",1716,993,false],"hello-fashion-slider":["https:\/\/serialectrice.com\/wp-content\/uploads\/2022\/08\/Challenge-Litteraire-Septembre-572-\u00d7-331-px.png",480,278,false],"hello-fashion-blog-three":["https:\/\/serialectrice.com\/wp-content\/uploads\/2022\/08\/Challenge-Litteraire-Septembre-572-\u00d7-331-px.png",420,243,false],"hello-fashion-blog-four":["https:\/\/serialectrice.com\/wp-content\/uploads\/2022\/08\/Challenge-Litteraire-Septembre-572-\u00d7-331-px.png",573,332,false],"vilva-slider-one":["https:\/\/serialectrice.com\/wp-content\/uploads\/2022\/08\/Challenge-Litteraire-Septembre-572-\u00d7-331-px.png",1037,600,false],"vilva-featured-four":["https:\/\/serialectrice.com\/wp-content\/uploads\/2022\/08\/Challenge-Litteraire-Septembre-572-\u00d7-331-px.png",800,463,false],"vilva-blog":["https:\/\/serialectrice.com\/wp-content\/uploads\/2022\/08\/Challenge-Litteraire-Septembre-572-\u00d7-331-px.png",420,243,false],"vilva-blog-one":["https:\/\/serialectrice.com\/wp-content\/uploads\/2022\/08\/Challenge-Litteraire-Septembre-572-\u00d7-331-px.png",864,500,false],"vilva-sidebar":["https:\/\/serialectrice.com\/wp-content\/uploads\/2022\/08\/Challenge-Litteraire-Septembre-572-\u00d7-331-px.png",817,473,false]},"uagb_author_info":{"display_name":"SeriaLectrice","author_link":"https:\/\/serialectrice.com\/index.php\/author\/cilounegmail-com\/"},"uagb_comment_info":10,"uagb_excerpt":"Retrouvez les dix cat\u00e9gories du nouveau challenge mensuel. Quels livres lirez-vous ?","jetpack_sharing_enabled":true,"jetpack_likes_enabled":true,"_links":{"self":[{"href":"https:\/\/serialectrice.com\/index.php\/wp-json\/wp\/v2\/posts\/3528","targetHints":{"allow":["GET"]}}],"collection":[{"href":"https:\/\/serialectrice.com\/index.php\/wp-json\/wp\/v2\/posts"}],"about":[{"href":"https:\/\/serialectrice.com\/index.php\/wp-json\/wp\/v2\/types\/post"}],"author":[{"embeddable":true,"href":"https:\/\/serialectrice.com\/index.php\/wp-json\/wp\/v2\/users\/1"}],"replies":[{"embeddable":true,"href":"https:\/\/serialectrice.com\/index.php\/wp-json\/wp\/v2\/comments?post=3528"}],"version-history":[{"count":0,"href":"https:\/\/serialectrice.com\/index.php\/wp-json\/wp\/v2\/posts\/3528\/revisions"}],"wp:featuredmedia":[{"embeddable":true,"href":"https:\/\/serialectrice.com\/index.php\/wp-json\/wp\/v2\/media\/3547"}],"wp:attachment":[{"href":"https:\/\/serialectrice.com\/index.php\/wp-json\/wp\/v2\/media?parent=3528"}],"wp:term":[{"taxonomy":"category","embeddable":true,"href":"https:\/\/serialectrice.com\/index.php\/wp-json\/wp\/v2\/categories?post=3528"},{"taxonomy":"post_tag","embeddable":true,"href":"https:\/\/serialectrice.com\/index.php\/wp-json\/wp\/v2\/tags?post=3528"}],"curies":[{"name":"wp","href":"https:\/\/api.w.org\/{rel}","templated":true}]}}