{"id":3521,"date":"2022-08-27T17:00:00","date_gmt":"2022-08-27T15:00:00","guid":{"rendered":"https:\/\/serialectrice.com\/?p=3521"},"modified":"2022-08-25T18:34:00","modified_gmt":"2022-08-25T16:34:00","slug":"la-memoire-fantome","status":"publish","type":"post","link":"https:\/\/serialectrice.com\/index.php\/2022\/08\/27\/la-memoire-fantome\/","title":{"rendered":"La m\u00e9moire fant\u00f4me _ Franck Thilliez"},"content":{"rendered":"\n<div class=\"wp-block-media-text alignwide is-stacked-on-mobile\"><figure class=\"wp-block-media-text__media\"><img loading=\"lazy\" decoding=\"async\" width=\"625\" height=\"1024\" src=\"https:\/\/serialectrice.com\/wp-content\/uploads\/2022\/07\/la-memoire-fantome-625x1024.jpg\" alt=\"\" class=\"wp-image-3425 size-full\" srcset=\"https:\/\/serialectrice.com\/wp-content\/uploads\/2022\/07\/la-memoire-fantome-625x1024.jpg 625w, https:\/\/serialectrice.com\/wp-content\/uploads\/2022\/07\/la-memoire-fantome-183x300.jpg 183w, https:\/\/serialectrice.com\/wp-content\/uploads\/2022\/07\/la-memoire-fantome-92x150.jpg 92w, https:\/\/serialectrice.com\/wp-content\/uploads\/2022\/07\/la-memoire-fantome-768x1259.jpg 768w, https:\/\/serialectrice.com\/wp-content\/uploads\/2022\/07\/la-memoire-fantome.jpg 800w\" sizes=\"auto, (max-width: 625px) 100vw, 625px\" \/><\/figure><div class=\"wp-block-media-text__content\">\n<h2 class=\"wp-block-heading\"><span style=\"color:#00d084\" class=\"tadv-color\">R\u00e9sum\u00e9<\/span><\/h2>\n\n\n\n<p class=\"wp-block-paragraph\" style=\"font-size:19px\">Une femme \u00e0 bout de souffle court sous l&rsquo;orage. Dans le creux de sa main, un message grav\u00e9 en lettres de sang : \u00ab\u00a0Pr de retour\u00a0\u00bb. Elle pense \u00eatre en f\u00e9vrier, nous sommes fin avril.  Quatre minutes. C&rsquo;est pour elle la dur\u00e9e approximative d&rsquo;un souvenir. Apr\u00e8s, les mots, les sons, les visages&#8230; tout dispara\u00eet. C&rsquo;est la m\u00e9moire fant\u00f4me. Pourquoi ces traces de corde sur ses poignets ? Que signifient ces scarifications, ces phrases inscrites dans sa chair ? Quel rapport entre cette jeune femme et les six victimes retrouv\u00e9es scalp\u00e9es et tortur\u00e9es quatre ann\u00e9es plus t\u00f4t ? Pour Lucie Hennebelle\u00a0\u00bb la soir\u00e9e devait \u00eatre tranquille. Elle deviendra vite le pire de ses cauchemars&#8230; Une lutte s&rsquo;engage, qui fera resurgir ses plus profonds d\u00e9mons.<\/p>\n<\/div><\/div>\n\n\n\n<h2 class=\"has-vivid-green-cyan-color has-text-color wp-block-heading\">Mon ressenti<\/h2>\n\n\n\n<p class=\"has-medium-font-size wp-block-paragraph\"><strong>Manon est amn\u00e9sique.<\/strong> Suite \u00e0 un traumatisme, elle est <strong>incapable de fixer les nouveaux souvenirs.<\/strong> Elle se souvient de tout ce qui a pu lui arriver avant mais oublie tout ce qui lui arrive depuis. Ainsi, lorsqu&rsquo;elle rencontre une personne, elle l&rsquo;oublie presque imm\u00e9diatement. C&rsquo;est ainsi qu&rsquo;elle se retrouve perdue au milieu de la for\u00eat, sous un orage. <strong>Comment est-elle arriv\u00e9e l\u00e0 ? Et pourquoi demande-t-elle \u00e0 \u00eatre d\u00e9pos\u00e9e pr\u00e8s de chez Lucie Hennebelle, lieutenant \u00e0 la Brigade Criminelle de Lille ? <\/strong><\/p>\n\n\n\n<h3 class=\"wp-block-heading\">La m\u00e9moire<\/h3>\n\n\n\n<p class=\"has-medium-font-size wp-block-paragraph\">En plus de \u00e7a, grav\u00e9e au creux de sa main, <strong>l&rsquo;inscription \u00ab\u00a0Pr de retour\u00a0\u00bb interroge tout le monde. <\/strong>Est-elle victime du Professeur, tueur en s\u00e9rie qui s\u00e9vissait il y a 4 ans ? Rapidement, on fait donc connaissance avec cette femme qui \u00e9tait une brillante math\u00e9maticienne avant de devenir amn\u00e9sique. <strong>Franck Thilliez a une connaissance incroyable sur la m\u00e9moire et sur les diff\u00e9rents types d&rsquo;amn\u00e9sie. <\/strong>Ce n&rsquo;est pas la premi\u00e8re fois qu&rsquo;il fait aborde ce trouble dans ses romans. <strong>On le sent passionn\u00e9 par ce sujet et \u00e9galement par celui des math\u00e9matiques. <\/strong>Une grande partie des personnages sont des math\u00e9maticiens de renom et les r\u00e9f\u00e9rences sont nombreuses : <strong>spirales parfaites, nombre d&rsquo;or &#8230; <\/strong> Le Professeur a d&rsquo;ailleurs pour habitude de proposer des <strong>\u00e9nigmes math\u00e9matiques<\/strong> \u00e0 ses victimes, les tuant si ces derni\u00e8res ne les r\u00e9solvent pas. Il ne leur facilite pas la t\u00e2che puisque pour r\u00e9soudre ses \u00e9nigmes, il met ses victimes dans une position stressante les emp\u00eachant de se focaliser pleinement sur leur r\u00e9solution.<\/p>\n\n\n\n<p class=\"has-medium-font-size wp-block-paragraph\">Mais revenons-en \u00e0 notre amn\u00e9sique. Il ne doit pas \u00eatre \u00e9vident de r\u00e9ussir \u00e0 construire son roman autour de ce personnage. <strong>Il faut assur\u00e9ment un certain talent d&rsquo;\u00e9crivain pour ne tomber dans les r\u00e9p\u00e9titions.<\/strong> En effet, Manon oubliant presque instantan\u00e9ment ce qui vient de se passer, les autres personnages doivent sans cesse lui rappeler qui elles sont. Heureusement, il existe des m\u00e9thodes permettant aux personnes souffrant de cette pathologie de combler certains oublis \u00e0 l&rsquo;aide de r\u00e9p\u00e9tition. <strong>L&rsquo;auteur explique avec beaucoup de pr\u00e9cisions toutes ces m\u00e9thodes, et notamment leurs limites.<\/strong> Et dans notre roman, une techonologie, le N&rsquo;tech, leur vient en aide. Les malades peuvent y noter tous leurs ressentis, les souvenirs qu&rsquo;ils veulent garder, prendre des photos, inscrire des rappels &#8230;<\/p>\n\n\n\n<h3 class=\"wp-block-heading\">Une enqu\u00eate<\/h3>\n\n\n\n<p class=\"has-medium-font-size wp-block-paragraph\">Je pense vraiment que c&rsquo;est<strong> la th\u00e9matique autour de la m\u00e9moire qui m&rsquo;a surtout fascin\u00e9e,<\/strong> plus que l&rsquo;enqu\u00eate elle-m\u00eame. Celle-ci tourne autour du Professeur qui apr\u00e8s 4 ans d&rsquo;absence reprend le travail. Chose \u00e9tonnante chez ce genre d&rsquo;individus, d&rsquo;autant plus qu&rsquo;il a d\u00fb changer une de ses habitudes ce qui est encore plus rare. Les tueurs en s\u00e9rie souffrent de troubles obsessionnels assez forts les obligeant \u00e0 toujours garder la m\u00eame m\u00e9thode. Au milieu de ma lecture, j&rsquo;avais r\u00e9ussi \u00e0 r\u00e9soudre une partie de l&rsquo;\u00e9quation. Mais \u00e0 la fin, l&rsquo;auteur r\u00e9ussit r\u00e9ellement \u00e0 surprendre ses lecteurs. <\/p>\n\n\n\n<p class=\"has-medium-font-size wp-block-paragraph\">Enfin, j&rsquo;avais eu un ressenti mitig\u00e9 lors de la lecture du<a href=\"https:\/\/serialectrice.com\/index.php\/2021\/12\/15\/la-chambre-des-morts\/\"> premier tome<\/a> mettant en sc\u00e8ne Lucie Hennebelle. Je trouvais le personnage trop sombre et j&rsquo;avais ce sentiment d&rsquo;inachev\u00e9 la concernant. <strong>Ici, les fant\u00f4mes de l&rsquo;enqu\u00eatrice sont toujours pr\u00e9sents mais ils nous sont d\u00e9voil\u00e9s et expliqu\u00e9s. <\/strong>Ce fut un soulagement pour moi car c&rsquo;est vraiment quelque chose qui m&rsquo;agace profond\u00e9ment dans les thrillers modernes. <strong>D\u00e9sormais, Lucie pourra enqu\u00eater sans nous enquiquiner avec ses \u00e9mois psychologiques.<\/strong><\/p>\n\n\n<div class=\"wp-block-image\">\n<figure class=\"aligncenter size-large\"><img loading=\"lazy\" decoding=\"async\" width=\"819\" height=\"1024\" src=\"https:\/\/serialectrice.com\/wp-content\/uploads\/2022\/08\/Sans-titre488-819x1024.png\" alt=\"\" class=\"wp-image-3530\" srcset=\"https:\/\/serialectrice.com\/wp-content\/uploads\/2022\/08\/Sans-titre488-819x1024.png 819w, https:\/\/serialectrice.com\/wp-content\/uploads\/2022\/08\/Sans-titre488-240x300.png 240w, https:\/\/serialectrice.com\/wp-content\/uploads\/2022\/08\/Sans-titre488-120x150.png 120w, https:\/\/serialectrice.com\/wp-content\/uploads\/2022\/08\/Sans-titre488-768x960.png 768w, https:\/\/serialectrice.com\/wp-content\/uploads\/2022\/08\/Sans-titre488.png 1080w\" sizes=\"auto, (max-width: 819px) 100vw, 819px\" \/><\/figure>\n<\/div>\n\n\n<p class=\"has-text-align-center has-medium-font-size wp-block-paragraph\"><em>C&rsquo;est vraiment <strong>un roman qui m&rsquo;a passionn\u00e9e<\/strong> du d\u00e9but \u00e0 la fin. Je suis parfois mitig\u00e9e avec les romans propos\u00e9s par Franck Thilliez, mais celui-ci <strong>m&rsquo;a vraiment conquise.<\/strong><\/em><\/p>\n\n\n<div class=\"wp-block-jetpack-rating-star\" style=\"text-align:center\" itemprop=\"reviewRating\" itemscope itemtype=\"http:\/\/schema.org\/Rating\"><p><span aria-hidden=\"true\">\u2b50<\/span><span aria-hidden=\"true\">\u2b50<\/span><span aria-hidden=\"true\">\u2b50<\/span><span aria-hidden=\"true\">\u2b50<\/span><span aria-hidden=\"true\">\u2b50<\/span><\/p><span style=\"display: none;\" itemprop=\"worstRating\" content=\"0.5\"><span>\n<svg xmlns=\"http:\/\/www.w3.org\/2000\/svg\" width=\"24\" height=\"24\" viewBox=\"0 0 24 24\">\n\t<path class=\"\" fill=\"currentColor\" stroke=\"currentColor\" d=\"M12,17.3l6.2,3.7l-1.6-7L22,9.2l-7.2-0.6L12,2L9.2,8.6L2,9.2L7.5,14l-1.6,7L12,17.3z\" \/>\n<\/svg>\n<\/span>\n<span>\n<svg xmlns=\"http:\/\/www.w3.org\/2000\/svg\" width=\"24\" height=\"24\" viewBox=\"0 0 24 24\">\n\t<path class=\"\" fill=\"currentColor\" stroke=\"currentColor\" d=\"M12,17.3l6.2,3.7l-1.6-7L22,9.2l-7.2-0.6L12,2L9.2,8.6L2,9.2L7.5,14l-1.6,7L12,17.3z\" \/>\n<\/svg>\n<\/span><\/span><span style=\"display: none;\" ><span>\n<svg xmlns=\"http:\/\/www.w3.org\/2000\/svg\" width=\"24\" height=\"24\" viewBox=\"0 0 24 24\">\n\t<path class=\"\" fill=\"currentColor\" stroke=\"currentColor\" d=\"M12,17.3l6.2,3.7l-1.6-7L22,9.2l-7.2-0.6L12,2L9.2,8.6L2,9.2L7.5,14l-1.6,7L12,17.3z\" \/>\n<\/svg>\n<\/span>\n<span>\n<svg xmlns=\"http:\/\/www.w3.org\/2000\/svg\" width=\"24\" height=\"24\" viewBox=\"0 0 24 24\">\n\t<path class=\"\" fill=\"currentColor\" stroke=\"currentColor\" d=\"M12,17.3l6.2,3.7l-1.6-7L22,9.2l-7.2-0.6L12,2L9.2,8.6L2,9.2L7.5,14l-1.6,7L12,17.3z\" \/>\n<\/svg>\n<\/span><\/span><span style=\"display: none;\" ><span>\n<svg xmlns=\"http:\/\/www.w3.org\/2000\/svg\" width=\"24\" height=\"24\" viewBox=\"0 0 24 24\">\n\t<path class=\"\" fill=\"currentColor\" stroke=\"currentColor\" d=\"M12,17.3l6.2,3.7l-1.6-7L22,9.2l-7.2-0.6L12,2L9.2,8.6L2,9.2L7.5,14l-1.6,7L12,17.3z\" \/>\n<\/svg>\n<\/span>\n<span>\n<svg xmlns=\"http:\/\/www.w3.org\/2000\/svg\" width=\"24\" height=\"24\" viewBox=\"0 0 24 24\">\n\t<path class=\"\" fill=\"currentColor\" stroke=\"currentColor\" d=\"M12,17.3l6.2,3.7l-1.6-7L22,9.2l-7.2-0.6L12,2L9.2,8.6L2,9.2L7.5,14l-1.6,7L12,17.3z\" \/>\n<\/svg>\n<\/span><\/span><span style=\"display: none;\" ><span>\n<svg xmlns=\"http:\/\/www.w3.org\/2000\/svg\" width=\"24\" height=\"24\" viewBox=\"0 0 24 24\">\n\t<path class=\"\" fill=\"currentColor\" stroke=\"currentColor\" d=\"M12,17.3l6.2,3.7l-1.6-7L22,9.2l-7.2-0.6L12,2L9.2,8.6L2,9.2L7.5,14l-1.6,7L12,17.3z\" \/>\n<\/svg>\n<\/span>\n<span>\n<svg xmlns=\"http:\/\/www.w3.org\/2000\/svg\" width=\"24\" height=\"24\" viewBox=\"0 0 24 24\">\n\t<path class=\"\" fill=\"currentColor\" stroke=\"currentColor\" d=\"M12,17.3l6.2,3.7l-1.6-7L22,9.2l-7.2-0.6L12,2L9.2,8.6L2,9.2L7.5,14l-1.6,7L12,17.3z\" \/>\n<\/svg>\n<\/span><\/span><span style=\"display: none;\" itemprop=\"bestRating\" content=\"5\"><span>\n<svg xmlns=\"http:\/\/www.w3.org\/2000\/svg\" width=\"24\" height=\"24\" viewBox=\"0 0 24 24\">\n\t<path class=\"\" fill=\"currentColor\" stroke=\"currentColor\" d=\"M12,17.3l6.2,3.7l-1.6-7L22,9.2l-7.2-0.6L12,2L9.2,8.6L2,9.2L7.5,14l-1.6,7L12,17.3z\" \/>\n<\/svg>\n<\/span>\n<span>\n<svg xmlns=\"http:\/\/www.w3.org\/2000\/svg\" width=\"24\" height=\"24\" viewBox=\"0 0 24 24\">\n\t<path class=\"\" fill=\"currentColor\" stroke=\"currentColor\" d=\"M12,17.3l6.2,3.7l-1.6-7L22,9.2l-7.2-0.6L12,2L9.2,8.6L2,9.2L7.5,14l-1.6,7L12,17.3z\" \/>\n<\/svg>\n<\/span><\/span><span itemprop=\"ratingValue\" class=\"screen-reader-text\" content=\"5\">Note\u00a0: 5\u00a0sur 5.<\/span><\/div>\n\n\n<h2 class=\"wp-block-heading\"><span style=\"color:#00d084\" class=\"tadv-color\">Mes challenges<\/span><\/h2>\n\n\n\n<p class=\"wp-block-paragraph\">Cette lecture m&rsquo;a permis de valider et cloturer le challenge annuel propos\u00e9 sur <a href=\"https:\/\/www.facebook.com\/groups\/707636122759664\">La t\u00eate dans les livres.<strong> <\/strong><\/a><strong>Lire un auteur d\u00e9j\u00e0 lu 2 fois durant l&rsquo;ann\u00e9e civile.<\/strong><\/p>\n\n\n\n<p class=\"wp-block-paragraph\">C&rsquo;est un livre qui \u00e9tait propos\u00e9 en lecture commune sur instagram par le compte de <a href=\"https:\/\/www.instagram.com\/ludomanju\/\">Ludo Le p&rsquo;tit chroniqueur<\/a><\/p>\n","protected":false},"excerpt":{"rendered":"<p>Qui est cette femme retrouv\u00e9e proche du domicile du Lieutenant de police Lucie Hennebelle ?<\/p>\n","protected":false},"author":1,"featured_media":3532,"comment_status":"open","ping_status":"open","sticky":false,"template":"","format":"standard","meta":{"_crdt_document":"","om_disable_all_campaigns":false,"_uag_custom_page_level_css":"","_monsterinsights_skip_tracking":false,"_monsterinsights_sitenote_active":false,"_monsterinsights_sitenote_note":"","_monsterinsights_sitenote_category":0,"_uf_show_specific_survey":0,"_uf_disable_surveys":false,"_jetpack_memberships_contains_paid_content":false,"footnotes":"","jetpack_publicize_message":"La m\u00e9moire fant\u00f4me de Franck Thilliez.\n\nQui est cette femme retrouv\u00e9e proche du domicile du Lieutenant de police Lucie Hennebelle ?","jetpack_publicize_feature_enabled":true,"jetpack_social_post_already_shared":true,"jetpack_social_options":{"image_generator_settings":{"template":"highway","default_image_id":0,"font":"","enabled":false},"version":2}},"categories":[198,6],"tags":[23,193,346,348,24,25],"class_list":["post-3521","post","type-post","status-publish","format-standard","has-post-thumbnail","hentry","category-coup-de-coeur-livres-lus","category-livres-lus","tag-enquete","tag-franck-thilliez","tag-lucie-hennebelle","tag-memoire","tag-policier","tag-thriller"],"aioseo_notices":[],"jetpack_publicize_connections":[],"jetpack_featured_media_url":"https:\/\/serialectrice.com\/wp-content\/uploads\/2022\/08\/Sans-titre489.png","uagb_featured_image_src":{"full":["https:\/\/serialectrice.com\/wp-content\/uploads\/2022\/08\/Sans-titre489.png",1716,993,false],"thumbnail":["https:\/\/serialectrice.com\/wp-content\/uploads\/2022\/08\/Sans-titre489-572x331.png",572,331,true],"medium":["https:\/\/serialectrice.com\/wp-content\/uploads\/2022\/08\/Sans-titre489-300x174.png",300,174,true],"medium_large":["https:\/\/serialectrice.com\/wp-content\/uploads\/2022\/08\/Sans-titre489-768x444.png",768,444,true],"large":["https:\/\/serialectrice.com\/wp-content\/uploads\/2022\/08\/Sans-titre489-1024x593.png",840,486,true],"post-slider-thumb-size":["https:\/\/serialectrice.com\/wp-content\/uploads\/2022\/08\/Sans-titre489.png",328,190,false],"post-category-slider-size":["https:\/\/serialectrice.com\/wp-content\/uploads\/2022\/08\/Sans-titre489.png",330,191,false],"1536x1536":["https:\/\/serialectrice.com\/wp-content\/uploads\/2022\/08\/Sans-titre489-1536x889.png",1536,889,true],"2048x2048":["https:\/\/serialectrice.com\/wp-content\/uploads\/2022\/08\/Sans-titre489.png",1716,993,false],"hello-fashion-slider":["https:\/\/serialectrice.com\/wp-content\/uploads\/2022\/08\/Sans-titre489.png",480,278,false],"hello-fashion-blog-three":["https:\/\/serialectrice.com\/wp-content\/uploads\/2022\/08\/Sans-titre489.png",420,243,false],"hello-fashion-blog-four":["https:\/\/serialectrice.com\/wp-content\/uploads\/2022\/08\/Sans-titre489.png",573,332,false],"vilva-slider-one":["https:\/\/serialectrice.com\/wp-content\/uploads\/2022\/08\/Sans-titre489.png",1037,600,false],"vilva-featured-four":["https:\/\/serialectrice.com\/wp-content\/uploads\/2022\/08\/Sans-titre489.png",800,463,false],"vilva-blog":["https:\/\/serialectrice.com\/wp-content\/uploads\/2022\/08\/Sans-titre489.png",420,243,false],"vilva-blog-one":["https:\/\/serialectrice.com\/wp-content\/uploads\/2022\/08\/Sans-titre489.png",864,500,false],"vilva-sidebar":["https:\/\/serialectrice.com\/wp-content\/uploads\/2022\/08\/Sans-titre489.png",817,473,false]},"uagb_author_info":{"display_name":"SeriaLectrice","author_link":"https:\/\/serialectrice.com\/index.php\/author\/cilounegmail-com\/"},"uagb_comment_info":2,"uagb_excerpt":"Qui est cette femme retrouv\u00e9e proche du domicile du Lieutenant de police Lucie Hennebelle ?","jetpack_sharing_enabled":true,"jetpack_likes_enabled":true,"_links":{"self":[{"href":"https:\/\/serialectrice.com\/index.php\/wp-json\/wp\/v2\/posts\/3521","targetHints":{"allow":["GET"]}}],"collection":[{"href":"https:\/\/serialectrice.com\/index.php\/wp-json\/wp\/v2\/posts"}],"about":[{"href":"https:\/\/serialectrice.com\/index.php\/wp-json\/wp\/v2\/types\/post"}],"author":[{"embeddable":true,"href":"https:\/\/serialectrice.com\/index.php\/wp-json\/wp\/v2\/users\/1"}],"replies":[{"embeddable":true,"href":"https:\/\/serialectrice.com\/index.php\/wp-json\/wp\/v2\/comments?post=3521"}],"version-history":[{"count":0,"href":"https:\/\/serialectrice.com\/index.php\/wp-json\/wp\/v2\/posts\/3521\/revisions"}],"wp:featuredmedia":[{"embeddable":true,"href":"https:\/\/serialectrice.com\/index.php\/wp-json\/wp\/v2\/media\/3532"}],"wp:attachment":[{"href":"https:\/\/serialectrice.com\/index.php\/wp-json\/wp\/v2\/media?parent=3521"}],"wp:term":[{"taxonomy":"category","embeddable":true,"href":"https:\/\/serialectrice.com\/index.php\/wp-json\/wp\/v2\/categories?post=3521"},{"taxonomy":"post_tag","embeddable":true,"href":"https:\/\/serialectrice.com\/index.php\/wp-json\/wp\/v2\/tags?post=3521"}],"curies":[{"name":"wp","href":"https:\/\/api.w.org\/{rel}","templated":true}]}}