{"id":3513,"date":"2022-08-25T17:00:00","date_gmt":"2022-08-25T15:00:00","guid":{"rendered":"https:\/\/serialectrice.com\/?p=3513"},"modified":"2022-08-24T16:59:15","modified_gmt":"2022-08-24T14:59:15","slug":"les-anges-des-terres-sauvages","status":"publish","type":"post","link":"https:\/\/serialectrice.com\/index.php\/2022\/08\/25\/les-anges-des-terres-sauvages\/","title":{"rendered":"Les anges des terres sauvages"},"content":{"rendered":"\n<div class=\"wp-block-media-text alignwide is-stacked-on-mobile\"><figure class=\"wp-block-media-text__media\"><img loading=\"lazy\" decoding=\"async\" width=\"427\" height=\"662\" src=\"https:\/\/serialectrice.com\/wp-content\/uploads\/2022\/07\/les-anges-des-terres-sauvages.jpeg\" alt=\"\" class=\"wp-image-3418 size-full\" srcset=\"https:\/\/serialectrice.com\/wp-content\/uploads\/2022\/07\/les-anges-des-terres-sauvages.jpeg 427w, https:\/\/serialectrice.com\/wp-content\/uploads\/2022\/07\/les-anges-des-terres-sauvages-194x300.jpeg 194w, https:\/\/serialectrice.com\/wp-content\/uploads\/2022\/07\/les-anges-des-terres-sauvages-97x150.jpeg 97w\" sizes=\"auto, (max-width: 427px) 100vw, 427px\" \/><\/figure><div class=\"wp-block-media-text__content\">\n<h2 class=\"wp-block-heading\"><span style=\"color:#00d084\" class=\"tadv-color\">R\u00e9sum\u00e9<\/span><\/h2>\n\n\n\n<p class=\"wp-block-paragraph\" style=\"font-size:19px\">Le XVIII\u00e8me si\u00e8cle s&rsquo;ach\u00e8ve, bient\u00f4t la R\u00e9volution secoue l&rsquo;histoire et son souffle r\u00e9veille la meute des hommes malfaisants. Gabriel d&rsquo;Aymar, lui, bouscule son destin, les horizons lointains l&rsquo;appellent, irr\u00e9sistiblement. Il court derri\u00e8re le bonheur, le rattrape, il s&rsquo;enfuit, qu&rsquo;importe ! Mathilde l&rsquo;obs\u00e8de, Ang\u00e8le l&rsquo;envo\u00fbte, ce sont elles, ses h\u00e9ro\u00efnes. Les anges des terres sauvages. En d\u00e9pit des trahisons, il ne cesse jamais de lutter. Dans les Cara\u00efbes, en Am\u00e9rique, dans le grand Nord, Gabriel combattra, des hommes, des loups, il aimera passionn\u00e9ment deux femmes, n&rsquo;aura qu&rsquo;un seul ami et beaucoup d&rsquo;ennemis.<\/p>\n<\/div><\/div>\n\n\n\n<h2 class=\"wp-block-heading\"><span style=\"color:#00d084\" class=\"tadv-color\">Mon ressenti<\/span><\/h2>\n\n\n\n<p class=\"has-medium-font-size wp-block-paragraph\">Les anges des terres sauvages est un roman que Xavier Badefort m&rsquo;a <strong>gracieusement envoy\u00e9 <\/strong>l&rsquo;ann\u00e9e derni\u00e8re. J&rsquo;ai enfin trouv\u00e9 le temps de le lire.<strong> Cela faisait un moment que je voulais le sortir, mais perdue entre mes nombreux challenges je n&rsquo;y arrivais jamais. <\/strong>Le mois d&rsquo;ao\u00fbt signant la fin du challenge annuel, j&rsquo;ai enfin pu rem\u00e9dier \u00e0 cela. Et c&rsquo;est avec <strong>d\u00e9lectation <\/strong>que je me suis plong\u00e9e dans les aventures de Gabriel.<\/p>\n\n\n\n<p class=\"has-medium-font-size wp-block-paragraph\">Dans Les anges des terres sauvages <strong>le lecteur suit Gabriel durant deux p\u00e9riodes distinctes, s\u00e9par\u00e9es d&rsquo;une dizaine d&rsquo;ann\u00e9es. <\/strong>La premi\u00e8re se d\u00e9roule en <strong>1783<\/strong>, Gabriel sort tout juste de l&rsquo;adolescence et r\u00eave d&rsquo;aventure et de \u00ab\u00a0parcourir les mers, les oc\u00e9ans, aller \u00e0 la rencontre des peuples indiens et des civilisations perdues\u00a0\u00bb alors qu&rsquo;il est destin\u00e9 \u00e0 devenir un simple officier de justice, comme son p\u00e8re. <strong>Durant son voyage, il fera la connaissance des trois personnes les plus importantes de sa vie. Mathilde, Baptiste et Ang\u00e8le. <\/strong><\/p>\n\n\n\n<h6 class=\"has-text-align-center wp-block-heading\"><\/h6>\n\n\n\n<p class=\"has-medium-font-size wp-block-paragraph\"><strong>La deuxi\u00e8me partie se passe une dizaine d&rsquo;ann\u00e9es plus tard. <\/strong>Gabriel est alors mari\u00e9 et p\u00e8re de famille. Sa femme Mathilde vient d&rsquo;\u00eatre mordue par un loup enrag\u00e9 et vit ses derniers instants. Elle profite de ses derniers jours pour distribuer un tract f\u00e9ministe qui appelle les femmes \u00e0 se battre pour leurs droits. <strong>Malgr\u00e9 les ennemis qui se dressent devant lui, Gabriel fera tout pour lutter en l&rsquo;honneur de son \u00e9pouse.<\/strong><\/p>\n\n\n\n<p class=\"has-medium-font-size wp-block-paragraph\">C&rsquo;est un <strong>r\u00e9cit \u00e9poustouflant <\/strong>que nous livre ici Xavier Badefort.<strong> Un texte tr\u00e8s riche et \u00e9labor\u00e9, une plume fine et d\u00e9licate.<\/strong> C&rsquo;est un r\u00e9gal pour les yeux et pour notre imagination. <strong>J&rsquo;ai vraiment aim\u00e9 cette mani\u00e8re que l&rsquo;auteur a de nous faire comprendre certains pans du pr\u00e9sent en revenant dans le pass\u00e9.<\/strong> Evidemment, l&rsquo;auteur, en tant que professeur d&rsquo;Histoire, connait bien son sujet et nous partage aussi quelques courant de pens\u00e9es philosophiques de l&rsquo;\u00e9poque tels que l&rsquo;abolition de l&rsquo;esclavage, la R\u00e9volution et la lutte des classes sociales. Je me suis vraiment r\u00e9gal\u00e9e durant cette lecture et<strong> il me tarde de d\u00e9couvrir la suite des aventures de Gabriel.<\/strong><\/p>\n\n\n<div class=\"wp-block-image\">\n<figure class=\"aligncenter size-large\"><img loading=\"lazy\" decoding=\"async\" width=\"1024\" height=\"1024\" src=\"https:\/\/serialectrice.com\/wp-content\/uploads\/2022\/08\/Sans-titre-Publication-Instagram-carree10-1024x1024.png\" alt=\"\" class=\"wp-image-3524\" srcset=\"https:\/\/serialectrice.com\/wp-content\/uploads\/2022\/08\/Sans-titre-Publication-Instagram-carree10-1024x1024.png 1024w, https:\/\/serialectrice.com\/wp-content\/uploads\/2022\/08\/Sans-titre-Publication-Instagram-carree10-300x300.png 300w, https:\/\/serialectrice.com\/wp-content\/uploads\/2022\/08\/Sans-titre-Publication-Instagram-carree10-150x150.png 150w, https:\/\/serialectrice.com\/wp-content\/uploads\/2022\/08\/Sans-titre-Publication-Instagram-carree10-768x768.png 768w, https:\/\/serialectrice.com\/wp-content\/uploads\/2022\/08\/Sans-titre-Publication-Instagram-carree10-100x100.png 100w, https:\/\/serialectrice.com\/wp-content\/uploads\/2022\/08\/Sans-titre-Publication-Instagram-carree10.png 1080w\" sizes=\"auto, (max-width: 1024px) 100vw, 1024px\" \/><\/figure>\n<\/div>\n\n\n<p class=\"has-text-align-center has-medium-font-size wp-block-paragraph\"><em>Je n&rsquo;ai pas pu m&#8217;emp\u00eacher de <strong>faire le parall\u00e8le avec les aventures d&rsquo;un autre Gabriel<\/strong> dans <a href=\"https:\/\/serialectrice.com\/index.php\/2020\/11\/21\/le-loup-des-cordeliers-_-henri-loevenbruck\/\">Le loup des Cordeliers<\/a>. Le combat f\u00e9ministe, la p\u00e9riode r\u00e9volutionnaire, le c\u00f4t\u00e9 aventurier et romanesque. <strong>Deux romans que je conseille \u00e0 quiconque a envie de se d\u00e9payser et de passer un agr\u00e9able moment de lecture.<\/strong><\/em><\/p>\n\n\n<div class=\"wp-block-jetpack-rating-star\" style=\"text-align:center\" itemprop=\"reviewRating\" itemscope itemtype=\"http:\/\/schema.org\/Rating\"><p><span aria-hidden=\"true\">\u2b50<\/span><span aria-hidden=\"true\">\u2b50<\/span><span aria-hidden=\"true\">\u2b50<\/span><span aria-hidden=\"true\">\u2b50<\/span><span aria-hidden=\"true\">\u2b50<\/span><\/p><span style=\"display: none;\" itemprop=\"worstRating\" content=\"0.5\"><span>\n<svg xmlns=\"http:\/\/www.w3.org\/2000\/svg\" width=\"24\" height=\"24\" viewBox=\"0 0 24 24\">\n\t<path class=\"\" fill=\"currentColor\" stroke=\"currentColor\" d=\"M12,17.3l6.2,3.7l-1.6-7L22,9.2l-7.2-0.6L12,2L9.2,8.6L2,9.2L7.5,14l-1.6,7L12,17.3z\" \/>\n<\/svg>\n<\/span>\n<span>\n<svg xmlns=\"http:\/\/www.w3.org\/2000\/svg\" width=\"24\" height=\"24\" viewBox=\"0 0 24 24\">\n\t<path class=\"\" fill=\"currentColor\" stroke=\"currentColor\" d=\"M12,17.3l6.2,3.7l-1.6-7L22,9.2l-7.2-0.6L12,2L9.2,8.6L2,9.2L7.5,14l-1.6,7L12,17.3z\" \/>\n<\/svg>\n<\/span><\/span><span style=\"display: none;\" ><span>\n<svg xmlns=\"http:\/\/www.w3.org\/2000\/svg\" width=\"24\" height=\"24\" viewBox=\"0 0 24 24\">\n\t<path class=\"\" fill=\"currentColor\" stroke=\"currentColor\" d=\"M12,17.3l6.2,3.7l-1.6-7L22,9.2l-7.2-0.6L12,2L9.2,8.6L2,9.2L7.5,14l-1.6,7L12,17.3z\" \/>\n<\/svg>\n<\/span>\n<span>\n<svg xmlns=\"http:\/\/www.w3.org\/2000\/svg\" width=\"24\" height=\"24\" viewBox=\"0 0 24 24\">\n\t<path class=\"\" fill=\"currentColor\" stroke=\"currentColor\" d=\"M12,17.3l6.2,3.7l-1.6-7L22,9.2l-7.2-0.6L12,2L9.2,8.6L2,9.2L7.5,14l-1.6,7L12,17.3z\" \/>\n<\/svg>\n<\/span><\/span><span style=\"display: none;\" ><span>\n<svg xmlns=\"http:\/\/www.w3.org\/2000\/svg\" width=\"24\" height=\"24\" viewBox=\"0 0 24 24\">\n\t<path class=\"\" fill=\"currentColor\" stroke=\"currentColor\" d=\"M12,17.3l6.2,3.7l-1.6-7L22,9.2l-7.2-0.6L12,2L9.2,8.6L2,9.2L7.5,14l-1.6,7L12,17.3z\" \/>\n<\/svg>\n<\/span>\n<span>\n<svg xmlns=\"http:\/\/www.w3.org\/2000\/svg\" width=\"24\" height=\"24\" viewBox=\"0 0 24 24\">\n\t<path class=\"\" fill=\"currentColor\" stroke=\"currentColor\" d=\"M12,17.3l6.2,3.7l-1.6-7L22,9.2l-7.2-0.6L12,2L9.2,8.6L2,9.2L7.5,14l-1.6,7L12,17.3z\" \/>\n<\/svg>\n<\/span><\/span><span style=\"display: none;\" ><span>\n<svg xmlns=\"http:\/\/www.w3.org\/2000\/svg\" width=\"24\" height=\"24\" viewBox=\"0 0 24 24\">\n\t<path class=\"\" fill=\"currentColor\" stroke=\"currentColor\" d=\"M12,17.3l6.2,3.7l-1.6-7L22,9.2l-7.2-0.6L12,2L9.2,8.6L2,9.2L7.5,14l-1.6,7L12,17.3z\" \/>\n<\/svg>\n<\/span>\n<span>\n<svg xmlns=\"http:\/\/www.w3.org\/2000\/svg\" width=\"24\" height=\"24\" viewBox=\"0 0 24 24\">\n\t<path class=\"\" fill=\"currentColor\" stroke=\"currentColor\" d=\"M12,17.3l6.2,3.7l-1.6-7L22,9.2l-7.2-0.6L12,2L9.2,8.6L2,9.2L7.5,14l-1.6,7L12,17.3z\" \/>\n<\/svg>\n<\/span><\/span><span style=\"display: none;\" itemprop=\"bestRating\" content=\"5\"><span>\n<svg xmlns=\"http:\/\/www.w3.org\/2000\/svg\" width=\"24\" height=\"24\" viewBox=\"0 0 24 24\">\n\t<path class=\"\" fill=\"currentColor\" stroke=\"currentColor\" d=\"M12,17.3l6.2,3.7l-1.6-7L22,9.2l-7.2-0.6L12,2L9.2,8.6L2,9.2L7.5,14l-1.6,7L12,17.3z\" \/>\n<\/svg>\n<\/span>\n<span>\n<svg xmlns=\"http:\/\/www.w3.org\/2000\/svg\" width=\"24\" height=\"24\" viewBox=\"0 0 24 24\">\n\t<path class=\"\" fill=\"currentColor\" stroke=\"currentColor\" d=\"M12,17.3l6.2,3.7l-1.6-7L22,9.2l-7.2-0.6L12,2L9.2,8.6L2,9.2L7.5,14l-1.6,7L12,17.3z\" \/>\n<\/svg>\n<\/span><\/span><span itemprop=\"ratingValue\" class=\"screen-reader-text\" content=\"5\">Note\u00a0: 5\u00a0sur 5.<\/span><\/div>\n\n\n<p class=\"has-text-align-center wp-block-paragraph\"><em>Vous pouvez retrouver le compte instagram de l&rsquo;auteur<a href=\"https:\/\/www.instagram.com\/xavier.badefort.auteur\/\"> ici.<\/a><\/em><\/p>\n","protected":false},"excerpt":{"rendered":"<p>Le XVIII\u00e8me s&rsquo;ach\u00e8ve, bient\u00f4t la R\u00e9volution secoue l&rsquo;histoire et \u00e9veille les esprits.<\/p>\n","protected":false},"author":1,"featured_media":3525,"comment_status":"open","ping_status":"open","sticky":false,"template":"","format":"standard","meta":{"_crdt_document":"","om_disable_all_campaigns":false,"_uag_custom_page_level_css":"","_monsterinsights_skip_tracking":false,"_monsterinsights_sitenote_active":false,"_monsterinsights_sitenote_note":"","_monsterinsights_sitenote_category":0,"_uf_show_specific_survey":0,"_uf_disable_surveys":false,"_jetpack_memberships_contains_paid_content":false,"footnotes":"","jetpack_publicize_message":"Les anges des terres sauvages de Xavier Badefort.\n\nLe XVIII\u00e8me s'ach\u00e8ve, bient\u00f4t la R\u00e9volution secoue l'histoire et \u00e9veille les esprits.","jetpack_publicize_feature_enabled":true,"jetpack_social_post_already_shared":true,"jetpack_social_options":{"image_generator_settings":{"template":"highway","default_image_id":0,"font":"","enabled":false},"version":2}},"categories":[6],"tags":[350,317,59,349],"class_list":["post-3513","post","type-post","status-publish","format-standard","has-post-thumbnail","hentry","category-livres-lus","tag-gabriel-daymar","tag-revolution-francaise","tag-roman-historique","tag-xavier-badefort"],"aioseo_notices":[],"jetpack_publicize_connections":[],"jetpack_featured_media_url":"https:\/\/serialectrice.com\/wp-content\/uploads\/2022\/08\/Sans-titre487.png","uagb_featured_image_src":{"full":["https:\/\/serialectrice.com\/wp-content\/uploads\/2022\/08\/Sans-titre487.png",1716,993,false],"thumbnail":["https:\/\/serialectrice.com\/wp-content\/uploads\/2022\/08\/Sans-titre487-572x331.png",572,331,true],"medium":["https:\/\/serialectrice.com\/wp-content\/uploads\/2022\/08\/Sans-titre487-300x174.png",300,174,true],"medium_large":["https:\/\/serialectrice.com\/wp-content\/uploads\/2022\/08\/Sans-titre487-768x444.png",768,444,true],"large":["https:\/\/serialectrice.com\/wp-content\/uploads\/2022\/08\/Sans-titre487-1024x593.png",840,486,true],"post-slider-thumb-size":["https:\/\/serialectrice.com\/wp-content\/uploads\/2022\/08\/Sans-titre487.png",328,190,false],"post-category-slider-size":["https:\/\/serialectrice.com\/wp-content\/uploads\/2022\/08\/Sans-titre487.png",330,191,false],"1536x1536":["https:\/\/serialectrice.com\/wp-content\/uploads\/2022\/08\/Sans-titre487-1536x889.png",1536,889,true],"2048x2048":["https:\/\/serialectrice.com\/wp-content\/uploads\/2022\/08\/Sans-titre487.png",1716,993,false],"hello-fashion-slider":["https:\/\/serialectrice.com\/wp-content\/uploads\/2022\/08\/Sans-titre487.png",480,278,false],"hello-fashion-blog-three":["https:\/\/serialectrice.com\/wp-content\/uploads\/2022\/08\/Sans-titre487.png",420,243,false],"hello-fashion-blog-four":["https:\/\/serialectrice.com\/wp-content\/uploads\/2022\/08\/Sans-titre487.png",573,332,false],"vilva-slider-one":["https:\/\/serialectrice.com\/wp-content\/uploads\/2022\/08\/Sans-titre487.png",1037,600,false],"vilva-featured-four":["https:\/\/serialectrice.com\/wp-content\/uploads\/2022\/08\/Sans-titre487.png",800,463,false],"vilva-blog":["https:\/\/serialectrice.com\/wp-content\/uploads\/2022\/08\/Sans-titre487.png",420,243,false],"vilva-blog-one":["https:\/\/serialectrice.com\/wp-content\/uploads\/2022\/08\/Sans-titre487.png",864,500,false],"vilva-sidebar":["https:\/\/serialectrice.com\/wp-content\/uploads\/2022\/08\/Sans-titre487.png",817,473,false]},"uagb_author_info":{"display_name":"SeriaLectrice","author_link":"https:\/\/serialectrice.com\/index.php\/author\/cilounegmail-com\/"},"uagb_comment_info":0,"uagb_excerpt":"Le XVIII\u00e8me s'ach\u00e8ve, bient\u00f4t la R\u00e9volution secoue l'histoire et \u00e9veille les esprits.","jetpack_sharing_enabled":true,"jetpack_likes_enabled":true,"_links":{"self":[{"href":"https:\/\/serialectrice.com\/index.php\/wp-json\/wp\/v2\/posts\/3513","targetHints":{"allow":["GET"]}}],"collection":[{"href":"https:\/\/serialectrice.com\/index.php\/wp-json\/wp\/v2\/posts"}],"about":[{"href":"https:\/\/serialectrice.com\/index.php\/wp-json\/wp\/v2\/types\/post"}],"author":[{"embeddable":true,"href":"https:\/\/serialectrice.com\/index.php\/wp-json\/wp\/v2\/users\/1"}],"replies":[{"embeddable":true,"href":"https:\/\/serialectrice.com\/index.php\/wp-json\/wp\/v2\/comments?post=3513"}],"version-history":[{"count":0,"href":"https:\/\/serialectrice.com\/index.php\/wp-json\/wp\/v2\/posts\/3513\/revisions"}],"wp:featuredmedia":[{"embeddable":true,"href":"https:\/\/serialectrice.com\/index.php\/wp-json\/wp\/v2\/media\/3525"}],"wp:attachment":[{"href":"https:\/\/serialectrice.com\/index.php\/wp-json\/wp\/v2\/media?parent=3513"}],"wp:term":[{"taxonomy":"category","embeddable":true,"href":"https:\/\/serialectrice.com\/index.php\/wp-json\/wp\/v2\/categories?post=3513"},{"taxonomy":"post_tag","embeddable":true,"href":"https:\/\/serialectrice.com\/index.php\/wp-json\/wp\/v2\/tags?post=3513"}],"curies":[{"name":"wp","href":"https:\/\/api.w.org\/{rel}","templated":true}]}}